{"id":3239,"date":"2011-06-07T10:27:23","date_gmt":"2011-06-07T08:27:23","guid":{"rendered":"http:\/\/www.diariodeunanovia.com\/blog\/?p=3239"},"modified":"2011-06-07T10:27:23","modified_gmt":"2011-06-07T08:27:23","slug":"vestidos-de-novia-de-alquiler","status":"publish","type":"post","link":"http:\/\/noviasespana.com\/noviasbaleares\/vestidos-de-novia-de-alquiler\/","title":{"rendered":"Vestidos de novia de alquiler"},"content":{"rendered":"<p>Queridas novias!!! Entre las bodas de este fin de semana de personajes populares merece la pena comentar la de <a href=\"http:\/\/www.vanitatis.com\/fotos\/2011\/irene-villa-pablo-madrid-20110606-12549-album.html\" target=\"_blank\"><strong>Irene Villa<\/strong>. <\/a>La personalidad de la novia se ha puesto de manifiesto en su vestido. <strong>Un precioso traje de novia realizado en seda color marfil, con\u00a0falda de mucho movimiento decorada con grandes flores en relieve y un\u00a0cuerpo muy ajustado tipo corpi\u00f1o y un velo muy sencillo<\/strong>. Hasta aqu\u00ed todo normal, lo que me ha llamado la atenci\u00f3n es que <strong>se trataba de un vestido alquilado de la firma Innovias<\/strong>. <strong>El alquiler ropa y complementos de lujo es una tendencia cada vez m\u00e1s habitual fuera de nuestras fronteras y que est\u00e1 entrando poco a poco en Espa\u00f1a.<\/strong> Ya funcionan empresas de alquiler de ropa de fiesta de marcas muy importantes y como no, de alquiler de vestidos de novia. Innovias en sus cuatro a\u00f1os de vida ya ha casado a 10.000 mujeres. <!--more-->Enfocada a atender las necesidades de novias muy practicas, adem\u00e1s de alquilar los vestidos, ofrece una amplia oferta de complementos en venta como tocados, velos, ropa interior y zapatos, entre otros, para que las novias est\u00e9n totalmente equipadas el d\u00eda del enlace. <strong>El alquiler de \u00a8lujo\u00a8 es una tendencia actual que responde a una doble la necesidad, ahorrar gastos y vivir una boda de ensue\u00f1o<\/strong>. Alquilar un vestido de novia de calidad y que sigue las \u00faltimas tendencia,s permite a los novios dedicar m\u00e1s presupuesto a otras cosas como el viaje o la fiesta. \u00bfQu\u00e9 os parece? \u00bfAlquilar\u00edais vuestro vestido de novia?<\/p>\n<p>Via: Vanitatis<\/p>\n","protected":false},"excerpt":{"rendered":"<p>Queridas novias!!! Entre las bodas de este fin de semana de personajes populares merece la pena comentar la de Irene Villa. La personalidad de la novia se ha puesto de manifiesto en su vestido. Un precioso traje de novia realizado en seda color marfil, con\u00a0falda de mucho movimiento decorada con grandes flores en relieve y [&hellip;]<\/p>\n","protected":false},"author":2,"featured_media":0,"comment_status":"open","ping_status":"open","sticky":false,"template":"","format":"standard","meta":{"jetpack_post_was_ever_published":false,"_jetpack_newsletter_access":"","_jetpack_dont_email_post_to_subs":false,"_jetpack_newsletter_tier_id":0,"_jetpack_memberships_contains_paywalled_content":false,"_jetpack_memberships_contains_paid_content":false,"footnotes":""},"categories":[1],"tags":[],"class_list":["post-3239","post","type-post","status-publish","format-standard","hentry","category-novias"],"yoast_head":"<!-- This site is optimized with the Yoast SEO plugin v27.5 - https:\/\/yoast.com\/product\/yoast-seo-wordpress\/ -->\n<title>Vestidos de novia de alquiler - Novias Baleares<\/title>\n<meta name=\"robots\" content=\"index, follow, max-snippet:-1, max-image-preview:large, max-video-preview:-1\" \/>\n<link rel=\"canonical\" href=\"http:\/\/noviasespana.com\/noviasbaleares\/vestidos-de-novia-de-alquiler\/\" \/>\n<meta property=\"og:locale\" content=\"es_ES\" \/>\n<meta property=\"og:type\" content=\"article\" \/>\n<meta property=\"og:title\" content=\"Vestidos de novia de alquiler - Novias Baleares\" \/>\n<meta property=\"og:description\" content=\"Queridas novias!!! Entre las bodas de este fin de semana de personajes populares merece la pena comentar la de Irene Villa. La personalidad de la novia se ha puesto de manifiesto en su vestido. Un precioso traje de novia realizado en seda color marfil, con\u00a0falda de mucho movimiento decorada con grandes flores en relieve y [&hellip;]\" \/>\n<meta property=\"og:url\" content=\"http:\/\/noviasespana.com\/noviasbaleares\/vestidos-de-novia-de-alquiler\/\" \/>\n<meta property=\"og:site_name\" content=\"Novias Baleares\" \/>\n<meta property=\"article:published_time\" content=\"2011-06-07T08:27:23+00:00\" \/>\n<meta name=\"author\" content=\"admin\" \/>\n<meta name=\"twitter:label1\" content=\"Escrito por\" \/>\n\t<meta name=\"twitter:data1\" content=\"admin\" \/>\n\t<meta name=\"twitter:label2\" content=\"Tiempo de lectura\" \/>\n\t<meta name=\"twitter:data2\" content=\"1 minuto\" \/>\n<script type=\"application\/ld+json\" class=\"yoast-schema-graph\">{\"@context\":\"https:\\\/\\\/schema.org\",\"@graph\":[{\"@type\":\"Article\",\"@id\":\"http:\\\/\\\/noviasespana.com\\\/noviasbaleares\\\/vestidos-de-novia-de-alquiler\\\/#article\",\"isPartOf\":{\"@id\":\"http:\\\/\\\/noviasespana.com\\\/noviasbaleares\\\/vestidos-de-novia-de-alquiler\\\/\"},\"author\":{\"name\":\"admin\",\"@id\":\"http:\\\/\\\/noviasespana.com\\\/noviasbaleares\\\/#\\\/schema\\\/person\\\/82ff6e303fad28e4da623aa4d27969ed\"},\"headline\":\"Vestidos de novia de alquiler\",\"datePublished\":\"2011-06-07T08:27:23+00:00\",\"mainEntityOfPage\":{\"@id\":\"http:\\\/\\\/noviasespana.com\\\/noviasbaleares\\\/vestidos-de-novia-de-alquiler\\\/\"},\"wordCount\":272,\"commentCount\":0,\"articleSection\":[\"novias\"],\"inLanguage\":\"es\",\"potentialAction\":[{\"@type\":\"CommentAction\",\"name\":\"Comment\",\"target\":[\"http:\\\/\\\/noviasespana.com\\\/noviasbaleares\\\/vestidos-de-novia-de-alquiler\\\/#respond\"]}]},{\"@type\":\"WebPage\",\"@id\":\"http:\\\/\\\/noviasespana.com\\\/noviasbaleares\\\/vestidos-de-novia-de-alquiler\\\/\",\"url\":\"http:\\\/\\\/noviasespana.com\\\/noviasbaleares\\\/vestidos-de-novia-de-alquiler\\\/\",\"name\":\"Vestidos de novia de alquiler - Novias Baleares\",\"isPartOf\":{\"@id\":\"http:\\\/\\\/noviasespana.com\\\/noviasbaleares\\\/#website\"},\"datePublished\":\"2011-06-07T08:27:23+00:00\",\"author\":{\"@id\":\"http:\\\/\\\/noviasespana.com\\\/noviasbaleares\\\/#\\\/schema\\\/person\\\/82ff6e303fad28e4da623aa4d27969ed\"},\"breadcrumb\":{\"@id\":\"http:\\\/\\\/noviasespana.com\\\/noviasbaleares\\\/vestidos-de-novia-de-alquiler\\\/#breadcrumb\"},\"inLanguage\":\"es\",\"potentialAction\":[{\"@type\":\"ReadAction\",\"target\":[\"http:\\\/\\\/noviasespana.com\\\/noviasbaleares\\\/vestidos-de-novia-de-alquiler\\\/\"]}]},{\"@type\":\"BreadcrumbList\",\"@id\":\"http:\\\/\\\/noviasespana.com\\\/noviasbaleares\\\/vestidos-de-novia-de-alquiler\\\/#breadcrumb\",\"itemListElement\":[{\"@type\":\"ListItem\",\"position\":1,\"name\":\"Portada\",\"item\":\"http:\\\/\\\/noviasespana.com\\\/noviasbaleares\\\/\"},{\"@type\":\"ListItem\",\"position\":2,\"name\":\"Vestidos de novia de alquiler\"}]},{\"@type\":\"WebSite\",\"@id\":\"http:\\\/\\\/noviasespana.com\\\/noviasbaleares\\\/#website\",\"url\":\"http:\\\/\\\/noviasespana.com\\\/noviasbaleares\\\/\",\"name\":\"Novias Baleares\",\"description\":\"Revista de novias\",\"potentialAction\":[{\"@type\":\"SearchAction\",\"target\":{\"@type\":\"EntryPoint\",\"urlTemplate\":\"http:\\\/\\\/noviasespana.com\\\/noviasbaleares\\\/?s={search_term_string}\"},\"query-input\":{\"@type\":\"PropertyValueSpecification\",\"valueRequired\":true,\"valueName\":\"search_term_string\"}}],\"inLanguage\":\"es\"},{\"@type\":\"Person\",\"@id\":\"http:\\\/\\\/noviasespana.com\\\/noviasbaleares\\\/#\\\/schema\\\/person\\\/82ff6e303fad28e4da623aa4d27969ed\",\"name\":\"admin\",\"image\":{\"@type\":\"ImageObject\",\"inLanguage\":\"es\",\"@id\":\"https:\\\/\\\/secure.gravatar.com\\\/avatar\\\/0f45231fddfb43fcbd0cdde4582a3580baf474d75fca7d494b42ff86847de871?s=96&d=mm&r=g\",\"url\":\"https:\\\/\\\/secure.gravatar.com\\\/avatar\\\/0f45231fddfb43fcbd0cdde4582a3580baf474d75fca7d494b42ff86847de871?s=96&d=mm&r=g\",\"contentUrl\":\"https:\\\/\\\/secure.gravatar.com\\\/avatar\\\/0f45231fddfb43fcbd0cdde4582a3580baf474d75fca7d494b42ff86847de871?s=96&d=mm&r=g\",\"caption\":\"admin\"},\"url\":\"http:\\\/\\\/noviasespana.com\\\/noviasbaleares\\\/author\\\/admin\\\/\"}]}<\/script>\n<!-- \/ Yoast SEO plugin. -->","yoast_head_json":{"title":"Vestidos de novia de alquiler - Novias Baleares","robots":{"index":"index","follow":"follow","max-snippet":"max-snippet:-1","max-image-preview":"max-image-preview:large","max-video-preview":"max-video-preview:-1"},"canonical":"http:\/\/noviasespana.com\/noviasbaleares\/vestidos-de-novia-de-alquiler\/","og_locale":"es_ES","og_type":"article","og_title":"Vestidos de novia de alquiler - Novias Baleares","og_description":"Queridas novias!!! Entre las bodas de este fin de semana de personajes populares merece la pena comentar la de Irene Villa. La personalidad de la novia se ha puesto de manifiesto en su vestido. Un precioso traje de novia realizado en seda color marfil, con\u00a0falda de mucho movimiento decorada con grandes flores en relieve y [&hellip;]","og_url":"http:\/\/noviasespana.com\/noviasbaleares\/vestidos-de-novia-de-alquiler\/","og_site_name":"Novias Baleares","article_published_time":"2011-06-07T08:27:23+00:00","author":"admin","twitter_misc":{"Escrito por":"admin","Tiempo de lectura":"1 minuto"},"schema":{"@context":"https:\/\/schema.org","@graph":[{"@type":"Article","@id":"http:\/\/noviasespana.com\/noviasbaleares\/vestidos-de-novia-de-alquiler\/#article","isPartOf":{"@id":"http:\/\/noviasespana.com\/noviasbaleares\/vestidos-de-novia-de-alquiler\/"},"author":{"name":"admin","@id":"http:\/\/noviasespana.com\/noviasbaleares\/#\/schema\/person\/82ff6e303fad28e4da623aa4d27969ed"},"headline":"Vestidos de novia de alquiler","datePublished":"2011-06-07T08:27:23+00:00","mainEntityOfPage":{"@id":"http:\/\/noviasespana.com\/noviasbaleares\/vestidos-de-novia-de-alquiler\/"},"wordCount":272,"commentCount":0,"articleSection":["novias"],"inLanguage":"es","potentialAction":[{"@type":"CommentAction","name":"Comment","target":["http:\/\/noviasespana.com\/noviasbaleares\/vestidos-de-novia-de-alquiler\/#respond"]}]},{"@type":"WebPage","@id":"http:\/\/noviasespana.com\/noviasbaleares\/vestidos-de-novia-de-alquiler\/","url":"http:\/\/noviasespana.com\/noviasbaleares\/vestidos-de-novia-de-alquiler\/","name":"Vestidos de novia de alquiler - Novias Baleares","isPartOf":{"@id":"http:\/\/noviasespana.com\/noviasbaleares\/#website"},"datePublished":"2011-06-07T08:27:23+00:00","author":{"@id":"http:\/\/noviasespana.com\/noviasbaleares\/#\/schema\/person\/82ff6e303fad28e4da623aa4d27969ed"},"breadcrumb":{"@id":"http:\/\/noviasespana.com\/noviasbaleares\/vestidos-de-novia-de-alquiler\/#breadcrumb"},"inLanguage":"es","potentialAction":[{"@type":"ReadAction","target":["http:\/\/noviasespana.com\/noviasbaleares\/vestidos-de-novia-de-alquiler\/"]}]},{"@type":"BreadcrumbList","@id":"http:\/\/noviasespana.com\/noviasbaleares\/vestidos-de-novia-de-alquiler\/#breadcrumb","itemListElement":[{"@type":"ListItem","position":1,"name":"Portada","item":"http:\/\/noviasespana.com\/noviasbaleares\/"},{"@type":"ListItem","position":2,"name":"Vestidos de novia de alquiler"}]},{"@type":"WebSite","@id":"http:\/\/noviasespana.com\/noviasbaleares\/#website","url":"http:\/\/noviasespana.com\/noviasbaleares\/","name":"Novias Baleares","description":"Revista de novias","potentialAction":[{"@type":"SearchAction","target":{"@type":"EntryPoint","urlTemplate":"http:\/\/noviasespana.com\/noviasbaleares\/?s={search_term_string}"},"query-input":{"@type":"PropertyValueSpecification","valueRequired":true,"valueName":"search_term_string"}}],"inLanguage":"es"},{"@type":"Person","@id":"http:\/\/noviasespana.com\/noviasbaleares\/#\/schema\/person\/82ff6e303fad28e4da623aa4d27969ed","name":"admin","image":{"@type":"ImageObject","inLanguage":"es","@id":"https:\/\/secure.gravatar.com\/avatar\/0f45231fddfb43fcbd0cdde4582a3580baf474d75fca7d494b42ff86847de871?s=96&d=mm&r=g","url":"https:\/\/secure.gravatar.com\/avatar\/0f45231fddfb43fcbd0cdde4582a3580baf474d75fca7d494b42ff86847de871?s=96&d=mm&r=g","contentUrl":"https:\/\/secure.gravatar.com\/avatar\/0f45231fddfb43fcbd0cdde4582a3580baf474d75fca7d494b42ff86847de871?s=96&d=mm&r=g","caption":"admin"},"url":"http:\/\/noviasespana.com\/noviasbaleares\/author\/admin\/"}]}},"jetpack_featured_media_url":"","jetpack_sharing_enabled":true,"jetpack_shortlink":"https:\/\/wp.me\/p5Hg6P-Qf","jetpack_likes_enabled":true,"_links":{"self":[{"href":"http:\/\/noviasespana.com\/noviasbaleares\/wp-json\/wp\/v2\/posts\/3239","targetHints":{"allow":["GET"]}}],"collection":[{"href":"http:\/\/noviasespana.com\/noviasbaleares\/wp-json\/wp\/v2\/posts"}],"about":[{"href":"http:\/\/noviasespana.com\/noviasbaleares\/wp-json\/wp\/v2\/types\/post"}],"author":[{"embeddable":true,"href":"http:\/\/noviasespana.com\/noviasbaleares\/wp-json\/wp\/v2\/users\/2"}],"replies":[{"embeddable":true,"href":"http:\/\/noviasespana.com\/noviasbaleares\/wp-json\/wp\/v2\/comments?post=3239"}],"version-history":[{"count":0,"href":"http:\/\/noviasespana.com\/noviasbaleares\/wp-json\/wp\/v2\/posts\/3239\/revisions"}],"wp:attachment":[{"href":"http:\/\/noviasespana.com\/noviasbaleares\/wp-json\/wp\/v2\/media?parent=3239"}],"wp:term":[{"taxonomy":"category","embeddable":true,"href":"http:\/\/noviasespana.com\/noviasbaleares\/wp-json\/wp\/v2\/categories?post=3239"},{"taxonomy":"post_tag","embeddable":true,"href":"http:\/\/noviasespana.com\/noviasbaleares\/wp-json\/wp\/v2\/tags?post=3239"}],"curies":[{"name":"wp","href":"https:\/\/api.w.org\/{rel}","templated":true}]}}