{"id":3211,"date":"2011-06-02T17:52:37","date_gmt":"2011-06-02T15:52:37","guid":{"rendered":"http:\/\/www.diariodeunanovia.com\/blog\/?p=3211"},"modified":"2011-06-02T17:52:37","modified_gmt":"2011-06-02T15:52:37","slug":"inauguracion-museo-cristobal-balenciaga","status":"publish","type":"post","link":"http:\/\/noviasespana.com\/noviasbaleares\/inauguracion-museo-cristobal-balenciaga\/","title":{"rendered":"Inauguraci\u00f3n museo Crist\u00f3bal Balenciaga"},"content":{"rendered":"<p>Hola chicas!!!!Os quiero contar una noticia que tiene que ver con \u00abUna ilusi\u00f3n hecha realidad\u00bb. Por fin<strong> <\/strong> se ha inaugurado el <strong>Crist\u00f3bal Balenciaga Museoa. <\/strong>Y tuvimos el privilegio de ser de los primeros en conocerlo. Ubicado en el peque\u00f1o pueblo costero de Getaria, un imponente edificio de cuatro plantas y 9.323 metros cuadrados, alberga gran parte de la vida y obra del maestro<strong>. <\/strong>Toda la decoraci\u00f3n interior del museo est\u00e1 muy pensada y estudiada. Desde la luz, muy tenue en los espacios donde se ubican los trajes, por motivos de\u00a0conservaci\u00f3n de los mismos, hasta las placas de metal con motivos florales inspirados en un mant\u00f3n de manila que realiz\u00f3 <strong>Balenciaga<\/strong> en su \u00e9poca m\u00e1s Goyesca, decoran con muy buen gusto y armonia todo el interior del museo. En el se\u00a0exhibir\u00e1n\u00a0de manera rotatoria unas 100 piezas anuales, de las m\u00e1s de 1.200 que la fundaci\u00f3n posee. El buque insignia del museo es el traje de novia de la <strong>Reina Fabiola de B\u00e9lgica.<\/strong><\/p>\n<p>El pr\u00f3ximo martes 7 de Junio ser\u00e1 la inauguraci\u00f3n oficial, que contar\u00e1 con la presencia de su majestad la <strong>Reina D\u00f1a Sof\u00eda.<\/strong> Y el d\u00eda 10 estar\u00e1 abierto al p\u00fablico.<\/p>\n<p>Si\u00a0ten\u00e9is oportunidad, ir a visitarlo y disfrutar de esas obras de arte que se exponen, pertenecientes en su\u00a0mayor\u00eda a donaciones hechas por amigos y clientes de <strong>Balenciaga <\/strong>como; Grace Kelly, Mona Von Bismarck, Bunny Mellon, Barbara Hutton o el propio\u00a0disc\u00edpulo y presidente fundador <strong>Monsieur Hubert de Givenchy.<\/strong><\/p>\n<p><strong><br \/>\n<\/strong><\/p>\n<p><strong> <\/strong><\/p>\n","protected":false},"excerpt":{"rendered":"<p>Hola chicas!!!!Os quiero contar una noticia que tiene que ver con \u00abUna ilusi\u00f3n hecha realidad\u00bb. Por fin se ha inaugurado el Crist\u00f3bal Balenciaga Museoa. Y tuvimos el privilegio de ser de los primeros en conocerlo. Ubicado en el peque\u00f1o pueblo costero de Getaria, un imponente edificio de cuatro plantas y 9.323 metros cuadrados, alberga gran [&hellip;]<\/p>\n","protected":false},"author":4,"featured_media":0,"comment_status":"open","ping_status":"open","sticky":false,"template":"","format":"standard","meta":{"jetpack_post_was_ever_published":false,"_jetpack_newsletter_access":"","_jetpack_dont_email_post_to_subs":false,"_jetpack_newsletter_tier_id":0,"_jetpack_memberships_contains_paywalled_content":false,"_jetpack_memberships_contains_paid_content":false,"footnotes":""},"categories":[1],"tags":[],"class_list":["post-3211","post","type-post","status-publish","format-standard","hentry","category-novias"],"yoast_head":"<!-- This site is optimized with the Yoast SEO plugin v27.5 - https:\/\/yoast.com\/product\/yoast-seo-wordpress\/ -->\n<title>Inauguraci\u00f3n museo Crist\u00f3bal Balenciaga - Novias Baleares<\/title>\n<meta name=\"robots\" content=\"index, follow, max-snippet:-1, max-image-preview:large, max-video-preview:-1\" \/>\n<link rel=\"canonical\" href=\"http:\/\/noviasespana.com\/noviasbaleares\/inauguracion-museo-cristobal-balenciaga\/\" \/>\n<meta property=\"og:locale\" content=\"es_ES\" \/>\n<meta property=\"og:type\" content=\"article\" \/>\n<meta property=\"og:title\" content=\"Inauguraci\u00f3n museo Crist\u00f3bal Balenciaga - Novias Baleares\" \/>\n<meta property=\"og:description\" content=\"Hola chicas!!!!Os quiero contar una noticia que tiene que ver con \u00abUna ilusi\u00f3n hecha realidad\u00bb. Por fin se ha inaugurado el Crist\u00f3bal Balenciaga Museoa. Y tuvimos el privilegio de ser de los primeros en conocerlo. Ubicado en el peque\u00f1o pueblo costero de Getaria, un imponente edificio de cuatro plantas y 9.323 metros cuadrados, alberga gran [&hellip;]\" \/>\n<meta property=\"og:url\" content=\"http:\/\/noviasespana.com\/noviasbaleares\/inauguracion-museo-cristobal-balenciaga\/\" \/>\n<meta property=\"og:site_name\" content=\"Novias Baleares\" \/>\n<meta property=\"article:published_time\" content=\"2011-06-02T15:52:37+00:00\" \/>\n<meta name=\"author\" content=\"Pilar Perosanz\" \/>\n<meta name=\"twitter:label1\" content=\"Escrito por\" \/>\n\t<meta name=\"twitter:data1\" content=\"Pilar Perosanz\" \/>\n\t<meta name=\"twitter:label2\" content=\"Tiempo de lectura\" \/>\n\t<meta name=\"twitter:data2\" content=\"1 minuto\" \/>\n<script type=\"application\/ld+json\" class=\"yoast-schema-graph\">{\"@context\":\"https:\\\/\\\/schema.org\",\"@graph\":[{\"@type\":\"Article\",\"@id\":\"http:\\\/\\\/noviasespana.com\\\/noviasbaleares\\\/inauguracion-museo-cristobal-balenciaga\\\/#article\",\"isPartOf\":{\"@id\":\"http:\\\/\\\/noviasespana.com\\\/noviasbaleares\\\/inauguracion-museo-cristobal-balenciaga\\\/\"},\"author\":{\"name\":\"Pilar Perosanz\",\"@id\":\"http:\\\/\\\/noviasespana.com\\\/noviasbaleares\\\/#\\\/schema\\\/person\\\/0b1c774eb803dc07cabaa1ba623a2189\"},\"headline\":\"Inauguraci\u00f3n museo Crist\u00f3bal Balenciaga\",\"datePublished\":\"2011-06-02T15:52:37+00:00\",\"mainEntityOfPage\":{\"@id\":\"http:\\\/\\\/noviasespana.com\\\/noviasbaleares\\\/inauguracion-museo-cristobal-balenciaga\\\/\"},\"wordCount\":266,\"commentCount\":0,\"articleSection\":[\"novias\"],\"inLanguage\":\"es\",\"potentialAction\":[{\"@type\":\"CommentAction\",\"name\":\"Comment\",\"target\":[\"http:\\\/\\\/noviasespana.com\\\/noviasbaleares\\\/inauguracion-museo-cristobal-balenciaga\\\/#respond\"]}]},{\"@type\":\"WebPage\",\"@id\":\"http:\\\/\\\/noviasespana.com\\\/noviasbaleares\\\/inauguracion-museo-cristobal-balenciaga\\\/\",\"url\":\"http:\\\/\\\/noviasespana.com\\\/noviasbaleares\\\/inauguracion-museo-cristobal-balenciaga\\\/\",\"name\":\"Inauguraci\u00f3n museo Crist\u00f3bal Balenciaga - Novias Baleares\",\"isPartOf\":{\"@id\":\"http:\\\/\\\/noviasespana.com\\\/noviasbaleares\\\/#website\"},\"datePublished\":\"2011-06-02T15:52:37+00:00\",\"author\":{\"@id\":\"http:\\\/\\\/noviasespana.com\\\/noviasbaleares\\\/#\\\/schema\\\/person\\\/0b1c774eb803dc07cabaa1ba623a2189\"},\"breadcrumb\":{\"@id\":\"http:\\\/\\\/noviasespana.com\\\/noviasbaleares\\\/inauguracion-museo-cristobal-balenciaga\\\/#breadcrumb\"},\"inLanguage\":\"es\",\"potentialAction\":[{\"@type\":\"ReadAction\",\"target\":[\"http:\\\/\\\/noviasespana.com\\\/noviasbaleares\\\/inauguracion-museo-cristobal-balenciaga\\\/\"]}]},{\"@type\":\"BreadcrumbList\",\"@id\":\"http:\\\/\\\/noviasespana.com\\\/noviasbaleares\\\/inauguracion-museo-cristobal-balenciaga\\\/#breadcrumb\",\"itemListElement\":[{\"@type\":\"ListItem\",\"position\":1,\"name\":\"Portada\",\"item\":\"http:\\\/\\\/noviasespana.com\\\/noviasbaleares\\\/\"},{\"@type\":\"ListItem\",\"position\":2,\"name\":\"Inauguraci\u00f3n museo Crist\u00f3bal Balenciaga\"}]},{\"@type\":\"WebSite\",\"@id\":\"http:\\\/\\\/noviasespana.com\\\/noviasbaleares\\\/#website\",\"url\":\"http:\\\/\\\/noviasespana.com\\\/noviasbaleares\\\/\",\"name\":\"Novias Baleares\",\"description\":\"Revista de novias\",\"potentialAction\":[{\"@type\":\"SearchAction\",\"target\":{\"@type\":\"EntryPoint\",\"urlTemplate\":\"http:\\\/\\\/noviasespana.com\\\/noviasbaleares\\\/?s={search_term_string}\"},\"query-input\":{\"@type\":\"PropertyValueSpecification\",\"valueRequired\":true,\"valueName\":\"search_term_string\"}}],\"inLanguage\":\"es\"},{\"@type\":\"Person\",\"@id\":\"http:\\\/\\\/noviasespana.com\\\/noviasbaleares\\\/#\\\/schema\\\/person\\\/0b1c774eb803dc07cabaa1ba623a2189\",\"name\":\"Pilar Perosanz\",\"image\":{\"@type\":\"ImageObject\",\"inLanguage\":\"es\",\"@id\":\"https:\\\/\\\/secure.gravatar.com\\\/avatar\\\/5f89b89cee696f36efb82c284bbc1518b83b807f1e68366037e8221287a0831b?s=96&d=mm&r=g\",\"url\":\"https:\\\/\\\/secure.gravatar.com\\\/avatar\\\/5f89b89cee696f36efb82c284bbc1518b83b807f1e68366037e8221287a0831b?s=96&d=mm&r=g\",\"contentUrl\":\"https:\\\/\\\/secure.gravatar.com\\\/avatar\\\/5f89b89cee696f36efb82c284bbc1518b83b807f1e68366037e8221287a0831b?s=96&d=mm&r=g\",\"caption\":\"Pilar Perosanz\"},\"url\":\"http:\\\/\\\/noviasespana.com\\\/noviasbaleares\\\/author\\\/pilar\\\/\"}]}<\/script>\n<!-- \/ Yoast SEO plugin. -->","yoast_head_json":{"title":"Inauguraci\u00f3n museo Crist\u00f3bal Balenciaga - Novias Baleares","robots":{"index":"index","follow":"follow","max-snippet":"max-snippet:-1","max-image-preview":"max-image-preview:large","max-video-preview":"max-video-preview:-1"},"canonical":"http:\/\/noviasespana.com\/noviasbaleares\/inauguracion-museo-cristobal-balenciaga\/","og_locale":"es_ES","og_type":"article","og_title":"Inauguraci\u00f3n museo Crist\u00f3bal Balenciaga - Novias Baleares","og_description":"Hola chicas!!!!Os quiero contar una noticia que tiene que ver con \u00abUna ilusi\u00f3n hecha realidad\u00bb. Por fin se ha inaugurado el Crist\u00f3bal Balenciaga Museoa. Y tuvimos el privilegio de ser de los primeros en conocerlo. Ubicado en el peque\u00f1o pueblo costero de Getaria, un imponente edificio de cuatro plantas y 9.323 metros cuadrados, alberga gran [&hellip;]","og_url":"http:\/\/noviasespana.com\/noviasbaleares\/inauguracion-museo-cristobal-balenciaga\/","og_site_name":"Novias Baleares","article_published_time":"2011-06-02T15:52:37+00:00","author":"Pilar Perosanz","twitter_misc":{"Escrito por":"Pilar Perosanz","Tiempo de lectura":"1 minuto"},"schema":{"@context":"https:\/\/schema.org","@graph":[{"@type":"Article","@id":"http:\/\/noviasespana.com\/noviasbaleares\/inauguracion-museo-cristobal-balenciaga\/#article","isPartOf":{"@id":"http:\/\/noviasespana.com\/noviasbaleares\/inauguracion-museo-cristobal-balenciaga\/"},"author":{"name":"Pilar Perosanz","@id":"http:\/\/noviasespana.com\/noviasbaleares\/#\/schema\/person\/0b1c774eb803dc07cabaa1ba623a2189"},"headline":"Inauguraci\u00f3n museo Crist\u00f3bal Balenciaga","datePublished":"2011-06-02T15:52:37+00:00","mainEntityOfPage":{"@id":"http:\/\/noviasespana.com\/noviasbaleares\/inauguracion-museo-cristobal-balenciaga\/"},"wordCount":266,"commentCount":0,"articleSection":["novias"],"inLanguage":"es","potentialAction":[{"@type":"CommentAction","name":"Comment","target":["http:\/\/noviasespana.com\/noviasbaleares\/inauguracion-museo-cristobal-balenciaga\/#respond"]}]},{"@type":"WebPage","@id":"http:\/\/noviasespana.com\/noviasbaleares\/inauguracion-museo-cristobal-balenciaga\/","url":"http:\/\/noviasespana.com\/noviasbaleares\/inauguracion-museo-cristobal-balenciaga\/","name":"Inauguraci\u00f3n museo Crist\u00f3bal Balenciaga - Novias Baleares","isPartOf":{"@id":"http:\/\/noviasespana.com\/noviasbaleares\/#website"},"datePublished":"2011-06-02T15:52:37+00:00","author":{"@id":"http:\/\/noviasespana.com\/noviasbaleares\/#\/schema\/person\/0b1c774eb803dc07cabaa1ba623a2189"},"breadcrumb":{"@id":"http:\/\/noviasespana.com\/noviasbaleares\/inauguracion-museo-cristobal-balenciaga\/#breadcrumb"},"inLanguage":"es","potentialAction":[{"@type":"ReadAction","target":["http:\/\/noviasespana.com\/noviasbaleares\/inauguracion-museo-cristobal-balenciaga\/"]}]},{"@type":"BreadcrumbList","@id":"http:\/\/noviasespana.com\/noviasbaleares\/inauguracion-museo-cristobal-balenciaga\/#breadcrumb","itemListElement":[{"@type":"ListItem","position":1,"name":"Portada","item":"http:\/\/noviasespana.com\/noviasbaleares\/"},{"@type":"ListItem","position":2,"name":"Inauguraci\u00f3n museo Crist\u00f3bal Balenciaga"}]},{"@type":"WebSite","@id":"http:\/\/noviasespana.com\/noviasbaleares\/#website","url":"http:\/\/noviasespana.com\/noviasbaleares\/","name":"Novias Baleares","description":"Revista de novias","potentialAction":[{"@type":"SearchAction","target":{"@type":"EntryPoint","urlTemplate":"http:\/\/noviasespana.com\/noviasbaleares\/?s={search_term_string}"},"query-input":{"@type":"PropertyValueSpecification","valueRequired":true,"valueName":"search_term_string"}}],"inLanguage":"es"},{"@type":"Person","@id":"http:\/\/noviasespana.com\/noviasbaleares\/#\/schema\/person\/0b1c774eb803dc07cabaa1ba623a2189","name":"Pilar Perosanz","image":{"@type":"ImageObject","inLanguage":"es","@id":"https:\/\/secure.gravatar.com\/avatar\/5f89b89cee696f36efb82c284bbc1518b83b807f1e68366037e8221287a0831b?s=96&d=mm&r=g","url":"https:\/\/secure.gravatar.com\/avatar\/5f89b89cee696f36efb82c284bbc1518b83b807f1e68366037e8221287a0831b?s=96&d=mm&r=g","contentUrl":"https:\/\/secure.gravatar.com\/avatar\/5f89b89cee696f36efb82c284bbc1518b83b807f1e68366037e8221287a0831b?s=96&d=mm&r=g","caption":"Pilar Perosanz"},"url":"http:\/\/noviasespana.com\/noviasbaleares\/author\/pilar\/"}]}},"jetpack_featured_media_url":"","jetpack_sharing_enabled":true,"jetpack_shortlink":"https:\/\/wp.me\/p5Hg6P-PN","jetpack_likes_enabled":true,"_links":{"self":[{"href":"http:\/\/noviasespana.com\/noviasbaleares\/wp-json\/wp\/v2\/posts\/3211","targetHints":{"allow":["GET"]}}],"collection":[{"href":"http:\/\/noviasespana.com\/noviasbaleares\/wp-json\/wp\/v2\/posts"}],"about":[{"href":"http:\/\/noviasespana.com\/noviasbaleares\/wp-json\/wp\/v2\/types\/post"}],"author":[{"embeddable":true,"href":"http:\/\/noviasespana.com\/noviasbaleares\/wp-json\/wp\/v2\/users\/4"}],"replies":[{"embeddable":true,"href":"http:\/\/noviasespana.com\/noviasbaleares\/wp-json\/wp\/v2\/comments?post=3211"}],"version-history":[{"count":0,"href":"http:\/\/noviasespana.com\/noviasbaleares\/wp-json\/wp\/v2\/posts\/3211\/revisions"}],"wp:attachment":[{"href":"http:\/\/noviasespana.com\/noviasbaleares\/wp-json\/wp\/v2\/media?parent=3211"}],"wp:term":[{"taxonomy":"category","embeddable":true,"href":"http:\/\/noviasespana.com\/noviasbaleares\/wp-json\/wp\/v2\/categories?post=3211"},{"taxonomy":"post_tag","embeddable":true,"href":"http:\/\/noviasespana.com\/noviasbaleares\/wp-json\/wp\/v2\/tags?post=3211"}],"curies":[{"name":"wp","href":"https:\/\/api.w.org\/{rel}","templated":true}]}}