{"id":3208,"date":"2011-06-02T09:15:30","date_gmt":"2011-06-02T07:15:30","guid":{"rendered":"http:\/\/www.diariodeunanovia.com\/blog\/?p=3208"},"modified":"2011-06-02T09:15:30","modified_gmt":"2011-06-02T07:15:30","slug":"alberto-de-monaco-debe-adelgazar-antes-de-su-boda","status":"publish","type":"post","link":"http:\/\/noviasespana.com\/noviasbaleares\/alberto-de-monaco-debe-adelgazar-antes-de-su-boda\/","title":{"rendered":"Alberto de M\u00f3naco debe adelgazar antes de su boda"},"content":{"rendered":"<p style=\"text-align: justify\">Queridas novias!! No puedo dejar de comentar esta noticia, y es que los ricos tambi\u00e9n pasan hambre antes de casarse. Parece que\u00a0 <strong>el dise\u00f1ador Karl Lagerfeld ha aconsejado \u00a0a Alberto de M\u00f3naco que adelgace para su boda con Charlene Wittstock<\/strong>. A menos de un mes para el acontecimiento. Lagerfeld, \u00a0aprovechado su amistad con el pr\u00edncipe Alberto le ha dado \u00a0 algunos consejos sobre imagen, entre ellos el <strong>que pierda<\/strong> <strong>unos cuantos kilitos<\/strong>. <strong>Seg\u00fan el dise\u00f1ador alem\u00e1n Alberto \u00abdebe adelgazar para el d\u00eda del enlace puesto que, de lo contrario, el traje no le entrar\u00e1\u00bb , \u00a1mira que simp\u00e1tico!<\/strong>. Adem\u00e1s, ha asegurado que <strong>ha confeccionado unos cuantos trajes para el pr\u00edncipe, pero que ninguno es de su talla<\/strong>. Una situaci\u00f3n alarmante que se convertir\u00e1 en un aut\u00e9ntico problema si\u00a0Alberto\u00a0no consigue perder peso a tiempo. Los monegascos esperan con mucha ilusi\u00f3n esta boda que devuelve a M\u00f3naco el brillo de otros tiempos. Han pasado muchos a\u00f1os desde la \u00faltima gran boda en el principado \u00a0y lo est\u00e1n deseando. <strong>La \u00faltima boda en la catedral de M\u00f3naco fue la de el pr\u00edncipe Rainiero y Grace Kelly, y de eso ya han pasado cincuenta y cinco<\/strong>. Desde entonces, las bodas que se han celebrado en el principado se han limitado a un saludo de los novios desde el balc\u00f3n del palacio, y a veces ni eso. <strong>Esta vez, cuatro mil invitados acudir\u00e1n a presenciar el enlace<\/strong>. Las calles de M\u00f3naco, se engalanaran para la ocasi\u00f3n y tras la ceremonia los novios realizar\u00e1n un peque\u00f1o recorrido. Han organizado \u00a0tres d\u00edas de celebraciones y entre los eventos m\u00e1s significativos una cena en la \u00f3pera, un espect\u00e1culo de fuegos artificiales y un gran baile de gala.Y por supuesto lo contaremos aqu\u00ed. \u00bfQu\u00e9 os parece este cometario de Karl Lagerfeld?<\/p>\n<p style=\"text-align: justify\">\nFuente: Vanitatis.com<\/p>\n","protected":false},"excerpt":{"rendered":"<p>Queridas novias!! No puedo dejar de comentar esta noticia, y es que los ricos tambi\u00e9n pasan hambre antes de casarse. Parece que\u00a0 el dise\u00f1ador Karl Lagerfeld ha aconsejado \u00a0a Alberto de M\u00f3naco que adelgace para su boda con Charlene Wittstock. A menos de un mes para el acontecimiento. Lagerfeld, \u00a0aprovechado su amistad con el pr\u00edncipe [&hellip;]<\/p>\n","protected":false},"author":2,"featured_media":0,"comment_status":"open","ping_status":"open","sticky":false,"template":"","format":"standard","meta":{"jetpack_post_was_ever_published":false,"_jetpack_newsletter_access":"","_jetpack_dont_email_post_to_subs":false,"_jetpack_newsletter_tier_id":0,"_jetpack_memberships_contains_paywalled_content":false,"_jetpack_memberships_contains_paid_content":false,"footnotes":""},"categories":[1],"tags":[],"class_list":["post-3208","post","type-post","status-publish","format-standard","hentry","category-novias"],"yoast_head":"<!-- This site is optimized with the Yoast SEO plugin v27.5 - https:\/\/yoast.com\/product\/yoast-seo-wordpress\/ -->\n<title>Alberto de M\u00f3naco debe adelgazar antes de su boda - Novias Baleares<\/title>\n<meta name=\"robots\" content=\"index, follow, max-snippet:-1, max-image-preview:large, max-video-preview:-1\" \/>\n<link rel=\"canonical\" href=\"http:\/\/noviasespana.com\/noviasbaleares\/alberto-de-monaco-debe-adelgazar-antes-de-su-boda\/\" \/>\n<meta property=\"og:locale\" content=\"es_ES\" \/>\n<meta property=\"og:type\" content=\"article\" \/>\n<meta property=\"og:title\" content=\"Alberto de M\u00f3naco debe adelgazar antes de su boda - Novias Baleares\" \/>\n<meta property=\"og:description\" content=\"Queridas novias!! No puedo dejar de comentar esta noticia, y es que los ricos tambi\u00e9n pasan hambre antes de casarse. Parece que\u00a0 el dise\u00f1ador Karl Lagerfeld ha aconsejado \u00a0a Alberto de M\u00f3naco que adelgace para su boda con Charlene Wittstock. A menos de un mes para el acontecimiento. Lagerfeld, \u00a0aprovechado su amistad con el pr\u00edncipe [&hellip;]\" \/>\n<meta property=\"og:url\" content=\"http:\/\/noviasespana.com\/noviasbaleares\/alberto-de-monaco-debe-adelgazar-antes-de-su-boda\/\" \/>\n<meta property=\"og:site_name\" content=\"Novias Baleares\" \/>\n<meta property=\"article:published_time\" content=\"2011-06-02T07:15:30+00:00\" \/>\n<meta name=\"author\" content=\"admin\" \/>\n<meta name=\"twitter:label1\" content=\"Escrito por\" \/>\n\t<meta name=\"twitter:data1\" content=\"admin\" \/>\n\t<meta name=\"twitter:label2\" content=\"Tiempo de lectura\" \/>\n\t<meta name=\"twitter:data2\" content=\"2 minutos\" \/>\n<script type=\"application\/ld+json\" class=\"yoast-schema-graph\">{\"@context\":\"https:\\\/\\\/schema.org\",\"@graph\":[{\"@type\":\"Article\",\"@id\":\"http:\\\/\\\/noviasespana.com\\\/noviasbaleares\\\/alberto-de-monaco-debe-adelgazar-antes-de-su-boda\\\/#article\",\"isPartOf\":{\"@id\":\"http:\\\/\\\/noviasespana.com\\\/noviasbaleares\\\/alberto-de-monaco-debe-adelgazar-antes-de-su-boda\\\/\"},\"author\":{\"name\":\"admin\",\"@id\":\"http:\\\/\\\/noviasespana.com\\\/noviasbaleares\\\/#\\\/schema\\\/person\\\/82ff6e303fad28e4da623aa4d27969ed\"},\"headline\":\"Alberto de M\u00f3naco debe adelgazar antes de su boda\",\"datePublished\":\"2011-06-02T07:15:30+00:00\",\"mainEntityOfPage\":{\"@id\":\"http:\\\/\\\/noviasespana.com\\\/noviasbaleares\\\/alberto-de-monaco-debe-adelgazar-antes-de-su-boda\\\/\"},\"wordCount\":334,\"commentCount\":0,\"articleSection\":[\"novias\"],\"inLanguage\":\"es\",\"potentialAction\":[{\"@type\":\"CommentAction\",\"name\":\"Comment\",\"target\":[\"http:\\\/\\\/noviasespana.com\\\/noviasbaleares\\\/alberto-de-monaco-debe-adelgazar-antes-de-su-boda\\\/#respond\"]}]},{\"@type\":\"WebPage\",\"@id\":\"http:\\\/\\\/noviasespana.com\\\/noviasbaleares\\\/alberto-de-monaco-debe-adelgazar-antes-de-su-boda\\\/\",\"url\":\"http:\\\/\\\/noviasespana.com\\\/noviasbaleares\\\/alberto-de-monaco-debe-adelgazar-antes-de-su-boda\\\/\",\"name\":\"Alberto de M\u00f3naco debe adelgazar antes de su boda - Novias Baleares\",\"isPartOf\":{\"@id\":\"http:\\\/\\\/noviasespana.com\\\/noviasbaleares\\\/#website\"},\"datePublished\":\"2011-06-02T07:15:30+00:00\",\"author\":{\"@id\":\"http:\\\/\\\/noviasespana.com\\\/noviasbaleares\\\/#\\\/schema\\\/person\\\/82ff6e303fad28e4da623aa4d27969ed\"},\"breadcrumb\":{\"@id\":\"http:\\\/\\\/noviasespana.com\\\/noviasbaleares\\\/alberto-de-monaco-debe-adelgazar-antes-de-su-boda\\\/#breadcrumb\"},\"inLanguage\":\"es\",\"potentialAction\":[{\"@type\":\"ReadAction\",\"target\":[\"http:\\\/\\\/noviasespana.com\\\/noviasbaleares\\\/alberto-de-monaco-debe-adelgazar-antes-de-su-boda\\\/\"]}]},{\"@type\":\"BreadcrumbList\",\"@id\":\"http:\\\/\\\/noviasespana.com\\\/noviasbaleares\\\/alberto-de-monaco-debe-adelgazar-antes-de-su-boda\\\/#breadcrumb\",\"itemListElement\":[{\"@type\":\"ListItem\",\"position\":1,\"name\":\"Portada\",\"item\":\"http:\\\/\\\/noviasespana.com\\\/noviasbaleares\\\/\"},{\"@type\":\"ListItem\",\"position\":2,\"name\":\"Alberto de M\u00f3naco debe adelgazar antes de su boda\"}]},{\"@type\":\"WebSite\",\"@id\":\"http:\\\/\\\/noviasespana.com\\\/noviasbaleares\\\/#website\",\"url\":\"http:\\\/\\\/noviasespana.com\\\/noviasbaleares\\\/\",\"name\":\"Novias Baleares\",\"description\":\"Revista de novias\",\"potentialAction\":[{\"@type\":\"SearchAction\",\"target\":{\"@type\":\"EntryPoint\",\"urlTemplate\":\"http:\\\/\\\/noviasespana.com\\\/noviasbaleares\\\/?s={search_term_string}\"},\"query-input\":{\"@type\":\"PropertyValueSpecification\",\"valueRequired\":true,\"valueName\":\"search_term_string\"}}],\"inLanguage\":\"es\"},{\"@type\":\"Person\",\"@id\":\"http:\\\/\\\/noviasespana.com\\\/noviasbaleares\\\/#\\\/schema\\\/person\\\/82ff6e303fad28e4da623aa4d27969ed\",\"name\":\"admin\",\"image\":{\"@type\":\"ImageObject\",\"inLanguage\":\"es\",\"@id\":\"https:\\\/\\\/secure.gravatar.com\\\/avatar\\\/0f45231fddfb43fcbd0cdde4582a3580baf474d75fca7d494b42ff86847de871?s=96&d=mm&r=g\",\"url\":\"https:\\\/\\\/secure.gravatar.com\\\/avatar\\\/0f45231fddfb43fcbd0cdde4582a3580baf474d75fca7d494b42ff86847de871?s=96&d=mm&r=g\",\"contentUrl\":\"https:\\\/\\\/secure.gravatar.com\\\/avatar\\\/0f45231fddfb43fcbd0cdde4582a3580baf474d75fca7d494b42ff86847de871?s=96&d=mm&r=g\",\"caption\":\"admin\"},\"url\":\"http:\\\/\\\/noviasespana.com\\\/noviasbaleares\\\/author\\\/admin\\\/\"}]}<\/script>\n<!-- \/ Yoast SEO plugin. -->","yoast_head_json":{"title":"Alberto de M\u00f3naco debe adelgazar antes de su boda - Novias Baleares","robots":{"index":"index","follow":"follow","max-snippet":"max-snippet:-1","max-image-preview":"max-image-preview:large","max-video-preview":"max-video-preview:-1"},"canonical":"http:\/\/noviasespana.com\/noviasbaleares\/alberto-de-monaco-debe-adelgazar-antes-de-su-boda\/","og_locale":"es_ES","og_type":"article","og_title":"Alberto de M\u00f3naco debe adelgazar antes de su boda - Novias Baleares","og_description":"Queridas novias!! No puedo dejar de comentar esta noticia, y es que los ricos tambi\u00e9n pasan hambre antes de casarse. Parece que\u00a0 el dise\u00f1ador Karl Lagerfeld ha aconsejado \u00a0a Alberto de M\u00f3naco que adelgace para su boda con Charlene Wittstock. A menos de un mes para el acontecimiento. Lagerfeld, \u00a0aprovechado su amistad con el pr\u00edncipe [&hellip;]","og_url":"http:\/\/noviasespana.com\/noviasbaleares\/alberto-de-monaco-debe-adelgazar-antes-de-su-boda\/","og_site_name":"Novias Baleares","article_published_time":"2011-06-02T07:15:30+00:00","author":"admin","twitter_misc":{"Escrito por":"admin","Tiempo de lectura":"2 minutos"},"schema":{"@context":"https:\/\/schema.org","@graph":[{"@type":"Article","@id":"http:\/\/noviasespana.com\/noviasbaleares\/alberto-de-monaco-debe-adelgazar-antes-de-su-boda\/#article","isPartOf":{"@id":"http:\/\/noviasespana.com\/noviasbaleares\/alberto-de-monaco-debe-adelgazar-antes-de-su-boda\/"},"author":{"name":"admin","@id":"http:\/\/noviasespana.com\/noviasbaleares\/#\/schema\/person\/82ff6e303fad28e4da623aa4d27969ed"},"headline":"Alberto de M\u00f3naco debe adelgazar antes de su boda","datePublished":"2011-06-02T07:15:30+00:00","mainEntityOfPage":{"@id":"http:\/\/noviasespana.com\/noviasbaleares\/alberto-de-monaco-debe-adelgazar-antes-de-su-boda\/"},"wordCount":334,"commentCount":0,"articleSection":["novias"],"inLanguage":"es","potentialAction":[{"@type":"CommentAction","name":"Comment","target":["http:\/\/noviasespana.com\/noviasbaleares\/alberto-de-monaco-debe-adelgazar-antes-de-su-boda\/#respond"]}]},{"@type":"WebPage","@id":"http:\/\/noviasespana.com\/noviasbaleares\/alberto-de-monaco-debe-adelgazar-antes-de-su-boda\/","url":"http:\/\/noviasespana.com\/noviasbaleares\/alberto-de-monaco-debe-adelgazar-antes-de-su-boda\/","name":"Alberto de M\u00f3naco debe adelgazar antes de su boda - Novias Baleares","isPartOf":{"@id":"http:\/\/noviasespana.com\/noviasbaleares\/#website"},"datePublished":"2011-06-02T07:15:30+00:00","author":{"@id":"http:\/\/noviasespana.com\/noviasbaleares\/#\/schema\/person\/82ff6e303fad28e4da623aa4d27969ed"},"breadcrumb":{"@id":"http:\/\/noviasespana.com\/noviasbaleares\/alberto-de-monaco-debe-adelgazar-antes-de-su-boda\/#breadcrumb"},"inLanguage":"es","potentialAction":[{"@type":"ReadAction","target":["http:\/\/noviasespana.com\/noviasbaleares\/alberto-de-monaco-debe-adelgazar-antes-de-su-boda\/"]}]},{"@type":"BreadcrumbList","@id":"http:\/\/noviasespana.com\/noviasbaleares\/alberto-de-monaco-debe-adelgazar-antes-de-su-boda\/#breadcrumb","itemListElement":[{"@type":"ListItem","position":1,"name":"Portada","item":"http:\/\/noviasespana.com\/noviasbaleares\/"},{"@type":"ListItem","position":2,"name":"Alberto de M\u00f3naco debe adelgazar antes de su boda"}]},{"@type":"WebSite","@id":"http:\/\/noviasespana.com\/noviasbaleares\/#website","url":"http:\/\/noviasespana.com\/noviasbaleares\/","name":"Novias Baleares","description":"Revista de novias","potentialAction":[{"@type":"SearchAction","target":{"@type":"EntryPoint","urlTemplate":"http:\/\/noviasespana.com\/noviasbaleares\/?s={search_term_string}"},"query-input":{"@type":"PropertyValueSpecification","valueRequired":true,"valueName":"search_term_string"}}],"inLanguage":"es"},{"@type":"Person","@id":"http:\/\/noviasespana.com\/noviasbaleares\/#\/schema\/person\/82ff6e303fad28e4da623aa4d27969ed","name":"admin","image":{"@type":"ImageObject","inLanguage":"es","@id":"https:\/\/secure.gravatar.com\/avatar\/0f45231fddfb43fcbd0cdde4582a3580baf474d75fca7d494b42ff86847de871?s=96&d=mm&r=g","url":"https:\/\/secure.gravatar.com\/avatar\/0f45231fddfb43fcbd0cdde4582a3580baf474d75fca7d494b42ff86847de871?s=96&d=mm&r=g","contentUrl":"https:\/\/secure.gravatar.com\/avatar\/0f45231fddfb43fcbd0cdde4582a3580baf474d75fca7d494b42ff86847de871?s=96&d=mm&r=g","caption":"admin"},"url":"http:\/\/noviasespana.com\/noviasbaleares\/author\/admin\/"}]}},"jetpack_featured_media_url":"","jetpack_sharing_enabled":true,"jetpack_shortlink":"https:\/\/wp.me\/p5Hg6P-PK","jetpack_likes_enabled":true,"_links":{"self":[{"href":"http:\/\/noviasespana.com\/noviasbaleares\/wp-json\/wp\/v2\/posts\/3208","targetHints":{"allow":["GET"]}}],"collection":[{"href":"http:\/\/noviasespana.com\/noviasbaleares\/wp-json\/wp\/v2\/posts"}],"about":[{"href":"http:\/\/noviasespana.com\/noviasbaleares\/wp-json\/wp\/v2\/types\/post"}],"author":[{"embeddable":true,"href":"http:\/\/noviasespana.com\/noviasbaleares\/wp-json\/wp\/v2\/users\/2"}],"replies":[{"embeddable":true,"href":"http:\/\/noviasespana.com\/noviasbaleares\/wp-json\/wp\/v2\/comments?post=3208"}],"version-history":[{"count":0,"href":"http:\/\/noviasespana.com\/noviasbaleares\/wp-json\/wp\/v2\/posts\/3208\/revisions"}],"wp:attachment":[{"href":"http:\/\/noviasespana.com\/noviasbaleares\/wp-json\/wp\/v2\/media?parent=3208"}],"wp:term":[{"taxonomy":"category","embeddable":true,"href":"http:\/\/noviasespana.com\/noviasbaleares\/wp-json\/wp\/v2\/categories?post=3208"},{"taxonomy":"post_tag","embeddable":true,"href":"http:\/\/noviasespana.com\/noviasbaleares\/wp-json\/wp\/v2\/tags?post=3208"}],"curies":[{"name":"wp","href":"https:\/\/api.w.org\/{rel}","templated":true}]}}