{"id":3204,"date":"2011-06-01T09:00:10","date_gmt":"2011-06-01T07:00:10","guid":{"rendered":"http:\/\/www.diariodeunanovia.com\/blog\/?p=3204"},"modified":"2011-06-01T09:00:10","modified_gmt":"2011-06-01T07:00:10","slug":"tratamiento-de-keratina","status":"publish","type":"post","link":"http:\/\/noviasespana.com\/noviasbaleares\/tratamiento-de-keratina\/","title":{"rendered":"Tratamiento de keratina"},"content":{"rendered":"<p>Queridas novias!! Si tu pelo tiene problemas, est\u00e1 algo desnutrido o encrespado,\u00a0\u00a1\u00a0no lo dudes!, el tratamiento de keratina es lo que necesitas.\u00a0Seguro que has o\u00eddo hablar de \u00e9l, las famosas de todo el mundo lo han puesto de moda, y es que este sistema \u00a0revolucionario es la soluci\u00f3n para todos los problemas del cabello. Es el tratamiento de moda y tiene su origen en Brasil por lo que tambi\u00e9n es conocido como \u201calisado brasile\u00f1o\u201d.\u00a0 <strong>Se trata de una reparaci\u00f3n completa del cabello, y ofrece resultados espectacularesDevuelve la salud al pelo estropeado y elimina el encrespamiento. Dura 3 \u00f3 4 meses, aproximadamente y cuesta alrededor de 230 euros<\/strong>, pero \u00bfen qu\u00e9 consiste?. La keratina es una prote\u00edna del pelo, que con los a\u00f1os se va perdiendo y con ella el brillo y la vitalidad del cabello. Mediante este tratamiento el pelo se nutre y se recupera. Es un proceso sencillo que consiste en lavar el pelo con un champ\u00fa sin sodios ni sulfatos, que abre la cut\u00edcula del pelo para que penetre la keratina. Despu\u00e9s, se aplica el producto, mech\u00f3n a mech\u00f3n, se seca el cabello con el secador y por \u00faltimo, se pasa la plancha para sellar de nuevo toda la cut\u00edcula. Es recomendable no lavarse el pelo durante los d\u00edas posteriores al tratamiento y despu\u00e9s, es aconsejan usar un champ\u00fa espec\u00edfico que prolongue el tratamiento. Tambi\u00e9n es conveniente que de vez en cuando selles tu pelo con las planchas ya que el calor potencia el efecto de la keratina. \u00bfQu\u00e9 te parece, te apuntas a la keratina para tu pelo?<\/p>\n","protected":false},"excerpt":{"rendered":"<p>Queridas novias!! Si tu pelo tiene problemas, est\u00e1 algo desnutrido o encrespado,\u00a0\u00a1\u00a0no lo dudes!, el tratamiento de keratina es lo que necesitas.\u00a0Seguro que has o\u00eddo hablar de \u00e9l, las famosas de todo el mundo lo han puesto de moda, y es que este sistema \u00a0revolucionario es la soluci\u00f3n para todos los problemas del cabello. Es [&hellip;]<\/p>\n","protected":false},"author":2,"featured_media":0,"comment_status":"open","ping_status":"open","sticky":false,"template":"","format":"standard","meta":{"jetpack_post_was_ever_published":false,"_jetpack_newsletter_access":"","_jetpack_dont_email_post_to_subs":false,"_jetpack_newsletter_tier_id":0,"_jetpack_memberships_contains_paywalled_content":false,"_jetpack_memberships_contains_paid_content":false,"footnotes":""},"categories":[1],"tags":[],"class_list":["post-3204","post","type-post","status-publish","format-standard","hentry","category-novias"],"yoast_head":"<!-- This site is optimized with the Yoast SEO plugin v27.5 - https:\/\/yoast.com\/product\/yoast-seo-wordpress\/ -->\n<title>Tratamiento de keratina - Novias Baleares<\/title>\n<meta name=\"robots\" content=\"index, follow, max-snippet:-1, max-image-preview:large, max-video-preview:-1\" \/>\n<link rel=\"canonical\" href=\"http:\/\/noviasespana.com\/noviasbaleares\/tratamiento-de-keratina\/\" \/>\n<meta property=\"og:locale\" content=\"es_ES\" \/>\n<meta property=\"og:type\" content=\"article\" \/>\n<meta property=\"og:title\" content=\"Tratamiento de keratina - Novias Baleares\" \/>\n<meta property=\"og:description\" content=\"Queridas novias!! Si tu pelo tiene problemas, est\u00e1 algo desnutrido o encrespado,\u00a0\u00a1\u00a0no lo dudes!, el tratamiento de keratina es lo que necesitas.\u00a0Seguro que has o\u00eddo hablar de \u00e9l, las famosas de todo el mundo lo han puesto de moda, y es que este sistema \u00a0revolucionario es la soluci\u00f3n para todos los problemas del cabello. Es [&hellip;]\" \/>\n<meta property=\"og:url\" content=\"http:\/\/noviasespana.com\/noviasbaleares\/tratamiento-de-keratina\/\" \/>\n<meta property=\"og:site_name\" content=\"Novias Baleares\" \/>\n<meta property=\"article:published_time\" content=\"2011-06-01T07:00:10+00:00\" \/>\n<meta name=\"author\" content=\"admin\" \/>\n<meta name=\"twitter:label1\" content=\"Escrito por\" \/>\n\t<meta name=\"twitter:data1\" content=\"admin\" \/>\n\t<meta name=\"twitter:label2\" content=\"Tiempo de lectura\" \/>\n\t<meta name=\"twitter:data2\" content=\"1 minuto\" \/>\n<script type=\"application\/ld+json\" class=\"yoast-schema-graph\">{\"@context\":\"https:\\\/\\\/schema.org\",\"@graph\":[{\"@type\":\"Article\",\"@id\":\"http:\\\/\\\/noviasespana.com\\\/noviasbaleares\\\/tratamiento-de-keratina\\\/#article\",\"isPartOf\":{\"@id\":\"http:\\\/\\\/noviasespana.com\\\/noviasbaleares\\\/tratamiento-de-keratina\\\/\"},\"author\":{\"name\":\"admin\",\"@id\":\"http:\\\/\\\/noviasespana.com\\\/noviasbaleares\\\/#\\\/schema\\\/person\\\/82ff6e303fad28e4da623aa4d27969ed\"},\"headline\":\"Tratamiento de keratina\",\"datePublished\":\"2011-06-01T07:00:10+00:00\",\"mainEntityOfPage\":{\"@id\":\"http:\\\/\\\/noviasespana.com\\\/noviasbaleares\\\/tratamiento-de-keratina\\\/\"},\"wordCount\":278,\"commentCount\":0,\"articleSection\":[\"novias\"],\"inLanguage\":\"es\",\"potentialAction\":[{\"@type\":\"CommentAction\",\"name\":\"Comment\",\"target\":[\"http:\\\/\\\/noviasespana.com\\\/noviasbaleares\\\/tratamiento-de-keratina\\\/#respond\"]}]},{\"@type\":\"WebPage\",\"@id\":\"http:\\\/\\\/noviasespana.com\\\/noviasbaleares\\\/tratamiento-de-keratina\\\/\",\"url\":\"http:\\\/\\\/noviasespana.com\\\/noviasbaleares\\\/tratamiento-de-keratina\\\/\",\"name\":\"Tratamiento de keratina - Novias Baleares\",\"isPartOf\":{\"@id\":\"http:\\\/\\\/noviasespana.com\\\/noviasbaleares\\\/#website\"},\"datePublished\":\"2011-06-01T07:00:10+00:00\",\"author\":{\"@id\":\"http:\\\/\\\/noviasespana.com\\\/noviasbaleares\\\/#\\\/schema\\\/person\\\/82ff6e303fad28e4da623aa4d27969ed\"},\"breadcrumb\":{\"@id\":\"http:\\\/\\\/noviasespana.com\\\/noviasbaleares\\\/tratamiento-de-keratina\\\/#breadcrumb\"},\"inLanguage\":\"es\",\"potentialAction\":[{\"@type\":\"ReadAction\",\"target\":[\"http:\\\/\\\/noviasespana.com\\\/noviasbaleares\\\/tratamiento-de-keratina\\\/\"]}]},{\"@type\":\"BreadcrumbList\",\"@id\":\"http:\\\/\\\/noviasespana.com\\\/noviasbaleares\\\/tratamiento-de-keratina\\\/#breadcrumb\",\"itemListElement\":[{\"@type\":\"ListItem\",\"position\":1,\"name\":\"Portada\",\"item\":\"http:\\\/\\\/noviasespana.com\\\/noviasbaleares\\\/\"},{\"@type\":\"ListItem\",\"position\":2,\"name\":\"Tratamiento de keratina\"}]},{\"@type\":\"WebSite\",\"@id\":\"http:\\\/\\\/noviasespana.com\\\/noviasbaleares\\\/#website\",\"url\":\"http:\\\/\\\/noviasespana.com\\\/noviasbaleares\\\/\",\"name\":\"Novias Baleares\",\"description\":\"Revista de novias\",\"potentialAction\":[{\"@type\":\"SearchAction\",\"target\":{\"@type\":\"EntryPoint\",\"urlTemplate\":\"http:\\\/\\\/noviasespana.com\\\/noviasbaleares\\\/?s={search_term_string}\"},\"query-input\":{\"@type\":\"PropertyValueSpecification\",\"valueRequired\":true,\"valueName\":\"search_term_string\"}}],\"inLanguage\":\"es\"},{\"@type\":\"Person\",\"@id\":\"http:\\\/\\\/noviasespana.com\\\/noviasbaleares\\\/#\\\/schema\\\/person\\\/82ff6e303fad28e4da623aa4d27969ed\",\"name\":\"admin\",\"image\":{\"@type\":\"ImageObject\",\"inLanguage\":\"es\",\"@id\":\"https:\\\/\\\/secure.gravatar.com\\\/avatar\\\/0f45231fddfb43fcbd0cdde4582a3580baf474d75fca7d494b42ff86847de871?s=96&d=mm&r=g\",\"url\":\"https:\\\/\\\/secure.gravatar.com\\\/avatar\\\/0f45231fddfb43fcbd0cdde4582a3580baf474d75fca7d494b42ff86847de871?s=96&d=mm&r=g\",\"contentUrl\":\"https:\\\/\\\/secure.gravatar.com\\\/avatar\\\/0f45231fddfb43fcbd0cdde4582a3580baf474d75fca7d494b42ff86847de871?s=96&d=mm&r=g\",\"caption\":\"admin\"},\"url\":\"http:\\\/\\\/noviasespana.com\\\/noviasbaleares\\\/author\\\/admin\\\/\"}]}<\/script>\n<!-- \/ Yoast SEO plugin. -->","yoast_head_json":{"title":"Tratamiento de keratina - Novias Baleares","robots":{"index":"index","follow":"follow","max-snippet":"max-snippet:-1","max-image-preview":"max-image-preview:large","max-video-preview":"max-video-preview:-1"},"canonical":"http:\/\/noviasespana.com\/noviasbaleares\/tratamiento-de-keratina\/","og_locale":"es_ES","og_type":"article","og_title":"Tratamiento de keratina - Novias Baleares","og_description":"Queridas novias!! Si tu pelo tiene problemas, est\u00e1 algo desnutrido o encrespado,\u00a0\u00a1\u00a0no lo dudes!, el tratamiento de keratina es lo que necesitas.\u00a0Seguro que has o\u00eddo hablar de \u00e9l, las famosas de todo el mundo lo han puesto de moda, y es que este sistema \u00a0revolucionario es la soluci\u00f3n para todos los problemas del cabello. Es [&hellip;]","og_url":"http:\/\/noviasespana.com\/noviasbaleares\/tratamiento-de-keratina\/","og_site_name":"Novias Baleares","article_published_time":"2011-06-01T07:00:10+00:00","author":"admin","twitter_misc":{"Escrito por":"admin","Tiempo de lectura":"1 minuto"},"schema":{"@context":"https:\/\/schema.org","@graph":[{"@type":"Article","@id":"http:\/\/noviasespana.com\/noviasbaleares\/tratamiento-de-keratina\/#article","isPartOf":{"@id":"http:\/\/noviasespana.com\/noviasbaleares\/tratamiento-de-keratina\/"},"author":{"name":"admin","@id":"http:\/\/noviasespana.com\/noviasbaleares\/#\/schema\/person\/82ff6e303fad28e4da623aa4d27969ed"},"headline":"Tratamiento de keratina","datePublished":"2011-06-01T07:00:10+00:00","mainEntityOfPage":{"@id":"http:\/\/noviasespana.com\/noviasbaleares\/tratamiento-de-keratina\/"},"wordCount":278,"commentCount":0,"articleSection":["novias"],"inLanguage":"es","potentialAction":[{"@type":"CommentAction","name":"Comment","target":["http:\/\/noviasespana.com\/noviasbaleares\/tratamiento-de-keratina\/#respond"]}]},{"@type":"WebPage","@id":"http:\/\/noviasespana.com\/noviasbaleares\/tratamiento-de-keratina\/","url":"http:\/\/noviasespana.com\/noviasbaleares\/tratamiento-de-keratina\/","name":"Tratamiento de keratina - Novias Baleares","isPartOf":{"@id":"http:\/\/noviasespana.com\/noviasbaleares\/#website"},"datePublished":"2011-06-01T07:00:10+00:00","author":{"@id":"http:\/\/noviasespana.com\/noviasbaleares\/#\/schema\/person\/82ff6e303fad28e4da623aa4d27969ed"},"breadcrumb":{"@id":"http:\/\/noviasespana.com\/noviasbaleares\/tratamiento-de-keratina\/#breadcrumb"},"inLanguage":"es","potentialAction":[{"@type":"ReadAction","target":["http:\/\/noviasespana.com\/noviasbaleares\/tratamiento-de-keratina\/"]}]},{"@type":"BreadcrumbList","@id":"http:\/\/noviasespana.com\/noviasbaleares\/tratamiento-de-keratina\/#breadcrumb","itemListElement":[{"@type":"ListItem","position":1,"name":"Portada","item":"http:\/\/noviasespana.com\/noviasbaleares\/"},{"@type":"ListItem","position":2,"name":"Tratamiento de keratina"}]},{"@type":"WebSite","@id":"http:\/\/noviasespana.com\/noviasbaleares\/#website","url":"http:\/\/noviasespana.com\/noviasbaleares\/","name":"Novias Baleares","description":"Revista de novias","potentialAction":[{"@type":"SearchAction","target":{"@type":"EntryPoint","urlTemplate":"http:\/\/noviasespana.com\/noviasbaleares\/?s={search_term_string}"},"query-input":{"@type":"PropertyValueSpecification","valueRequired":true,"valueName":"search_term_string"}}],"inLanguage":"es"},{"@type":"Person","@id":"http:\/\/noviasespana.com\/noviasbaleares\/#\/schema\/person\/82ff6e303fad28e4da623aa4d27969ed","name":"admin","image":{"@type":"ImageObject","inLanguage":"es","@id":"https:\/\/secure.gravatar.com\/avatar\/0f45231fddfb43fcbd0cdde4582a3580baf474d75fca7d494b42ff86847de871?s=96&d=mm&r=g","url":"https:\/\/secure.gravatar.com\/avatar\/0f45231fddfb43fcbd0cdde4582a3580baf474d75fca7d494b42ff86847de871?s=96&d=mm&r=g","contentUrl":"https:\/\/secure.gravatar.com\/avatar\/0f45231fddfb43fcbd0cdde4582a3580baf474d75fca7d494b42ff86847de871?s=96&d=mm&r=g","caption":"admin"},"url":"http:\/\/noviasespana.com\/noviasbaleares\/author\/admin\/"}]}},"jetpack_featured_media_url":"","jetpack_sharing_enabled":true,"jetpack_shortlink":"https:\/\/wp.me\/p5Hg6P-PG","jetpack_likes_enabled":true,"_links":{"self":[{"href":"http:\/\/noviasespana.com\/noviasbaleares\/wp-json\/wp\/v2\/posts\/3204","targetHints":{"allow":["GET"]}}],"collection":[{"href":"http:\/\/noviasespana.com\/noviasbaleares\/wp-json\/wp\/v2\/posts"}],"about":[{"href":"http:\/\/noviasespana.com\/noviasbaleares\/wp-json\/wp\/v2\/types\/post"}],"author":[{"embeddable":true,"href":"http:\/\/noviasespana.com\/noviasbaleares\/wp-json\/wp\/v2\/users\/2"}],"replies":[{"embeddable":true,"href":"http:\/\/noviasespana.com\/noviasbaleares\/wp-json\/wp\/v2\/comments?post=3204"}],"version-history":[{"count":0,"href":"http:\/\/noviasespana.com\/noviasbaleares\/wp-json\/wp\/v2\/posts\/3204\/revisions"}],"wp:attachment":[{"href":"http:\/\/noviasespana.com\/noviasbaleares\/wp-json\/wp\/v2\/media?parent=3204"}],"wp:term":[{"taxonomy":"category","embeddable":true,"href":"http:\/\/noviasespana.com\/noviasbaleares\/wp-json\/wp\/v2\/categories?post=3204"},{"taxonomy":"post_tag","embeddable":true,"href":"http:\/\/noviasespana.com\/noviasbaleares\/wp-json\/wp\/v2\/tags?post=3204"}],"curies":[{"name":"wp","href":"https:\/\/api.w.org\/{rel}","templated":true}]}}