{"id":3193,"date":"2011-05-27T09:01:07","date_gmt":"2011-05-27T07:01:07","guid":{"rendered":"http:\/\/www.diariodeunanovia.com\/blog\/?p=3193"},"modified":"2011-05-27T09:01:07","modified_gmt":"2011-05-27T07:01:07","slug":"las-bodas-con-estilo-andaluz-de-las-hemanas-peralta","status":"publish","type":"post","link":"http:\/\/noviasespana.com\/noviasbaleares\/las-bodas-con-estilo-andaluz-de-las-hemanas-peralta\/","title":{"rendered":"Las bodas con estilo andaluz de las hemanas Peralta"},"content":{"rendered":"<p>Queridas novias!! Estamos en plena temporada de bodas y entre las que m\u00e1s me han gustado \u00faltimamente destaca, por encima de todas, la de\u00a0 <strong><a href=\"http:\/\/1.bp.blogspot.com\/-tzwApchFJDk\/Td1_6BVOkYI\/AAAAAAAAB4g\/nkA3-wguCfM\/s1600\/mercedes+peralta+y+juan.jpg\" target=\"_blank\">Mercedes Peralta<\/a><\/strong>. Su <strong><a href=\"http:\/\/4.bp.blogspot.com\/-39DtW-uFyjc\/Td2B-O8ahGI\/AAAAAAAAB4k\/seu4ZWSb-JA\/s1600\/mercedes+peralta.jpg\" target=\"_blank\">vestido<\/a><\/strong>, un dise\u00f1o de <strong>Roberto Diaz<\/strong>, me tiene enamorada. Se trata de <strong>un sorprendente traje de novia confeccionado en \u00a0noventa y siete metros de tul de seda natural. Lo m\u00e1s\u00a0 original es su cuerpo camisero, y lo m\u00e1s espectacular el delicado cintur\u00f3n de metal y cristal con motivos florales que adorna el vestido. La falda de m\u00faltiples capas esta bordada en degrad\u00e9 con lib\u00e9lulas de cristal, una maravilla<\/strong>. Sorprende la idea de un traje de novia dos piezas. Otro detalle muy favorecedor es el<a href=\"http:\/\/2.bp.blogspot.com\/-C2-nMcQfo2Y\/Td2D8-KRGtI\/AAAAAAAAB4o\/EsvQCyMqeIA\/s1600\/peinado+novia.jpg\" target=\"_blank\"> sencillo peinado<\/a>, adornado por un <a href=\"http:\/\/www.diariodeunanovia.com\/blog\/?p=3190\" target=\"_blank\">tocado joya <\/a>estilo vintage, un broche en forma de hojas. Como complementos un delicado velo de tul. El sabor andaluz, la boda se celebr\u00f3 en Sevilla y adem\u00e1s la novia es hija de un famoso rejoneador, lo puso el <a href=\"http:\/\/2.bp.blogspot.com\/-l9dWBHfggVg\/Td2EPzhAKII\/AAAAAAAAB4s\/wwwbqm4rLLs\/s1600\/mercedes+peralta+y+%2560pajes.jpg\" target=\"_blank\">cortejo de ni\u00f1os<\/a>, las damitas vest\u00edan un simp\u00e1tico vestido de flamenca y los ni\u00f1os el t\u00edpico traje corto con sombrero de ala ancha. Los novios se trasladaron al rancho El Roc\u00edo en \u00a0coche de caballos, y la fiesta se decor\u00f3 con casetas como si de la feria de abril se tratara. <!--more-->Roberto Diez tambi\u00e9n visti\u00f3 de novia a <strong><a href=\"http:\/\/3.bp.blogspot.com\/--ErBNXJf-ik\/Td2U5eekQtI\/AAAAAAAAB44\/559ZFoTKZNg\/s1600\/lola+peralta.jpg\" target=\"_blank\">Lola Peralta<\/a><\/strong>, la gemela de Mercedes y su vestido fue igualmente de ensue\u00f1o. Por cierto la hermana mayor <strong><a href=\"http:\/\/2.bp.blogspot.com\/_LnBbBh51M2k\/TLWS9rJ7ZLI\/AAAAAAAAD-c\/D_JIKvlhGgo\/s1600\/boda-4-a%5B1%5D.jpg\" target=\"_blank\">Rocio Peralta<\/a><\/strong>, que contrajo matrimonio en septiembre de 2007 puso el list\u00f3n muy alto ya que luci\u00f3 un dise\u00f1o de aire rom\u00e1ntico de <a href=\"http:\/\/www.diariodeunanovia.com\/blog\/?p=3092\" target=\"_blank\"><strong>Miguel Palacio<\/strong> <\/a>con un \u00a0lazo de paillettes en plata vieja que rodeaba su cintura y cadera, un vestido maravilloso. \u00bfcon qu\u00e9 vestido de las hermanas Peralta te quedas?<\/p>\n<p>Fuente: hola.com<\/p>\n","protected":false},"excerpt":{"rendered":"<p>Queridas novias!! Estamos en plena temporada de bodas y entre las que m\u00e1s me han gustado \u00faltimamente destaca, por encima de todas, la de\u00a0 Mercedes Peralta. Su vestido, un dise\u00f1o de Roberto Diaz, me tiene enamorada. Se trata de un sorprendente traje de novia confeccionado en \u00a0noventa y siete metros de tul de seda natural. [&hellip;]<\/p>\n","protected":false},"author":2,"featured_media":0,"comment_status":"open","ping_status":"open","sticky":false,"template":"","format":"standard","meta":{"jetpack_post_was_ever_published":false,"_jetpack_newsletter_access":"","_jetpack_dont_email_post_to_subs":false,"_jetpack_newsletter_tier_id":0,"_jetpack_memberships_contains_paywalled_content":false,"_jetpack_memberships_contains_paid_content":false,"footnotes":""},"categories":[1],"tags":[],"class_list":["post-3193","post","type-post","status-publish","format-standard","hentry","category-novias"],"yoast_head":"<!-- This site is optimized with the Yoast SEO plugin v27.5 - https:\/\/yoast.com\/product\/yoast-seo-wordpress\/ -->\n<title>Las bodas con estilo andaluz de las hemanas Peralta - Novias Baleares<\/title>\n<meta name=\"robots\" content=\"index, follow, max-snippet:-1, max-image-preview:large, max-video-preview:-1\" \/>\n<link rel=\"canonical\" href=\"http:\/\/noviasespana.com\/noviasbaleares\/las-bodas-con-estilo-andaluz-de-las-hemanas-peralta\/\" \/>\n<meta property=\"og:locale\" content=\"es_ES\" \/>\n<meta property=\"og:type\" content=\"article\" \/>\n<meta property=\"og:title\" content=\"Las bodas con estilo andaluz de las hemanas Peralta - Novias Baleares\" \/>\n<meta property=\"og:description\" content=\"Queridas novias!! Estamos en plena temporada de bodas y entre las que m\u00e1s me han gustado \u00faltimamente destaca, por encima de todas, la de\u00a0 Mercedes Peralta. Su vestido, un dise\u00f1o de Roberto Diaz, me tiene enamorada. Se trata de un sorprendente traje de novia confeccionado en \u00a0noventa y siete metros de tul de seda natural. [&hellip;]\" \/>\n<meta property=\"og:url\" content=\"http:\/\/noviasespana.com\/noviasbaleares\/las-bodas-con-estilo-andaluz-de-las-hemanas-peralta\/\" \/>\n<meta property=\"og:site_name\" content=\"Novias Baleares\" \/>\n<meta property=\"article:published_time\" content=\"2011-05-27T07:01:07+00:00\" \/>\n<meta name=\"author\" content=\"admin\" \/>\n<meta name=\"twitter:label1\" content=\"Escrito por\" \/>\n\t<meta name=\"twitter:data1\" content=\"admin\" \/>\n\t<meta name=\"twitter:label2\" content=\"Tiempo de lectura\" \/>\n\t<meta name=\"twitter:data2\" content=\"2 minutos\" \/>\n<script type=\"application\/ld+json\" class=\"yoast-schema-graph\">{\"@context\":\"https:\\\/\\\/schema.org\",\"@graph\":[{\"@type\":\"Article\",\"@id\":\"http:\\\/\\\/noviasespana.com\\\/noviasbaleares\\\/las-bodas-con-estilo-andaluz-de-las-hemanas-peralta\\\/#article\",\"isPartOf\":{\"@id\":\"http:\\\/\\\/noviasespana.com\\\/noviasbaleares\\\/las-bodas-con-estilo-andaluz-de-las-hemanas-peralta\\\/\"},\"author\":{\"name\":\"admin\",\"@id\":\"http:\\\/\\\/noviasespana.com\\\/noviasbaleares\\\/#\\\/schema\\\/person\\\/82ff6e303fad28e4da623aa4d27969ed\"},\"headline\":\"Las bodas con estilo andaluz de las hemanas Peralta\",\"datePublished\":\"2011-05-27T07:01:07+00:00\",\"mainEntityOfPage\":{\"@id\":\"http:\\\/\\\/noviasespana.com\\\/noviasbaleares\\\/las-bodas-con-estilo-andaluz-de-las-hemanas-peralta\\\/\"},\"wordCount\":312,\"commentCount\":0,\"articleSection\":[\"novias\"],\"inLanguage\":\"es\",\"potentialAction\":[{\"@type\":\"CommentAction\",\"name\":\"Comment\",\"target\":[\"http:\\\/\\\/noviasespana.com\\\/noviasbaleares\\\/las-bodas-con-estilo-andaluz-de-las-hemanas-peralta\\\/#respond\"]}]},{\"@type\":\"WebPage\",\"@id\":\"http:\\\/\\\/noviasespana.com\\\/noviasbaleares\\\/las-bodas-con-estilo-andaluz-de-las-hemanas-peralta\\\/\",\"url\":\"http:\\\/\\\/noviasespana.com\\\/noviasbaleares\\\/las-bodas-con-estilo-andaluz-de-las-hemanas-peralta\\\/\",\"name\":\"Las bodas con estilo andaluz de las hemanas Peralta - Novias Baleares\",\"isPartOf\":{\"@id\":\"http:\\\/\\\/noviasespana.com\\\/noviasbaleares\\\/#website\"},\"datePublished\":\"2011-05-27T07:01:07+00:00\",\"author\":{\"@id\":\"http:\\\/\\\/noviasespana.com\\\/noviasbaleares\\\/#\\\/schema\\\/person\\\/82ff6e303fad28e4da623aa4d27969ed\"},\"breadcrumb\":{\"@id\":\"http:\\\/\\\/noviasespana.com\\\/noviasbaleares\\\/las-bodas-con-estilo-andaluz-de-las-hemanas-peralta\\\/#breadcrumb\"},\"inLanguage\":\"es\",\"potentialAction\":[{\"@type\":\"ReadAction\",\"target\":[\"http:\\\/\\\/noviasespana.com\\\/noviasbaleares\\\/las-bodas-con-estilo-andaluz-de-las-hemanas-peralta\\\/\"]}]},{\"@type\":\"BreadcrumbList\",\"@id\":\"http:\\\/\\\/noviasespana.com\\\/noviasbaleares\\\/las-bodas-con-estilo-andaluz-de-las-hemanas-peralta\\\/#breadcrumb\",\"itemListElement\":[{\"@type\":\"ListItem\",\"position\":1,\"name\":\"Portada\",\"item\":\"http:\\\/\\\/noviasespana.com\\\/noviasbaleares\\\/\"},{\"@type\":\"ListItem\",\"position\":2,\"name\":\"Las bodas con estilo andaluz de las hemanas Peralta\"}]},{\"@type\":\"WebSite\",\"@id\":\"http:\\\/\\\/noviasespana.com\\\/noviasbaleares\\\/#website\",\"url\":\"http:\\\/\\\/noviasespana.com\\\/noviasbaleares\\\/\",\"name\":\"Novias Baleares\",\"description\":\"Revista de novias\",\"potentialAction\":[{\"@type\":\"SearchAction\",\"target\":{\"@type\":\"EntryPoint\",\"urlTemplate\":\"http:\\\/\\\/noviasespana.com\\\/noviasbaleares\\\/?s={search_term_string}\"},\"query-input\":{\"@type\":\"PropertyValueSpecification\",\"valueRequired\":true,\"valueName\":\"search_term_string\"}}],\"inLanguage\":\"es\"},{\"@type\":\"Person\",\"@id\":\"http:\\\/\\\/noviasespana.com\\\/noviasbaleares\\\/#\\\/schema\\\/person\\\/82ff6e303fad28e4da623aa4d27969ed\",\"name\":\"admin\",\"image\":{\"@type\":\"ImageObject\",\"inLanguage\":\"es\",\"@id\":\"https:\\\/\\\/secure.gravatar.com\\\/avatar\\\/0f45231fddfb43fcbd0cdde4582a3580baf474d75fca7d494b42ff86847de871?s=96&d=mm&r=g\",\"url\":\"https:\\\/\\\/secure.gravatar.com\\\/avatar\\\/0f45231fddfb43fcbd0cdde4582a3580baf474d75fca7d494b42ff86847de871?s=96&d=mm&r=g\",\"contentUrl\":\"https:\\\/\\\/secure.gravatar.com\\\/avatar\\\/0f45231fddfb43fcbd0cdde4582a3580baf474d75fca7d494b42ff86847de871?s=96&d=mm&r=g\",\"caption\":\"admin\"},\"url\":\"http:\\\/\\\/noviasespana.com\\\/noviasbaleares\\\/author\\\/admin\\\/\"}]}<\/script>\n<!-- \/ Yoast SEO plugin. -->","yoast_head_json":{"title":"Las bodas con estilo andaluz de las hemanas Peralta - Novias Baleares","robots":{"index":"index","follow":"follow","max-snippet":"max-snippet:-1","max-image-preview":"max-image-preview:large","max-video-preview":"max-video-preview:-1"},"canonical":"http:\/\/noviasespana.com\/noviasbaleares\/las-bodas-con-estilo-andaluz-de-las-hemanas-peralta\/","og_locale":"es_ES","og_type":"article","og_title":"Las bodas con estilo andaluz de las hemanas Peralta - Novias Baleares","og_description":"Queridas novias!! Estamos en plena temporada de bodas y entre las que m\u00e1s me han gustado \u00faltimamente destaca, por encima de todas, la de\u00a0 Mercedes Peralta. Su vestido, un dise\u00f1o de Roberto Diaz, me tiene enamorada. Se trata de un sorprendente traje de novia confeccionado en \u00a0noventa y siete metros de tul de seda natural. [&hellip;]","og_url":"http:\/\/noviasespana.com\/noviasbaleares\/las-bodas-con-estilo-andaluz-de-las-hemanas-peralta\/","og_site_name":"Novias Baleares","article_published_time":"2011-05-27T07:01:07+00:00","author":"admin","twitter_misc":{"Escrito por":"admin","Tiempo de lectura":"2 minutos"},"schema":{"@context":"https:\/\/schema.org","@graph":[{"@type":"Article","@id":"http:\/\/noviasespana.com\/noviasbaleares\/las-bodas-con-estilo-andaluz-de-las-hemanas-peralta\/#article","isPartOf":{"@id":"http:\/\/noviasespana.com\/noviasbaleares\/las-bodas-con-estilo-andaluz-de-las-hemanas-peralta\/"},"author":{"name":"admin","@id":"http:\/\/noviasespana.com\/noviasbaleares\/#\/schema\/person\/82ff6e303fad28e4da623aa4d27969ed"},"headline":"Las bodas con estilo andaluz de las hemanas Peralta","datePublished":"2011-05-27T07:01:07+00:00","mainEntityOfPage":{"@id":"http:\/\/noviasespana.com\/noviasbaleares\/las-bodas-con-estilo-andaluz-de-las-hemanas-peralta\/"},"wordCount":312,"commentCount":0,"articleSection":["novias"],"inLanguage":"es","potentialAction":[{"@type":"CommentAction","name":"Comment","target":["http:\/\/noviasespana.com\/noviasbaleares\/las-bodas-con-estilo-andaluz-de-las-hemanas-peralta\/#respond"]}]},{"@type":"WebPage","@id":"http:\/\/noviasespana.com\/noviasbaleares\/las-bodas-con-estilo-andaluz-de-las-hemanas-peralta\/","url":"http:\/\/noviasespana.com\/noviasbaleares\/las-bodas-con-estilo-andaluz-de-las-hemanas-peralta\/","name":"Las bodas con estilo andaluz de las hemanas Peralta - Novias Baleares","isPartOf":{"@id":"http:\/\/noviasespana.com\/noviasbaleares\/#website"},"datePublished":"2011-05-27T07:01:07+00:00","author":{"@id":"http:\/\/noviasespana.com\/noviasbaleares\/#\/schema\/person\/82ff6e303fad28e4da623aa4d27969ed"},"breadcrumb":{"@id":"http:\/\/noviasespana.com\/noviasbaleares\/las-bodas-con-estilo-andaluz-de-las-hemanas-peralta\/#breadcrumb"},"inLanguage":"es","potentialAction":[{"@type":"ReadAction","target":["http:\/\/noviasespana.com\/noviasbaleares\/las-bodas-con-estilo-andaluz-de-las-hemanas-peralta\/"]}]},{"@type":"BreadcrumbList","@id":"http:\/\/noviasespana.com\/noviasbaleares\/las-bodas-con-estilo-andaluz-de-las-hemanas-peralta\/#breadcrumb","itemListElement":[{"@type":"ListItem","position":1,"name":"Portada","item":"http:\/\/noviasespana.com\/noviasbaleares\/"},{"@type":"ListItem","position":2,"name":"Las bodas con estilo andaluz de las hemanas Peralta"}]},{"@type":"WebSite","@id":"http:\/\/noviasespana.com\/noviasbaleares\/#website","url":"http:\/\/noviasespana.com\/noviasbaleares\/","name":"Novias Baleares","description":"Revista de novias","potentialAction":[{"@type":"SearchAction","target":{"@type":"EntryPoint","urlTemplate":"http:\/\/noviasespana.com\/noviasbaleares\/?s={search_term_string}"},"query-input":{"@type":"PropertyValueSpecification","valueRequired":true,"valueName":"search_term_string"}}],"inLanguage":"es"},{"@type":"Person","@id":"http:\/\/noviasespana.com\/noviasbaleares\/#\/schema\/person\/82ff6e303fad28e4da623aa4d27969ed","name":"admin","image":{"@type":"ImageObject","inLanguage":"es","@id":"https:\/\/secure.gravatar.com\/avatar\/0f45231fddfb43fcbd0cdde4582a3580baf474d75fca7d494b42ff86847de871?s=96&d=mm&r=g","url":"https:\/\/secure.gravatar.com\/avatar\/0f45231fddfb43fcbd0cdde4582a3580baf474d75fca7d494b42ff86847de871?s=96&d=mm&r=g","contentUrl":"https:\/\/secure.gravatar.com\/avatar\/0f45231fddfb43fcbd0cdde4582a3580baf474d75fca7d494b42ff86847de871?s=96&d=mm&r=g","caption":"admin"},"url":"http:\/\/noviasespana.com\/noviasbaleares\/author\/admin\/"}]}},"jetpack_featured_media_url":"","jetpack_sharing_enabled":true,"jetpack_shortlink":"https:\/\/wp.me\/p5Hg6P-Pv","jetpack_likes_enabled":true,"_links":{"self":[{"href":"http:\/\/noviasespana.com\/noviasbaleares\/wp-json\/wp\/v2\/posts\/3193","targetHints":{"allow":["GET"]}}],"collection":[{"href":"http:\/\/noviasespana.com\/noviasbaleares\/wp-json\/wp\/v2\/posts"}],"about":[{"href":"http:\/\/noviasespana.com\/noviasbaleares\/wp-json\/wp\/v2\/types\/post"}],"author":[{"embeddable":true,"href":"http:\/\/noviasespana.com\/noviasbaleares\/wp-json\/wp\/v2\/users\/2"}],"replies":[{"embeddable":true,"href":"http:\/\/noviasespana.com\/noviasbaleares\/wp-json\/wp\/v2\/comments?post=3193"}],"version-history":[{"count":0,"href":"http:\/\/noviasespana.com\/noviasbaleares\/wp-json\/wp\/v2\/posts\/3193\/revisions"}],"wp:attachment":[{"href":"http:\/\/noviasespana.com\/noviasbaleares\/wp-json\/wp\/v2\/media?parent=3193"}],"wp:term":[{"taxonomy":"category","embeddable":true,"href":"http:\/\/noviasespana.com\/noviasbaleares\/wp-json\/wp\/v2\/categories?post=3193"},{"taxonomy":"post_tag","embeddable":true,"href":"http:\/\/noviasespana.com\/noviasbaleares\/wp-json\/wp\/v2\/tags?post=3193"}],"curies":[{"name":"wp","href":"https:\/\/api.w.org\/{rel}","templated":true}]}}