{"id":3184,"date":"2011-05-24T09:00:42","date_gmt":"2011-05-24T07:00:42","guid":{"rendered":"http:\/\/www.diariodeunanovia.com\/blog\/?p=3184"},"modified":"2011-05-24T09:00:42","modified_gmt":"2011-05-24T07:00:42","slug":"los-vestidos-de-novia-de-chus-basaldua-en-el-museo-del-traje","status":"publish","type":"post","link":"http:\/\/noviasespana.com\/noviasbaleares\/los-vestidos-de-novia-de-chus-basaldua-en-el-museo-del-traje\/","title":{"rendered":"Los vestidos de novia de Chus Basald\u00faa en el Museo del Traje"},"content":{"rendered":"<p>Queridas novias!! Si quer\u00e9is inspiraci\u00f3n para vuestro vestido de novia, <strong>os recomiendo pasaros por el Museo del Traje de Madrid<\/strong>. Desde el \u00a013 de mayo y hasta el 4 de septiembre podemos disfrutar de la magia de los trajes de <a href=\"http:\/\/www.basaldua.es\/imagenes.php\" target=\"_blank\">Chus Basald\u00faa<\/a>. Sus casi 40 a\u00f1os dedicados a vestir a las mujeres el d\u00eda de su boda se merec\u00edan un reconocimiento como el que le dedica el Museo del Traje: <strong>\u00abBasal\u00faa: el traje de novia\u00bb<\/strong>. Una retrospectiva que recorre la historia de una de las dise\u00f1adoras que m\u00e1s ha influido en la moda nupcial de los \u00faltimos a\u00f1os y que narra la trayectoria de esta firma. Desde <strong>1971, el taller de Basald\u00faa ha producido algunos de los vestidos m\u00e1s emblem\u00e1ticos de la historia del traje de novia moderno<\/strong>. La exposici\u00f3n recorre la trayectoria de Chus Basald\u00faa a trav\u00e9s de vestidos, bocetos, fotograf\u00edas y tejidos. Adem\u00e1s, <strong>se exhiben piezas de su \u00faltima colecci\u00f3n<\/strong>, trajes aparentemente sencillos, de delicados tejidos que visten a novias espectaculares y et\u00e9reas, llenas de luz que impactan por su elegancia.<!--more-->\u00a0<strong>Como colof\u00f3n se han seleccionado veinticuatro de sus vestidos m\u00e1s representativos, entre los que vistieran en el d\u00eda de sus bodas Paloma Cuevas, Mar\u00eda Garc\u00eda de la Rasilla, Miriam Ungr\u00eda o la princesa Nora de Liechtenstein<\/strong>. Creaciones \u00fanicas que<strong> <\/strong>seg\u00fan su autora, mezclan las tendencias del momento con la personalidad de cada protagonista. <strong>La muestra se completa con complementos diversos como mantillas, tejidos, diademas, tocados y peinas de los siglos XIX y XX, de la colecci\u00f3n privada de la dise\u00f1adora. Un centenar de objetos que\u00a0explican la trayectoria de esta marca y muestran el exclusivo mundo secreto del atelier de Alta Costura de novias Chus Basald\u00faa<\/strong>.\u00a0\u00a0 Su lema lo dice todo. <em>Un Basald\u00faa. Una vez. Un recuerdo para siempre<\/em>. \u00bfNo os parece un plan genial?<\/p>\n<p>V\u00eda: <a href=\"http:\/\/museodeltraje.mcu.es\/index.jsp?id=625&amp;ruta=3,16,170,624\">museodeltraje.mcu.es<\/a><\/p>\n","protected":false},"excerpt":{"rendered":"<p>Queridas novias!! Si quer\u00e9is inspiraci\u00f3n para vuestro vestido de novia, os recomiendo pasaros por el Museo del Traje de Madrid. Desde el \u00a013 de mayo y hasta el 4 de septiembre podemos disfrutar de la magia de los trajes de Chus Basald\u00faa. Sus casi 40 a\u00f1os dedicados a vestir a las mujeres el d\u00eda de [&hellip;]<\/p>\n","protected":false},"author":2,"featured_media":0,"comment_status":"open","ping_status":"open","sticky":false,"template":"","format":"standard","meta":{"jetpack_post_was_ever_published":false,"_jetpack_newsletter_access":"","_jetpack_dont_email_post_to_subs":false,"_jetpack_newsletter_tier_id":0,"_jetpack_memberships_contains_paywalled_content":false,"_jetpack_memberships_contains_paid_content":false,"footnotes":""},"categories":[1],"tags":[],"class_list":["post-3184","post","type-post","status-publish","format-standard","hentry","category-novias"],"yoast_head":"<!-- This site is optimized with the Yoast SEO plugin v27.5 - https:\/\/yoast.com\/product\/yoast-seo-wordpress\/ -->\n<title>Los vestidos de novia de Chus Basald\u00faa en el Museo del Traje - Novias Baleares<\/title>\n<meta name=\"robots\" content=\"index, follow, max-snippet:-1, max-image-preview:large, max-video-preview:-1\" \/>\n<link rel=\"canonical\" href=\"http:\/\/noviasespana.com\/noviasbaleares\/los-vestidos-de-novia-de-chus-basaldua-en-el-museo-del-traje\/\" \/>\n<meta property=\"og:locale\" content=\"es_ES\" \/>\n<meta property=\"og:type\" content=\"article\" \/>\n<meta property=\"og:title\" content=\"Los vestidos de novia de Chus Basald\u00faa en el Museo del Traje - Novias Baleares\" \/>\n<meta property=\"og:description\" content=\"Queridas novias!! Si quer\u00e9is inspiraci\u00f3n para vuestro vestido de novia, os recomiendo pasaros por el Museo del Traje de Madrid. Desde el \u00a013 de mayo y hasta el 4 de septiembre podemos disfrutar de la magia de los trajes de Chus Basald\u00faa. Sus casi 40 a\u00f1os dedicados a vestir a las mujeres el d\u00eda de [&hellip;]\" \/>\n<meta property=\"og:url\" content=\"http:\/\/noviasespana.com\/noviasbaleares\/los-vestidos-de-novia-de-chus-basaldua-en-el-museo-del-traje\/\" \/>\n<meta property=\"og:site_name\" content=\"Novias Baleares\" \/>\n<meta property=\"article:published_time\" content=\"2011-05-24T07:00:42+00:00\" \/>\n<meta name=\"author\" content=\"admin\" \/>\n<meta name=\"twitter:label1\" content=\"Escrito por\" \/>\n\t<meta name=\"twitter:data1\" content=\"admin\" \/>\n\t<meta name=\"twitter:label2\" content=\"Tiempo de lectura\" \/>\n\t<meta name=\"twitter:data2\" content=\"2 minutos\" \/>\n<script type=\"application\/ld+json\" class=\"yoast-schema-graph\">{\"@context\":\"https:\\\/\\\/schema.org\",\"@graph\":[{\"@type\":\"Article\",\"@id\":\"http:\\\/\\\/noviasespana.com\\\/noviasbaleares\\\/los-vestidos-de-novia-de-chus-basaldua-en-el-museo-del-traje\\\/#article\",\"isPartOf\":{\"@id\":\"http:\\\/\\\/noviasespana.com\\\/noviasbaleares\\\/los-vestidos-de-novia-de-chus-basaldua-en-el-museo-del-traje\\\/\"},\"author\":{\"name\":\"admin\",\"@id\":\"http:\\\/\\\/noviasespana.com\\\/noviasbaleares\\\/#\\\/schema\\\/person\\\/82ff6e303fad28e4da623aa4d27969ed\"},\"headline\":\"Los vestidos de novia de Chus Basald\u00faa en el Museo del Traje\",\"datePublished\":\"2011-05-24T07:00:42+00:00\",\"mainEntityOfPage\":{\"@id\":\"http:\\\/\\\/noviasespana.com\\\/noviasbaleares\\\/los-vestidos-de-novia-de-chus-basaldua-en-el-museo-del-traje\\\/\"},\"wordCount\":343,\"commentCount\":0,\"articleSection\":[\"novias\"],\"inLanguage\":\"es\",\"potentialAction\":[{\"@type\":\"CommentAction\",\"name\":\"Comment\",\"target\":[\"http:\\\/\\\/noviasespana.com\\\/noviasbaleares\\\/los-vestidos-de-novia-de-chus-basaldua-en-el-museo-del-traje\\\/#respond\"]}]},{\"@type\":\"WebPage\",\"@id\":\"http:\\\/\\\/noviasespana.com\\\/noviasbaleares\\\/los-vestidos-de-novia-de-chus-basaldua-en-el-museo-del-traje\\\/\",\"url\":\"http:\\\/\\\/noviasespana.com\\\/noviasbaleares\\\/los-vestidos-de-novia-de-chus-basaldua-en-el-museo-del-traje\\\/\",\"name\":\"Los vestidos de novia de Chus Basald\u00faa en el Museo del Traje - Novias Baleares\",\"isPartOf\":{\"@id\":\"http:\\\/\\\/noviasespana.com\\\/noviasbaleares\\\/#website\"},\"datePublished\":\"2011-05-24T07:00:42+00:00\",\"author\":{\"@id\":\"http:\\\/\\\/noviasespana.com\\\/noviasbaleares\\\/#\\\/schema\\\/person\\\/82ff6e303fad28e4da623aa4d27969ed\"},\"breadcrumb\":{\"@id\":\"http:\\\/\\\/noviasespana.com\\\/noviasbaleares\\\/los-vestidos-de-novia-de-chus-basaldua-en-el-museo-del-traje\\\/#breadcrumb\"},\"inLanguage\":\"es\",\"potentialAction\":[{\"@type\":\"ReadAction\",\"target\":[\"http:\\\/\\\/noviasespana.com\\\/noviasbaleares\\\/los-vestidos-de-novia-de-chus-basaldua-en-el-museo-del-traje\\\/\"]}]},{\"@type\":\"BreadcrumbList\",\"@id\":\"http:\\\/\\\/noviasespana.com\\\/noviasbaleares\\\/los-vestidos-de-novia-de-chus-basaldua-en-el-museo-del-traje\\\/#breadcrumb\",\"itemListElement\":[{\"@type\":\"ListItem\",\"position\":1,\"name\":\"Portada\",\"item\":\"http:\\\/\\\/noviasespana.com\\\/noviasbaleares\\\/\"},{\"@type\":\"ListItem\",\"position\":2,\"name\":\"Los vestidos de novia de Chus Basald\u00faa en el Museo del Traje\"}]},{\"@type\":\"WebSite\",\"@id\":\"http:\\\/\\\/noviasespana.com\\\/noviasbaleares\\\/#website\",\"url\":\"http:\\\/\\\/noviasespana.com\\\/noviasbaleares\\\/\",\"name\":\"Novias Baleares\",\"description\":\"Revista de novias\",\"potentialAction\":[{\"@type\":\"SearchAction\",\"target\":{\"@type\":\"EntryPoint\",\"urlTemplate\":\"http:\\\/\\\/noviasespana.com\\\/noviasbaleares\\\/?s={search_term_string}\"},\"query-input\":{\"@type\":\"PropertyValueSpecification\",\"valueRequired\":true,\"valueName\":\"search_term_string\"}}],\"inLanguage\":\"es\"},{\"@type\":\"Person\",\"@id\":\"http:\\\/\\\/noviasespana.com\\\/noviasbaleares\\\/#\\\/schema\\\/person\\\/82ff6e303fad28e4da623aa4d27969ed\",\"name\":\"admin\",\"image\":{\"@type\":\"ImageObject\",\"inLanguage\":\"es\",\"@id\":\"https:\\\/\\\/secure.gravatar.com\\\/avatar\\\/0f45231fddfb43fcbd0cdde4582a3580baf474d75fca7d494b42ff86847de871?s=96&d=mm&r=g\",\"url\":\"https:\\\/\\\/secure.gravatar.com\\\/avatar\\\/0f45231fddfb43fcbd0cdde4582a3580baf474d75fca7d494b42ff86847de871?s=96&d=mm&r=g\",\"contentUrl\":\"https:\\\/\\\/secure.gravatar.com\\\/avatar\\\/0f45231fddfb43fcbd0cdde4582a3580baf474d75fca7d494b42ff86847de871?s=96&d=mm&r=g\",\"caption\":\"admin\"},\"url\":\"http:\\\/\\\/noviasespana.com\\\/noviasbaleares\\\/author\\\/admin\\\/\"}]}<\/script>\n<!-- \/ Yoast SEO plugin. -->","yoast_head_json":{"title":"Los vestidos de novia de Chus Basald\u00faa en el Museo del Traje - Novias Baleares","robots":{"index":"index","follow":"follow","max-snippet":"max-snippet:-1","max-image-preview":"max-image-preview:large","max-video-preview":"max-video-preview:-1"},"canonical":"http:\/\/noviasespana.com\/noviasbaleares\/los-vestidos-de-novia-de-chus-basaldua-en-el-museo-del-traje\/","og_locale":"es_ES","og_type":"article","og_title":"Los vestidos de novia de Chus Basald\u00faa en el Museo del Traje - Novias Baleares","og_description":"Queridas novias!! Si quer\u00e9is inspiraci\u00f3n para vuestro vestido de novia, os recomiendo pasaros por el Museo del Traje de Madrid. Desde el \u00a013 de mayo y hasta el 4 de septiembre podemos disfrutar de la magia de los trajes de Chus Basald\u00faa. Sus casi 40 a\u00f1os dedicados a vestir a las mujeres el d\u00eda de [&hellip;]","og_url":"http:\/\/noviasespana.com\/noviasbaleares\/los-vestidos-de-novia-de-chus-basaldua-en-el-museo-del-traje\/","og_site_name":"Novias Baleares","article_published_time":"2011-05-24T07:00:42+00:00","author":"admin","twitter_misc":{"Escrito por":"admin","Tiempo de lectura":"2 minutos"},"schema":{"@context":"https:\/\/schema.org","@graph":[{"@type":"Article","@id":"http:\/\/noviasespana.com\/noviasbaleares\/los-vestidos-de-novia-de-chus-basaldua-en-el-museo-del-traje\/#article","isPartOf":{"@id":"http:\/\/noviasespana.com\/noviasbaleares\/los-vestidos-de-novia-de-chus-basaldua-en-el-museo-del-traje\/"},"author":{"name":"admin","@id":"http:\/\/noviasespana.com\/noviasbaleares\/#\/schema\/person\/82ff6e303fad28e4da623aa4d27969ed"},"headline":"Los vestidos de novia de Chus Basald\u00faa en el Museo del Traje","datePublished":"2011-05-24T07:00:42+00:00","mainEntityOfPage":{"@id":"http:\/\/noviasespana.com\/noviasbaleares\/los-vestidos-de-novia-de-chus-basaldua-en-el-museo-del-traje\/"},"wordCount":343,"commentCount":0,"articleSection":["novias"],"inLanguage":"es","potentialAction":[{"@type":"CommentAction","name":"Comment","target":["http:\/\/noviasespana.com\/noviasbaleares\/los-vestidos-de-novia-de-chus-basaldua-en-el-museo-del-traje\/#respond"]}]},{"@type":"WebPage","@id":"http:\/\/noviasespana.com\/noviasbaleares\/los-vestidos-de-novia-de-chus-basaldua-en-el-museo-del-traje\/","url":"http:\/\/noviasespana.com\/noviasbaleares\/los-vestidos-de-novia-de-chus-basaldua-en-el-museo-del-traje\/","name":"Los vestidos de novia de Chus Basald\u00faa en el Museo del Traje - Novias Baleares","isPartOf":{"@id":"http:\/\/noviasespana.com\/noviasbaleares\/#website"},"datePublished":"2011-05-24T07:00:42+00:00","author":{"@id":"http:\/\/noviasespana.com\/noviasbaleares\/#\/schema\/person\/82ff6e303fad28e4da623aa4d27969ed"},"breadcrumb":{"@id":"http:\/\/noviasespana.com\/noviasbaleares\/los-vestidos-de-novia-de-chus-basaldua-en-el-museo-del-traje\/#breadcrumb"},"inLanguage":"es","potentialAction":[{"@type":"ReadAction","target":["http:\/\/noviasespana.com\/noviasbaleares\/los-vestidos-de-novia-de-chus-basaldua-en-el-museo-del-traje\/"]}]},{"@type":"BreadcrumbList","@id":"http:\/\/noviasespana.com\/noviasbaleares\/los-vestidos-de-novia-de-chus-basaldua-en-el-museo-del-traje\/#breadcrumb","itemListElement":[{"@type":"ListItem","position":1,"name":"Portada","item":"http:\/\/noviasespana.com\/noviasbaleares\/"},{"@type":"ListItem","position":2,"name":"Los vestidos de novia de Chus Basald\u00faa en el Museo del Traje"}]},{"@type":"WebSite","@id":"http:\/\/noviasespana.com\/noviasbaleares\/#website","url":"http:\/\/noviasespana.com\/noviasbaleares\/","name":"Novias Baleares","description":"Revista de novias","potentialAction":[{"@type":"SearchAction","target":{"@type":"EntryPoint","urlTemplate":"http:\/\/noviasespana.com\/noviasbaleares\/?s={search_term_string}"},"query-input":{"@type":"PropertyValueSpecification","valueRequired":true,"valueName":"search_term_string"}}],"inLanguage":"es"},{"@type":"Person","@id":"http:\/\/noviasespana.com\/noviasbaleares\/#\/schema\/person\/82ff6e303fad28e4da623aa4d27969ed","name":"admin","image":{"@type":"ImageObject","inLanguage":"es","@id":"https:\/\/secure.gravatar.com\/avatar\/0f45231fddfb43fcbd0cdde4582a3580baf474d75fca7d494b42ff86847de871?s=96&d=mm&r=g","url":"https:\/\/secure.gravatar.com\/avatar\/0f45231fddfb43fcbd0cdde4582a3580baf474d75fca7d494b42ff86847de871?s=96&d=mm&r=g","contentUrl":"https:\/\/secure.gravatar.com\/avatar\/0f45231fddfb43fcbd0cdde4582a3580baf474d75fca7d494b42ff86847de871?s=96&d=mm&r=g","caption":"admin"},"url":"http:\/\/noviasespana.com\/noviasbaleares\/author\/admin\/"}]}},"jetpack_featured_media_url":"","jetpack_sharing_enabled":true,"jetpack_shortlink":"https:\/\/wp.me\/p5Hg6P-Pm","jetpack_likes_enabled":true,"_links":{"self":[{"href":"http:\/\/noviasespana.com\/noviasbaleares\/wp-json\/wp\/v2\/posts\/3184","targetHints":{"allow":["GET"]}}],"collection":[{"href":"http:\/\/noviasespana.com\/noviasbaleares\/wp-json\/wp\/v2\/posts"}],"about":[{"href":"http:\/\/noviasespana.com\/noviasbaleares\/wp-json\/wp\/v2\/types\/post"}],"author":[{"embeddable":true,"href":"http:\/\/noviasespana.com\/noviasbaleares\/wp-json\/wp\/v2\/users\/2"}],"replies":[{"embeddable":true,"href":"http:\/\/noviasespana.com\/noviasbaleares\/wp-json\/wp\/v2\/comments?post=3184"}],"version-history":[{"count":0,"href":"http:\/\/noviasespana.com\/noviasbaleares\/wp-json\/wp\/v2\/posts\/3184\/revisions"}],"wp:attachment":[{"href":"http:\/\/noviasespana.com\/noviasbaleares\/wp-json\/wp\/v2\/media?parent=3184"}],"wp:term":[{"taxonomy":"category","embeddable":true,"href":"http:\/\/noviasespana.com\/noviasbaleares\/wp-json\/wp\/v2\/categories?post=3184"},{"taxonomy":"post_tag","embeddable":true,"href":"http:\/\/noviasespana.com\/noviasbaleares\/wp-json\/wp\/v2\/tags?post=3184"}],"curies":[{"name":"wp","href":"https:\/\/api.w.org\/{rel}","templated":true}]}}