{"id":3170,"date":"2011-05-19T09:11:50","date_gmt":"2011-05-19T07:11:50","guid":{"rendered":"http:\/\/www.diariodeunanovia.com\/blog\/?p=3170"},"modified":"2011-05-19T09:11:50","modified_gmt":"2011-05-19T07:11:50","slug":"bodas-en-el-el-palau-de-les-arts-de-valencia","status":"publish","type":"post","link":"http:\/\/noviasespana.com\/noviasbaleares\/bodas-en-el-el-palau-de-les-arts-de-valencia\/","title":{"rendered":"Bodas en el El Palau de les Arts de Valencia"},"content":{"rendered":"<p>Queridas novias!! Las futuras novias valencianas est\u00e1n de suerte, y es que <strong>desde junio el <a href=\"http:\/\/www.cac.es\/palau\/\" target=\"_blank\">Palau de les Arts<\/a>, el espectacular edificio dise\u00f1ado por Calatrava, podr\u00e1 ser escenario de bodas<\/strong>. La hermosa c\u00fapula blanca del imponente teatro de la \u00f3pera de la Ciudad de las Artes y las Ciencias de Valencia es un entorno fasc\u00ednante y m\u00e1gico para celebrar banquetes de boda. Su c\u00fapula blanca, flotando sobre las aguas, y su arco ingr\u00e1vido, que parece sujetarse como por arte de magia, hacen que sea <strong>considerado uno de los edificios m\u00e1s asombrosos y bellos del siglo XXI.<\/strong> Pues bien la necesidad de conseguir fondos para <strong>sufragar su construcci\u00f3n,<\/strong> desde\u00a02006 sufre problemas para amortizar los m\u00e1s de 300 millones de euros que cost\u00f3, hace que se abran sus puertas para que todo el que quiera o pueda celebra all\u00ed su boda.<!--more-->\u00a0La idea ha generado expectaci\u00f3n y pol\u00e9mica, pero los responsables consideran que la celebraci\u00f3n de eventos es la alternativa ideal para generar ingresos. Lo cierto es que apenas unos d\u00edas despu\u00e9s de hacerse p\u00fablica la noticia <strong>ya hay cinco bodas programadas,<\/strong> y una de ellas la del \u00a0jugador valenciano del Real Madrid, <strong>Ra\u00fal Albiol<\/strong>, que celebrar\u00e1 su boda el pr\u00f3ximo 17 de junio, y reunir\u00e1 all\u00ed a sus <strong>400 invitados<\/strong>. <strong>El precio para alquilar una de sus salas oscila los \u00a07.000 y 10.000 euros por d\u00eda dependiendo del espacio, y a esto hay que sumar costes<\/strong>. \u00bfQu\u00e9 os parece? \u00bfOs gustar\u00eda celebrar vuestra boda en un lugar tan impresionate como este?<\/p>\n<p>Fuente: Hola.com<\/p>\n","protected":false},"excerpt":{"rendered":"<p>Queridas novias!! Las futuras novias valencianas est\u00e1n de suerte, y es que desde junio el Palau de les Arts, el espectacular edificio dise\u00f1ado por Calatrava, podr\u00e1 ser escenario de bodas. La hermosa c\u00fapula blanca del imponente teatro de la \u00f3pera de la Ciudad de las Artes y las Ciencias de Valencia es un entorno fasc\u00ednante [&hellip;]<\/p>\n","protected":false},"author":2,"featured_media":0,"comment_status":"open","ping_status":"open","sticky":false,"template":"","format":"standard","meta":{"jetpack_post_was_ever_published":false,"_jetpack_newsletter_access":"","_jetpack_dont_email_post_to_subs":false,"_jetpack_newsletter_tier_id":0,"_jetpack_memberships_contains_paywalled_content":false,"_jetpack_memberships_contains_paid_content":false,"footnotes":""},"categories":[1],"tags":[],"class_list":["post-3170","post","type-post","status-publish","format-standard","hentry","category-novias"],"yoast_head":"<!-- This site is optimized with the Yoast SEO plugin v27.5 - https:\/\/yoast.com\/product\/yoast-seo-wordpress\/ -->\n<title>Bodas en el El Palau de les Arts de Valencia - Novias Baleares<\/title>\n<meta name=\"robots\" content=\"index, follow, max-snippet:-1, max-image-preview:large, max-video-preview:-1\" \/>\n<link rel=\"canonical\" href=\"http:\/\/noviasespana.com\/noviasbaleares\/bodas-en-el-el-palau-de-les-arts-de-valencia\/\" \/>\n<meta property=\"og:locale\" content=\"es_ES\" \/>\n<meta property=\"og:type\" content=\"article\" \/>\n<meta property=\"og:title\" content=\"Bodas en el El Palau de les Arts de Valencia - Novias Baleares\" \/>\n<meta property=\"og:description\" content=\"Queridas novias!! Las futuras novias valencianas est\u00e1n de suerte, y es que desde junio el Palau de les Arts, el espectacular edificio dise\u00f1ado por Calatrava, podr\u00e1 ser escenario de bodas. La hermosa c\u00fapula blanca del imponente teatro de la \u00f3pera de la Ciudad de las Artes y las Ciencias de Valencia es un entorno fasc\u00ednante [&hellip;]\" \/>\n<meta property=\"og:url\" content=\"http:\/\/noviasespana.com\/noviasbaleares\/bodas-en-el-el-palau-de-les-arts-de-valencia\/\" \/>\n<meta property=\"og:site_name\" content=\"Novias Baleares\" \/>\n<meta property=\"article:published_time\" content=\"2011-05-19T07:11:50+00:00\" \/>\n<meta name=\"author\" content=\"admin\" \/>\n<meta name=\"twitter:label1\" content=\"Escrito por\" \/>\n\t<meta name=\"twitter:data1\" content=\"admin\" \/>\n\t<meta name=\"twitter:label2\" content=\"Tiempo de lectura\" \/>\n\t<meta name=\"twitter:data2\" content=\"1 minuto\" \/>\n<script type=\"application\/ld+json\" class=\"yoast-schema-graph\">{\"@context\":\"https:\\\/\\\/schema.org\",\"@graph\":[{\"@type\":\"Article\",\"@id\":\"http:\\\/\\\/noviasespana.com\\\/noviasbaleares\\\/bodas-en-el-el-palau-de-les-arts-de-valencia\\\/#article\",\"isPartOf\":{\"@id\":\"http:\\\/\\\/noviasespana.com\\\/noviasbaleares\\\/bodas-en-el-el-palau-de-les-arts-de-valencia\\\/\"},\"author\":{\"name\":\"admin\",\"@id\":\"http:\\\/\\\/noviasespana.com\\\/noviasbaleares\\\/#\\\/schema\\\/person\\\/82ff6e303fad28e4da623aa4d27969ed\"},\"headline\":\"Bodas en el El Palau de les Arts de Valencia\",\"datePublished\":\"2011-05-19T07:11:50+00:00\",\"mainEntityOfPage\":{\"@id\":\"http:\\\/\\\/noviasespana.com\\\/noviasbaleares\\\/bodas-en-el-el-palau-de-les-arts-de-valencia\\\/\"},\"wordCount\":278,\"commentCount\":0,\"articleSection\":[\"novias\"],\"inLanguage\":\"es\",\"potentialAction\":[{\"@type\":\"CommentAction\",\"name\":\"Comment\",\"target\":[\"http:\\\/\\\/noviasespana.com\\\/noviasbaleares\\\/bodas-en-el-el-palau-de-les-arts-de-valencia\\\/#respond\"]}]},{\"@type\":\"WebPage\",\"@id\":\"http:\\\/\\\/noviasespana.com\\\/noviasbaleares\\\/bodas-en-el-el-palau-de-les-arts-de-valencia\\\/\",\"url\":\"http:\\\/\\\/noviasespana.com\\\/noviasbaleares\\\/bodas-en-el-el-palau-de-les-arts-de-valencia\\\/\",\"name\":\"Bodas en el El Palau de les Arts de Valencia - Novias Baleares\",\"isPartOf\":{\"@id\":\"http:\\\/\\\/noviasespana.com\\\/noviasbaleares\\\/#website\"},\"datePublished\":\"2011-05-19T07:11:50+00:00\",\"author\":{\"@id\":\"http:\\\/\\\/noviasespana.com\\\/noviasbaleares\\\/#\\\/schema\\\/person\\\/82ff6e303fad28e4da623aa4d27969ed\"},\"breadcrumb\":{\"@id\":\"http:\\\/\\\/noviasespana.com\\\/noviasbaleares\\\/bodas-en-el-el-palau-de-les-arts-de-valencia\\\/#breadcrumb\"},\"inLanguage\":\"es\",\"potentialAction\":[{\"@type\":\"ReadAction\",\"target\":[\"http:\\\/\\\/noviasespana.com\\\/noviasbaleares\\\/bodas-en-el-el-palau-de-les-arts-de-valencia\\\/\"]}]},{\"@type\":\"BreadcrumbList\",\"@id\":\"http:\\\/\\\/noviasespana.com\\\/noviasbaleares\\\/bodas-en-el-el-palau-de-les-arts-de-valencia\\\/#breadcrumb\",\"itemListElement\":[{\"@type\":\"ListItem\",\"position\":1,\"name\":\"Portada\",\"item\":\"http:\\\/\\\/noviasespana.com\\\/noviasbaleares\\\/\"},{\"@type\":\"ListItem\",\"position\":2,\"name\":\"Bodas en el El Palau de les Arts de Valencia\"}]},{\"@type\":\"WebSite\",\"@id\":\"http:\\\/\\\/noviasespana.com\\\/noviasbaleares\\\/#website\",\"url\":\"http:\\\/\\\/noviasespana.com\\\/noviasbaleares\\\/\",\"name\":\"Novias Baleares\",\"description\":\"Revista de novias\",\"potentialAction\":[{\"@type\":\"SearchAction\",\"target\":{\"@type\":\"EntryPoint\",\"urlTemplate\":\"http:\\\/\\\/noviasespana.com\\\/noviasbaleares\\\/?s={search_term_string}\"},\"query-input\":{\"@type\":\"PropertyValueSpecification\",\"valueRequired\":true,\"valueName\":\"search_term_string\"}}],\"inLanguage\":\"es\"},{\"@type\":\"Person\",\"@id\":\"http:\\\/\\\/noviasespana.com\\\/noviasbaleares\\\/#\\\/schema\\\/person\\\/82ff6e303fad28e4da623aa4d27969ed\",\"name\":\"admin\",\"image\":{\"@type\":\"ImageObject\",\"inLanguage\":\"es\",\"@id\":\"https:\\\/\\\/secure.gravatar.com\\\/avatar\\\/0f45231fddfb43fcbd0cdde4582a3580baf474d75fca7d494b42ff86847de871?s=96&d=mm&r=g\",\"url\":\"https:\\\/\\\/secure.gravatar.com\\\/avatar\\\/0f45231fddfb43fcbd0cdde4582a3580baf474d75fca7d494b42ff86847de871?s=96&d=mm&r=g\",\"contentUrl\":\"https:\\\/\\\/secure.gravatar.com\\\/avatar\\\/0f45231fddfb43fcbd0cdde4582a3580baf474d75fca7d494b42ff86847de871?s=96&d=mm&r=g\",\"caption\":\"admin\"},\"url\":\"http:\\\/\\\/noviasespana.com\\\/noviasbaleares\\\/author\\\/admin\\\/\"}]}<\/script>\n<!-- \/ Yoast SEO plugin. -->","yoast_head_json":{"title":"Bodas en el El Palau de les Arts de Valencia - Novias Baleares","robots":{"index":"index","follow":"follow","max-snippet":"max-snippet:-1","max-image-preview":"max-image-preview:large","max-video-preview":"max-video-preview:-1"},"canonical":"http:\/\/noviasespana.com\/noviasbaleares\/bodas-en-el-el-palau-de-les-arts-de-valencia\/","og_locale":"es_ES","og_type":"article","og_title":"Bodas en el El Palau de les Arts de Valencia - Novias Baleares","og_description":"Queridas novias!! Las futuras novias valencianas est\u00e1n de suerte, y es que desde junio el Palau de les Arts, el espectacular edificio dise\u00f1ado por Calatrava, podr\u00e1 ser escenario de bodas. La hermosa c\u00fapula blanca del imponente teatro de la \u00f3pera de la Ciudad de las Artes y las Ciencias de Valencia es un entorno fasc\u00ednante [&hellip;]","og_url":"http:\/\/noviasespana.com\/noviasbaleares\/bodas-en-el-el-palau-de-les-arts-de-valencia\/","og_site_name":"Novias Baleares","article_published_time":"2011-05-19T07:11:50+00:00","author":"admin","twitter_misc":{"Escrito por":"admin","Tiempo de lectura":"1 minuto"},"schema":{"@context":"https:\/\/schema.org","@graph":[{"@type":"Article","@id":"http:\/\/noviasespana.com\/noviasbaleares\/bodas-en-el-el-palau-de-les-arts-de-valencia\/#article","isPartOf":{"@id":"http:\/\/noviasespana.com\/noviasbaleares\/bodas-en-el-el-palau-de-les-arts-de-valencia\/"},"author":{"name":"admin","@id":"http:\/\/noviasespana.com\/noviasbaleares\/#\/schema\/person\/82ff6e303fad28e4da623aa4d27969ed"},"headline":"Bodas en el El Palau de les Arts de Valencia","datePublished":"2011-05-19T07:11:50+00:00","mainEntityOfPage":{"@id":"http:\/\/noviasespana.com\/noviasbaleares\/bodas-en-el-el-palau-de-les-arts-de-valencia\/"},"wordCount":278,"commentCount":0,"articleSection":["novias"],"inLanguage":"es","potentialAction":[{"@type":"CommentAction","name":"Comment","target":["http:\/\/noviasespana.com\/noviasbaleares\/bodas-en-el-el-palau-de-les-arts-de-valencia\/#respond"]}]},{"@type":"WebPage","@id":"http:\/\/noviasespana.com\/noviasbaleares\/bodas-en-el-el-palau-de-les-arts-de-valencia\/","url":"http:\/\/noviasespana.com\/noviasbaleares\/bodas-en-el-el-palau-de-les-arts-de-valencia\/","name":"Bodas en el El Palau de les Arts de Valencia - Novias Baleares","isPartOf":{"@id":"http:\/\/noviasespana.com\/noviasbaleares\/#website"},"datePublished":"2011-05-19T07:11:50+00:00","author":{"@id":"http:\/\/noviasespana.com\/noviasbaleares\/#\/schema\/person\/82ff6e303fad28e4da623aa4d27969ed"},"breadcrumb":{"@id":"http:\/\/noviasespana.com\/noviasbaleares\/bodas-en-el-el-palau-de-les-arts-de-valencia\/#breadcrumb"},"inLanguage":"es","potentialAction":[{"@type":"ReadAction","target":["http:\/\/noviasespana.com\/noviasbaleares\/bodas-en-el-el-palau-de-les-arts-de-valencia\/"]}]},{"@type":"BreadcrumbList","@id":"http:\/\/noviasespana.com\/noviasbaleares\/bodas-en-el-el-palau-de-les-arts-de-valencia\/#breadcrumb","itemListElement":[{"@type":"ListItem","position":1,"name":"Portada","item":"http:\/\/noviasespana.com\/noviasbaleares\/"},{"@type":"ListItem","position":2,"name":"Bodas en el El Palau de les Arts de Valencia"}]},{"@type":"WebSite","@id":"http:\/\/noviasespana.com\/noviasbaleares\/#website","url":"http:\/\/noviasespana.com\/noviasbaleares\/","name":"Novias Baleares","description":"Revista de novias","potentialAction":[{"@type":"SearchAction","target":{"@type":"EntryPoint","urlTemplate":"http:\/\/noviasespana.com\/noviasbaleares\/?s={search_term_string}"},"query-input":{"@type":"PropertyValueSpecification","valueRequired":true,"valueName":"search_term_string"}}],"inLanguage":"es"},{"@type":"Person","@id":"http:\/\/noviasespana.com\/noviasbaleares\/#\/schema\/person\/82ff6e303fad28e4da623aa4d27969ed","name":"admin","image":{"@type":"ImageObject","inLanguage":"es","@id":"https:\/\/secure.gravatar.com\/avatar\/0f45231fddfb43fcbd0cdde4582a3580baf474d75fca7d494b42ff86847de871?s=96&d=mm&r=g","url":"https:\/\/secure.gravatar.com\/avatar\/0f45231fddfb43fcbd0cdde4582a3580baf474d75fca7d494b42ff86847de871?s=96&d=mm&r=g","contentUrl":"https:\/\/secure.gravatar.com\/avatar\/0f45231fddfb43fcbd0cdde4582a3580baf474d75fca7d494b42ff86847de871?s=96&d=mm&r=g","caption":"admin"},"url":"http:\/\/noviasespana.com\/noviasbaleares\/author\/admin\/"}]}},"jetpack_featured_media_url":"","jetpack_sharing_enabled":true,"jetpack_shortlink":"https:\/\/wp.me\/p5Hg6P-P8","jetpack_likes_enabled":true,"_links":{"self":[{"href":"http:\/\/noviasespana.com\/noviasbaleares\/wp-json\/wp\/v2\/posts\/3170","targetHints":{"allow":["GET"]}}],"collection":[{"href":"http:\/\/noviasespana.com\/noviasbaleares\/wp-json\/wp\/v2\/posts"}],"about":[{"href":"http:\/\/noviasespana.com\/noviasbaleares\/wp-json\/wp\/v2\/types\/post"}],"author":[{"embeddable":true,"href":"http:\/\/noviasespana.com\/noviasbaleares\/wp-json\/wp\/v2\/users\/2"}],"replies":[{"embeddable":true,"href":"http:\/\/noviasespana.com\/noviasbaleares\/wp-json\/wp\/v2\/comments?post=3170"}],"version-history":[{"count":0,"href":"http:\/\/noviasespana.com\/noviasbaleares\/wp-json\/wp\/v2\/posts\/3170\/revisions"}],"wp:attachment":[{"href":"http:\/\/noviasespana.com\/noviasbaleares\/wp-json\/wp\/v2\/media?parent=3170"}],"wp:term":[{"taxonomy":"category","embeddable":true,"href":"http:\/\/noviasespana.com\/noviasbaleares\/wp-json\/wp\/v2\/categories?post=3170"},{"taxonomy":"post_tag","embeddable":true,"href":"http:\/\/noviasespana.com\/noviasbaleares\/wp-json\/wp\/v2\/tags?post=3170"}],"curies":[{"name":"wp","href":"https:\/\/api.w.org\/{rel}","templated":true}]}}