{"id":3162,"date":"2011-05-16T09:30:52","date_gmt":"2011-05-16T07:30:52","guid":{"rendered":"http:\/\/www.diariodeunanovia.com\/blog\/?p=3162"},"modified":"2011-05-16T09:30:52","modified_gmt":"2011-05-16T07:30:52","slug":"maravilloso-desfile-de-pronovias-para-despedir-la-pasarela-gaudi-novias-2011","status":"publish","type":"post","link":"http:\/\/noviasespana.com\/noviasbaleares\/maravilloso-desfile-de-pronovias-para-despedir-la-pasarela-gaudi-novias-2011\/","title":{"rendered":"Maravilloso desfile de Pronovias para despedir la pasarela Gaud\u00ed Novias 2011"},"content":{"rendered":"<p>Queridas novias!! El viernes termin\u00f3 la pasarela <strong>Gaud\u00ed Novias<\/strong>, con el esperad\u00edsimo desfile de <a href=\"http:\/\/www.pronovias.es\/\" target=\"_blank\">Pronovias<\/a>, uno de los acontecimientos del a\u00f1o en Barcelona. La impresionante sala oval del Museo Nacional de Arte de Catalu\u00f1a, el lugar elegido para el desfile, dejaba intuir\u00e1 el espectacular show que ten\u00edan preparado. <strong>Una larga alfombra negra recib\u00eda a los 1800 invitados, famosas tops como <a href=\"http:\/\/www.vogue.es\/desfiles\/pronovias-temporada-2012\/6278\/galeria\/11929\/image\/481653\" target=\"_blank\">Karolina Kurkova <\/a>o <a href=\"http:\/\/www.vogue.es\/desfiles\/pronovias-temporada-2012\/6278\/galeria\/11929\/image\/481576\" target=\"_blank\">Irina Shayk <\/a>demostraron su talento en un desfile simplemente fantastico.<\/strong> La <a href=\"http:\/\/www.pronovias.es\/\" target=\"_blank\"><strong>nueva colecci\u00f3n de Pronovias<\/strong> <\/a>2012 cuenta con propuestas para todo tipo de mujeres tanto en los <strong>dise\u00f1os de Manuel Mota como en la maravillosa y exclusiva l\u00ednea de Elie Saab. Vestidos<\/strong> <strong>pensados para hacer m\u00e1s guapas a las novias, para sentar bien y hacer que la mujer que los lleve se sienta hermosa y maravillosa<\/strong>. Diferenciamos distintos estilos, los de <strong>corte rom\u00e1ntico<\/strong>, llenos de encaje y muselina, tules de seda, gasas, chantill\u00ed, con discretos escotes adornados con pedrer\u00eda, siluetas corte imperio y faldas con mucha ca\u00edda. Otros vestidos son mucho m\u00e1s <strong>princesa<\/strong>, en ellos el volumen y los volantes mandan, trajes de novia con escote palabra de honor y enormes faldas para novias muy regias. Destaca la gran cola de volantes de uno de los modelos de esta serie, parece el mar, delicioso. En la \u00faltima parte de la colecci\u00f3n las <strong>plumas<\/strong> son protagonistas y adornas vestidos muy glamurosos y femeninos, que se mueven con delicadeza como si flotaran. En definitiva una colecci\u00f3n amplia, muy bien trabajada, con cuidados e incre\u00edbles dise\u00f1os para las novias del a\u00f1o que viene. Es dif\u00edcil elegir solo uno, \u00bfa vosotras cual os gusta m\u00e1s?<\/p>\n<p>Via: Tendencias<\/p>\n","protected":false},"excerpt":{"rendered":"<p>Queridas novias!! El viernes termin\u00f3 la pasarela Gaud\u00ed Novias, con el esperad\u00edsimo desfile de Pronovias, uno de los acontecimientos del a\u00f1o en Barcelona. La impresionante sala oval del Museo Nacional de Arte de Catalu\u00f1a, el lugar elegido para el desfile, dejaba intuir\u00e1 el espectacular show que ten\u00edan preparado. Una larga alfombra negra recib\u00eda a los [&hellip;]<\/p>\n","protected":false},"author":2,"featured_media":0,"comment_status":"open","ping_status":"open","sticky":false,"template":"","format":"standard","meta":{"jetpack_post_was_ever_published":false,"_jetpack_newsletter_access":"","_jetpack_dont_email_post_to_subs":false,"_jetpack_newsletter_tier_id":0,"_jetpack_memberships_contains_paywalled_content":false,"_jetpack_memberships_contains_paid_content":false,"footnotes":""},"categories":[1],"tags":[],"class_list":["post-3162","post","type-post","status-publish","format-standard","hentry","category-novias"],"yoast_head":"<!-- This site is optimized with the Yoast SEO plugin v27.5 - https:\/\/yoast.com\/product\/yoast-seo-wordpress\/ -->\n<title>Maravilloso desfile de Pronovias para despedir la pasarela Gaud\u00ed Novias 2011 - Novias Baleares<\/title>\n<meta name=\"robots\" content=\"index, follow, max-snippet:-1, max-image-preview:large, max-video-preview:-1\" \/>\n<link rel=\"canonical\" href=\"http:\/\/noviasespana.com\/noviasbaleares\/maravilloso-desfile-de-pronovias-para-despedir-la-pasarela-gaudi-novias-2011\/\" \/>\n<meta property=\"og:locale\" content=\"es_ES\" \/>\n<meta property=\"og:type\" content=\"article\" \/>\n<meta property=\"og:title\" content=\"Maravilloso desfile de Pronovias para despedir la pasarela Gaud\u00ed Novias 2011 - Novias Baleares\" \/>\n<meta property=\"og:description\" content=\"Queridas novias!! El viernes termin\u00f3 la pasarela Gaud\u00ed Novias, con el esperad\u00edsimo desfile de Pronovias, uno de los acontecimientos del a\u00f1o en Barcelona. La impresionante sala oval del Museo Nacional de Arte de Catalu\u00f1a, el lugar elegido para el desfile, dejaba intuir\u00e1 el espectacular show que ten\u00edan preparado. Una larga alfombra negra recib\u00eda a los [&hellip;]\" \/>\n<meta property=\"og:url\" content=\"http:\/\/noviasespana.com\/noviasbaleares\/maravilloso-desfile-de-pronovias-para-despedir-la-pasarela-gaudi-novias-2011\/\" \/>\n<meta property=\"og:site_name\" content=\"Novias Baleares\" \/>\n<meta property=\"article:published_time\" content=\"2011-05-16T07:30:52+00:00\" \/>\n<meta name=\"author\" content=\"admin\" \/>\n<meta name=\"twitter:label1\" content=\"Escrito por\" \/>\n\t<meta name=\"twitter:data1\" content=\"admin\" \/>\n\t<meta name=\"twitter:label2\" content=\"Tiempo de lectura\" \/>\n\t<meta name=\"twitter:data2\" content=\"1 minuto\" \/>\n<script type=\"application\/ld+json\" class=\"yoast-schema-graph\">{\"@context\":\"https:\\\/\\\/schema.org\",\"@graph\":[{\"@type\":\"Article\",\"@id\":\"http:\\\/\\\/noviasespana.com\\\/noviasbaleares\\\/maravilloso-desfile-de-pronovias-para-despedir-la-pasarela-gaudi-novias-2011\\\/#article\",\"isPartOf\":{\"@id\":\"http:\\\/\\\/noviasespana.com\\\/noviasbaleares\\\/maravilloso-desfile-de-pronovias-para-despedir-la-pasarela-gaudi-novias-2011\\\/\"},\"author\":{\"name\":\"admin\",\"@id\":\"http:\\\/\\\/noviasespana.com\\\/noviasbaleares\\\/#\\\/schema\\\/person\\\/82ff6e303fad28e4da623aa4d27969ed\"},\"headline\":\"Maravilloso desfile de Pronovias para despedir la pasarela Gaud\u00ed Novias 2011\",\"datePublished\":\"2011-05-16T07:30:52+00:00\",\"mainEntityOfPage\":{\"@id\":\"http:\\\/\\\/noviasespana.com\\\/noviasbaleares\\\/maravilloso-desfile-de-pronovias-para-despedir-la-pasarela-gaudi-novias-2011\\\/\"},\"wordCount\":294,\"commentCount\":0,\"articleSection\":[\"novias\"],\"inLanguage\":\"es\",\"potentialAction\":[{\"@type\":\"CommentAction\",\"name\":\"Comment\",\"target\":[\"http:\\\/\\\/noviasespana.com\\\/noviasbaleares\\\/maravilloso-desfile-de-pronovias-para-despedir-la-pasarela-gaudi-novias-2011\\\/#respond\"]}]},{\"@type\":\"WebPage\",\"@id\":\"http:\\\/\\\/noviasespana.com\\\/noviasbaleares\\\/maravilloso-desfile-de-pronovias-para-despedir-la-pasarela-gaudi-novias-2011\\\/\",\"url\":\"http:\\\/\\\/noviasespana.com\\\/noviasbaleares\\\/maravilloso-desfile-de-pronovias-para-despedir-la-pasarela-gaudi-novias-2011\\\/\",\"name\":\"Maravilloso desfile de Pronovias para despedir la pasarela Gaud\u00ed Novias 2011 - Novias Baleares\",\"isPartOf\":{\"@id\":\"http:\\\/\\\/noviasespana.com\\\/noviasbaleares\\\/#website\"},\"datePublished\":\"2011-05-16T07:30:52+00:00\",\"author\":{\"@id\":\"http:\\\/\\\/noviasespana.com\\\/noviasbaleares\\\/#\\\/schema\\\/person\\\/82ff6e303fad28e4da623aa4d27969ed\"},\"breadcrumb\":{\"@id\":\"http:\\\/\\\/noviasespana.com\\\/noviasbaleares\\\/maravilloso-desfile-de-pronovias-para-despedir-la-pasarela-gaudi-novias-2011\\\/#breadcrumb\"},\"inLanguage\":\"es\",\"potentialAction\":[{\"@type\":\"ReadAction\",\"target\":[\"http:\\\/\\\/noviasespana.com\\\/noviasbaleares\\\/maravilloso-desfile-de-pronovias-para-despedir-la-pasarela-gaudi-novias-2011\\\/\"]}]},{\"@type\":\"BreadcrumbList\",\"@id\":\"http:\\\/\\\/noviasespana.com\\\/noviasbaleares\\\/maravilloso-desfile-de-pronovias-para-despedir-la-pasarela-gaudi-novias-2011\\\/#breadcrumb\",\"itemListElement\":[{\"@type\":\"ListItem\",\"position\":1,\"name\":\"Portada\",\"item\":\"http:\\\/\\\/noviasespana.com\\\/noviasbaleares\\\/\"},{\"@type\":\"ListItem\",\"position\":2,\"name\":\"Maravilloso desfile de Pronovias para despedir la pasarela Gaud\u00ed Novias 2011\"}]},{\"@type\":\"WebSite\",\"@id\":\"http:\\\/\\\/noviasespana.com\\\/noviasbaleares\\\/#website\",\"url\":\"http:\\\/\\\/noviasespana.com\\\/noviasbaleares\\\/\",\"name\":\"Novias Baleares\",\"description\":\"Revista de novias\",\"potentialAction\":[{\"@type\":\"SearchAction\",\"target\":{\"@type\":\"EntryPoint\",\"urlTemplate\":\"http:\\\/\\\/noviasespana.com\\\/noviasbaleares\\\/?s={search_term_string}\"},\"query-input\":{\"@type\":\"PropertyValueSpecification\",\"valueRequired\":true,\"valueName\":\"search_term_string\"}}],\"inLanguage\":\"es\"},{\"@type\":\"Person\",\"@id\":\"http:\\\/\\\/noviasespana.com\\\/noviasbaleares\\\/#\\\/schema\\\/person\\\/82ff6e303fad28e4da623aa4d27969ed\",\"name\":\"admin\",\"image\":{\"@type\":\"ImageObject\",\"inLanguage\":\"es\",\"@id\":\"https:\\\/\\\/secure.gravatar.com\\\/avatar\\\/0f45231fddfb43fcbd0cdde4582a3580baf474d75fca7d494b42ff86847de871?s=96&d=mm&r=g\",\"url\":\"https:\\\/\\\/secure.gravatar.com\\\/avatar\\\/0f45231fddfb43fcbd0cdde4582a3580baf474d75fca7d494b42ff86847de871?s=96&d=mm&r=g\",\"contentUrl\":\"https:\\\/\\\/secure.gravatar.com\\\/avatar\\\/0f45231fddfb43fcbd0cdde4582a3580baf474d75fca7d494b42ff86847de871?s=96&d=mm&r=g\",\"caption\":\"admin\"},\"url\":\"http:\\\/\\\/noviasespana.com\\\/noviasbaleares\\\/author\\\/admin\\\/\"}]}<\/script>\n<!-- \/ Yoast SEO plugin. -->","yoast_head_json":{"title":"Maravilloso desfile de Pronovias para despedir la pasarela Gaud\u00ed Novias 2011 - Novias Baleares","robots":{"index":"index","follow":"follow","max-snippet":"max-snippet:-1","max-image-preview":"max-image-preview:large","max-video-preview":"max-video-preview:-1"},"canonical":"http:\/\/noviasespana.com\/noviasbaleares\/maravilloso-desfile-de-pronovias-para-despedir-la-pasarela-gaudi-novias-2011\/","og_locale":"es_ES","og_type":"article","og_title":"Maravilloso desfile de Pronovias para despedir la pasarela Gaud\u00ed Novias 2011 - Novias Baleares","og_description":"Queridas novias!! El viernes termin\u00f3 la pasarela Gaud\u00ed Novias, con el esperad\u00edsimo desfile de Pronovias, uno de los acontecimientos del a\u00f1o en Barcelona. La impresionante sala oval del Museo Nacional de Arte de Catalu\u00f1a, el lugar elegido para el desfile, dejaba intuir\u00e1 el espectacular show que ten\u00edan preparado. Una larga alfombra negra recib\u00eda a los [&hellip;]","og_url":"http:\/\/noviasespana.com\/noviasbaleares\/maravilloso-desfile-de-pronovias-para-despedir-la-pasarela-gaudi-novias-2011\/","og_site_name":"Novias Baleares","article_published_time":"2011-05-16T07:30:52+00:00","author":"admin","twitter_misc":{"Escrito por":"admin","Tiempo de lectura":"1 minuto"},"schema":{"@context":"https:\/\/schema.org","@graph":[{"@type":"Article","@id":"http:\/\/noviasespana.com\/noviasbaleares\/maravilloso-desfile-de-pronovias-para-despedir-la-pasarela-gaudi-novias-2011\/#article","isPartOf":{"@id":"http:\/\/noviasespana.com\/noviasbaleares\/maravilloso-desfile-de-pronovias-para-despedir-la-pasarela-gaudi-novias-2011\/"},"author":{"name":"admin","@id":"http:\/\/noviasespana.com\/noviasbaleares\/#\/schema\/person\/82ff6e303fad28e4da623aa4d27969ed"},"headline":"Maravilloso desfile de Pronovias para despedir la pasarela Gaud\u00ed Novias 2011","datePublished":"2011-05-16T07:30:52+00:00","mainEntityOfPage":{"@id":"http:\/\/noviasespana.com\/noviasbaleares\/maravilloso-desfile-de-pronovias-para-despedir-la-pasarela-gaudi-novias-2011\/"},"wordCount":294,"commentCount":0,"articleSection":["novias"],"inLanguage":"es","potentialAction":[{"@type":"CommentAction","name":"Comment","target":["http:\/\/noviasespana.com\/noviasbaleares\/maravilloso-desfile-de-pronovias-para-despedir-la-pasarela-gaudi-novias-2011\/#respond"]}]},{"@type":"WebPage","@id":"http:\/\/noviasespana.com\/noviasbaleares\/maravilloso-desfile-de-pronovias-para-despedir-la-pasarela-gaudi-novias-2011\/","url":"http:\/\/noviasespana.com\/noviasbaleares\/maravilloso-desfile-de-pronovias-para-despedir-la-pasarela-gaudi-novias-2011\/","name":"Maravilloso desfile de Pronovias para despedir la pasarela Gaud\u00ed Novias 2011 - Novias Baleares","isPartOf":{"@id":"http:\/\/noviasespana.com\/noviasbaleares\/#website"},"datePublished":"2011-05-16T07:30:52+00:00","author":{"@id":"http:\/\/noviasespana.com\/noviasbaleares\/#\/schema\/person\/82ff6e303fad28e4da623aa4d27969ed"},"breadcrumb":{"@id":"http:\/\/noviasespana.com\/noviasbaleares\/maravilloso-desfile-de-pronovias-para-despedir-la-pasarela-gaudi-novias-2011\/#breadcrumb"},"inLanguage":"es","potentialAction":[{"@type":"ReadAction","target":["http:\/\/noviasespana.com\/noviasbaleares\/maravilloso-desfile-de-pronovias-para-despedir-la-pasarela-gaudi-novias-2011\/"]}]},{"@type":"BreadcrumbList","@id":"http:\/\/noviasespana.com\/noviasbaleares\/maravilloso-desfile-de-pronovias-para-despedir-la-pasarela-gaudi-novias-2011\/#breadcrumb","itemListElement":[{"@type":"ListItem","position":1,"name":"Portada","item":"http:\/\/noviasespana.com\/noviasbaleares\/"},{"@type":"ListItem","position":2,"name":"Maravilloso desfile de Pronovias para despedir la pasarela Gaud\u00ed Novias 2011"}]},{"@type":"WebSite","@id":"http:\/\/noviasespana.com\/noviasbaleares\/#website","url":"http:\/\/noviasespana.com\/noviasbaleares\/","name":"Novias Baleares","description":"Revista de novias","potentialAction":[{"@type":"SearchAction","target":{"@type":"EntryPoint","urlTemplate":"http:\/\/noviasespana.com\/noviasbaleares\/?s={search_term_string}"},"query-input":{"@type":"PropertyValueSpecification","valueRequired":true,"valueName":"search_term_string"}}],"inLanguage":"es"},{"@type":"Person","@id":"http:\/\/noviasespana.com\/noviasbaleares\/#\/schema\/person\/82ff6e303fad28e4da623aa4d27969ed","name":"admin","image":{"@type":"ImageObject","inLanguage":"es","@id":"https:\/\/secure.gravatar.com\/avatar\/0f45231fddfb43fcbd0cdde4582a3580baf474d75fca7d494b42ff86847de871?s=96&d=mm&r=g","url":"https:\/\/secure.gravatar.com\/avatar\/0f45231fddfb43fcbd0cdde4582a3580baf474d75fca7d494b42ff86847de871?s=96&d=mm&r=g","contentUrl":"https:\/\/secure.gravatar.com\/avatar\/0f45231fddfb43fcbd0cdde4582a3580baf474d75fca7d494b42ff86847de871?s=96&d=mm&r=g","caption":"admin"},"url":"http:\/\/noviasespana.com\/noviasbaleares\/author\/admin\/"}]}},"jetpack_featured_media_url":"","jetpack_sharing_enabled":true,"jetpack_shortlink":"https:\/\/wp.me\/p5Hg6P-P0","jetpack_likes_enabled":true,"_links":{"self":[{"href":"http:\/\/noviasespana.com\/noviasbaleares\/wp-json\/wp\/v2\/posts\/3162","targetHints":{"allow":["GET"]}}],"collection":[{"href":"http:\/\/noviasespana.com\/noviasbaleares\/wp-json\/wp\/v2\/posts"}],"about":[{"href":"http:\/\/noviasespana.com\/noviasbaleares\/wp-json\/wp\/v2\/types\/post"}],"author":[{"embeddable":true,"href":"http:\/\/noviasespana.com\/noviasbaleares\/wp-json\/wp\/v2\/users\/2"}],"replies":[{"embeddable":true,"href":"http:\/\/noviasespana.com\/noviasbaleares\/wp-json\/wp\/v2\/comments?post=3162"}],"version-history":[{"count":0,"href":"http:\/\/noviasespana.com\/noviasbaleares\/wp-json\/wp\/v2\/posts\/3162\/revisions"}],"wp:attachment":[{"href":"http:\/\/noviasespana.com\/noviasbaleares\/wp-json\/wp\/v2\/media?parent=3162"}],"wp:term":[{"taxonomy":"category","embeddable":true,"href":"http:\/\/noviasespana.com\/noviasbaleares\/wp-json\/wp\/v2\/categories?post=3162"},{"taxonomy":"post_tag","embeddable":true,"href":"http:\/\/noviasespana.com\/noviasbaleares\/wp-json\/wp\/v2\/tags?post=3162"}],"curies":[{"name":"wp","href":"https:\/\/api.w.org\/{rel}","templated":true}]}}