{"id":3150,"date":"2011-05-11T09:56:14","date_gmt":"2011-05-11T07:56:14","guid":{"rendered":"http:\/\/www.diariodeunanovia.com\/blog\/?p=3150"},"modified":"2011-05-11T09:56:14","modified_gmt":"2011-05-11T07:56:14","slug":"novias-doradas-de-la-mano-de-rosa-clara","status":"publish","type":"post","link":"http:\/\/noviasespana.com\/noviasbaleares\/novias-doradas-de-la-mano-de-rosa-clara\/","title":{"rendered":"Novias doradas de la mano de Rosa Clar\u00e1"},"content":{"rendered":"<p style=\"text-align: justify\">\n<p style=\"text-align: justify\">Queridas novias!!! Sin palabras nos ha dejado el <a href=\"http:\/\/www.vogue.es\/desfiles\/temporada-2012-gaudi-novias-rosa-clara\/6252\/galeria\/pasarela-4754\/11877\" target=\"_blank\">desfile de Rosa Clar\u00e1 <\/a>en la Pasarela Gaudi novias. Un desfile inaugural a la altura de las expectativas de la firma catalana. <strong>En la pasarela hemos visto en acci\u00f3n la l\u00ednea \u2018Minimal\u2019, vestidos muy modernos y muy actuales que incorporan las tendencias de la temporada: faldas amplias de punto de seda combinadas con cuerpos muy simples y profundos escotes redondos, tirantes asim\u00e9tricos o espaldas descubiertas, que me encantan<\/strong>. La sencillez de la idea sorprende y seduce a partes iguales y ser\u00e1 seguro, una de las ideas m\u00e1s llamativas de esta edici\u00f3n. <strong>Novias muy actuales y con poco de princesa<\/strong>, para mujeres que buscan algo m\u00e1s el d\u00eda\u00a0 de su boda. \u00a0Elegantes trajes de seda con mucha ca\u00edda y <strong>cuerpos pegados marcando la silueta<\/strong>. Por supuesto abundan los vestidos palabra de honor, las faldas voluminosas y los delicados encajes de Chantilly pero con<strong> un toque muy especial, rememorando la \u00e9poca griega que se subrayaba en los modelos dorados y se adorna con sofisticadas joyas \u201cgold\u201d de la firma Majoral<\/strong>. Como complementos cinturones de charol, aplicaciones de cristas, incre\u00edbles sandalias doradas y una m\u00e1gica capelina de plumas para las m\u00e1s so\u00f1adoras. En pocos d\u00edas veremos en diariodeunanovia todos los dise\u00f1os!!!!<\/p>\n","protected":false},"excerpt":{"rendered":"<p>Queridas novias!!! Sin palabras nos ha dejado el desfile de Rosa Clar\u00e1 en la Pasarela Gaudi novias. Un desfile inaugural a la altura de las expectativas de la firma catalana. En la pasarela hemos visto en acci\u00f3n la l\u00ednea \u2018Minimal\u2019, vestidos muy modernos y muy actuales que incorporan las tendencias de la temporada: faldas amplias [&hellip;]<\/p>\n","protected":false},"author":2,"featured_media":0,"comment_status":"open","ping_status":"open","sticky":false,"template":"","format":"standard","meta":{"jetpack_post_was_ever_published":false,"_jetpack_newsletter_access":"","_jetpack_dont_email_post_to_subs":false,"_jetpack_newsletter_tier_id":0,"_jetpack_memberships_contains_paywalled_content":false,"_jetpack_memberships_contains_paid_content":false,"footnotes":""},"categories":[1],"tags":[],"class_list":["post-3150","post","type-post","status-publish","format-standard","hentry","category-novias"],"yoast_head":"<!-- This site is optimized with the Yoast SEO plugin v27.5 - https:\/\/yoast.com\/product\/yoast-seo-wordpress\/ -->\n<title>Novias doradas de la mano de Rosa Clar\u00e1 - Novias Baleares<\/title>\n<meta name=\"robots\" content=\"index, follow, max-snippet:-1, max-image-preview:large, max-video-preview:-1\" \/>\n<link rel=\"canonical\" href=\"http:\/\/noviasespana.com\/noviasbaleares\/novias-doradas-de-la-mano-de-rosa-clara\/\" \/>\n<meta property=\"og:locale\" content=\"es_ES\" \/>\n<meta property=\"og:type\" content=\"article\" \/>\n<meta property=\"og:title\" content=\"Novias doradas de la mano de Rosa Clar\u00e1 - Novias Baleares\" \/>\n<meta property=\"og:description\" content=\"Queridas novias!!! Sin palabras nos ha dejado el desfile de Rosa Clar\u00e1 en la Pasarela Gaudi novias. Un desfile inaugural a la altura de las expectativas de la firma catalana. En la pasarela hemos visto en acci\u00f3n la l\u00ednea \u2018Minimal\u2019, vestidos muy modernos y muy actuales que incorporan las tendencias de la temporada: faldas amplias [&hellip;]\" \/>\n<meta property=\"og:url\" content=\"http:\/\/noviasespana.com\/noviasbaleares\/novias-doradas-de-la-mano-de-rosa-clara\/\" \/>\n<meta property=\"og:site_name\" content=\"Novias Baleares\" \/>\n<meta property=\"article:published_time\" content=\"2011-05-11T07:56:14+00:00\" \/>\n<meta name=\"author\" content=\"admin\" \/>\n<meta name=\"twitter:label1\" content=\"Escrito por\" \/>\n\t<meta name=\"twitter:data1\" content=\"admin\" \/>\n\t<meta name=\"twitter:label2\" content=\"Tiempo de lectura\" \/>\n\t<meta name=\"twitter:data2\" content=\"1 minuto\" \/>\n<script type=\"application\/ld+json\" class=\"yoast-schema-graph\">{\"@context\":\"https:\\\/\\\/schema.org\",\"@graph\":[{\"@type\":\"Article\",\"@id\":\"http:\\\/\\\/noviasespana.com\\\/noviasbaleares\\\/novias-doradas-de-la-mano-de-rosa-clara\\\/#article\",\"isPartOf\":{\"@id\":\"http:\\\/\\\/noviasespana.com\\\/noviasbaleares\\\/novias-doradas-de-la-mano-de-rosa-clara\\\/\"},\"author\":{\"name\":\"admin\",\"@id\":\"http:\\\/\\\/noviasespana.com\\\/noviasbaleares\\\/#\\\/schema\\\/person\\\/82ff6e303fad28e4da623aa4d27969ed\"},\"headline\":\"Novias doradas de la mano de Rosa Clar\u00e1\",\"datePublished\":\"2011-05-11T07:56:14+00:00\",\"mainEntityOfPage\":{\"@id\":\"http:\\\/\\\/noviasespana.com\\\/noviasbaleares\\\/novias-doradas-de-la-mano-de-rosa-clara\\\/\"},\"wordCount\":228,\"commentCount\":0,\"articleSection\":[\"novias\"],\"inLanguage\":\"es\",\"potentialAction\":[{\"@type\":\"CommentAction\",\"name\":\"Comment\",\"target\":[\"http:\\\/\\\/noviasespana.com\\\/noviasbaleares\\\/novias-doradas-de-la-mano-de-rosa-clara\\\/#respond\"]}]},{\"@type\":\"WebPage\",\"@id\":\"http:\\\/\\\/noviasespana.com\\\/noviasbaleares\\\/novias-doradas-de-la-mano-de-rosa-clara\\\/\",\"url\":\"http:\\\/\\\/noviasespana.com\\\/noviasbaleares\\\/novias-doradas-de-la-mano-de-rosa-clara\\\/\",\"name\":\"Novias doradas de la mano de Rosa Clar\u00e1 - Novias Baleares\",\"isPartOf\":{\"@id\":\"http:\\\/\\\/noviasespana.com\\\/noviasbaleares\\\/#website\"},\"datePublished\":\"2011-05-11T07:56:14+00:00\",\"author\":{\"@id\":\"http:\\\/\\\/noviasespana.com\\\/noviasbaleares\\\/#\\\/schema\\\/person\\\/82ff6e303fad28e4da623aa4d27969ed\"},\"breadcrumb\":{\"@id\":\"http:\\\/\\\/noviasespana.com\\\/noviasbaleares\\\/novias-doradas-de-la-mano-de-rosa-clara\\\/#breadcrumb\"},\"inLanguage\":\"es\",\"potentialAction\":[{\"@type\":\"ReadAction\",\"target\":[\"http:\\\/\\\/noviasespana.com\\\/noviasbaleares\\\/novias-doradas-de-la-mano-de-rosa-clara\\\/\"]}]},{\"@type\":\"BreadcrumbList\",\"@id\":\"http:\\\/\\\/noviasespana.com\\\/noviasbaleares\\\/novias-doradas-de-la-mano-de-rosa-clara\\\/#breadcrumb\",\"itemListElement\":[{\"@type\":\"ListItem\",\"position\":1,\"name\":\"Portada\",\"item\":\"http:\\\/\\\/noviasespana.com\\\/noviasbaleares\\\/\"},{\"@type\":\"ListItem\",\"position\":2,\"name\":\"Novias doradas de la mano de Rosa Clar\u00e1\"}]},{\"@type\":\"WebSite\",\"@id\":\"http:\\\/\\\/noviasespana.com\\\/noviasbaleares\\\/#website\",\"url\":\"http:\\\/\\\/noviasespana.com\\\/noviasbaleares\\\/\",\"name\":\"Novias Baleares\",\"description\":\"Revista de novias\",\"potentialAction\":[{\"@type\":\"SearchAction\",\"target\":{\"@type\":\"EntryPoint\",\"urlTemplate\":\"http:\\\/\\\/noviasespana.com\\\/noviasbaleares\\\/?s={search_term_string}\"},\"query-input\":{\"@type\":\"PropertyValueSpecification\",\"valueRequired\":true,\"valueName\":\"search_term_string\"}}],\"inLanguage\":\"es\"},{\"@type\":\"Person\",\"@id\":\"http:\\\/\\\/noviasespana.com\\\/noviasbaleares\\\/#\\\/schema\\\/person\\\/82ff6e303fad28e4da623aa4d27969ed\",\"name\":\"admin\",\"image\":{\"@type\":\"ImageObject\",\"inLanguage\":\"es\",\"@id\":\"https:\\\/\\\/secure.gravatar.com\\\/avatar\\\/0f45231fddfb43fcbd0cdde4582a3580baf474d75fca7d494b42ff86847de871?s=96&d=mm&r=g\",\"url\":\"https:\\\/\\\/secure.gravatar.com\\\/avatar\\\/0f45231fddfb43fcbd0cdde4582a3580baf474d75fca7d494b42ff86847de871?s=96&d=mm&r=g\",\"contentUrl\":\"https:\\\/\\\/secure.gravatar.com\\\/avatar\\\/0f45231fddfb43fcbd0cdde4582a3580baf474d75fca7d494b42ff86847de871?s=96&d=mm&r=g\",\"caption\":\"admin\"},\"url\":\"http:\\\/\\\/noviasespana.com\\\/noviasbaleares\\\/author\\\/admin\\\/\"}]}<\/script>\n<!-- \/ Yoast SEO plugin. -->","yoast_head_json":{"title":"Novias doradas de la mano de Rosa Clar\u00e1 - Novias Baleares","robots":{"index":"index","follow":"follow","max-snippet":"max-snippet:-1","max-image-preview":"max-image-preview:large","max-video-preview":"max-video-preview:-1"},"canonical":"http:\/\/noviasespana.com\/noviasbaleares\/novias-doradas-de-la-mano-de-rosa-clara\/","og_locale":"es_ES","og_type":"article","og_title":"Novias doradas de la mano de Rosa Clar\u00e1 - Novias Baleares","og_description":"Queridas novias!!! Sin palabras nos ha dejado el desfile de Rosa Clar\u00e1 en la Pasarela Gaudi novias. Un desfile inaugural a la altura de las expectativas de la firma catalana. En la pasarela hemos visto en acci\u00f3n la l\u00ednea \u2018Minimal\u2019, vestidos muy modernos y muy actuales que incorporan las tendencias de la temporada: faldas amplias [&hellip;]","og_url":"http:\/\/noviasespana.com\/noviasbaleares\/novias-doradas-de-la-mano-de-rosa-clara\/","og_site_name":"Novias Baleares","article_published_time":"2011-05-11T07:56:14+00:00","author":"admin","twitter_misc":{"Escrito por":"admin","Tiempo de lectura":"1 minuto"},"schema":{"@context":"https:\/\/schema.org","@graph":[{"@type":"Article","@id":"http:\/\/noviasespana.com\/noviasbaleares\/novias-doradas-de-la-mano-de-rosa-clara\/#article","isPartOf":{"@id":"http:\/\/noviasespana.com\/noviasbaleares\/novias-doradas-de-la-mano-de-rosa-clara\/"},"author":{"name":"admin","@id":"http:\/\/noviasespana.com\/noviasbaleares\/#\/schema\/person\/82ff6e303fad28e4da623aa4d27969ed"},"headline":"Novias doradas de la mano de Rosa Clar\u00e1","datePublished":"2011-05-11T07:56:14+00:00","mainEntityOfPage":{"@id":"http:\/\/noviasespana.com\/noviasbaleares\/novias-doradas-de-la-mano-de-rosa-clara\/"},"wordCount":228,"commentCount":0,"articleSection":["novias"],"inLanguage":"es","potentialAction":[{"@type":"CommentAction","name":"Comment","target":["http:\/\/noviasespana.com\/noviasbaleares\/novias-doradas-de-la-mano-de-rosa-clara\/#respond"]}]},{"@type":"WebPage","@id":"http:\/\/noviasespana.com\/noviasbaleares\/novias-doradas-de-la-mano-de-rosa-clara\/","url":"http:\/\/noviasespana.com\/noviasbaleares\/novias-doradas-de-la-mano-de-rosa-clara\/","name":"Novias doradas de la mano de Rosa Clar\u00e1 - Novias Baleares","isPartOf":{"@id":"http:\/\/noviasespana.com\/noviasbaleares\/#website"},"datePublished":"2011-05-11T07:56:14+00:00","author":{"@id":"http:\/\/noviasespana.com\/noviasbaleares\/#\/schema\/person\/82ff6e303fad28e4da623aa4d27969ed"},"breadcrumb":{"@id":"http:\/\/noviasespana.com\/noviasbaleares\/novias-doradas-de-la-mano-de-rosa-clara\/#breadcrumb"},"inLanguage":"es","potentialAction":[{"@type":"ReadAction","target":["http:\/\/noviasespana.com\/noviasbaleares\/novias-doradas-de-la-mano-de-rosa-clara\/"]}]},{"@type":"BreadcrumbList","@id":"http:\/\/noviasespana.com\/noviasbaleares\/novias-doradas-de-la-mano-de-rosa-clara\/#breadcrumb","itemListElement":[{"@type":"ListItem","position":1,"name":"Portada","item":"http:\/\/noviasespana.com\/noviasbaleares\/"},{"@type":"ListItem","position":2,"name":"Novias doradas de la mano de Rosa Clar\u00e1"}]},{"@type":"WebSite","@id":"http:\/\/noviasespana.com\/noviasbaleares\/#website","url":"http:\/\/noviasespana.com\/noviasbaleares\/","name":"Novias Baleares","description":"Revista de novias","potentialAction":[{"@type":"SearchAction","target":{"@type":"EntryPoint","urlTemplate":"http:\/\/noviasespana.com\/noviasbaleares\/?s={search_term_string}"},"query-input":{"@type":"PropertyValueSpecification","valueRequired":true,"valueName":"search_term_string"}}],"inLanguage":"es"},{"@type":"Person","@id":"http:\/\/noviasespana.com\/noviasbaleares\/#\/schema\/person\/82ff6e303fad28e4da623aa4d27969ed","name":"admin","image":{"@type":"ImageObject","inLanguage":"es","@id":"https:\/\/secure.gravatar.com\/avatar\/0f45231fddfb43fcbd0cdde4582a3580baf474d75fca7d494b42ff86847de871?s=96&d=mm&r=g","url":"https:\/\/secure.gravatar.com\/avatar\/0f45231fddfb43fcbd0cdde4582a3580baf474d75fca7d494b42ff86847de871?s=96&d=mm&r=g","contentUrl":"https:\/\/secure.gravatar.com\/avatar\/0f45231fddfb43fcbd0cdde4582a3580baf474d75fca7d494b42ff86847de871?s=96&d=mm&r=g","caption":"admin"},"url":"http:\/\/noviasespana.com\/noviasbaleares\/author\/admin\/"}]}},"jetpack_featured_media_url":"","jetpack_sharing_enabled":true,"jetpack_shortlink":"https:\/\/wp.me\/p5Hg6P-OO","jetpack_likes_enabled":true,"_links":{"self":[{"href":"http:\/\/noviasespana.com\/noviasbaleares\/wp-json\/wp\/v2\/posts\/3150","targetHints":{"allow":["GET"]}}],"collection":[{"href":"http:\/\/noviasespana.com\/noviasbaleares\/wp-json\/wp\/v2\/posts"}],"about":[{"href":"http:\/\/noviasespana.com\/noviasbaleares\/wp-json\/wp\/v2\/types\/post"}],"author":[{"embeddable":true,"href":"http:\/\/noviasespana.com\/noviasbaleares\/wp-json\/wp\/v2\/users\/2"}],"replies":[{"embeddable":true,"href":"http:\/\/noviasespana.com\/noviasbaleares\/wp-json\/wp\/v2\/comments?post=3150"}],"version-history":[{"count":0,"href":"http:\/\/noviasespana.com\/noviasbaleares\/wp-json\/wp\/v2\/posts\/3150\/revisions"}],"wp:attachment":[{"href":"http:\/\/noviasespana.com\/noviasbaleares\/wp-json\/wp\/v2\/media?parent=3150"}],"wp:term":[{"taxonomy":"category","embeddable":true,"href":"http:\/\/noviasespana.com\/noviasbaleares\/wp-json\/wp\/v2\/categories?post=3150"},{"taxonomy":"post_tag","embeddable":true,"href":"http:\/\/noviasespana.com\/noviasbaleares\/wp-json\/wp\/v2\/tags?post=3150"}],"curies":[{"name":"wp","href":"https:\/\/api.w.org\/{rel}","templated":true}]}}