{"id":3143,"date":"2011-05-09T10:23:09","date_gmt":"2011-05-09T08:23:09","guid":{"rendered":"http:\/\/www.diariodeunanovia.com\/blog\/?p=3143"},"modified":"2011-05-09T10:23:09","modified_gmt":"2011-05-09T08:23:09","slug":"cibeles-madrid-novias-2012-dia-2","status":"publish","type":"post","link":"http:\/\/noviasespana.com\/noviasbaleares\/cibeles-madrid-novias-2012-dia-2\/","title":{"rendered":"Cibeles Madrid Novias 2012: d\u00eda 2"},"content":{"rendered":"<p>Queridas novias!!! El viernes fue el segundo y \u00faltimo d\u00eda de la pasarela Cibeles Madrid Novias 2012. <strong>Desfilaron Cintya Vila y <a href=\"http:\/\/www.jorgeterra.es\/\" target=\"_blank\">Jorge Terra<\/a>, cuyo desfile merece un post por original, diferente y sorprendente.<\/strong> Jorge Terra es un dise\u00f1ador brasile\u00f1o pero vive y trabaja en Madrid. <strong>Sus propuestas para las novias 2012 se pueden resumir en vestidos de sedas pintados a mano, ilustraciones, flores, color y espectaculares tocados.<\/strong> La colecci\u00f3n <strong><a href=\"http:\/\/www.vogue.es\/desfiles\/temporada-2012-cibeles-madrid-novias-jorge-terra\/6245\/galeria\/pasarela-4747\/11863\" target=\"_blank\">\u00abSuspiros de transi\u00e7ao\u00bb<\/a><\/strong> se acompa\u00f1a de <strong>innovadores complementos<\/strong> como enormes flores secas enroscadas al cuello o a las mu\u00f1ecas, piezas de cristal, filigranas vintage y remaches met\u00e1licos. <!--more-->Las modelos desfilaron con un complicado <strong>triple mo\u00f1o<\/strong>, sujeto con enormes flores de tela, figuras de p\u00e1jaros e incluso tocados en forma de jaula. Con flores por todas partes el dise\u00f1ador brasile\u00f1o nos trasporta a un <strong>para\u00edso tropical<\/strong> lleno de bordados sobre sedas multicolor. Las <strong>incrustaciones de cristal<\/strong> de algunos vestidos aportan una luz m\u00e1gica y met\u00e1lica a una gama de color entre el marfil y el crudo. <strong>Siluetas sirena, cancanes de bailarina, escotes en abanicos y espaldas abiertas<\/strong> para una colecci\u00f3n algo extravagante, muy sexy, para una novia llena de alegr\u00eda. \u00bfConoc\u00edais a este dise\u00f1ador? \u00bfQu\u00e9 os parece su colecci\u00f3n?<\/p>\n","protected":false},"excerpt":{"rendered":"<p>Queridas novias!!! El viernes fue el segundo y \u00faltimo d\u00eda de la pasarela Cibeles Madrid Novias 2012. Desfilaron Cintya Vila y Jorge Terra, cuyo desfile merece un post por original, diferente y sorprendente. Jorge Terra es un dise\u00f1ador brasile\u00f1o pero vive y trabaja en Madrid. Sus propuestas para las novias 2012 se pueden resumir en [&hellip;]<\/p>\n","protected":false},"author":2,"featured_media":0,"comment_status":"open","ping_status":"open","sticky":false,"template":"","format":"standard","meta":{"jetpack_post_was_ever_published":false,"_jetpack_newsletter_access":"","_jetpack_dont_email_post_to_subs":false,"_jetpack_newsletter_tier_id":0,"_jetpack_memberships_contains_paywalled_content":false,"_jetpack_memberships_contains_paid_content":false,"footnotes":""},"categories":[1],"tags":[],"class_list":["post-3143","post","type-post","status-publish","format-standard","hentry","category-novias"],"yoast_head":"<!-- This site is optimized with the Yoast SEO plugin v27.5 - https:\/\/yoast.com\/product\/yoast-seo-wordpress\/ -->\n<title>Cibeles Madrid Novias 2012: d\u00eda 2 - Novias Baleares<\/title>\n<meta name=\"robots\" content=\"index, follow, max-snippet:-1, max-image-preview:large, max-video-preview:-1\" \/>\n<link rel=\"canonical\" href=\"http:\/\/noviasespana.com\/noviasbaleares\/cibeles-madrid-novias-2012-dia-2\/\" \/>\n<meta property=\"og:locale\" content=\"es_ES\" \/>\n<meta property=\"og:type\" content=\"article\" \/>\n<meta property=\"og:title\" content=\"Cibeles Madrid Novias 2012: d\u00eda 2 - Novias Baleares\" \/>\n<meta property=\"og:description\" content=\"Queridas novias!!! El viernes fue el segundo y \u00faltimo d\u00eda de la pasarela Cibeles Madrid Novias 2012. Desfilaron Cintya Vila y Jorge Terra, cuyo desfile merece un post por original, diferente y sorprendente. Jorge Terra es un dise\u00f1ador brasile\u00f1o pero vive y trabaja en Madrid. Sus propuestas para las novias 2012 se pueden resumir en [&hellip;]\" \/>\n<meta property=\"og:url\" content=\"http:\/\/noviasespana.com\/noviasbaleares\/cibeles-madrid-novias-2012-dia-2\/\" \/>\n<meta property=\"og:site_name\" content=\"Novias Baleares\" \/>\n<meta property=\"article:published_time\" content=\"2011-05-09T08:23:09+00:00\" \/>\n<meta name=\"author\" content=\"admin\" \/>\n<meta name=\"twitter:label1\" content=\"Escrito por\" \/>\n\t<meta name=\"twitter:data1\" content=\"admin\" \/>\n\t<meta name=\"twitter:label2\" content=\"Tiempo de lectura\" \/>\n\t<meta name=\"twitter:data2\" content=\"1 minuto\" \/>\n<script type=\"application\/ld+json\" class=\"yoast-schema-graph\">{\"@context\":\"https:\\\/\\\/schema.org\",\"@graph\":[{\"@type\":\"Article\",\"@id\":\"http:\\\/\\\/noviasespana.com\\\/noviasbaleares\\\/cibeles-madrid-novias-2012-dia-2\\\/#article\",\"isPartOf\":{\"@id\":\"http:\\\/\\\/noviasespana.com\\\/noviasbaleares\\\/cibeles-madrid-novias-2012-dia-2\\\/\"},\"author\":{\"name\":\"admin\",\"@id\":\"http:\\\/\\\/noviasespana.com\\\/noviasbaleares\\\/#\\\/schema\\\/person\\\/82ff6e303fad28e4da623aa4d27969ed\"},\"headline\":\"Cibeles Madrid Novias 2012: d\u00eda 2\",\"datePublished\":\"2011-05-09T08:23:09+00:00\",\"mainEntityOfPage\":{\"@id\":\"http:\\\/\\\/noviasespana.com\\\/noviasbaleares\\\/cibeles-madrid-novias-2012-dia-2\\\/\"},\"wordCount\":220,\"commentCount\":0,\"articleSection\":[\"novias\"],\"inLanguage\":\"es\",\"potentialAction\":[{\"@type\":\"CommentAction\",\"name\":\"Comment\",\"target\":[\"http:\\\/\\\/noviasespana.com\\\/noviasbaleares\\\/cibeles-madrid-novias-2012-dia-2\\\/#respond\"]}]},{\"@type\":\"WebPage\",\"@id\":\"http:\\\/\\\/noviasespana.com\\\/noviasbaleares\\\/cibeles-madrid-novias-2012-dia-2\\\/\",\"url\":\"http:\\\/\\\/noviasespana.com\\\/noviasbaleares\\\/cibeles-madrid-novias-2012-dia-2\\\/\",\"name\":\"Cibeles Madrid Novias 2012: d\u00eda 2 - Novias Baleares\",\"isPartOf\":{\"@id\":\"http:\\\/\\\/noviasespana.com\\\/noviasbaleares\\\/#website\"},\"datePublished\":\"2011-05-09T08:23:09+00:00\",\"author\":{\"@id\":\"http:\\\/\\\/noviasespana.com\\\/noviasbaleares\\\/#\\\/schema\\\/person\\\/82ff6e303fad28e4da623aa4d27969ed\"},\"breadcrumb\":{\"@id\":\"http:\\\/\\\/noviasespana.com\\\/noviasbaleares\\\/cibeles-madrid-novias-2012-dia-2\\\/#breadcrumb\"},\"inLanguage\":\"es\",\"potentialAction\":[{\"@type\":\"ReadAction\",\"target\":[\"http:\\\/\\\/noviasespana.com\\\/noviasbaleares\\\/cibeles-madrid-novias-2012-dia-2\\\/\"]}]},{\"@type\":\"BreadcrumbList\",\"@id\":\"http:\\\/\\\/noviasespana.com\\\/noviasbaleares\\\/cibeles-madrid-novias-2012-dia-2\\\/#breadcrumb\",\"itemListElement\":[{\"@type\":\"ListItem\",\"position\":1,\"name\":\"Portada\",\"item\":\"http:\\\/\\\/noviasespana.com\\\/noviasbaleares\\\/\"},{\"@type\":\"ListItem\",\"position\":2,\"name\":\"Cibeles Madrid Novias 2012: d\u00eda 2\"}]},{\"@type\":\"WebSite\",\"@id\":\"http:\\\/\\\/noviasespana.com\\\/noviasbaleares\\\/#website\",\"url\":\"http:\\\/\\\/noviasespana.com\\\/noviasbaleares\\\/\",\"name\":\"Novias Baleares\",\"description\":\"Revista de novias\",\"potentialAction\":[{\"@type\":\"SearchAction\",\"target\":{\"@type\":\"EntryPoint\",\"urlTemplate\":\"http:\\\/\\\/noviasespana.com\\\/noviasbaleares\\\/?s={search_term_string}\"},\"query-input\":{\"@type\":\"PropertyValueSpecification\",\"valueRequired\":true,\"valueName\":\"search_term_string\"}}],\"inLanguage\":\"es\"},{\"@type\":\"Person\",\"@id\":\"http:\\\/\\\/noviasespana.com\\\/noviasbaleares\\\/#\\\/schema\\\/person\\\/82ff6e303fad28e4da623aa4d27969ed\",\"name\":\"admin\",\"image\":{\"@type\":\"ImageObject\",\"inLanguage\":\"es\",\"@id\":\"https:\\\/\\\/secure.gravatar.com\\\/avatar\\\/0f45231fddfb43fcbd0cdde4582a3580baf474d75fca7d494b42ff86847de871?s=96&d=mm&r=g\",\"url\":\"https:\\\/\\\/secure.gravatar.com\\\/avatar\\\/0f45231fddfb43fcbd0cdde4582a3580baf474d75fca7d494b42ff86847de871?s=96&d=mm&r=g\",\"contentUrl\":\"https:\\\/\\\/secure.gravatar.com\\\/avatar\\\/0f45231fddfb43fcbd0cdde4582a3580baf474d75fca7d494b42ff86847de871?s=96&d=mm&r=g\",\"caption\":\"admin\"},\"url\":\"http:\\\/\\\/noviasespana.com\\\/noviasbaleares\\\/author\\\/admin\\\/\"}]}<\/script>\n<!-- \/ Yoast SEO plugin. -->","yoast_head_json":{"title":"Cibeles Madrid Novias 2012: d\u00eda 2 - Novias Baleares","robots":{"index":"index","follow":"follow","max-snippet":"max-snippet:-1","max-image-preview":"max-image-preview:large","max-video-preview":"max-video-preview:-1"},"canonical":"http:\/\/noviasespana.com\/noviasbaleares\/cibeles-madrid-novias-2012-dia-2\/","og_locale":"es_ES","og_type":"article","og_title":"Cibeles Madrid Novias 2012: d\u00eda 2 - Novias Baleares","og_description":"Queridas novias!!! El viernes fue el segundo y \u00faltimo d\u00eda de la pasarela Cibeles Madrid Novias 2012. Desfilaron Cintya Vila y Jorge Terra, cuyo desfile merece un post por original, diferente y sorprendente. Jorge Terra es un dise\u00f1ador brasile\u00f1o pero vive y trabaja en Madrid. Sus propuestas para las novias 2012 se pueden resumir en [&hellip;]","og_url":"http:\/\/noviasespana.com\/noviasbaleares\/cibeles-madrid-novias-2012-dia-2\/","og_site_name":"Novias Baleares","article_published_time":"2011-05-09T08:23:09+00:00","author":"admin","twitter_misc":{"Escrito por":"admin","Tiempo de lectura":"1 minuto"},"schema":{"@context":"https:\/\/schema.org","@graph":[{"@type":"Article","@id":"http:\/\/noviasespana.com\/noviasbaleares\/cibeles-madrid-novias-2012-dia-2\/#article","isPartOf":{"@id":"http:\/\/noviasespana.com\/noviasbaleares\/cibeles-madrid-novias-2012-dia-2\/"},"author":{"name":"admin","@id":"http:\/\/noviasespana.com\/noviasbaleares\/#\/schema\/person\/82ff6e303fad28e4da623aa4d27969ed"},"headline":"Cibeles Madrid Novias 2012: d\u00eda 2","datePublished":"2011-05-09T08:23:09+00:00","mainEntityOfPage":{"@id":"http:\/\/noviasespana.com\/noviasbaleares\/cibeles-madrid-novias-2012-dia-2\/"},"wordCount":220,"commentCount":0,"articleSection":["novias"],"inLanguage":"es","potentialAction":[{"@type":"CommentAction","name":"Comment","target":["http:\/\/noviasespana.com\/noviasbaleares\/cibeles-madrid-novias-2012-dia-2\/#respond"]}]},{"@type":"WebPage","@id":"http:\/\/noviasespana.com\/noviasbaleares\/cibeles-madrid-novias-2012-dia-2\/","url":"http:\/\/noviasespana.com\/noviasbaleares\/cibeles-madrid-novias-2012-dia-2\/","name":"Cibeles Madrid Novias 2012: d\u00eda 2 - Novias Baleares","isPartOf":{"@id":"http:\/\/noviasespana.com\/noviasbaleares\/#website"},"datePublished":"2011-05-09T08:23:09+00:00","author":{"@id":"http:\/\/noviasespana.com\/noviasbaleares\/#\/schema\/person\/82ff6e303fad28e4da623aa4d27969ed"},"breadcrumb":{"@id":"http:\/\/noviasespana.com\/noviasbaleares\/cibeles-madrid-novias-2012-dia-2\/#breadcrumb"},"inLanguage":"es","potentialAction":[{"@type":"ReadAction","target":["http:\/\/noviasespana.com\/noviasbaleares\/cibeles-madrid-novias-2012-dia-2\/"]}]},{"@type":"BreadcrumbList","@id":"http:\/\/noviasespana.com\/noviasbaleares\/cibeles-madrid-novias-2012-dia-2\/#breadcrumb","itemListElement":[{"@type":"ListItem","position":1,"name":"Portada","item":"http:\/\/noviasespana.com\/noviasbaleares\/"},{"@type":"ListItem","position":2,"name":"Cibeles Madrid Novias 2012: d\u00eda 2"}]},{"@type":"WebSite","@id":"http:\/\/noviasespana.com\/noviasbaleares\/#website","url":"http:\/\/noviasespana.com\/noviasbaleares\/","name":"Novias Baleares","description":"Revista de novias","potentialAction":[{"@type":"SearchAction","target":{"@type":"EntryPoint","urlTemplate":"http:\/\/noviasespana.com\/noviasbaleares\/?s={search_term_string}"},"query-input":{"@type":"PropertyValueSpecification","valueRequired":true,"valueName":"search_term_string"}}],"inLanguage":"es"},{"@type":"Person","@id":"http:\/\/noviasespana.com\/noviasbaleares\/#\/schema\/person\/82ff6e303fad28e4da623aa4d27969ed","name":"admin","image":{"@type":"ImageObject","inLanguage":"es","@id":"https:\/\/secure.gravatar.com\/avatar\/0f45231fddfb43fcbd0cdde4582a3580baf474d75fca7d494b42ff86847de871?s=96&d=mm&r=g","url":"https:\/\/secure.gravatar.com\/avatar\/0f45231fddfb43fcbd0cdde4582a3580baf474d75fca7d494b42ff86847de871?s=96&d=mm&r=g","contentUrl":"https:\/\/secure.gravatar.com\/avatar\/0f45231fddfb43fcbd0cdde4582a3580baf474d75fca7d494b42ff86847de871?s=96&d=mm&r=g","caption":"admin"},"url":"http:\/\/noviasespana.com\/noviasbaleares\/author\/admin\/"}]}},"jetpack_featured_media_url":"","jetpack_sharing_enabled":true,"jetpack_shortlink":"https:\/\/wp.me\/p5Hg6P-OH","jetpack_likes_enabled":true,"_links":{"self":[{"href":"http:\/\/noviasespana.com\/noviasbaleares\/wp-json\/wp\/v2\/posts\/3143","targetHints":{"allow":["GET"]}}],"collection":[{"href":"http:\/\/noviasespana.com\/noviasbaleares\/wp-json\/wp\/v2\/posts"}],"about":[{"href":"http:\/\/noviasespana.com\/noviasbaleares\/wp-json\/wp\/v2\/types\/post"}],"author":[{"embeddable":true,"href":"http:\/\/noviasespana.com\/noviasbaleares\/wp-json\/wp\/v2\/users\/2"}],"replies":[{"embeddable":true,"href":"http:\/\/noviasespana.com\/noviasbaleares\/wp-json\/wp\/v2\/comments?post=3143"}],"version-history":[{"count":0,"href":"http:\/\/noviasespana.com\/noviasbaleares\/wp-json\/wp\/v2\/posts\/3143\/revisions"}],"wp:attachment":[{"href":"http:\/\/noviasespana.com\/noviasbaleares\/wp-json\/wp\/v2\/media?parent=3143"}],"wp:term":[{"taxonomy":"category","embeddable":true,"href":"http:\/\/noviasespana.com\/noviasbaleares\/wp-json\/wp\/v2\/categories?post=3143"},{"taxonomy":"post_tag","embeddable":true,"href":"http:\/\/noviasespana.com\/noviasbaleares\/wp-json\/wp\/v2\/tags?post=3143"}],"curies":[{"name":"wp","href":"https:\/\/api.w.org\/{rel}","templated":true}]}}