{"id":3139,"date":"2011-05-06T09:32:20","date_gmt":"2011-05-06T07:32:20","guid":{"rendered":"http:\/\/www.diariodeunanovia.com\/blog\/?p=3139"},"modified":"2011-05-06T09:32:20","modified_gmt":"2011-05-06T07:32:20","slug":"cibeles-madrid-novias-2012-dia-1","status":"publish","type":"post","link":"http:\/\/noviasespana.com\/noviasbaleares\/cibeles-madrid-novias-2012-dia-1\/","title":{"rendered":"Cibeles Madrid Novias 2012: d\u00eda 1"},"content":{"rendered":"<p style=\"text-align: justify\">Queridas novias!! La pasarela nupcial Madrile\u00f1a nos present\u00f3 ayer, las tendencias y los modelos que veremos en las novias de 2012. La primera en desfilar, <strong>Ana Torres<\/strong> con su colecci\u00f3n \u00a0\u201cEsencia primaveral\u2019 mostr\u00f3\u00a0vestidos confeccionados en mikados de seda, cuadrill\u00e9, chantill de algod\u00f3n y tules bordados.\u00a0La dise\u00f1adora donostiarra <a href=\"http:\/\/www.vogue.es\/desfiles\/temporada-2012-cibeles-madrid-novias-isabel-zapardiez\/6237\/galeria\/pasarela-4739\/11847\" target=\"_blank\"><strong>Isabel Zapardiez<\/strong> <\/a>\u00a0fue una de las triunfadoras de la jornada gracias a sus <strong>delicados vestidos \u00a0en seda y gasa plisada, rematadas por exquisitas coronas de cristal<\/strong>. Me gustar\u00eda destacar de su colecci\u00f3n \u2018Princesas Zapardiez\u2019 <strong>la gama de mangas<\/strong>, que van desde el tradicional corte asim\u00e9trico, hasta las sinuosas mangas murci\u00e9lago, o los acabados barrocos de las mangas recogidas en la mu\u00f1eca. Isabel Zapardiez se arriesga con propuestas rompedoras como bolsillos o transparencias. <strong>Vestidos solo aptos para una novia que se envuelve con delicadeza pero que ofrece una imagen de fortaleza<\/strong>. Las cinturas se marcan mientras la espalda queda al descubierto, gracias a los juegos de transparencias. La dise\u00f1adora vasca ha optado por incluir peque\u00f1os apliques <strong>vintage<\/strong> y<strong> <\/strong>apuesta por una mezcla de tejidos, gasas, tul de seda, organzas que se combinan con terciopelos, brocados de seda y mikados, dando como resultado una silueta elegante, sensual, delicada y et\u00e9rea.\u00a0 <!--more-->Por su parte, <strong>Charo Peres<\/strong>, ha presentado <strong>una novia cl\u00e1sica<\/strong> <strong>de cortes impecables y faldas tulip\u00e1n y evas\u00e9<\/strong>. El escote palabra de honor o strapless, con ausencia total de mangas y ensalzando la forma del cuello y los hombros, es el verdadero protagonista. Cerr\u00f3 el d\u00eda <a href=\"http:\/\/www.vogue.es\/desfiles\/temporada-2012-cibeles-madrid-novias-hannibal-laguna\/6243\" target=\"_blank\"><strong>Hannibal Laguna<\/strong> <\/a>con \u201cYou\u201d, una colecci\u00f3n femenina y muy elegante. <strong>Novias rom\u00e1nticas y siluetas fr\u00e1giles marca de la casa<\/strong>. Destacan sus cl\u00e1sicos vestidos joya, el juego de texturas y los superpuestos. Un d\u00eda muy intenso que seguro tiene su continuidad hoy. \u00bfQu\u00e9 dise\u00f1ados os ha gustado m\u00e1s?<\/p>\n<p style=\"text-align: justify\">Via: vogue<\/p>\n","protected":false},"excerpt":{"rendered":"<p>Queridas novias!! La pasarela nupcial Madrile\u00f1a nos present\u00f3 ayer, las tendencias y los modelos que veremos en las novias de 2012. La primera en desfilar, Ana Torres con su colecci\u00f3n \u00a0\u201cEsencia primaveral\u2019 mostr\u00f3\u00a0vestidos confeccionados en mikados de seda, cuadrill\u00e9, chantill de algod\u00f3n y tules bordados.\u00a0La dise\u00f1adora donostiarra Isabel Zapardiez \u00a0fue una de las triunfadoras de [&hellip;]<\/p>\n","protected":false},"author":2,"featured_media":0,"comment_status":"open","ping_status":"open","sticky":false,"template":"","format":"standard","meta":{"jetpack_post_was_ever_published":false,"_jetpack_newsletter_access":"","_jetpack_dont_email_post_to_subs":false,"_jetpack_newsletter_tier_id":0,"_jetpack_memberships_contains_paywalled_content":false,"_jetpack_memberships_contains_paid_content":false,"footnotes":""},"categories":[1],"tags":[],"class_list":["post-3139","post","type-post","status-publish","format-standard","hentry","category-novias"],"yoast_head":"<!-- This site is optimized with the Yoast SEO plugin v27.5 - https:\/\/yoast.com\/product\/yoast-seo-wordpress\/ -->\n<title>Cibeles Madrid Novias 2012: d\u00eda 1 - Novias Baleares<\/title>\n<meta name=\"robots\" content=\"index, follow, max-snippet:-1, max-image-preview:large, max-video-preview:-1\" \/>\n<link rel=\"canonical\" href=\"http:\/\/noviasespana.com\/noviasbaleares\/cibeles-madrid-novias-2012-dia-1\/\" \/>\n<meta property=\"og:locale\" content=\"es_ES\" \/>\n<meta property=\"og:type\" content=\"article\" \/>\n<meta property=\"og:title\" content=\"Cibeles Madrid Novias 2012: d\u00eda 1 - Novias Baleares\" \/>\n<meta property=\"og:description\" content=\"Queridas novias!! La pasarela nupcial Madrile\u00f1a nos present\u00f3 ayer, las tendencias y los modelos que veremos en las novias de 2012. La primera en desfilar, Ana Torres con su colecci\u00f3n \u00a0\u201cEsencia primaveral\u2019 mostr\u00f3\u00a0vestidos confeccionados en mikados de seda, cuadrill\u00e9, chantill de algod\u00f3n y tules bordados.\u00a0La dise\u00f1adora donostiarra Isabel Zapardiez \u00a0fue una de las triunfadoras de [&hellip;]\" \/>\n<meta property=\"og:url\" content=\"http:\/\/noviasespana.com\/noviasbaleares\/cibeles-madrid-novias-2012-dia-1\/\" \/>\n<meta property=\"og:site_name\" content=\"Novias Baleares\" \/>\n<meta property=\"article:published_time\" content=\"2011-05-06T07:32:20+00:00\" \/>\n<meta name=\"author\" content=\"admin\" \/>\n<meta name=\"twitter:label1\" content=\"Escrito por\" \/>\n\t<meta name=\"twitter:data1\" content=\"admin\" \/>\n\t<meta name=\"twitter:label2\" content=\"Tiempo de lectura\" \/>\n\t<meta name=\"twitter:data2\" content=\"2 minutos\" \/>\n<script type=\"application\/ld+json\" class=\"yoast-schema-graph\">{\"@context\":\"https:\\\/\\\/schema.org\",\"@graph\":[{\"@type\":\"Article\",\"@id\":\"http:\\\/\\\/noviasespana.com\\\/noviasbaleares\\\/cibeles-madrid-novias-2012-dia-1\\\/#article\",\"isPartOf\":{\"@id\":\"http:\\\/\\\/noviasespana.com\\\/noviasbaleares\\\/cibeles-madrid-novias-2012-dia-1\\\/\"},\"author\":{\"name\":\"admin\",\"@id\":\"http:\\\/\\\/noviasespana.com\\\/noviasbaleares\\\/#\\\/schema\\\/person\\\/82ff6e303fad28e4da623aa4d27969ed\"},\"headline\":\"Cibeles Madrid Novias 2012: d\u00eda 1\",\"datePublished\":\"2011-05-06T07:32:20+00:00\",\"mainEntityOfPage\":{\"@id\":\"http:\\\/\\\/noviasespana.com\\\/noviasbaleares\\\/cibeles-madrid-novias-2012-dia-1\\\/\"},\"wordCount\":318,\"commentCount\":0,\"articleSection\":[\"novias\"],\"inLanguage\":\"es\",\"potentialAction\":[{\"@type\":\"CommentAction\",\"name\":\"Comment\",\"target\":[\"http:\\\/\\\/noviasespana.com\\\/noviasbaleares\\\/cibeles-madrid-novias-2012-dia-1\\\/#respond\"]}]},{\"@type\":\"WebPage\",\"@id\":\"http:\\\/\\\/noviasespana.com\\\/noviasbaleares\\\/cibeles-madrid-novias-2012-dia-1\\\/\",\"url\":\"http:\\\/\\\/noviasespana.com\\\/noviasbaleares\\\/cibeles-madrid-novias-2012-dia-1\\\/\",\"name\":\"Cibeles Madrid Novias 2012: d\u00eda 1 - Novias Baleares\",\"isPartOf\":{\"@id\":\"http:\\\/\\\/noviasespana.com\\\/noviasbaleares\\\/#website\"},\"datePublished\":\"2011-05-06T07:32:20+00:00\",\"author\":{\"@id\":\"http:\\\/\\\/noviasespana.com\\\/noviasbaleares\\\/#\\\/schema\\\/person\\\/82ff6e303fad28e4da623aa4d27969ed\"},\"breadcrumb\":{\"@id\":\"http:\\\/\\\/noviasespana.com\\\/noviasbaleares\\\/cibeles-madrid-novias-2012-dia-1\\\/#breadcrumb\"},\"inLanguage\":\"es\",\"potentialAction\":[{\"@type\":\"ReadAction\",\"target\":[\"http:\\\/\\\/noviasespana.com\\\/noviasbaleares\\\/cibeles-madrid-novias-2012-dia-1\\\/\"]}]},{\"@type\":\"BreadcrumbList\",\"@id\":\"http:\\\/\\\/noviasespana.com\\\/noviasbaleares\\\/cibeles-madrid-novias-2012-dia-1\\\/#breadcrumb\",\"itemListElement\":[{\"@type\":\"ListItem\",\"position\":1,\"name\":\"Portada\",\"item\":\"http:\\\/\\\/noviasespana.com\\\/noviasbaleares\\\/\"},{\"@type\":\"ListItem\",\"position\":2,\"name\":\"Cibeles Madrid Novias 2012: d\u00eda 1\"}]},{\"@type\":\"WebSite\",\"@id\":\"http:\\\/\\\/noviasespana.com\\\/noviasbaleares\\\/#website\",\"url\":\"http:\\\/\\\/noviasespana.com\\\/noviasbaleares\\\/\",\"name\":\"Novias Baleares\",\"description\":\"Revista de novias\",\"potentialAction\":[{\"@type\":\"SearchAction\",\"target\":{\"@type\":\"EntryPoint\",\"urlTemplate\":\"http:\\\/\\\/noviasespana.com\\\/noviasbaleares\\\/?s={search_term_string}\"},\"query-input\":{\"@type\":\"PropertyValueSpecification\",\"valueRequired\":true,\"valueName\":\"search_term_string\"}}],\"inLanguage\":\"es\"},{\"@type\":\"Person\",\"@id\":\"http:\\\/\\\/noviasespana.com\\\/noviasbaleares\\\/#\\\/schema\\\/person\\\/82ff6e303fad28e4da623aa4d27969ed\",\"name\":\"admin\",\"image\":{\"@type\":\"ImageObject\",\"inLanguage\":\"es\",\"@id\":\"https:\\\/\\\/secure.gravatar.com\\\/avatar\\\/0f45231fddfb43fcbd0cdde4582a3580baf474d75fca7d494b42ff86847de871?s=96&d=mm&r=g\",\"url\":\"https:\\\/\\\/secure.gravatar.com\\\/avatar\\\/0f45231fddfb43fcbd0cdde4582a3580baf474d75fca7d494b42ff86847de871?s=96&d=mm&r=g\",\"contentUrl\":\"https:\\\/\\\/secure.gravatar.com\\\/avatar\\\/0f45231fddfb43fcbd0cdde4582a3580baf474d75fca7d494b42ff86847de871?s=96&d=mm&r=g\",\"caption\":\"admin\"},\"url\":\"http:\\\/\\\/noviasespana.com\\\/noviasbaleares\\\/author\\\/admin\\\/\"}]}<\/script>\n<!-- \/ Yoast SEO plugin. -->","yoast_head_json":{"title":"Cibeles Madrid Novias 2012: d\u00eda 1 - Novias Baleares","robots":{"index":"index","follow":"follow","max-snippet":"max-snippet:-1","max-image-preview":"max-image-preview:large","max-video-preview":"max-video-preview:-1"},"canonical":"http:\/\/noviasespana.com\/noviasbaleares\/cibeles-madrid-novias-2012-dia-1\/","og_locale":"es_ES","og_type":"article","og_title":"Cibeles Madrid Novias 2012: d\u00eda 1 - Novias Baleares","og_description":"Queridas novias!! La pasarela nupcial Madrile\u00f1a nos present\u00f3 ayer, las tendencias y los modelos que veremos en las novias de 2012. La primera en desfilar, Ana Torres con su colecci\u00f3n \u00a0\u201cEsencia primaveral\u2019 mostr\u00f3\u00a0vestidos confeccionados en mikados de seda, cuadrill\u00e9, chantill de algod\u00f3n y tules bordados.\u00a0La dise\u00f1adora donostiarra Isabel Zapardiez \u00a0fue una de las triunfadoras de [&hellip;]","og_url":"http:\/\/noviasespana.com\/noviasbaleares\/cibeles-madrid-novias-2012-dia-1\/","og_site_name":"Novias Baleares","article_published_time":"2011-05-06T07:32:20+00:00","author":"admin","twitter_misc":{"Escrito por":"admin","Tiempo de lectura":"2 minutos"},"schema":{"@context":"https:\/\/schema.org","@graph":[{"@type":"Article","@id":"http:\/\/noviasespana.com\/noviasbaleares\/cibeles-madrid-novias-2012-dia-1\/#article","isPartOf":{"@id":"http:\/\/noviasespana.com\/noviasbaleares\/cibeles-madrid-novias-2012-dia-1\/"},"author":{"name":"admin","@id":"http:\/\/noviasespana.com\/noviasbaleares\/#\/schema\/person\/82ff6e303fad28e4da623aa4d27969ed"},"headline":"Cibeles Madrid Novias 2012: d\u00eda 1","datePublished":"2011-05-06T07:32:20+00:00","mainEntityOfPage":{"@id":"http:\/\/noviasespana.com\/noviasbaleares\/cibeles-madrid-novias-2012-dia-1\/"},"wordCount":318,"commentCount":0,"articleSection":["novias"],"inLanguage":"es","potentialAction":[{"@type":"CommentAction","name":"Comment","target":["http:\/\/noviasespana.com\/noviasbaleares\/cibeles-madrid-novias-2012-dia-1\/#respond"]}]},{"@type":"WebPage","@id":"http:\/\/noviasespana.com\/noviasbaleares\/cibeles-madrid-novias-2012-dia-1\/","url":"http:\/\/noviasespana.com\/noviasbaleares\/cibeles-madrid-novias-2012-dia-1\/","name":"Cibeles Madrid Novias 2012: d\u00eda 1 - Novias Baleares","isPartOf":{"@id":"http:\/\/noviasespana.com\/noviasbaleares\/#website"},"datePublished":"2011-05-06T07:32:20+00:00","author":{"@id":"http:\/\/noviasespana.com\/noviasbaleares\/#\/schema\/person\/82ff6e303fad28e4da623aa4d27969ed"},"breadcrumb":{"@id":"http:\/\/noviasespana.com\/noviasbaleares\/cibeles-madrid-novias-2012-dia-1\/#breadcrumb"},"inLanguage":"es","potentialAction":[{"@type":"ReadAction","target":["http:\/\/noviasespana.com\/noviasbaleares\/cibeles-madrid-novias-2012-dia-1\/"]}]},{"@type":"BreadcrumbList","@id":"http:\/\/noviasespana.com\/noviasbaleares\/cibeles-madrid-novias-2012-dia-1\/#breadcrumb","itemListElement":[{"@type":"ListItem","position":1,"name":"Portada","item":"http:\/\/noviasespana.com\/noviasbaleares\/"},{"@type":"ListItem","position":2,"name":"Cibeles Madrid Novias 2012: d\u00eda 1"}]},{"@type":"WebSite","@id":"http:\/\/noviasespana.com\/noviasbaleares\/#website","url":"http:\/\/noviasespana.com\/noviasbaleares\/","name":"Novias Baleares","description":"Revista de novias","potentialAction":[{"@type":"SearchAction","target":{"@type":"EntryPoint","urlTemplate":"http:\/\/noviasespana.com\/noviasbaleares\/?s={search_term_string}"},"query-input":{"@type":"PropertyValueSpecification","valueRequired":true,"valueName":"search_term_string"}}],"inLanguage":"es"},{"@type":"Person","@id":"http:\/\/noviasespana.com\/noviasbaleares\/#\/schema\/person\/82ff6e303fad28e4da623aa4d27969ed","name":"admin","image":{"@type":"ImageObject","inLanguage":"es","@id":"https:\/\/secure.gravatar.com\/avatar\/0f45231fddfb43fcbd0cdde4582a3580baf474d75fca7d494b42ff86847de871?s=96&d=mm&r=g","url":"https:\/\/secure.gravatar.com\/avatar\/0f45231fddfb43fcbd0cdde4582a3580baf474d75fca7d494b42ff86847de871?s=96&d=mm&r=g","contentUrl":"https:\/\/secure.gravatar.com\/avatar\/0f45231fddfb43fcbd0cdde4582a3580baf474d75fca7d494b42ff86847de871?s=96&d=mm&r=g","caption":"admin"},"url":"http:\/\/noviasespana.com\/noviasbaleares\/author\/admin\/"}]}},"jetpack_featured_media_url":"","jetpack_sharing_enabled":true,"jetpack_shortlink":"https:\/\/wp.me\/p5Hg6P-OD","jetpack_likes_enabled":true,"_links":{"self":[{"href":"http:\/\/noviasespana.com\/noviasbaleares\/wp-json\/wp\/v2\/posts\/3139","targetHints":{"allow":["GET"]}}],"collection":[{"href":"http:\/\/noviasespana.com\/noviasbaleares\/wp-json\/wp\/v2\/posts"}],"about":[{"href":"http:\/\/noviasespana.com\/noviasbaleares\/wp-json\/wp\/v2\/types\/post"}],"author":[{"embeddable":true,"href":"http:\/\/noviasespana.com\/noviasbaleares\/wp-json\/wp\/v2\/users\/2"}],"replies":[{"embeddable":true,"href":"http:\/\/noviasespana.com\/noviasbaleares\/wp-json\/wp\/v2\/comments?post=3139"}],"version-history":[{"count":0,"href":"http:\/\/noviasespana.com\/noviasbaleares\/wp-json\/wp\/v2\/posts\/3139\/revisions"}],"wp:attachment":[{"href":"http:\/\/noviasespana.com\/noviasbaleares\/wp-json\/wp\/v2\/media?parent=3139"}],"wp:term":[{"taxonomy":"category","embeddable":true,"href":"http:\/\/noviasespana.com\/noviasbaleares\/wp-json\/wp\/v2\/categories?post=3139"},{"taxonomy":"post_tag","embeddable":true,"href":"http:\/\/noviasespana.com\/noviasbaleares\/wp-json\/wp\/v2\/tags?post=3139"}],"curies":[{"name":"wp","href":"https:\/\/api.w.org\/{rel}","templated":true}]}}