{"id":3120,"date":"2011-05-03T09:00:07","date_gmt":"2011-05-03T07:00:07","guid":{"rendered":"http:\/\/www.diariodeunanovia.com\/blog\/?p=3120"},"modified":"2011-05-03T09:00:07","modified_gmt":"2011-05-03T07:00:07","slug":"boda-real-la-cronica","status":"publish","type":"post","link":"http:\/\/noviasespana.com\/noviasbaleares\/boda-real-la-cronica\/","title":{"rendered":"Boda real: La cr\u00f3nica"},"content":{"rendered":"<p>Queridas novias!!! Hoy quer\u00eda hacer un post que NO hablara sobre la boda real, pero tengo tantas cosas que comentar, que no puedo resistirme. Desde las <a href=\"http:\/\/www.flickr.com\/photos\/britishmonarchy\/sets\/72157626613171058\/\" target=\"_blank\"><strong>fotos oficiales de la boda<\/strong> <\/a><strong>,<\/strong> que os aconsejo visitar para poder disfrutar de los maravillosos detalles del vestido, hasta <strong>los tocados<\/strong> de las invitadas, la cena pre-boda, los coches, la decoraci\u00f3n de la iglesia, la tarta\u2026 En fin, <strong>una boda as\u00ed da para mucho y marcar\u00e1 las tendencias en moda nupcial para una temporada<\/strong>. Y es que <strong>fue un festival de vestidos, zapatos y bolsos<\/strong> <strong>pero sobre todo de sombreros y tocados<\/strong>, algunos discretos y elegantes como el de <a href=\"http:\/\/www.wireimage.com\/GalleryListing.asp?str=7904&amp;nm=Victoria+Beckham&amp;c4nvi=3&amp;navtyp=CLB&amp;styp=clbi&amp;evntI=3995\" target=\"_blank\"><strong>Victoria Beckham<\/strong> <\/a>de Philip Trasy, otros m\u00e1s osados como el de la princesa <strong><a href=\"http:\/\/www.wireimage.com\/GalleryListing.asp?navtyp=CLB&amp;str=28841&amp;sfld=&amp;styp=clbi&amp;nvc=&amp;nvv=&amp;nm=Princess+Beatrice&amp;evntI=3995\" target=\"_blank\">Beatriz de York<\/a><\/strong>,\u00a0 un tocado r\u00edgido de figuras geom\u00e9tricas tambi\u00e9n de Philip Treacy, pero todos divertidos y muy elegantes. <!--more-->Entre las invitadas m\u00e1s sofisticadas la presentadoras brit\u00e1nica <a href=\"http:\/\/www.wireimage.com\/GalleryListing.asp?navtyp=CLB&amp;str=9956&amp;sfld=&amp;styp=clbi&amp;nvc=&amp;nvv=&amp;nm=Tara+Palmer%2DTomkinson&amp;evntI=3995\" target=\"_blank\"><strong>Tara Palmer-Tomkinson<\/strong> <\/a>con un espectacular vestido azul el\u00e9ctrico con zapatos y complementos del mismo color.\u00a0 La m\u00e1s diferente <strong><a href=\"http:\/\/www.wireimage.com\/SearchResults.aspx?igi=495499&amp;s=miriam gonzalez&amp;sfld=C&amp;vwmd=e\" target=\"_blank\">Miriam Gonz\u00e1lez<\/a><\/strong>, esposa del vice-primer ministro Nick Clegg con un dise\u00f1o de Miguel Palacio y con un tocado naranja a modo de turbante firmado por Conchitta. Sobre el look de la<strong> <\/strong><a href=\"http:\/\/www.wireimage.com\/SearchResults.aspx?igi=495499&amp;s=letizia&amp;sfld=C&amp;vwmd=e\" target=\"_blank\"><strong>princesa Leizia<\/strong> <\/a>ya se han escrito cientos de miles de comentarios, el m\u00edo, un conjunto muy bonito y correcto de inspiraci\u00f3n a\u00f1os 20, pero el sombrero, aunque me gusta lo veo sosito para una ocasi\u00f3n como esta. <strong>Entre los invitados masculinos merece un comentario <\/strong><a href=\"http:\/\/www.wireimage.com\/GalleryListing.asp?str=5505&amp;nm=David+Beckham&amp;c4nvi=3&amp;navtyp=CLB&amp;styp=clbi&amp;evntI=3995\" target=\"_blank\"><strong>David Beckham<\/strong><\/a><strong>, tan guapo como siempre lucio un chaqu\u00e9 y con chistera muy elegante de Ralph Lauren<\/strong>. \u00a0Por \u00faltimo una de las cosas que m\u00e1s me gusto de la boda los novios conduciendo el <a href=\"http:\/\/www.wireimage.com\/SearchResults.aspx?igi=495649&amp;s=aston martin&amp;sfld=C&amp;vwmd=e\" target=\"_blank\">Aston Martin <\/a>del pr\u00edncipe de Gales adornado con globos. \u00bfQu\u00e9 fue lo que m\u00e1s os gusto de la boda real?<\/p>\n","protected":false},"excerpt":{"rendered":"<p>Queridas novias!!! Hoy quer\u00eda hacer un post que NO hablara sobre la boda real, pero tengo tantas cosas que comentar, que no puedo resistirme. Desde las fotos oficiales de la boda , que os aconsejo visitar para poder disfrutar de los maravillosos detalles del vestido, hasta los tocados de las invitadas, la cena pre-boda, los [&hellip;]<\/p>\n","protected":false},"author":2,"featured_media":0,"comment_status":"open","ping_status":"open","sticky":false,"template":"","format":"standard","meta":{"jetpack_post_was_ever_published":false,"_jetpack_newsletter_access":"","_jetpack_dont_email_post_to_subs":false,"_jetpack_newsletter_tier_id":0,"_jetpack_memberships_contains_paywalled_content":false,"_jetpack_memberships_contains_paid_content":false,"footnotes":""},"categories":[1],"tags":[],"class_list":["post-3120","post","type-post","status-publish","format-standard","hentry","category-novias"],"yoast_head":"<!-- This site is optimized with the Yoast SEO plugin v27.5 - https:\/\/yoast.com\/product\/yoast-seo-wordpress\/ -->\n<title>Boda real: La cr\u00f3nica - Novias Baleares<\/title>\n<meta name=\"robots\" content=\"index, follow, max-snippet:-1, max-image-preview:large, max-video-preview:-1\" \/>\n<link rel=\"canonical\" href=\"http:\/\/noviasespana.com\/noviasbaleares\/boda-real-la-cronica\/\" \/>\n<meta property=\"og:locale\" content=\"es_ES\" \/>\n<meta property=\"og:type\" content=\"article\" \/>\n<meta property=\"og:title\" content=\"Boda real: La cr\u00f3nica - Novias Baleares\" \/>\n<meta property=\"og:description\" content=\"Queridas novias!!! Hoy quer\u00eda hacer un post que NO hablara sobre la boda real, pero tengo tantas cosas que comentar, que no puedo resistirme. Desde las fotos oficiales de la boda , que os aconsejo visitar para poder disfrutar de los maravillosos detalles del vestido, hasta los tocados de las invitadas, la cena pre-boda, los [&hellip;]\" \/>\n<meta property=\"og:url\" content=\"http:\/\/noviasespana.com\/noviasbaleares\/boda-real-la-cronica\/\" \/>\n<meta property=\"og:site_name\" content=\"Novias Baleares\" \/>\n<meta property=\"article:published_time\" content=\"2011-05-03T07:00:07+00:00\" \/>\n<meta name=\"author\" content=\"admin\" \/>\n<meta name=\"twitter:label1\" content=\"Escrito por\" \/>\n\t<meta name=\"twitter:data1\" content=\"admin\" \/>\n\t<meta name=\"twitter:label2\" content=\"Tiempo de lectura\" \/>\n\t<meta name=\"twitter:data2\" content=\"2 minutos\" \/>\n<script type=\"application\/ld+json\" class=\"yoast-schema-graph\">{\"@context\":\"https:\\\/\\\/schema.org\",\"@graph\":[{\"@type\":\"Article\",\"@id\":\"http:\\\/\\\/noviasespana.com\\\/noviasbaleares\\\/boda-real-la-cronica\\\/#article\",\"isPartOf\":{\"@id\":\"http:\\\/\\\/noviasespana.com\\\/noviasbaleares\\\/boda-real-la-cronica\\\/\"},\"author\":{\"name\":\"admin\",\"@id\":\"http:\\\/\\\/noviasespana.com\\\/noviasbaleares\\\/#\\\/schema\\\/person\\\/82ff6e303fad28e4da623aa4d27969ed\"},\"headline\":\"Boda real: La cr\u00f3nica\",\"datePublished\":\"2011-05-03T07:00:07+00:00\",\"mainEntityOfPage\":{\"@id\":\"http:\\\/\\\/noviasespana.com\\\/noviasbaleares\\\/boda-real-la-cronica\\\/\"},\"wordCount\":315,\"commentCount\":0,\"articleSection\":[\"novias\"],\"inLanguage\":\"es\",\"potentialAction\":[{\"@type\":\"CommentAction\",\"name\":\"Comment\",\"target\":[\"http:\\\/\\\/noviasespana.com\\\/noviasbaleares\\\/boda-real-la-cronica\\\/#respond\"]}]},{\"@type\":\"WebPage\",\"@id\":\"http:\\\/\\\/noviasespana.com\\\/noviasbaleares\\\/boda-real-la-cronica\\\/\",\"url\":\"http:\\\/\\\/noviasespana.com\\\/noviasbaleares\\\/boda-real-la-cronica\\\/\",\"name\":\"Boda real: La cr\u00f3nica - Novias Baleares\",\"isPartOf\":{\"@id\":\"http:\\\/\\\/noviasespana.com\\\/noviasbaleares\\\/#website\"},\"datePublished\":\"2011-05-03T07:00:07+00:00\",\"author\":{\"@id\":\"http:\\\/\\\/noviasespana.com\\\/noviasbaleares\\\/#\\\/schema\\\/person\\\/82ff6e303fad28e4da623aa4d27969ed\"},\"breadcrumb\":{\"@id\":\"http:\\\/\\\/noviasespana.com\\\/noviasbaleares\\\/boda-real-la-cronica\\\/#breadcrumb\"},\"inLanguage\":\"es\",\"potentialAction\":[{\"@type\":\"ReadAction\",\"target\":[\"http:\\\/\\\/noviasespana.com\\\/noviasbaleares\\\/boda-real-la-cronica\\\/\"]}]},{\"@type\":\"BreadcrumbList\",\"@id\":\"http:\\\/\\\/noviasespana.com\\\/noviasbaleares\\\/boda-real-la-cronica\\\/#breadcrumb\",\"itemListElement\":[{\"@type\":\"ListItem\",\"position\":1,\"name\":\"Portada\",\"item\":\"http:\\\/\\\/noviasespana.com\\\/noviasbaleares\\\/\"},{\"@type\":\"ListItem\",\"position\":2,\"name\":\"Boda real: La cr\u00f3nica\"}]},{\"@type\":\"WebSite\",\"@id\":\"http:\\\/\\\/noviasespana.com\\\/noviasbaleares\\\/#website\",\"url\":\"http:\\\/\\\/noviasespana.com\\\/noviasbaleares\\\/\",\"name\":\"Novias Baleares\",\"description\":\"Revista de novias\",\"potentialAction\":[{\"@type\":\"SearchAction\",\"target\":{\"@type\":\"EntryPoint\",\"urlTemplate\":\"http:\\\/\\\/noviasespana.com\\\/noviasbaleares\\\/?s={search_term_string}\"},\"query-input\":{\"@type\":\"PropertyValueSpecification\",\"valueRequired\":true,\"valueName\":\"search_term_string\"}}],\"inLanguage\":\"es\"},{\"@type\":\"Person\",\"@id\":\"http:\\\/\\\/noviasespana.com\\\/noviasbaleares\\\/#\\\/schema\\\/person\\\/82ff6e303fad28e4da623aa4d27969ed\",\"name\":\"admin\",\"image\":{\"@type\":\"ImageObject\",\"inLanguage\":\"es\",\"@id\":\"https:\\\/\\\/secure.gravatar.com\\\/avatar\\\/0f45231fddfb43fcbd0cdde4582a3580baf474d75fca7d494b42ff86847de871?s=96&d=mm&r=g\",\"url\":\"https:\\\/\\\/secure.gravatar.com\\\/avatar\\\/0f45231fddfb43fcbd0cdde4582a3580baf474d75fca7d494b42ff86847de871?s=96&d=mm&r=g\",\"contentUrl\":\"https:\\\/\\\/secure.gravatar.com\\\/avatar\\\/0f45231fddfb43fcbd0cdde4582a3580baf474d75fca7d494b42ff86847de871?s=96&d=mm&r=g\",\"caption\":\"admin\"},\"url\":\"http:\\\/\\\/noviasespana.com\\\/noviasbaleares\\\/author\\\/admin\\\/\"}]}<\/script>\n<!-- \/ Yoast SEO plugin. -->","yoast_head_json":{"title":"Boda real: La cr\u00f3nica - Novias Baleares","robots":{"index":"index","follow":"follow","max-snippet":"max-snippet:-1","max-image-preview":"max-image-preview:large","max-video-preview":"max-video-preview:-1"},"canonical":"http:\/\/noviasespana.com\/noviasbaleares\/boda-real-la-cronica\/","og_locale":"es_ES","og_type":"article","og_title":"Boda real: La cr\u00f3nica - Novias Baleares","og_description":"Queridas novias!!! Hoy quer\u00eda hacer un post que NO hablara sobre la boda real, pero tengo tantas cosas que comentar, que no puedo resistirme. Desde las fotos oficiales de la boda , que os aconsejo visitar para poder disfrutar de los maravillosos detalles del vestido, hasta los tocados de las invitadas, la cena pre-boda, los [&hellip;]","og_url":"http:\/\/noviasespana.com\/noviasbaleares\/boda-real-la-cronica\/","og_site_name":"Novias Baleares","article_published_time":"2011-05-03T07:00:07+00:00","author":"admin","twitter_misc":{"Escrito por":"admin","Tiempo de lectura":"2 minutos"},"schema":{"@context":"https:\/\/schema.org","@graph":[{"@type":"Article","@id":"http:\/\/noviasespana.com\/noviasbaleares\/boda-real-la-cronica\/#article","isPartOf":{"@id":"http:\/\/noviasespana.com\/noviasbaleares\/boda-real-la-cronica\/"},"author":{"name":"admin","@id":"http:\/\/noviasespana.com\/noviasbaleares\/#\/schema\/person\/82ff6e303fad28e4da623aa4d27969ed"},"headline":"Boda real: La cr\u00f3nica","datePublished":"2011-05-03T07:00:07+00:00","mainEntityOfPage":{"@id":"http:\/\/noviasespana.com\/noviasbaleares\/boda-real-la-cronica\/"},"wordCount":315,"commentCount":0,"articleSection":["novias"],"inLanguage":"es","potentialAction":[{"@type":"CommentAction","name":"Comment","target":["http:\/\/noviasespana.com\/noviasbaleares\/boda-real-la-cronica\/#respond"]}]},{"@type":"WebPage","@id":"http:\/\/noviasespana.com\/noviasbaleares\/boda-real-la-cronica\/","url":"http:\/\/noviasespana.com\/noviasbaleares\/boda-real-la-cronica\/","name":"Boda real: La cr\u00f3nica - Novias Baleares","isPartOf":{"@id":"http:\/\/noviasespana.com\/noviasbaleares\/#website"},"datePublished":"2011-05-03T07:00:07+00:00","author":{"@id":"http:\/\/noviasespana.com\/noviasbaleares\/#\/schema\/person\/82ff6e303fad28e4da623aa4d27969ed"},"breadcrumb":{"@id":"http:\/\/noviasespana.com\/noviasbaleares\/boda-real-la-cronica\/#breadcrumb"},"inLanguage":"es","potentialAction":[{"@type":"ReadAction","target":["http:\/\/noviasespana.com\/noviasbaleares\/boda-real-la-cronica\/"]}]},{"@type":"BreadcrumbList","@id":"http:\/\/noviasespana.com\/noviasbaleares\/boda-real-la-cronica\/#breadcrumb","itemListElement":[{"@type":"ListItem","position":1,"name":"Portada","item":"http:\/\/noviasespana.com\/noviasbaleares\/"},{"@type":"ListItem","position":2,"name":"Boda real: La cr\u00f3nica"}]},{"@type":"WebSite","@id":"http:\/\/noviasespana.com\/noviasbaleares\/#website","url":"http:\/\/noviasespana.com\/noviasbaleares\/","name":"Novias Baleares","description":"Revista de novias","potentialAction":[{"@type":"SearchAction","target":{"@type":"EntryPoint","urlTemplate":"http:\/\/noviasespana.com\/noviasbaleares\/?s={search_term_string}"},"query-input":{"@type":"PropertyValueSpecification","valueRequired":true,"valueName":"search_term_string"}}],"inLanguage":"es"},{"@type":"Person","@id":"http:\/\/noviasespana.com\/noviasbaleares\/#\/schema\/person\/82ff6e303fad28e4da623aa4d27969ed","name":"admin","image":{"@type":"ImageObject","inLanguage":"es","@id":"https:\/\/secure.gravatar.com\/avatar\/0f45231fddfb43fcbd0cdde4582a3580baf474d75fca7d494b42ff86847de871?s=96&d=mm&r=g","url":"https:\/\/secure.gravatar.com\/avatar\/0f45231fddfb43fcbd0cdde4582a3580baf474d75fca7d494b42ff86847de871?s=96&d=mm&r=g","contentUrl":"https:\/\/secure.gravatar.com\/avatar\/0f45231fddfb43fcbd0cdde4582a3580baf474d75fca7d494b42ff86847de871?s=96&d=mm&r=g","caption":"admin"},"url":"http:\/\/noviasespana.com\/noviasbaleares\/author\/admin\/"}]}},"jetpack_featured_media_url":"","jetpack_sharing_enabled":true,"jetpack_shortlink":"https:\/\/wp.me\/p5Hg6P-Ok","jetpack_likes_enabled":true,"_links":{"self":[{"href":"http:\/\/noviasespana.com\/noviasbaleares\/wp-json\/wp\/v2\/posts\/3120","targetHints":{"allow":["GET"]}}],"collection":[{"href":"http:\/\/noviasespana.com\/noviasbaleares\/wp-json\/wp\/v2\/posts"}],"about":[{"href":"http:\/\/noviasespana.com\/noviasbaleares\/wp-json\/wp\/v2\/types\/post"}],"author":[{"embeddable":true,"href":"http:\/\/noviasespana.com\/noviasbaleares\/wp-json\/wp\/v2\/users\/2"}],"replies":[{"embeddable":true,"href":"http:\/\/noviasespana.com\/noviasbaleares\/wp-json\/wp\/v2\/comments?post=3120"}],"version-history":[{"count":0,"href":"http:\/\/noviasespana.com\/noviasbaleares\/wp-json\/wp\/v2\/posts\/3120\/revisions"}],"wp:attachment":[{"href":"http:\/\/noviasespana.com\/noviasbaleares\/wp-json\/wp\/v2\/media?parent=3120"}],"wp:term":[{"taxonomy":"category","embeddable":true,"href":"http:\/\/noviasespana.com\/noviasbaleares\/wp-json\/wp\/v2\/categories?post=3120"},{"taxonomy":"post_tag","embeddable":true,"href":"http:\/\/noviasespana.com\/noviasbaleares\/wp-json\/wp\/v2\/tags?post=3120"}],"curies":[{"name":"wp","href":"https:\/\/api.w.org\/{rel}","templated":true}]}}