{"id":3092,"date":"2011-04-20T09:00:14","date_gmt":"2011-04-20T07:00:14","guid":{"rendered":"http:\/\/www.diariodeunanovia.com\/blog\/?p=3092"},"modified":"2011-04-20T09:00:14","modified_gmt":"2011-04-20T07:00:14","slug":"novias-vestidas-por-miguel-palacios","status":"publish","type":"post","link":"http:\/\/noviasespana.com\/noviasbaleares\/novias-vestidas-por-miguel-palacios\/","title":{"rendered":"Novias vestidas por Miguel Palacios"},"content":{"rendered":"<p style=\"text-align: justify\">Queridas novias!! No puedo dejar de comentar el maravilloso vestido firmado por <a href=\"http:\/\/www.fashionfromspain.com\/icex\/cda\/controller\/pageGen\/0,3346,1559872_5539500_5532808_4234010_1,00.html#\" target=\"_blank\">Miguel Palacio <\/a>que luci\u00f3 este fin de semana <a href=\"http:\/\/www.hola.com\/famosos\/2011041752126\/boda\/eugenia\/ortiz\/1\/\" target=\"_blank\">Eugenia Oritz<\/a>, la hija de Bertin Osborne en su boda en Jerez. Un <strong>original y vaporoso dise\u00f1o que combin\u00f3 con un rom\u00e1ntico recogido decorado con\u00a0flores de plata y un sencillo ramo de peonias. Un estilo de novia totalmente diferente a lo que solemos ver y con un cierto aire romano.<\/strong> Lo que m\u00e1s me gusta es <strong>el tul\u00a0 que deja al descubierto un hombro y cubre el otro formando un poco de manga y cayendo por la espalda<\/strong>. <!--more-->Otra maravillosa novia de Miguel Palacio fue por ejemplo, <a href=\"http:\/\/www.hola.com\/famosos\/2004092031315\/famosos\/vestido\/laura\/1\/\" target=\"_blank\">Laura Ponte <\/a>que pasaba por el altar en 2004 con un <strong>sencillo y recatado modelo de inspiraci\u00f3n a\u00f1os 30 en perfecta consonancia con su estilo retro, que creo tendencia.<\/strong> <strong>Lo m\u00e1s espectacular, el cord\u00f3n en pailletes que rodeaba la cadera de la modelo, casi a modo de cintur\u00f3n, y recorr\u00eda la espalda hasta formar una lazada, y la forma c\u00f3mo Laura se coloc\u00f3 la tiara, lo que dio al look el toque definitivo a\u00f1os 30<\/strong>.\u00a0<a href=\"http:\/\/fashionassistance.blogspot.es\/1193052120\/\" target=\"_blank\">Rosario Domecq <\/a>tambi\u00e9n se visti\u00f3 de Miguel Palacio el d\u00eda de su boda, y se present\u00f3 ante sus invitados con un <strong>dise\u00f1o de seda color blanco roto con una falda de mucho volumen y un volante drapeado en el bajo. Llamaba la atenci\u00f3n su cintura, realzada con un cintur\u00f3n de pasamaner\u00eda y de la que brotaba una gran lazada que ascend\u00eda por la espalda hasta llegar al hombro<\/strong>. Uno de los complementos m\u00e1s llamativos de la novia fue la diadema\u00a0 de brillantes y perlas. En sus dise\u00f1os nupciales<strong> el dise\u00f1ador bilba\u00edno \u00a0insiste en que el vestido de novia debe reflejar el estilo de cada mujer, ese d\u00eda hay que ser coherente con una misma y no disfrazarse de otra persona. <\/strong>El precio de estos dise\u00f1os rondan los 7.500 euros, por si hay alguna interesada.<\/p>\n<p style=\"text-align: justify\">\u00a0<\/p>\n<p style=\"text-align: justify\">\u00a0<\/p>\n","protected":false},"excerpt":{"rendered":"<p>Queridas novias!! No puedo dejar de comentar el maravilloso vestido firmado por Miguel Palacio que luci\u00f3 este fin de semana Eugenia Oritz, la hija de Bertin Osborne en su boda en Jerez. Un original y vaporoso dise\u00f1o que combin\u00f3 con un rom\u00e1ntico recogido decorado con\u00a0flores de plata y un sencillo ramo de peonias. Un estilo [&hellip;]<\/p>\n","protected":false},"author":2,"featured_media":0,"comment_status":"open","ping_status":"open","sticky":false,"template":"","format":"standard","meta":{"jetpack_post_was_ever_published":false,"_jetpack_newsletter_access":"","_jetpack_dont_email_post_to_subs":false,"_jetpack_newsletter_tier_id":0,"_jetpack_memberships_contains_paywalled_content":false,"_jetpack_memberships_contains_paid_content":false,"footnotes":""},"categories":[1],"tags":[],"class_list":["post-3092","post","type-post","status-publish","format-standard","hentry","category-novias"],"yoast_head":"<!-- This site is optimized with the Yoast SEO plugin v27.5 - https:\/\/yoast.com\/product\/yoast-seo-wordpress\/ -->\n<title>Novias vestidas por Miguel Palacios - Novias Baleares<\/title>\n<meta name=\"robots\" content=\"index, follow, max-snippet:-1, max-image-preview:large, max-video-preview:-1\" \/>\n<link rel=\"canonical\" href=\"http:\/\/noviasespana.com\/noviasbaleares\/novias-vestidas-por-miguel-palacios\/\" \/>\n<meta property=\"og:locale\" content=\"es_ES\" \/>\n<meta property=\"og:type\" content=\"article\" \/>\n<meta property=\"og:title\" content=\"Novias vestidas por Miguel Palacios - Novias Baleares\" \/>\n<meta property=\"og:description\" content=\"Queridas novias!! No puedo dejar de comentar el maravilloso vestido firmado por Miguel Palacio que luci\u00f3 este fin de semana Eugenia Oritz, la hija de Bertin Osborne en su boda en Jerez. Un original y vaporoso dise\u00f1o que combin\u00f3 con un rom\u00e1ntico recogido decorado con\u00a0flores de plata y un sencillo ramo de peonias. Un estilo [&hellip;]\" \/>\n<meta property=\"og:url\" content=\"http:\/\/noviasespana.com\/noviasbaleares\/novias-vestidas-por-miguel-palacios\/\" \/>\n<meta property=\"og:site_name\" content=\"Novias Baleares\" \/>\n<meta property=\"article:published_time\" content=\"2011-04-20T07:00:14+00:00\" \/>\n<meta name=\"author\" content=\"admin\" \/>\n<meta name=\"twitter:label1\" content=\"Escrito por\" \/>\n\t<meta name=\"twitter:data1\" content=\"admin\" \/>\n\t<meta name=\"twitter:label2\" content=\"Tiempo de lectura\" \/>\n\t<meta name=\"twitter:data2\" content=\"2 minutos\" \/>\n<script type=\"application\/ld+json\" class=\"yoast-schema-graph\">{\"@context\":\"https:\\\/\\\/schema.org\",\"@graph\":[{\"@type\":\"Article\",\"@id\":\"http:\\\/\\\/noviasespana.com\\\/noviasbaleares\\\/novias-vestidas-por-miguel-palacios\\\/#article\",\"isPartOf\":{\"@id\":\"http:\\\/\\\/noviasespana.com\\\/noviasbaleares\\\/novias-vestidas-por-miguel-palacios\\\/\"},\"author\":{\"name\":\"admin\",\"@id\":\"http:\\\/\\\/noviasespana.com\\\/noviasbaleares\\\/#\\\/schema\\\/person\\\/82ff6e303fad28e4da623aa4d27969ed\"},\"headline\":\"Novias vestidas por Miguel Palacios\",\"datePublished\":\"2011-04-20T07:00:14+00:00\",\"mainEntityOfPage\":{\"@id\":\"http:\\\/\\\/noviasespana.com\\\/noviasbaleares\\\/novias-vestidas-por-miguel-palacios\\\/\"},\"wordCount\":342,\"commentCount\":0,\"articleSection\":[\"novias\"],\"inLanguage\":\"es\",\"potentialAction\":[{\"@type\":\"CommentAction\",\"name\":\"Comment\",\"target\":[\"http:\\\/\\\/noviasespana.com\\\/noviasbaleares\\\/novias-vestidas-por-miguel-palacios\\\/#respond\"]}]},{\"@type\":\"WebPage\",\"@id\":\"http:\\\/\\\/noviasespana.com\\\/noviasbaleares\\\/novias-vestidas-por-miguel-palacios\\\/\",\"url\":\"http:\\\/\\\/noviasespana.com\\\/noviasbaleares\\\/novias-vestidas-por-miguel-palacios\\\/\",\"name\":\"Novias vestidas por Miguel Palacios - Novias Baleares\",\"isPartOf\":{\"@id\":\"http:\\\/\\\/noviasespana.com\\\/noviasbaleares\\\/#website\"},\"datePublished\":\"2011-04-20T07:00:14+00:00\",\"author\":{\"@id\":\"http:\\\/\\\/noviasespana.com\\\/noviasbaleares\\\/#\\\/schema\\\/person\\\/82ff6e303fad28e4da623aa4d27969ed\"},\"breadcrumb\":{\"@id\":\"http:\\\/\\\/noviasespana.com\\\/noviasbaleares\\\/novias-vestidas-por-miguel-palacios\\\/#breadcrumb\"},\"inLanguage\":\"es\",\"potentialAction\":[{\"@type\":\"ReadAction\",\"target\":[\"http:\\\/\\\/noviasespana.com\\\/noviasbaleares\\\/novias-vestidas-por-miguel-palacios\\\/\"]}]},{\"@type\":\"BreadcrumbList\",\"@id\":\"http:\\\/\\\/noviasespana.com\\\/noviasbaleares\\\/novias-vestidas-por-miguel-palacios\\\/#breadcrumb\",\"itemListElement\":[{\"@type\":\"ListItem\",\"position\":1,\"name\":\"Portada\",\"item\":\"http:\\\/\\\/noviasespana.com\\\/noviasbaleares\\\/\"},{\"@type\":\"ListItem\",\"position\":2,\"name\":\"Novias vestidas por Miguel Palacios\"}]},{\"@type\":\"WebSite\",\"@id\":\"http:\\\/\\\/noviasespana.com\\\/noviasbaleares\\\/#website\",\"url\":\"http:\\\/\\\/noviasespana.com\\\/noviasbaleares\\\/\",\"name\":\"Novias Baleares\",\"description\":\"Revista de novias\",\"potentialAction\":[{\"@type\":\"SearchAction\",\"target\":{\"@type\":\"EntryPoint\",\"urlTemplate\":\"http:\\\/\\\/noviasespana.com\\\/noviasbaleares\\\/?s={search_term_string}\"},\"query-input\":{\"@type\":\"PropertyValueSpecification\",\"valueRequired\":true,\"valueName\":\"search_term_string\"}}],\"inLanguage\":\"es\"},{\"@type\":\"Person\",\"@id\":\"http:\\\/\\\/noviasespana.com\\\/noviasbaleares\\\/#\\\/schema\\\/person\\\/82ff6e303fad28e4da623aa4d27969ed\",\"name\":\"admin\",\"image\":{\"@type\":\"ImageObject\",\"inLanguage\":\"es\",\"@id\":\"https:\\\/\\\/secure.gravatar.com\\\/avatar\\\/0f45231fddfb43fcbd0cdde4582a3580baf474d75fca7d494b42ff86847de871?s=96&d=mm&r=g\",\"url\":\"https:\\\/\\\/secure.gravatar.com\\\/avatar\\\/0f45231fddfb43fcbd0cdde4582a3580baf474d75fca7d494b42ff86847de871?s=96&d=mm&r=g\",\"contentUrl\":\"https:\\\/\\\/secure.gravatar.com\\\/avatar\\\/0f45231fddfb43fcbd0cdde4582a3580baf474d75fca7d494b42ff86847de871?s=96&d=mm&r=g\",\"caption\":\"admin\"},\"url\":\"http:\\\/\\\/noviasespana.com\\\/noviasbaleares\\\/author\\\/admin\\\/\"}]}<\/script>\n<!-- \/ Yoast SEO plugin. -->","yoast_head_json":{"title":"Novias vestidas por Miguel Palacios - Novias Baleares","robots":{"index":"index","follow":"follow","max-snippet":"max-snippet:-1","max-image-preview":"max-image-preview:large","max-video-preview":"max-video-preview:-1"},"canonical":"http:\/\/noviasespana.com\/noviasbaleares\/novias-vestidas-por-miguel-palacios\/","og_locale":"es_ES","og_type":"article","og_title":"Novias vestidas por Miguel Palacios - Novias Baleares","og_description":"Queridas novias!! No puedo dejar de comentar el maravilloso vestido firmado por Miguel Palacio que luci\u00f3 este fin de semana Eugenia Oritz, la hija de Bertin Osborne en su boda en Jerez. Un original y vaporoso dise\u00f1o que combin\u00f3 con un rom\u00e1ntico recogido decorado con\u00a0flores de plata y un sencillo ramo de peonias. Un estilo [&hellip;]","og_url":"http:\/\/noviasespana.com\/noviasbaleares\/novias-vestidas-por-miguel-palacios\/","og_site_name":"Novias Baleares","article_published_time":"2011-04-20T07:00:14+00:00","author":"admin","twitter_misc":{"Escrito por":"admin","Tiempo de lectura":"2 minutos"},"schema":{"@context":"https:\/\/schema.org","@graph":[{"@type":"Article","@id":"http:\/\/noviasespana.com\/noviasbaleares\/novias-vestidas-por-miguel-palacios\/#article","isPartOf":{"@id":"http:\/\/noviasespana.com\/noviasbaleares\/novias-vestidas-por-miguel-palacios\/"},"author":{"name":"admin","@id":"http:\/\/noviasespana.com\/noviasbaleares\/#\/schema\/person\/82ff6e303fad28e4da623aa4d27969ed"},"headline":"Novias vestidas por Miguel Palacios","datePublished":"2011-04-20T07:00:14+00:00","mainEntityOfPage":{"@id":"http:\/\/noviasespana.com\/noviasbaleares\/novias-vestidas-por-miguel-palacios\/"},"wordCount":342,"commentCount":0,"articleSection":["novias"],"inLanguage":"es","potentialAction":[{"@type":"CommentAction","name":"Comment","target":["http:\/\/noviasespana.com\/noviasbaleares\/novias-vestidas-por-miguel-palacios\/#respond"]}]},{"@type":"WebPage","@id":"http:\/\/noviasespana.com\/noviasbaleares\/novias-vestidas-por-miguel-palacios\/","url":"http:\/\/noviasespana.com\/noviasbaleares\/novias-vestidas-por-miguel-palacios\/","name":"Novias vestidas por Miguel Palacios - Novias Baleares","isPartOf":{"@id":"http:\/\/noviasespana.com\/noviasbaleares\/#website"},"datePublished":"2011-04-20T07:00:14+00:00","author":{"@id":"http:\/\/noviasespana.com\/noviasbaleares\/#\/schema\/person\/82ff6e303fad28e4da623aa4d27969ed"},"breadcrumb":{"@id":"http:\/\/noviasespana.com\/noviasbaleares\/novias-vestidas-por-miguel-palacios\/#breadcrumb"},"inLanguage":"es","potentialAction":[{"@type":"ReadAction","target":["http:\/\/noviasespana.com\/noviasbaleares\/novias-vestidas-por-miguel-palacios\/"]}]},{"@type":"BreadcrumbList","@id":"http:\/\/noviasespana.com\/noviasbaleares\/novias-vestidas-por-miguel-palacios\/#breadcrumb","itemListElement":[{"@type":"ListItem","position":1,"name":"Portada","item":"http:\/\/noviasespana.com\/noviasbaleares\/"},{"@type":"ListItem","position":2,"name":"Novias vestidas por Miguel Palacios"}]},{"@type":"WebSite","@id":"http:\/\/noviasespana.com\/noviasbaleares\/#website","url":"http:\/\/noviasespana.com\/noviasbaleares\/","name":"Novias Baleares","description":"Revista de novias","potentialAction":[{"@type":"SearchAction","target":{"@type":"EntryPoint","urlTemplate":"http:\/\/noviasespana.com\/noviasbaleares\/?s={search_term_string}"},"query-input":{"@type":"PropertyValueSpecification","valueRequired":true,"valueName":"search_term_string"}}],"inLanguage":"es"},{"@type":"Person","@id":"http:\/\/noviasespana.com\/noviasbaleares\/#\/schema\/person\/82ff6e303fad28e4da623aa4d27969ed","name":"admin","image":{"@type":"ImageObject","inLanguage":"es","@id":"https:\/\/secure.gravatar.com\/avatar\/0f45231fddfb43fcbd0cdde4582a3580baf474d75fca7d494b42ff86847de871?s=96&d=mm&r=g","url":"https:\/\/secure.gravatar.com\/avatar\/0f45231fddfb43fcbd0cdde4582a3580baf474d75fca7d494b42ff86847de871?s=96&d=mm&r=g","contentUrl":"https:\/\/secure.gravatar.com\/avatar\/0f45231fddfb43fcbd0cdde4582a3580baf474d75fca7d494b42ff86847de871?s=96&d=mm&r=g","caption":"admin"},"url":"http:\/\/noviasespana.com\/noviasbaleares\/author\/admin\/"}]}},"jetpack_featured_media_url":"","jetpack_sharing_enabled":true,"jetpack_shortlink":"https:\/\/wp.me\/p5Hg6P-NS","jetpack_likes_enabled":true,"_links":{"self":[{"href":"http:\/\/noviasespana.com\/noviasbaleares\/wp-json\/wp\/v2\/posts\/3092","targetHints":{"allow":["GET"]}}],"collection":[{"href":"http:\/\/noviasespana.com\/noviasbaleares\/wp-json\/wp\/v2\/posts"}],"about":[{"href":"http:\/\/noviasespana.com\/noviasbaleares\/wp-json\/wp\/v2\/types\/post"}],"author":[{"embeddable":true,"href":"http:\/\/noviasespana.com\/noviasbaleares\/wp-json\/wp\/v2\/users\/2"}],"replies":[{"embeddable":true,"href":"http:\/\/noviasespana.com\/noviasbaleares\/wp-json\/wp\/v2\/comments?post=3092"}],"version-history":[{"count":0,"href":"http:\/\/noviasespana.com\/noviasbaleares\/wp-json\/wp\/v2\/posts\/3092\/revisions"}],"wp:attachment":[{"href":"http:\/\/noviasespana.com\/noviasbaleares\/wp-json\/wp\/v2\/media?parent=3092"}],"wp:term":[{"taxonomy":"category","embeddable":true,"href":"http:\/\/noviasespana.com\/noviasbaleares\/wp-json\/wp\/v2\/categories?post=3092"},{"taxonomy":"post_tag","embeddable":true,"href":"http:\/\/noviasespana.com\/noviasbaleares\/wp-json\/wp\/v2\/tags?post=3092"}],"curies":[{"name":"wp","href":"https:\/\/api.w.org\/{rel}","templated":true}]}}