{"id":3022,"date":"2011-03-25T08:30:09","date_gmt":"2011-03-25T07:30:09","guid":{"rendered":"http:\/\/www.diariodeunanovia.com\/blog\/?p=3022"},"modified":"2011-03-25T08:30:09","modified_gmt":"2011-03-25T07:30:09","slug":"paris-destinos-ideal-en-primavera","status":"publish","type":"post","link":"http:\/\/noviasespana.com\/noviasbaleares\/paris-destinos-ideal-en-primavera\/","title":{"rendered":"Par\u00eds, destino ideal en primavera"},"content":{"rendered":"<p>Queridas novias!! La primavera es un \u00e9poca ideal para viajar y para disfrutar de vuestra pareja. \u00bfY <strong>qu\u00e9 mejor destino que Par\u00eds para vivir vuestra historia de amor<\/strong>? Cualquier ciudad del mundo puede ser la m\u00e1s rom\u00e1ntica si es vuestro destino de luna de miel. Pero <strong>en Par\u00eds y en primavera, el amor esta en aire<\/strong>. Lo sentir\u00e9is al besaros en la torre Eiffel o al pasear por los Campos El\u00edseos y mientras os dec\u00eds palabras de amor en un rom\u00e1ntico caf\u00e9. Y aunque Par\u00eds es mucho m\u00e1s que la magia de la torre Eiffel, no dej\u00e9is de subir,  disfrutar de sus maravillosas vistas y de su juego de luces nocturnas. La grandeza de los tesoros del Louvre, la majestuosidad de Notre-Dame y el esp\u00edritu \u00fanico de sus barrios os permitir\u00e1n descubrir el encanto de Par\u00eds.<br \/>\n<!--more--><br \/>\nY no os pod\u00e9is marchar de la ciudad de la luz sin daros un paseo por el Sena al atardecer, es muy rom\u00e1ntico. <strong>Esta gran ciudad es adem\u00e1s el para\u00edso de las compras<\/strong>. Hay miles de tiendas, desde las m\u00e1s caras y exclusivas del mundo, hasta los mercadillos de segunda mano m\u00e1s populares. En Par\u00eds los caf\u00e9s y los restaurantes a la \u00faltima moda conviven con todo tipo de tiendas y puestos tradicionales de frutas, vinos y quesos.  En fin que las calles parisinas est\u00e1n impregnadas en una profunda sensaci\u00f3n de nostalgia y romanticismo, y es el escenario perfecto para inolvidables sensaciones y recuerdos. \u00bfOs parece Par\u00eds un buen destino para vuestra luna de miel?<\/p>\n<p><img data-recalc-dims=\"1\" loading=\"lazy\" decoding=\"async\" class=\"size-full wp-image-3023  aligncenter\" title=\"883_parisromance\" src=\"https:\/\/i0.wp.com\/www.diariodeunanovia.com\/blog\/wp-content\/uploads\/sites\/5\/2011\/03\/883_parisromance.jpg?resize=300%2C202\" alt=\"883_parisromance\" width=\"300\" height=\"202\" \/><\/p>\n","protected":false},"excerpt":{"rendered":"<p>Queridas novias!! La primavera es un \u00e9poca ideal para viajar y para disfrutar de vuestra pareja. \u00bfY qu\u00e9 mejor destino que Par\u00eds para vivir vuestra historia de amor? Cualquier ciudad del mundo puede ser la m\u00e1s rom\u00e1ntica si es vuestro destino de luna de miel. Pero en Par\u00eds y en primavera, el amor esta en [&hellip;]<\/p>\n","protected":false},"author":2,"featured_media":0,"comment_status":"open","ping_status":"open","sticky":false,"template":"","format":"standard","meta":{"jetpack_post_was_ever_published":false,"_jetpack_newsletter_access":"","_jetpack_dont_email_post_to_subs":false,"_jetpack_newsletter_tier_id":0,"_jetpack_memberships_contains_paywalled_content":false,"_jetpack_memberships_contains_paid_content":false,"footnotes":""},"categories":[1],"tags":[],"class_list":["post-3022","post","type-post","status-publish","format-standard","hentry","category-novias"],"yoast_head":"<!-- This site is optimized with the Yoast SEO plugin v27.5 - https:\/\/yoast.com\/product\/yoast-seo-wordpress\/ -->\n<title>Par\u00eds, destino ideal en primavera - Novias Baleares<\/title>\n<meta name=\"robots\" content=\"index, follow, max-snippet:-1, max-image-preview:large, max-video-preview:-1\" \/>\n<link rel=\"canonical\" href=\"http:\/\/noviasespana.com\/noviasbaleares\/paris-destinos-ideal-en-primavera\/\" \/>\n<meta property=\"og:locale\" content=\"es_ES\" \/>\n<meta property=\"og:type\" content=\"article\" \/>\n<meta property=\"og:title\" content=\"Par\u00eds, destino ideal en primavera - Novias Baleares\" \/>\n<meta property=\"og:description\" content=\"Queridas novias!! La primavera es un \u00e9poca ideal para viajar y para disfrutar de vuestra pareja. \u00bfY qu\u00e9 mejor destino que Par\u00eds para vivir vuestra historia de amor? Cualquier ciudad del mundo puede ser la m\u00e1s rom\u00e1ntica si es vuestro destino de luna de miel. Pero en Par\u00eds y en primavera, el amor esta en [&hellip;]\" \/>\n<meta property=\"og:url\" content=\"http:\/\/noviasespana.com\/noviasbaleares\/paris-destinos-ideal-en-primavera\/\" \/>\n<meta property=\"og:site_name\" content=\"Novias Baleares\" \/>\n<meta property=\"article:published_time\" content=\"2011-03-25T07:30:09+00:00\" \/>\n<meta property=\"og:image\" content=\"http:\/\/www.diariodeunanovia.com\/blog\/wp-content\/uploads\/sites\/5\/2011\/03\/883_parisromance.jpg\" \/>\n<meta name=\"author\" content=\"admin\" \/>\n<meta name=\"twitter:label1\" content=\"Escrito por\" \/>\n\t<meta name=\"twitter:data1\" content=\"admin\" \/>\n\t<meta name=\"twitter:label2\" content=\"Tiempo de lectura\" \/>\n\t<meta name=\"twitter:data2\" content=\"1 minuto\" \/>\n<script type=\"application\/ld+json\" class=\"yoast-schema-graph\">{\"@context\":\"https:\\\/\\\/schema.org\",\"@graph\":[{\"@type\":\"Article\",\"@id\":\"http:\\\/\\\/noviasespana.com\\\/noviasbaleares\\\/paris-destinos-ideal-en-primavera\\\/#article\",\"isPartOf\":{\"@id\":\"http:\\\/\\\/noviasespana.com\\\/noviasbaleares\\\/paris-destinos-ideal-en-primavera\\\/\"},\"author\":{\"name\":\"admin\",\"@id\":\"http:\\\/\\\/noviasespana.com\\\/noviasbaleares\\\/#\\\/schema\\\/person\\\/82ff6e303fad28e4da623aa4d27969ed\"},\"headline\":\"Par\u00eds, destino ideal en primavera\",\"datePublished\":\"2011-03-25T07:30:09+00:00\",\"mainEntityOfPage\":{\"@id\":\"http:\\\/\\\/noviasespana.com\\\/noviasbaleares\\\/paris-destinos-ideal-en-primavera\\\/\"},\"wordCount\":282,\"commentCount\":0,\"image\":{\"@id\":\"http:\\\/\\\/noviasespana.com\\\/noviasbaleares\\\/paris-destinos-ideal-en-primavera\\\/#primaryimage\"},\"thumbnailUrl\":\"http:\\\/\\\/www.diariodeunanovia.com\\\/blog\\\/wp-content\\\/uploads\\\/sites\\\/5\\\/2011\\\/03\\\/883_parisromance.jpg\",\"articleSection\":[\"novias\"],\"inLanguage\":\"es\",\"potentialAction\":[{\"@type\":\"CommentAction\",\"name\":\"Comment\",\"target\":[\"http:\\\/\\\/noviasespana.com\\\/noviasbaleares\\\/paris-destinos-ideal-en-primavera\\\/#respond\"]}]},{\"@type\":\"WebPage\",\"@id\":\"http:\\\/\\\/noviasespana.com\\\/noviasbaleares\\\/paris-destinos-ideal-en-primavera\\\/\",\"url\":\"http:\\\/\\\/noviasespana.com\\\/noviasbaleares\\\/paris-destinos-ideal-en-primavera\\\/\",\"name\":\"Par\u00eds, destino ideal en primavera - Novias Baleares\",\"isPartOf\":{\"@id\":\"http:\\\/\\\/noviasespana.com\\\/noviasbaleares\\\/#website\"},\"primaryImageOfPage\":{\"@id\":\"http:\\\/\\\/noviasespana.com\\\/noviasbaleares\\\/paris-destinos-ideal-en-primavera\\\/#primaryimage\"},\"image\":{\"@id\":\"http:\\\/\\\/noviasespana.com\\\/noviasbaleares\\\/paris-destinos-ideal-en-primavera\\\/#primaryimage\"},\"thumbnailUrl\":\"http:\\\/\\\/www.diariodeunanovia.com\\\/blog\\\/wp-content\\\/uploads\\\/sites\\\/5\\\/2011\\\/03\\\/883_parisromance.jpg\",\"datePublished\":\"2011-03-25T07:30:09+00:00\",\"author\":{\"@id\":\"http:\\\/\\\/noviasespana.com\\\/noviasbaleares\\\/#\\\/schema\\\/person\\\/82ff6e303fad28e4da623aa4d27969ed\"},\"breadcrumb\":{\"@id\":\"http:\\\/\\\/noviasespana.com\\\/noviasbaleares\\\/paris-destinos-ideal-en-primavera\\\/#breadcrumb\"},\"inLanguage\":\"es\",\"potentialAction\":[{\"@type\":\"ReadAction\",\"target\":[\"http:\\\/\\\/noviasespana.com\\\/noviasbaleares\\\/paris-destinos-ideal-en-primavera\\\/\"]}]},{\"@type\":\"ImageObject\",\"inLanguage\":\"es\",\"@id\":\"http:\\\/\\\/noviasespana.com\\\/noviasbaleares\\\/paris-destinos-ideal-en-primavera\\\/#primaryimage\",\"url\":\"http:\\\/\\\/www.diariodeunanovia.com\\\/blog\\\/wp-content\\\/uploads\\\/sites\\\/5\\\/2011\\\/03\\\/883_parisromance.jpg\",\"contentUrl\":\"http:\\\/\\\/www.diariodeunanovia.com\\\/blog\\\/wp-content\\\/uploads\\\/sites\\\/5\\\/2011\\\/03\\\/883_parisromance.jpg\"},{\"@type\":\"BreadcrumbList\",\"@id\":\"http:\\\/\\\/noviasespana.com\\\/noviasbaleares\\\/paris-destinos-ideal-en-primavera\\\/#breadcrumb\",\"itemListElement\":[{\"@type\":\"ListItem\",\"position\":1,\"name\":\"Portada\",\"item\":\"http:\\\/\\\/noviasespana.com\\\/noviasbaleares\\\/\"},{\"@type\":\"ListItem\",\"position\":2,\"name\":\"Par\u00eds, destino ideal en primavera\"}]},{\"@type\":\"WebSite\",\"@id\":\"http:\\\/\\\/noviasespana.com\\\/noviasbaleares\\\/#website\",\"url\":\"http:\\\/\\\/noviasespana.com\\\/noviasbaleares\\\/\",\"name\":\"Novias Baleares\",\"description\":\"Revista de novias\",\"potentialAction\":[{\"@type\":\"SearchAction\",\"target\":{\"@type\":\"EntryPoint\",\"urlTemplate\":\"http:\\\/\\\/noviasespana.com\\\/noviasbaleares\\\/?s={search_term_string}\"},\"query-input\":{\"@type\":\"PropertyValueSpecification\",\"valueRequired\":true,\"valueName\":\"search_term_string\"}}],\"inLanguage\":\"es\"},{\"@type\":\"Person\",\"@id\":\"http:\\\/\\\/noviasespana.com\\\/noviasbaleares\\\/#\\\/schema\\\/person\\\/82ff6e303fad28e4da623aa4d27969ed\",\"name\":\"admin\",\"image\":{\"@type\":\"ImageObject\",\"inLanguage\":\"es\",\"@id\":\"https:\\\/\\\/secure.gravatar.com\\\/avatar\\\/0f45231fddfb43fcbd0cdde4582a3580baf474d75fca7d494b42ff86847de871?s=96&d=mm&r=g\",\"url\":\"https:\\\/\\\/secure.gravatar.com\\\/avatar\\\/0f45231fddfb43fcbd0cdde4582a3580baf474d75fca7d494b42ff86847de871?s=96&d=mm&r=g\",\"contentUrl\":\"https:\\\/\\\/secure.gravatar.com\\\/avatar\\\/0f45231fddfb43fcbd0cdde4582a3580baf474d75fca7d494b42ff86847de871?s=96&d=mm&r=g\",\"caption\":\"admin\"},\"url\":\"http:\\\/\\\/noviasespana.com\\\/noviasbaleares\\\/author\\\/admin\\\/\"}]}<\/script>\n<!-- \/ Yoast SEO plugin. -->","yoast_head_json":{"title":"Par\u00eds, destino ideal en primavera - Novias Baleares","robots":{"index":"index","follow":"follow","max-snippet":"max-snippet:-1","max-image-preview":"max-image-preview:large","max-video-preview":"max-video-preview:-1"},"canonical":"http:\/\/noviasespana.com\/noviasbaleares\/paris-destinos-ideal-en-primavera\/","og_locale":"es_ES","og_type":"article","og_title":"Par\u00eds, destino ideal en primavera - Novias Baleares","og_description":"Queridas novias!! La primavera es un \u00e9poca ideal para viajar y para disfrutar de vuestra pareja. \u00bfY qu\u00e9 mejor destino que Par\u00eds para vivir vuestra historia de amor? Cualquier ciudad del mundo puede ser la m\u00e1s rom\u00e1ntica si es vuestro destino de luna de miel. Pero en Par\u00eds y en primavera, el amor esta en [&hellip;]","og_url":"http:\/\/noviasespana.com\/noviasbaleares\/paris-destinos-ideal-en-primavera\/","og_site_name":"Novias Baleares","article_published_time":"2011-03-25T07:30:09+00:00","og_image":[{"url":"http:\/\/www.diariodeunanovia.com\/blog\/wp-content\/uploads\/sites\/5\/2011\/03\/883_parisromance.jpg","type":"","width":"","height":""}],"author":"admin","twitter_misc":{"Escrito por":"admin","Tiempo de lectura":"1 minuto"},"schema":{"@context":"https:\/\/schema.org","@graph":[{"@type":"Article","@id":"http:\/\/noviasespana.com\/noviasbaleares\/paris-destinos-ideal-en-primavera\/#article","isPartOf":{"@id":"http:\/\/noviasespana.com\/noviasbaleares\/paris-destinos-ideal-en-primavera\/"},"author":{"name":"admin","@id":"http:\/\/noviasespana.com\/noviasbaleares\/#\/schema\/person\/82ff6e303fad28e4da623aa4d27969ed"},"headline":"Par\u00eds, destino ideal en primavera","datePublished":"2011-03-25T07:30:09+00:00","mainEntityOfPage":{"@id":"http:\/\/noviasespana.com\/noviasbaleares\/paris-destinos-ideal-en-primavera\/"},"wordCount":282,"commentCount":0,"image":{"@id":"http:\/\/noviasespana.com\/noviasbaleares\/paris-destinos-ideal-en-primavera\/#primaryimage"},"thumbnailUrl":"http:\/\/www.diariodeunanovia.com\/blog\/wp-content\/uploads\/sites\/5\/2011\/03\/883_parisromance.jpg","articleSection":["novias"],"inLanguage":"es","potentialAction":[{"@type":"CommentAction","name":"Comment","target":["http:\/\/noviasespana.com\/noviasbaleares\/paris-destinos-ideal-en-primavera\/#respond"]}]},{"@type":"WebPage","@id":"http:\/\/noviasespana.com\/noviasbaleares\/paris-destinos-ideal-en-primavera\/","url":"http:\/\/noviasespana.com\/noviasbaleares\/paris-destinos-ideal-en-primavera\/","name":"Par\u00eds, destino ideal en primavera - Novias Baleares","isPartOf":{"@id":"http:\/\/noviasespana.com\/noviasbaleares\/#website"},"primaryImageOfPage":{"@id":"http:\/\/noviasespana.com\/noviasbaleares\/paris-destinos-ideal-en-primavera\/#primaryimage"},"image":{"@id":"http:\/\/noviasespana.com\/noviasbaleares\/paris-destinos-ideal-en-primavera\/#primaryimage"},"thumbnailUrl":"http:\/\/www.diariodeunanovia.com\/blog\/wp-content\/uploads\/sites\/5\/2011\/03\/883_parisromance.jpg","datePublished":"2011-03-25T07:30:09+00:00","author":{"@id":"http:\/\/noviasespana.com\/noviasbaleares\/#\/schema\/person\/82ff6e303fad28e4da623aa4d27969ed"},"breadcrumb":{"@id":"http:\/\/noviasespana.com\/noviasbaleares\/paris-destinos-ideal-en-primavera\/#breadcrumb"},"inLanguage":"es","potentialAction":[{"@type":"ReadAction","target":["http:\/\/noviasespana.com\/noviasbaleares\/paris-destinos-ideal-en-primavera\/"]}]},{"@type":"ImageObject","inLanguage":"es","@id":"http:\/\/noviasespana.com\/noviasbaleares\/paris-destinos-ideal-en-primavera\/#primaryimage","url":"http:\/\/www.diariodeunanovia.com\/blog\/wp-content\/uploads\/sites\/5\/2011\/03\/883_parisromance.jpg","contentUrl":"http:\/\/www.diariodeunanovia.com\/blog\/wp-content\/uploads\/sites\/5\/2011\/03\/883_parisromance.jpg"},{"@type":"BreadcrumbList","@id":"http:\/\/noviasespana.com\/noviasbaleares\/paris-destinos-ideal-en-primavera\/#breadcrumb","itemListElement":[{"@type":"ListItem","position":1,"name":"Portada","item":"http:\/\/noviasespana.com\/noviasbaleares\/"},{"@type":"ListItem","position":2,"name":"Par\u00eds, destino ideal en primavera"}]},{"@type":"WebSite","@id":"http:\/\/noviasespana.com\/noviasbaleares\/#website","url":"http:\/\/noviasespana.com\/noviasbaleares\/","name":"Novias Baleares","description":"Revista de novias","potentialAction":[{"@type":"SearchAction","target":{"@type":"EntryPoint","urlTemplate":"http:\/\/noviasespana.com\/noviasbaleares\/?s={search_term_string}"},"query-input":{"@type":"PropertyValueSpecification","valueRequired":true,"valueName":"search_term_string"}}],"inLanguage":"es"},{"@type":"Person","@id":"http:\/\/noviasespana.com\/noviasbaleares\/#\/schema\/person\/82ff6e303fad28e4da623aa4d27969ed","name":"admin","image":{"@type":"ImageObject","inLanguage":"es","@id":"https:\/\/secure.gravatar.com\/avatar\/0f45231fddfb43fcbd0cdde4582a3580baf474d75fca7d494b42ff86847de871?s=96&d=mm&r=g","url":"https:\/\/secure.gravatar.com\/avatar\/0f45231fddfb43fcbd0cdde4582a3580baf474d75fca7d494b42ff86847de871?s=96&d=mm&r=g","contentUrl":"https:\/\/secure.gravatar.com\/avatar\/0f45231fddfb43fcbd0cdde4582a3580baf474d75fca7d494b42ff86847de871?s=96&d=mm&r=g","caption":"admin"},"url":"http:\/\/noviasespana.com\/noviasbaleares\/author\/admin\/"}]}},"jetpack_featured_media_url":"","jetpack_sharing_enabled":true,"jetpack_shortlink":"https:\/\/wp.me\/p5Hg6P-MK","jetpack_likes_enabled":true,"_links":{"self":[{"href":"http:\/\/noviasespana.com\/noviasbaleares\/wp-json\/wp\/v2\/posts\/3022","targetHints":{"allow":["GET"]}}],"collection":[{"href":"http:\/\/noviasespana.com\/noviasbaleares\/wp-json\/wp\/v2\/posts"}],"about":[{"href":"http:\/\/noviasespana.com\/noviasbaleares\/wp-json\/wp\/v2\/types\/post"}],"author":[{"embeddable":true,"href":"http:\/\/noviasespana.com\/noviasbaleares\/wp-json\/wp\/v2\/users\/2"}],"replies":[{"embeddable":true,"href":"http:\/\/noviasespana.com\/noviasbaleares\/wp-json\/wp\/v2\/comments?post=3022"}],"version-history":[{"count":0,"href":"http:\/\/noviasespana.com\/noviasbaleares\/wp-json\/wp\/v2\/posts\/3022\/revisions"}],"wp:attachment":[{"href":"http:\/\/noviasespana.com\/noviasbaleares\/wp-json\/wp\/v2\/media?parent=3022"}],"wp:term":[{"taxonomy":"category","embeddable":true,"href":"http:\/\/noviasespana.com\/noviasbaleares\/wp-json\/wp\/v2\/categories?post=3022"},{"taxonomy":"post_tag","embeddable":true,"href":"http:\/\/noviasespana.com\/noviasbaleares\/wp-json\/wp\/v2\/tags?post=3022"}],"curies":[{"name":"wp","href":"https:\/\/api.w.org\/{rel}","templated":true}]}}