{"id":2972,"date":"2011-03-16T08:12:35","date_gmt":"2011-03-16T07:12:35","guid":{"rendered":"http:\/\/www.diariodeunanovia.com\/blog\/?p=2972"},"modified":"2011-03-16T08:12:35","modified_gmt":"2011-03-16T07:12:35","slug":"la-banda-sonora-de-tu-boda","status":"publish","type":"post","link":"http:\/\/noviasespana.com\/noviasbaleares\/la-banda-sonora-de-tu-boda\/","title":{"rendered":"La banda sonora de tu boda"},"content":{"rendered":"<p>Queridas novias!!! Ten\u00e9is ya elegida la m\u00fasica de vuestra boda. La m\u00fasica es un tema muy importante que en ocasiones se deja para el final, pero lo cierto es que ser\u00e1 un elemento de gran importancia y emoci\u00f3n durante la ceremonia. Se trata de vuestra banda sonora y es fundamental. La m\u00fasica es emoci\u00f3n, ayuda a crear ambiente y a transportar a los invitados a un mundo de sensaciones. Una vez m\u00e1s ser\u00e1 el tipo de boda que cada pareja quiera celebrar, el punto determinante para elegir la m\u00fasica. <!--more-->Un tr\u00edo de cuerda con un repertorio cl\u00e1sico, un cuarteto de jazz, un \u00f3rgano con soprano, guitarras flamencas, m\u00fasica chill out, bosa nova, baladas pop, bandas sonoras de pel\u00edculas\u2026 Cada momento requiere un tipo de m\u00fasica diferente, as\u00ed en momentos importantes para vosotros transmitir\u00e9is vuestras emociones a los invitados. Por ejemplo para la entrada de los novios en una boda religiosa la marcha nupcial de F. Mendelssohn o la banda sonora original de Desayuno con Diamantes en una celebraci\u00f3n civil, por ejemplo. Un momento que me encanta en todas las bodas es el baile, y la canci\u00f3n con la que los novios lo abren suele ser un momento muy especial. Os propongo una canci\u00f3n que me gusta mucho. \u00bfQu\u00e9 os parece la canci\u00f3n? \u00bfLe dais importancia a la m\u00fasica?<\/p>\n<p><a href=\"http:\/\/www.youtube.com\/watch?v=cbYp1ZB5cGg\">Blanco y Negro<\/a><\/p>\n","protected":false},"excerpt":{"rendered":"<p>Queridas novias!!! Ten\u00e9is ya elegida la m\u00fasica de vuestra boda. La m\u00fasica es un tema muy importante que en ocasiones se deja para el final, pero lo cierto es que ser\u00e1 un elemento de gran importancia y emoci\u00f3n durante la ceremonia. Se trata de vuestra banda sonora y es fundamental. La m\u00fasica es emoci\u00f3n, ayuda [&hellip;]<\/p>\n","protected":false},"author":2,"featured_media":0,"comment_status":"open","ping_status":"open","sticky":false,"template":"","format":"standard","meta":{"jetpack_post_was_ever_published":false,"_jetpack_newsletter_access":"","_jetpack_dont_email_post_to_subs":false,"_jetpack_newsletter_tier_id":0,"_jetpack_memberships_contains_paywalled_content":false,"_jetpack_memberships_contains_paid_content":false,"footnotes":""},"categories":[1],"tags":[],"class_list":["post-2972","post","type-post","status-publish","format-standard","hentry","category-novias"],"yoast_head":"<!-- This site is optimized with the Yoast SEO plugin v27.5 - https:\/\/yoast.com\/product\/yoast-seo-wordpress\/ -->\n<title>La banda sonora de tu boda - Novias Baleares<\/title>\n<meta name=\"robots\" content=\"index, follow, max-snippet:-1, max-image-preview:large, max-video-preview:-1\" \/>\n<link rel=\"canonical\" href=\"http:\/\/noviasespana.com\/noviasbaleares\/la-banda-sonora-de-tu-boda\/\" \/>\n<meta property=\"og:locale\" content=\"es_ES\" \/>\n<meta property=\"og:type\" content=\"article\" \/>\n<meta property=\"og:title\" content=\"La banda sonora de tu boda - Novias Baleares\" \/>\n<meta property=\"og:description\" content=\"Queridas novias!!! Ten\u00e9is ya elegida la m\u00fasica de vuestra boda. La m\u00fasica es un tema muy importante que en ocasiones se deja para el final, pero lo cierto es que ser\u00e1 un elemento de gran importancia y emoci\u00f3n durante la ceremonia. Se trata de vuestra banda sonora y es fundamental. La m\u00fasica es emoci\u00f3n, ayuda [&hellip;]\" \/>\n<meta property=\"og:url\" content=\"http:\/\/noviasespana.com\/noviasbaleares\/la-banda-sonora-de-tu-boda\/\" \/>\n<meta property=\"og:site_name\" content=\"Novias Baleares\" \/>\n<meta property=\"article:published_time\" content=\"2011-03-16T07:12:35+00:00\" \/>\n<meta name=\"author\" content=\"admin\" \/>\n<meta name=\"twitter:label1\" content=\"Escrito por\" \/>\n\t<meta name=\"twitter:data1\" content=\"admin\" \/>\n\t<meta name=\"twitter:label2\" content=\"Tiempo de lectura\" \/>\n\t<meta name=\"twitter:data2\" content=\"1 minuto\" \/>\n<script type=\"application\/ld+json\" class=\"yoast-schema-graph\">{\"@context\":\"https:\\\/\\\/schema.org\",\"@graph\":[{\"@type\":\"Article\",\"@id\":\"http:\\\/\\\/noviasespana.com\\\/noviasbaleares\\\/la-banda-sonora-de-tu-boda\\\/#article\",\"isPartOf\":{\"@id\":\"http:\\\/\\\/noviasespana.com\\\/noviasbaleares\\\/la-banda-sonora-de-tu-boda\\\/\"},\"author\":{\"name\":\"admin\",\"@id\":\"http:\\\/\\\/noviasespana.com\\\/noviasbaleares\\\/#\\\/schema\\\/person\\\/82ff6e303fad28e4da623aa4d27969ed\"},\"headline\":\"La banda sonora de tu boda\",\"datePublished\":\"2011-03-16T07:12:35+00:00\",\"mainEntityOfPage\":{\"@id\":\"http:\\\/\\\/noviasespana.com\\\/noviasbaleares\\\/la-banda-sonora-de-tu-boda\\\/\"},\"wordCount\":246,\"commentCount\":0,\"articleSection\":[\"novias\"],\"inLanguage\":\"es\",\"potentialAction\":[{\"@type\":\"CommentAction\",\"name\":\"Comment\",\"target\":[\"http:\\\/\\\/noviasespana.com\\\/noviasbaleares\\\/la-banda-sonora-de-tu-boda\\\/#respond\"]}]},{\"@type\":\"WebPage\",\"@id\":\"http:\\\/\\\/noviasespana.com\\\/noviasbaleares\\\/la-banda-sonora-de-tu-boda\\\/\",\"url\":\"http:\\\/\\\/noviasespana.com\\\/noviasbaleares\\\/la-banda-sonora-de-tu-boda\\\/\",\"name\":\"La banda sonora de tu boda - Novias Baleares\",\"isPartOf\":{\"@id\":\"http:\\\/\\\/noviasespana.com\\\/noviasbaleares\\\/#website\"},\"datePublished\":\"2011-03-16T07:12:35+00:00\",\"author\":{\"@id\":\"http:\\\/\\\/noviasespana.com\\\/noviasbaleares\\\/#\\\/schema\\\/person\\\/82ff6e303fad28e4da623aa4d27969ed\"},\"breadcrumb\":{\"@id\":\"http:\\\/\\\/noviasespana.com\\\/noviasbaleares\\\/la-banda-sonora-de-tu-boda\\\/#breadcrumb\"},\"inLanguage\":\"es\",\"potentialAction\":[{\"@type\":\"ReadAction\",\"target\":[\"http:\\\/\\\/noviasespana.com\\\/noviasbaleares\\\/la-banda-sonora-de-tu-boda\\\/\"]}]},{\"@type\":\"BreadcrumbList\",\"@id\":\"http:\\\/\\\/noviasespana.com\\\/noviasbaleares\\\/la-banda-sonora-de-tu-boda\\\/#breadcrumb\",\"itemListElement\":[{\"@type\":\"ListItem\",\"position\":1,\"name\":\"Portada\",\"item\":\"http:\\\/\\\/noviasespana.com\\\/noviasbaleares\\\/\"},{\"@type\":\"ListItem\",\"position\":2,\"name\":\"La banda sonora de tu boda\"}]},{\"@type\":\"WebSite\",\"@id\":\"http:\\\/\\\/noviasespana.com\\\/noviasbaleares\\\/#website\",\"url\":\"http:\\\/\\\/noviasespana.com\\\/noviasbaleares\\\/\",\"name\":\"Novias Baleares\",\"description\":\"Revista de novias\",\"potentialAction\":[{\"@type\":\"SearchAction\",\"target\":{\"@type\":\"EntryPoint\",\"urlTemplate\":\"http:\\\/\\\/noviasespana.com\\\/noviasbaleares\\\/?s={search_term_string}\"},\"query-input\":{\"@type\":\"PropertyValueSpecification\",\"valueRequired\":true,\"valueName\":\"search_term_string\"}}],\"inLanguage\":\"es\"},{\"@type\":\"Person\",\"@id\":\"http:\\\/\\\/noviasespana.com\\\/noviasbaleares\\\/#\\\/schema\\\/person\\\/82ff6e303fad28e4da623aa4d27969ed\",\"name\":\"admin\",\"image\":{\"@type\":\"ImageObject\",\"inLanguage\":\"es\",\"@id\":\"https:\\\/\\\/secure.gravatar.com\\\/avatar\\\/0f45231fddfb43fcbd0cdde4582a3580baf474d75fca7d494b42ff86847de871?s=96&d=mm&r=g\",\"url\":\"https:\\\/\\\/secure.gravatar.com\\\/avatar\\\/0f45231fddfb43fcbd0cdde4582a3580baf474d75fca7d494b42ff86847de871?s=96&d=mm&r=g\",\"contentUrl\":\"https:\\\/\\\/secure.gravatar.com\\\/avatar\\\/0f45231fddfb43fcbd0cdde4582a3580baf474d75fca7d494b42ff86847de871?s=96&d=mm&r=g\",\"caption\":\"admin\"},\"url\":\"http:\\\/\\\/noviasespana.com\\\/noviasbaleares\\\/author\\\/admin\\\/\"}]}<\/script>\n<!-- \/ Yoast SEO plugin. -->","yoast_head_json":{"title":"La banda sonora de tu boda - Novias Baleares","robots":{"index":"index","follow":"follow","max-snippet":"max-snippet:-1","max-image-preview":"max-image-preview:large","max-video-preview":"max-video-preview:-1"},"canonical":"http:\/\/noviasespana.com\/noviasbaleares\/la-banda-sonora-de-tu-boda\/","og_locale":"es_ES","og_type":"article","og_title":"La banda sonora de tu boda - Novias Baleares","og_description":"Queridas novias!!! Ten\u00e9is ya elegida la m\u00fasica de vuestra boda. La m\u00fasica es un tema muy importante que en ocasiones se deja para el final, pero lo cierto es que ser\u00e1 un elemento de gran importancia y emoci\u00f3n durante la ceremonia. Se trata de vuestra banda sonora y es fundamental. La m\u00fasica es emoci\u00f3n, ayuda [&hellip;]","og_url":"http:\/\/noviasespana.com\/noviasbaleares\/la-banda-sonora-de-tu-boda\/","og_site_name":"Novias Baleares","article_published_time":"2011-03-16T07:12:35+00:00","author":"admin","twitter_misc":{"Escrito por":"admin","Tiempo de lectura":"1 minuto"},"schema":{"@context":"https:\/\/schema.org","@graph":[{"@type":"Article","@id":"http:\/\/noviasespana.com\/noviasbaleares\/la-banda-sonora-de-tu-boda\/#article","isPartOf":{"@id":"http:\/\/noviasespana.com\/noviasbaleares\/la-banda-sonora-de-tu-boda\/"},"author":{"name":"admin","@id":"http:\/\/noviasespana.com\/noviasbaleares\/#\/schema\/person\/82ff6e303fad28e4da623aa4d27969ed"},"headline":"La banda sonora de tu boda","datePublished":"2011-03-16T07:12:35+00:00","mainEntityOfPage":{"@id":"http:\/\/noviasespana.com\/noviasbaleares\/la-banda-sonora-de-tu-boda\/"},"wordCount":246,"commentCount":0,"articleSection":["novias"],"inLanguage":"es","potentialAction":[{"@type":"CommentAction","name":"Comment","target":["http:\/\/noviasespana.com\/noviasbaleares\/la-banda-sonora-de-tu-boda\/#respond"]}]},{"@type":"WebPage","@id":"http:\/\/noviasespana.com\/noviasbaleares\/la-banda-sonora-de-tu-boda\/","url":"http:\/\/noviasespana.com\/noviasbaleares\/la-banda-sonora-de-tu-boda\/","name":"La banda sonora de tu boda - Novias Baleares","isPartOf":{"@id":"http:\/\/noviasespana.com\/noviasbaleares\/#website"},"datePublished":"2011-03-16T07:12:35+00:00","author":{"@id":"http:\/\/noviasespana.com\/noviasbaleares\/#\/schema\/person\/82ff6e303fad28e4da623aa4d27969ed"},"breadcrumb":{"@id":"http:\/\/noviasespana.com\/noviasbaleares\/la-banda-sonora-de-tu-boda\/#breadcrumb"},"inLanguage":"es","potentialAction":[{"@type":"ReadAction","target":["http:\/\/noviasespana.com\/noviasbaleares\/la-banda-sonora-de-tu-boda\/"]}]},{"@type":"BreadcrumbList","@id":"http:\/\/noviasespana.com\/noviasbaleares\/la-banda-sonora-de-tu-boda\/#breadcrumb","itemListElement":[{"@type":"ListItem","position":1,"name":"Portada","item":"http:\/\/noviasespana.com\/noviasbaleares\/"},{"@type":"ListItem","position":2,"name":"La banda sonora de tu boda"}]},{"@type":"WebSite","@id":"http:\/\/noviasespana.com\/noviasbaleares\/#website","url":"http:\/\/noviasespana.com\/noviasbaleares\/","name":"Novias Baleares","description":"Revista de novias","potentialAction":[{"@type":"SearchAction","target":{"@type":"EntryPoint","urlTemplate":"http:\/\/noviasespana.com\/noviasbaleares\/?s={search_term_string}"},"query-input":{"@type":"PropertyValueSpecification","valueRequired":true,"valueName":"search_term_string"}}],"inLanguage":"es"},{"@type":"Person","@id":"http:\/\/noviasespana.com\/noviasbaleares\/#\/schema\/person\/82ff6e303fad28e4da623aa4d27969ed","name":"admin","image":{"@type":"ImageObject","inLanguage":"es","@id":"https:\/\/secure.gravatar.com\/avatar\/0f45231fddfb43fcbd0cdde4582a3580baf474d75fca7d494b42ff86847de871?s=96&d=mm&r=g","url":"https:\/\/secure.gravatar.com\/avatar\/0f45231fddfb43fcbd0cdde4582a3580baf474d75fca7d494b42ff86847de871?s=96&d=mm&r=g","contentUrl":"https:\/\/secure.gravatar.com\/avatar\/0f45231fddfb43fcbd0cdde4582a3580baf474d75fca7d494b42ff86847de871?s=96&d=mm&r=g","caption":"admin"},"url":"http:\/\/noviasespana.com\/noviasbaleares\/author\/admin\/"}]}},"jetpack_featured_media_url":"","jetpack_sharing_enabled":true,"jetpack_shortlink":"https:\/\/wp.me\/p5Hg6P-LW","jetpack_likes_enabled":true,"_links":{"self":[{"href":"http:\/\/noviasespana.com\/noviasbaleares\/wp-json\/wp\/v2\/posts\/2972","targetHints":{"allow":["GET"]}}],"collection":[{"href":"http:\/\/noviasespana.com\/noviasbaleares\/wp-json\/wp\/v2\/posts"}],"about":[{"href":"http:\/\/noviasespana.com\/noviasbaleares\/wp-json\/wp\/v2\/types\/post"}],"author":[{"embeddable":true,"href":"http:\/\/noviasespana.com\/noviasbaleares\/wp-json\/wp\/v2\/users\/2"}],"replies":[{"embeddable":true,"href":"http:\/\/noviasespana.com\/noviasbaleares\/wp-json\/wp\/v2\/comments?post=2972"}],"version-history":[{"count":0,"href":"http:\/\/noviasespana.com\/noviasbaleares\/wp-json\/wp\/v2\/posts\/2972\/revisions"}],"wp:attachment":[{"href":"http:\/\/noviasespana.com\/noviasbaleares\/wp-json\/wp\/v2\/media?parent=2972"}],"wp:term":[{"taxonomy":"category","embeddable":true,"href":"http:\/\/noviasespana.com\/noviasbaleares\/wp-json\/wp\/v2\/categories?post=2972"},{"taxonomy":"post_tag","embeddable":true,"href":"http:\/\/noviasespana.com\/noviasbaleares\/wp-json\/wp\/v2\/tags?post=2972"}],"curies":[{"name":"wp","href":"https:\/\/api.w.org\/{rel}","templated":true}]}}