{"id":2883,"date":"2011-03-02T08:04:36","date_gmt":"2011-03-02T07:04:36","guid":{"rendered":"http:\/\/www.diariodeunanovia.com\/blog\/?p=2883"},"modified":"2011-03-02T08:04:36","modified_gmt":"2011-03-02T07:04:36","slug":"lenceria-de-novia-para-el-dia-y-la-noche","status":"publish","type":"post","link":"http:\/\/noviasespana.com\/noviasbaleares\/lenceria-de-novia-para-el-dia-y-la-noche\/","title":{"rendered":"Lenceria de novia para el d\u00eda y la noche"},"content":{"rendered":"<p style=\"text-align: center\"><img data-recalc-dims=\"1\" loading=\"lazy\" decoding=\"async\" class=\"aligncenter\" title=\"02\" src=\"https:\/\/i0.wp.com\/www.diariodeunanovia.com\/blog\/wp-content\/uploads\/sites\/5\/2011\/02\/02-150x150.jpg?resize=150%2C150\" alt=\"02\" width=\"150\" height=\"150\" \/><\/p>\n<p>Queridas novias!! Entre todas las cosas que tiene que elegir una novia, la <strong>lencer\u00eda<\/strong> es seguramente una de las m\u00e1s personales y especiales. Hoy comentaremos un poco las opciones del mercado para <strong>lucir m\u00e1s guapas que nunca tanto durante el d\u00eda como por la noche<\/strong> y por supuesto durante la <strong>luna de miel<\/strong>. Pero entre la cantidad de modelos y el tipo de vestido la elecci\u00f3n no resulta para nada sencilla. Hay tener presente que <strong>el objetivo principal de la ropa interior de una novia debe ser delinear el cuerpo, resaltar la figura y conseguir la m\u00e1xima comodidad<\/strong>. Se trata \u00a0de que <strong>la \u00a0ropa interior se adapte a la silueta de tu vestido como un guante<\/strong>. <!--more-->Por eso una opci\u00f3n muy pero que muy interesante son las <strong>prendas \u00abinvisibles\u00bb,<\/strong> las hay incluso <strong>cortadas a laser<\/strong>, prendas b\u00e1sicas y maravillosamente confeccionadas que resultan perfectas para lucir bajo el vestido de novia sin que se marque nada de nada. Pero aunque la lencer\u00eda bajo el vestido debe ser c\u00f3moda, es importante que tambi\u00e9n os sint\u00e1is guapas con ella, por ello os proponemos animaros por un <strong>bustier<\/strong> o <strong>cors\u00e9<\/strong>. Se trata de <strong>un sujetador palabra de <\/strong><strong>honor bien armado, que resultara c\u00f3modo y <\/strong><strong>que ayuda a marcar la cintura, esconder la tripita y realzar el pecho<\/strong>. Y para la <strong>noche de bodas<\/strong> o la <strong>luna de miel<\/strong> puedes dejar sin palabras a tu ya marido con un modelo de lo m\u00e1s sexy, insp\u00edrate en el maravilloso desfile de <strong>Andr\u00e9s Sard\u00e1<\/strong> en la <strong>Cibeles Madrid Fashion Week Oto\u00f1o-Invierno<\/strong>. Vistosos colores, transparencias y tules, para <strong>noches sofisticadas<\/strong> y <strong>llenas de amor<\/strong>.<\/p>\n<p style=\"text-align: center\"><img data-recalc-dims=\"1\" loading=\"lazy\" decoding=\"async\" class=\"aligncenter\" title=\"simone-perele\" src=\"https:\/\/i0.wp.com\/www.diariodeunanovia.com\/blog\/wp-content\/uploads\/sites\/5\/2011\/02\/simone-perele-150x150.jpg?resize=150%2C150\" alt=\"simone-perele\" width=\"150\" height=\"150\" \/><\/p>\n","protected":false},"excerpt":{"rendered":"<p>Queridas novias!! Entre todas las cosas que tiene que elegir una novia, la lencer\u00eda es seguramente una de las m\u00e1s personales y especiales. Hoy comentaremos un poco las opciones del mercado para lucir m\u00e1s guapas que nunca tanto durante el d\u00eda como por la noche y por supuesto durante la luna de miel. Pero entre [&hellip;]<\/p>\n","protected":false},"author":2,"featured_media":0,"comment_status":"open","ping_status":"open","sticky":false,"template":"","format":"standard","meta":{"jetpack_post_was_ever_published":false,"_jetpack_newsletter_access":"","_jetpack_dont_email_post_to_subs":false,"_jetpack_newsletter_tier_id":0,"_jetpack_memberships_contains_paywalled_content":false,"_jetpack_memberships_contains_paid_content":false,"footnotes":""},"categories":[1],"tags":[],"class_list":["post-2883","post","type-post","status-publish","format-standard","hentry","category-novias"],"yoast_head":"<!-- This site is optimized with the Yoast SEO plugin v27.5 - https:\/\/yoast.com\/product\/yoast-seo-wordpress\/ -->\n<title>Lenceria de novia para el d\u00eda y la noche - Novias Baleares<\/title>\n<meta name=\"robots\" content=\"index, follow, max-snippet:-1, max-image-preview:large, max-video-preview:-1\" \/>\n<link rel=\"canonical\" href=\"http:\/\/noviasespana.com\/noviasbaleares\/lenceria-de-novia-para-el-dia-y-la-noche\/\" \/>\n<meta property=\"og:locale\" content=\"es_ES\" \/>\n<meta property=\"og:type\" content=\"article\" \/>\n<meta property=\"og:title\" content=\"Lenceria de novia para el d\u00eda y la noche - Novias Baleares\" \/>\n<meta property=\"og:description\" content=\"Queridas novias!! Entre todas las cosas que tiene que elegir una novia, la lencer\u00eda es seguramente una de las m\u00e1s personales y especiales. Hoy comentaremos un poco las opciones del mercado para lucir m\u00e1s guapas que nunca tanto durante el d\u00eda como por la noche y por supuesto durante la luna de miel. Pero entre [&hellip;]\" \/>\n<meta property=\"og:url\" content=\"http:\/\/noviasespana.com\/noviasbaleares\/lenceria-de-novia-para-el-dia-y-la-noche\/\" \/>\n<meta property=\"og:site_name\" content=\"Novias Baleares\" \/>\n<meta property=\"article:published_time\" content=\"2011-03-02T07:04:36+00:00\" \/>\n<meta property=\"og:image\" content=\"http:\/\/www.diariodeunanovia.com\/blog\/wp-content\/uploads\/sites\/5\/2011\/02\/02-150x150.jpg\" \/>\n<meta name=\"author\" content=\"admin\" \/>\n<meta name=\"twitter:label1\" content=\"Escrito por\" \/>\n\t<meta name=\"twitter:data1\" content=\"admin\" \/>\n\t<meta name=\"twitter:label2\" content=\"Tiempo de lectura\" \/>\n\t<meta name=\"twitter:data2\" content=\"1 minuto\" \/>\n<script type=\"application\/ld+json\" class=\"yoast-schema-graph\">{\"@context\":\"https:\\\/\\\/schema.org\",\"@graph\":[{\"@type\":\"Article\",\"@id\":\"http:\\\/\\\/noviasespana.com\\\/noviasbaleares\\\/lenceria-de-novia-para-el-dia-y-la-noche\\\/#article\",\"isPartOf\":{\"@id\":\"http:\\\/\\\/noviasespana.com\\\/noviasbaleares\\\/lenceria-de-novia-para-el-dia-y-la-noche\\\/\"},\"author\":{\"name\":\"admin\",\"@id\":\"http:\\\/\\\/noviasespana.com\\\/noviasbaleares\\\/#\\\/schema\\\/person\\\/82ff6e303fad28e4da623aa4d27969ed\"},\"headline\":\"Lenceria de novia para el d\u00eda y la noche\",\"datePublished\":\"2011-03-02T07:04:36+00:00\",\"mainEntityOfPage\":{\"@id\":\"http:\\\/\\\/noviasespana.com\\\/noviasbaleares\\\/lenceria-de-novia-para-el-dia-y-la-noche\\\/\"},\"wordCount\":293,\"commentCount\":0,\"image\":{\"@id\":\"http:\\\/\\\/noviasespana.com\\\/noviasbaleares\\\/lenceria-de-novia-para-el-dia-y-la-noche\\\/#primaryimage\"},\"thumbnailUrl\":\"http:\\\/\\\/www.diariodeunanovia.com\\\/blog\\\/wp-content\\\/uploads\\\/sites\\\/5\\\/2011\\\/02\\\/02-150x150.jpg\",\"articleSection\":[\"novias\"],\"inLanguage\":\"es\",\"potentialAction\":[{\"@type\":\"CommentAction\",\"name\":\"Comment\",\"target\":[\"http:\\\/\\\/noviasespana.com\\\/noviasbaleares\\\/lenceria-de-novia-para-el-dia-y-la-noche\\\/#respond\"]}]},{\"@type\":\"WebPage\",\"@id\":\"http:\\\/\\\/noviasespana.com\\\/noviasbaleares\\\/lenceria-de-novia-para-el-dia-y-la-noche\\\/\",\"url\":\"http:\\\/\\\/noviasespana.com\\\/noviasbaleares\\\/lenceria-de-novia-para-el-dia-y-la-noche\\\/\",\"name\":\"Lenceria de novia para el d\u00eda y la noche - Novias Baleares\",\"isPartOf\":{\"@id\":\"http:\\\/\\\/noviasespana.com\\\/noviasbaleares\\\/#website\"},\"primaryImageOfPage\":{\"@id\":\"http:\\\/\\\/noviasespana.com\\\/noviasbaleares\\\/lenceria-de-novia-para-el-dia-y-la-noche\\\/#primaryimage\"},\"image\":{\"@id\":\"http:\\\/\\\/noviasespana.com\\\/noviasbaleares\\\/lenceria-de-novia-para-el-dia-y-la-noche\\\/#primaryimage\"},\"thumbnailUrl\":\"http:\\\/\\\/www.diariodeunanovia.com\\\/blog\\\/wp-content\\\/uploads\\\/sites\\\/5\\\/2011\\\/02\\\/02-150x150.jpg\",\"datePublished\":\"2011-03-02T07:04:36+00:00\",\"author\":{\"@id\":\"http:\\\/\\\/noviasespana.com\\\/noviasbaleares\\\/#\\\/schema\\\/person\\\/82ff6e303fad28e4da623aa4d27969ed\"},\"breadcrumb\":{\"@id\":\"http:\\\/\\\/noviasespana.com\\\/noviasbaleares\\\/lenceria-de-novia-para-el-dia-y-la-noche\\\/#breadcrumb\"},\"inLanguage\":\"es\",\"potentialAction\":[{\"@type\":\"ReadAction\",\"target\":[\"http:\\\/\\\/noviasespana.com\\\/noviasbaleares\\\/lenceria-de-novia-para-el-dia-y-la-noche\\\/\"]}]},{\"@type\":\"ImageObject\",\"inLanguage\":\"es\",\"@id\":\"http:\\\/\\\/noviasespana.com\\\/noviasbaleares\\\/lenceria-de-novia-para-el-dia-y-la-noche\\\/#primaryimage\",\"url\":\"http:\\\/\\\/www.diariodeunanovia.com\\\/blog\\\/wp-content\\\/uploads\\\/sites\\\/5\\\/2011\\\/02\\\/02-150x150.jpg\",\"contentUrl\":\"http:\\\/\\\/www.diariodeunanovia.com\\\/blog\\\/wp-content\\\/uploads\\\/sites\\\/5\\\/2011\\\/02\\\/02-150x150.jpg\"},{\"@type\":\"BreadcrumbList\",\"@id\":\"http:\\\/\\\/noviasespana.com\\\/noviasbaleares\\\/lenceria-de-novia-para-el-dia-y-la-noche\\\/#breadcrumb\",\"itemListElement\":[{\"@type\":\"ListItem\",\"position\":1,\"name\":\"Portada\",\"item\":\"http:\\\/\\\/noviasespana.com\\\/noviasbaleares\\\/\"},{\"@type\":\"ListItem\",\"position\":2,\"name\":\"Lenceria de novia para el d\u00eda y la noche\"}]},{\"@type\":\"WebSite\",\"@id\":\"http:\\\/\\\/noviasespana.com\\\/noviasbaleares\\\/#website\",\"url\":\"http:\\\/\\\/noviasespana.com\\\/noviasbaleares\\\/\",\"name\":\"Novias Baleares\",\"description\":\"Revista de novias\",\"potentialAction\":[{\"@type\":\"SearchAction\",\"target\":{\"@type\":\"EntryPoint\",\"urlTemplate\":\"http:\\\/\\\/noviasespana.com\\\/noviasbaleares\\\/?s={search_term_string}\"},\"query-input\":{\"@type\":\"PropertyValueSpecification\",\"valueRequired\":true,\"valueName\":\"search_term_string\"}}],\"inLanguage\":\"es\"},{\"@type\":\"Person\",\"@id\":\"http:\\\/\\\/noviasespana.com\\\/noviasbaleares\\\/#\\\/schema\\\/person\\\/82ff6e303fad28e4da623aa4d27969ed\",\"name\":\"admin\",\"image\":{\"@type\":\"ImageObject\",\"inLanguage\":\"es\",\"@id\":\"https:\\\/\\\/secure.gravatar.com\\\/avatar\\\/0f45231fddfb43fcbd0cdde4582a3580baf474d75fca7d494b42ff86847de871?s=96&d=mm&r=g\",\"url\":\"https:\\\/\\\/secure.gravatar.com\\\/avatar\\\/0f45231fddfb43fcbd0cdde4582a3580baf474d75fca7d494b42ff86847de871?s=96&d=mm&r=g\",\"contentUrl\":\"https:\\\/\\\/secure.gravatar.com\\\/avatar\\\/0f45231fddfb43fcbd0cdde4582a3580baf474d75fca7d494b42ff86847de871?s=96&d=mm&r=g\",\"caption\":\"admin\"},\"url\":\"http:\\\/\\\/noviasespana.com\\\/noviasbaleares\\\/author\\\/admin\\\/\"}]}<\/script>\n<!-- \/ Yoast SEO plugin. -->","yoast_head_json":{"title":"Lenceria de novia para el d\u00eda y la noche - Novias Baleares","robots":{"index":"index","follow":"follow","max-snippet":"max-snippet:-1","max-image-preview":"max-image-preview:large","max-video-preview":"max-video-preview:-1"},"canonical":"http:\/\/noviasespana.com\/noviasbaleares\/lenceria-de-novia-para-el-dia-y-la-noche\/","og_locale":"es_ES","og_type":"article","og_title":"Lenceria de novia para el d\u00eda y la noche - Novias Baleares","og_description":"Queridas novias!! Entre todas las cosas que tiene que elegir una novia, la lencer\u00eda es seguramente una de las m\u00e1s personales y especiales. Hoy comentaremos un poco las opciones del mercado para lucir m\u00e1s guapas que nunca tanto durante el d\u00eda como por la noche y por supuesto durante la luna de miel. Pero entre [&hellip;]","og_url":"http:\/\/noviasespana.com\/noviasbaleares\/lenceria-de-novia-para-el-dia-y-la-noche\/","og_site_name":"Novias Baleares","article_published_time":"2011-03-02T07:04:36+00:00","og_image":[{"url":"http:\/\/www.diariodeunanovia.com\/blog\/wp-content\/uploads\/sites\/5\/2011\/02\/02-150x150.jpg","type":"","width":"","height":""}],"author":"admin","twitter_misc":{"Escrito por":"admin","Tiempo de lectura":"1 minuto"},"schema":{"@context":"https:\/\/schema.org","@graph":[{"@type":"Article","@id":"http:\/\/noviasespana.com\/noviasbaleares\/lenceria-de-novia-para-el-dia-y-la-noche\/#article","isPartOf":{"@id":"http:\/\/noviasespana.com\/noviasbaleares\/lenceria-de-novia-para-el-dia-y-la-noche\/"},"author":{"name":"admin","@id":"http:\/\/noviasespana.com\/noviasbaleares\/#\/schema\/person\/82ff6e303fad28e4da623aa4d27969ed"},"headline":"Lenceria de novia para el d\u00eda y la noche","datePublished":"2011-03-02T07:04:36+00:00","mainEntityOfPage":{"@id":"http:\/\/noviasespana.com\/noviasbaleares\/lenceria-de-novia-para-el-dia-y-la-noche\/"},"wordCount":293,"commentCount":0,"image":{"@id":"http:\/\/noviasespana.com\/noviasbaleares\/lenceria-de-novia-para-el-dia-y-la-noche\/#primaryimage"},"thumbnailUrl":"http:\/\/www.diariodeunanovia.com\/blog\/wp-content\/uploads\/sites\/5\/2011\/02\/02-150x150.jpg","articleSection":["novias"],"inLanguage":"es","potentialAction":[{"@type":"CommentAction","name":"Comment","target":["http:\/\/noviasespana.com\/noviasbaleares\/lenceria-de-novia-para-el-dia-y-la-noche\/#respond"]}]},{"@type":"WebPage","@id":"http:\/\/noviasespana.com\/noviasbaleares\/lenceria-de-novia-para-el-dia-y-la-noche\/","url":"http:\/\/noviasespana.com\/noviasbaleares\/lenceria-de-novia-para-el-dia-y-la-noche\/","name":"Lenceria de novia para el d\u00eda y la noche - Novias Baleares","isPartOf":{"@id":"http:\/\/noviasespana.com\/noviasbaleares\/#website"},"primaryImageOfPage":{"@id":"http:\/\/noviasespana.com\/noviasbaleares\/lenceria-de-novia-para-el-dia-y-la-noche\/#primaryimage"},"image":{"@id":"http:\/\/noviasespana.com\/noviasbaleares\/lenceria-de-novia-para-el-dia-y-la-noche\/#primaryimage"},"thumbnailUrl":"http:\/\/www.diariodeunanovia.com\/blog\/wp-content\/uploads\/sites\/5\/2011\/02\/02-150x150.jpg","datePublished":"2011-03-02T07:04:36+00:00","author":{"@id":"http:\/\/noviasespana.com\/noviasbaleares\/#\/schema\/person\/82ff6e303fad28e4da623aa4d27969ed"},"breadcrumb":{"@id":"http:\/\/noviasespana.com\/noviasbaleares\/lenceria-de-novia-para-el-dia-y-la-noche\/#breadcrumb"},"inLanguage":"es","potentialAction":[{"@type":"ReadAction","target":["http:\/\/noviasespana.com\/noviasbaleares\/lenceria-de-novia-para-el-dia-y-la-noche\/"]}]},{"@type":"ImageObject","inLanguage":"es","@id":"http:\/\/noviasespana.com\/noviasbaleares\/lenceria-de-novia-para-el-dia-y-la-noche\/#primaryimage","url":"http:\/\/www.diariodeunanovia.com\/blog\/wp-content\/uploads\/sites\/5\/2011\/02\/02-150x150.jpg","contentUrl":"http:\/\/www.diariodeunanovia.com\/blog\/wp-content\/uploads\/sites\/5\/2011\/02\/02-150x150.jpg"},{"@type":"BreadcrumbList","@id":"http:\/\/noviasespana.com\/noviasbaleares\/lenceria-de-novia-para-el-dia-y-la-noche\/#breadcrumb","itemListElement":[{"@type":"ListItem","position":1,"name":"Portada","item":"http:\/\/noviasespana.com\/noviasbaleares\/"},{"@type":"ListItem","position":2,"name":"Lenceria de novia para el d\u00eda y la noche"}]},{"@type":"WebSite","@id":"http:\/\/noviasespana.com\/noviasbaleares\/#website","url":"http:\/\/noviasespana.com\/noviasbaleares\/","name":"Novias Baleares","description":"Revista de novias","potentialAction":[{"@type":"SearchAction","target":{"@type":"EntryPoint","urlTemplate":"http:\/\/noviasespana.com\/noviasbaleares\/?s={search_term_string}"},"query-input":{"@type":"PropertyValueSpecification","valueRequired":true,"valueName":"search_term_string"}}],"inLanguage":"es"},{"@type":"Person","@id":"http:\/\/noviasespana.com\/noviasbaleares\/#\/schema\/person\/82ff6e303fad28e4da623aa4d27969ed","name":"admin","image":{"@type":"ImageObject","inLanguage":"es","@id":"https:\/\/secure.gravatar.com\/avatar\/0f45231fddfb43fcbd0cdde4582a3580baf474d75fca7d494b42ff86847de871?s=96&d=mm&r=g","url":"https:\/\/secure.gravatar.com\/avatar\/0f45231fddfb43fcbd0cdde4582a3580baf474d75fca7d494b42ff86847de871?s=96&d=mm&r=g","contentUrl":"https:\/\/secure.gravatar.com\/avatar\/0f45231fddfb43fcbd0cdde4582a3580baf474d75fca7d494b42ff86847de871?s=96&d=mm&r=g","caption":"admin"},"url":"http:\/\/noviasespana.com\/noviasbaleares\/author\/admin\/"}]}},"jetpack_featured_media_url":"","jetpack_sharing_enabled":true,"jetpack_shortlink":"https:\/\/wp.me\/p5Hg6P-Kv","jetpack_likes_enabled":true,"_links":{"self":[{"href":"http:\/\/noviasespana.com\/noviasbaleares\/wp-json\/wp\/v2\/posts\/2883","targetHints":{"allow":["GET"]}}],"collection":[{"href":"http:\/\/noviasespana.com\/noviasbaleares\/wp-json\/wp\/v2\/posts"}],"about":[{"href":"http:\/\/noviasespana.com\/noviasbaleares\/wp-json\/wp\/v2\/types\/post"}],"author":[{"embeddable":true,"href":"http:\/\/noviasespana.com\/noviasbaleares\/wp-json\/wp\/v2\/users\/2"}],"replies":[{"embeddable":true,"href":"http:\/\/noviasespana.com\/noviasbaleares\/wp-json\/wp\/v2\/comments?post=2883"}],"version-history":[{"count":0,"href":"http:\/\/noviasespana.com\/noviasbaleares\/wp-json\/wp\/v2\/posts\/2883\/revisions"}],"wp:attachment":[{"href":"http:\/\/noviasespana.com\/noviasbaleares\/wp-json\/wp\/v2\/media?parent=2883"}],"wp:term":[{"taxonomy":"category","embeddable":true,"href":"http:\/\/noviasespana.com\/noviasbaleares\/wp-json\/wp\/v2\/categories?post=2883"},{"taxonomy":"post_tag","embeddable":true,"href":"http:\/\/noviasespana.com\/noviasbaleares\/wp-json\/wp\/v2\/tags?post=2883"}],"curies":[{"name":"wp","href":"https:\/\/api.w.org\/{rel}","templated":true}]}}