{"id":2817,"date":"2011-02-21T18:32:43","date_gmt":"2011-02-21T17:32:43","guid":{"rendered":"http:\/\/www.diariodeunanovia.com\/blog\/?p=2817"},"modified":"2011-02-21T18:32:43","modified_gmt":"2011-02-21T17:32:43","slug":"los-grandes-disenadores-espanoles-presentan-sus-propuestas-en-la-53%c2%aa-edicion-de-cibeles-madrid-fashion-week","status":"publish","type":"post","link":"http:\/\/noviasespana.com\/noviasbaleares\/los-grandes-disenadores-espanoles-presentan-sus-propuestas-en-la-53%c2%aa-edicion-de-cibeles-madrid-fashion-week\/","title":{"rendered":"Los grandes dise\u00f1adores espa\u00f1oles presentan sus propuestas en la 53\u00aa edici\u00f3n de Cibeles Madrid Fashion week"},"content":{"rendered":"<p>Queridas Novias!!! Avanza la <strong>pasarela Cibeles<\/strong>, y, aunque, claro est\u00e1, las m\u00e1s esperadas para nosotros son las pasarelas de novias de Cibeles y Gaud\u00ed, tambi\u00e9n hemos querido hacernos eco en nuestro blog del transcurso de la\u00a0semana de moda madrile\u00f1a. \u00a0As\u00ed, desde el pasado viernes y hasta el d\u00eda 23, Ifema est\u00e1 siendo el escenario y escaparte de las propuestas de los mejores modistos del pa\u00eds:\u00a0 Ailanto, Jes\u00fas del Pozo, Roberto Verino, Duyos, Devota&amp;Lomba, Angel Schlesser,\u00a0 Victorio&amp;Lucchino, Hannibal Laguna, Amaya Arzuaga, Agatha Ruiz de la Prada, Francis Montesinos, Roberto Torretta entre otros muchos&#8230;\u00a0 a los que una vez m\u00e1s se les suma\u00a0la plataforma de j\u00f3venes creadores de <strong>El Ego<\/strong>, cuyos desfiles tendr\u00e1n lugar durante la \u00faltima jornada de esta edici\u00f3n.\u00a0 Tambi\u00e9n como novedad, este a\u00f1o podr\u00e9is ver en streaming, desde la web de Ifema, los videos en directo de todos los desfiles de cada dise\u00f1ador.<a href=\"http:\/\/www.ifema.es\"><img data-recalc-dims=\"1\" loading=\"lazy\" decoding=\"async\" class=\"aligncenter size-medium wp-image-2816\" title=\"PASARELA CIBELES FEBRERO 2011\" src=\"https:\/\/i0.wp.com\/www.diariodeunanovia.com\/blog\/wp-content\/uploads\/sites\/5\/2011\/02\/PASARELA-CIBELES-FEBRERO-2011-300x200.jpg?resize=300%2C200\" alt=\"PASARELA CIBELES FEBRERO 2011\" width=\"300\" height=\"200\" \/><\/a><\/p>\n","protected":false},"excerpt":{"rendered":"<p>Queridas Novias!!! Avanza la pasarela Cibeles, y, aunque, claro est\u00e1, las m\u00e1s esperadas para nosotros son las pasarelas de novias de Cibeles y Gaud\u00ed, tambi\u00e9n hemos querido hacernos eco en nuestro blog del transcurso de la\u00a0semana de moda madrile\u00f1a. \u00a0As\u00ed, desde el pasado viernes y hasta el d\u00eda 23, Ifema est\u00e1 siendo el escenario y [&hellip;]<\/p>\n","protected":false},"author":4,"featured_media":0,"comment_status":"open","ping_status":"open","sticky":false,"template":"","format":"standard","meta":{"jetpack_post_was_ever_published":false,"_jetpack_newsletter_access":"","_jetpack_dont_email_post_to_subs":false,"_jetpack_newsletter_tier_id":0,"_jetpack_memberships_contains_paywalled_content":false,"_jetpack_memberships_contains_paid_content":false,"footnotes":""},"categories":[1],"tags":[],"class_list":["post-2817","post","type-post","status-publish","format-standard","hentry","category-novias"],"yoast_head":"<!-- This site is optimized with the Yoast SEO plugin v27.5 - https:\/\/yoast.com\/product\/yoast-seo-wordpress\/ -->\n<title>Los grandes dise\u00f1adores espa\u00f1oles presentan sus propuestas en la 53\u00aa edici\u00f3n de Cibeles Madrid Fashion week - Novias Baleares<\/title>\n<meta name=\"robots\" content=\"index, follow, max-snippet:-1, max-image-preview:large, max-video-preview:-1\" \/>\n<link rel=\"canonical\" href=\"http:\/\/noviasespana.com\/noviasbaleares\/los-grandes-disenadores-espanoles-presentan-sus-propuestas-en-la-53\u00aa-edicion-de-cibeles-madrid-fashion-week\/\" \/>\n<meta property=\"og:locale\" content=\"es_ES\" \/>\n<meta property=\"og:type\" content=\"article\" \/>\n<meta property=\"og:title\" content=\"Los grandes dise\u00f1adores espa\u00f1oles presentan sus propuestas en la 53\u00aa edici\u00f3n de Cibeles Madrid Fashion week - Novias Baleares\" \/>\n<meta property=\"og:description\" content=\"Queridas Novias!!! Avanza la pasarela Cibeles, y, aunque, claro est\u00e1, las m\u00e1s esperadas para nosotros son las pasarelas de novias de Cibeles y Gaud\u00ed, tambi\u00e9n hemos querido hacernos eco en nuestro blog del transcurso de la\u00a0semana de moda madrile\u00f1a. \u00a0As\u00ed, desde el pasado viernes y hasta el d\u00eda 23, Ifema est\u00e1 siendo el escenario y [&hellip;]\" \/>\n<meta property=\"og:url\" content=\"http:\/\/noviasespana.com\/noviasbaleares\/los-grandes-disenadores-espanoles-presentan-sus-propuestas-en-la-53\u00aa-edicion-de-cibeles-madrid-fashion-week\/\" \/>\n<meta property=\"og:site_name\" content=\"Novias Baleares\" \/>\n<meta property=\"article:published_time\" content=\"2011-02-21T17:32:43+00:00\" \/>\n<meta property=\"og:image\" content=\"http:\/\/www.diariodeunanovia.com\/blog\/wp-content\/uploads\/sites\/5\/2011\/02\/PASARELA-CIBELES-FEBRERO-2011-300x200.jpg\" \/>\n<meta name=\"author\" content=\"Pilar Perosanz\" \/>\n<meta name=\"twitter:label1\" content=\"Escrito por\" \/>\n\t<meta name=\"twitter:data1\" content=\"Pilar Perosanz\" \/>\n\t<meta name=\"twitter:label2\" content=\"Tiempo de lectura\" \/>\n\t<meta name=\"twitter:data2\" content=\"1 minuto\" \/>\n<script type=\"application\/ld+json\" class=\"yoast-schema-graph\">{\"@context\":\"https:\\\/\\\/schema.org\",\"@graph\":[{\"@type\":\"Article\",\"@id\":\"http:\\\/\\\/noviasespana.com\\\/noviasbaleares\\\/los-grandes-disenadores-espanoles-presentan-sus-propuestas-en-la-53%c2%aa-edicion-de-cibeles-madrid-fashion-week\\\/#article\",\"isPartOf\":{\"@id\":\"http:\\\/\\\/noviasespana.com\\\/noviasbaleares\\\/los-grandes-disenadores-espanoles-presentan-sus-propuestas-en-la-53%c2%aa-edicion-de-cibeles-madrid-fashion-week\\\/\"},\"author\":{\"name\":\"Pilar Perosanz\",\"@id\":\"http:\\\/\\\/noviasespana.com\\\/noviasbaleares\\\/#\\\/schema\\\/person\\\/0b1c774eb803dc07cabaa1ba623a2189\"},\"headline\":\"Los grandes dise\u00f1adores espa\u00f1oles presentan sus propuestas en la 53\u00aa edici\u00f3n de Cibeles Madrid Fashion week\",\"datePublished\":\"2011-02-21T17:32:43+00:00\",\"mainEntityOfPage\":{\"@id\":\"http:\\\/\\\/noviasespana.com\\\/noviasbaleares\\\/los-grandes-disenadores-espanoles-presentan-sus-propuestas-en-la-53%c2%aa-edicion-de-cibeles-madrid-fashion-week\\\/\"},\"wordCount\":181,\"commentCount\":0,\"image\":{\"@id\":\"http:\\\/\\\/noviasespana.com\\\/noviasbaleares\\\/los-grandes-disenadores-espanoles-presentan-sus-propuestas-en-la-53%c2%aa-edicion-de-cibeles-madrid-fashion-week\\\/#primaryimage\"},\"thumbnailUrl\":\"http:\\\/\\\/www.diariodeunanovia.com\\\/blog\\\/wp-content\\\/uploads\\\/sites\\\/5\\\/2011\\\/02\\\/PASARELA-CIBELES-FEBRERO-2011-300x200.jpg\",\"articleSection\":[\"novias\"],\"inLanguage\":\"es\",\"potentialAction\":[{\"@type\":\"CommentAction\",\"name\":\"Comment\",\"target\":[\"http:\\\/\\\/noviasespana.com\\\/noviasbaleares\\\/los-grandes-disenadores-espanoles-presentan-sus-propuestas-en-la-53%c2%aa-edicion-de-cibeles-madrid-fashion-week\\\/#respond\"]}]},{\"@type\":\"WebPage\",\"@id\":\"http:\\\/\\\/noviasespana.com\\\/noviasbaleares\\\/los-grandes-disenadores-espanoles-presentan-sus-propuestas-en-la-53%c2%aa-edicion-de-cibeles-madrid-fashion-week\\\/\",\"url\":\"http:\\\/\\\/noviasespana.com\\\/noviasbaleares\\\/los-grandes-disenadores-espanoles-presentan-sus-propuestas-en-la-53%c2%aa-edicion-de-cibeles-madrid-fashion-week\\\/\",\"name\":\"Los grandes dise\u00f1adores espa\u00f1oles presentan sus propuestas en la 53\u00aa edici\u00f3n de Cibeles Madrid Fashion week - Novias Baleares\",\"isPartOf\":{\"@id\":\"http:\\\/\\\/noviasespana.com\\\/noviasbaleares\\\/#website\"},\"primaryImageOfPage\":{\"@id\":\"http:\\\/\\\/noviasespana.com\\\/noviasbaleares\\\/los-grandes-disenadores-espanoles-presentan-sus-propuestas-en-la-53%c2%aa-edicion-de-cibeles-madrid-fashion-week\\\/#primaryimage\"},\"image\":{\"@id\":\"http:\\\/\\\/noviasespana.com\\\/noviasbaleares\\\/los-grandes-disenadores-espanoles-presentan-sus-propuestas-en-la-53%c2%aa-edicion-de-cibeles-madrid-fashion-week\\\/#primaryimage\"},\"thumbnailUrl\":\"http:\\\/\\\/www.diariodeunanovia.com\\\/blog\\\/wp-content\\\/uploads\\\/sites\\\/5\\\/2011\\\/02\\\/PASARELA-CIBELES-FEBRERO-2011-300x200.jpg\",\"datePublished\":\"2011-02-21T17:32:43+00:00\",\"author\":{\"@id\":\"http:\\\/\\\/noviasespana.com\\\/noviasbaleares\\\/#\\\/schema\\\/person\\\/0b1c774eb803dc07cabaa1ba623a2189\"},\"breadcrumb\":{\"@id\":\"http:\\\/\\\/noviasespana.com\\\/noviasbaleares\\\/los-grandes-disenadores-espanoles-presentan-sus-propuestas-en-la-53%c2%aa-edicion-de-cibeles-madrid-fashion-week\\\/#breadcrumb\"},\"inLanguage\":\"es\",\"potentialAction\":[{\"@type\":\"ReadAction\",\"target\":[\"http:\\\/\\\/noviasespana.com\\\/noviasbaleares\\\/los-grandes-disenadores-espanoles-presentan-sus-propuestas-en-la-53%c2%aa-edicion-de-cibeles-madrid-fashion-week\\\/\"]}]},{\"@type\":\"ImageObject\",\"inLanguage\":\"es\",\"@id\":\"http:\\\/\\\/noviasespana.com\\\/noviasbaleares\\\/los-grandes-disenadores-espanoles-presentan-sus-propuestas-en-la-53%c2%aa-edicion-de-cibeles-madrid-fashion-week\\\/#primaryimage\",\"url\":\"http:\\\/\\\/www.diariodeunanovia.com\\\/blog\\\/wp-content\\\/uploads\\\/sites\\\/5\\\/2011\\\/02\\\/PASARELA-CIBELES-FEBRERO-2011-300x200.jpg\",\"contentUrl\":\"http:\\\/\\\/www.diariodeunanovia.com\\\/blog\\\/wp-content\\\/uploads\\\/sites\\\/5\\\/2011\\\/02\\\/PASARELA-CIBELES-FEBRERO-2011-300x200.jpg\"},{\"@type\":\"BreadcrumbList\",\"@id\":\"http:\\\/\\\/noviasespana.com\\\/noviasbaleares\\\/los-grandes-disenadores-espanoles-presentan-sus-propuestas-en-la-53%c2%aa-edicion-de-cibeles-madrid-fashion-week\\\/#breadcrumb\",\"itemListElement\":[{\"@type\":\"ListItem\",\"position\":1,\"name\":\"Portada\",\"item\":\"http:\\\/\\\/noviasespana.com\\\/noviasbaleares\\\/\"},{\"@type\":\"ListItem\",\"position\":2,\"name\":\"Los grandes dise\u00f1adores espa\u00f1oles presentan sus propuestas en la 53\u00aa edici\u00f3n de Cibeles Madrid Fashion week\"}]},{\"@type\":\"WebSite\",\"@id\":\"http:\\\/\\\/noviasespana.com\\\/noviasbaleares\\\/#website\",\"url\":\"http:\\\/\\\/noviasespana.com\\\/noviasbaleares\\\/\",\"name\":\"Novias Baleares\",\"description\":\"Revista de novias\",\"potentialAction\":[{\"@type\":\"SearchAction\",\"target\":{\"@type\":\"EntryPoint\",\"urlTemplate\":\"http:\\\/\\\/noviasespana.com\\\/noviasbaleares\\\/?s={search_term_string}\"},\"query-input\":{\"@type\":\"PropertyValueSpecification\",\"valueRequired\":true,\"valueName\":\"search_term_string\"}}],\"inLanguage\":\"es\"},{\"@type\":\"Person\",\"@id\":\"http:\\\/\\\/noviasespana.com\\\/noviasbaleares\\\/#\\\/schema\\\/person\\\/0b1c774eb803dc07cabaa1ba623a2189\",\"name\":\"Pilar Perosanz\",\"image\":{\"@type\":\"ImageObject\",\"inLanguage\":\"es\",\"@id\":\"https:\\\/\\\/secure.gravatar.com\\\/avatar\\\/5f89b89cee696f36efb82c284bbc1518b83b807f1e68366037e8221287a0831b?s=96&d=mm&r=g\",\"url\":\"https:\\\/\\\/secure.gravatar.com\\\/avatar\\\/5f89b89cee696f36efb82c284bbc1518b83b807f1e68366037e8221287a0831b?s=96&d=mm&r=g\",\"contentUrl\":\"https:\\\/\\\/secure.gravatar.com\\\/avatar\\\/5f89b89cee696f36efb82c284bbc1518b83b807f1e68366037e8221287a0831b?s=96&d=mm&r=g\",\"caption\":\"Pilar Perosanz\"},\"url\":\"http:\\\/\\\/noviasespana.com\\\/noviasbaleares\\\/author\\\/pilar\\\/\"}]}<\/script>\n<!-- \/ Yoast SEO plugin. -->","yoast_head_json":{"title":"Los grandes dise\u00f1adores espa\u00f1oles presentan sus propuestas en la 53\u00aa edici\u00f3n de Cibeles Madrid Fashion week - Novias Baleares","robots":{"index":"index","follow":"follow","max-snippet":"max-snippet:-1","max-image-preview":"max-image-preview:large","max-video-preview":"max-video-preview:-1"},"canonical":"http:\/\/noviasespana.com\/noviasbaleares\/los-grandes-disenadores-espanoles-presentan-sus-propuestas-en-la-53\u00aa-edicion-de-cibeles-madrid-fashion-week\/","og_locale":"es_ES","og_type":"article","og_title":"Los grandes dise\u00f1adores espa\u00f1oles presentan sus propuestas en la 53\u00aa edici\u00f3n de Cibeles Madrid Fashion week - Novias Baleares","og_description":"Queridas Novias!!! Avanza la pasarela Cibeles, y, aunque, claro est\u00e1, las m\u00e1s esperadas para nosotros son las pasarelas de novias de Cibeles y Gaud\u00ed, tambi\u00e9n hemos querido hacernos eco en nuestro blog del transcurso de la\u00a0semana de moda madrile\u00f1a. \u00a0As\u00ed, desde el pasado viernes y hasta el d\u00eda 23, Ifema est\u00e1 siendo el escenario y [&hellip;]","og_url":"http:\/\/noviasespana.com\/noviasbaleares\/los-grandes-disenadores-espanoles-presentan-sus-propuestas-en-la-53\u00aa-edicion-de-cibeles-madrid-fashion-week\/","og_site_name":"Novias Baleares","article_published_time":"2011-02-21T17:32:43+00:00","og_image":[{"url":"http:\/\/www.diariodeunanovia.com\/blog\/wp-content\/uploads\/sites\/5\/2011\/02\/PASARELA-CIBELES-FEBRERO-2011-300x200.jpg","type":"","width":"","height":""}],"author":"Pilar Perosanz","twitter_misc":{"Escrito por":"Pilar Perosanz","Tiempo de lectura":"1 minuto"},"schema":{"@context":"https:\/\/schema.org","@graph":[{"@type":"Article","@id":"http:\/\/noviasespana.com\/noviasbaleares\/los-grandes-disenadores-espanoles-presentan-sus-propuestas-en-la-53%c2%aa-edicion-de-cibeles-madrid-fashion-week\/#article","isPartOf":{"@id":"http:\/\/noviasespana.com\/noviasbaleares\/los-grandes-disenadores-espanoles-presentan-sus-propuestas-en-la-53%c2%aa-edicion-de-cibeles-madrid-fashion-week\/"},"author":{"name":"Pilar Perosanz","@id":"http:\/\/noviasespana.com\/noviasbaleares\/#\/schema\/person\/0b1c774eb803dc07cabaa1ba623a2189"},"headline":"Los grandes dise\u00f1adores espa\u00f1oles presentan sus propuestas en la 53\u00aa edici\u00f3n de Cibeles Madrid Fashion week","datePublished":"2011-02-21T17:32:43+00:00","mainEntityOfPage":{"@id":"http:\/\/noviasespana.com\/noviasbaleares\/los-grandes-disenadores-espanoles-presentan-sus-propuestas-en-la-53%c2%aa-edicion-de-cibeles-madrid-fashion-week\/"},"wordCount":181,"commentCount":0,"image":{"@id":"http:\/\/noviasespana.com\/noviasbaleares\/los-grandes-disenadores-espanoles-presentan-sus-propuestas-en-la-53%c2%aa-edicion-de-cibeles-madrid-fashion-week\/#primaryimage"},"thumbnailUrl":"http:\/\/www.diariodeunanovia.com\/blog\/wp-content\/uploads\/sites\/5\/2011\/02\/PASARELA-CIBELES-FEBRERO-2011-300x200.jpg","articleSection":["novias"],"inLanguage":"es","potentialAction":[{"@type":"CommentAction","name":"Comment","target":["http:\/\/noviasespana.com\/noviasbaleares\/los-grandes-disenadores-espanoles-presentan-sus-propuestas-en-la-53%c2%aa-edicion-de-cibeles-madrid-fashion-week\/#respond"]}]},{"@type":"WebPage","@id":"http:\/\/noviasespana.com\/noviasbaleares\/los-grandes-disenadores-espanoles-presentan-sus-propuestas-en-la-53%c2%aa-edicion-de-cibeles-madrid-fashion-week\/","url":"http:\/\/noviasespana.com\/noviasbaleares\/los-grandes-disenadores-espanoles-presentan-sus-propuestas-en-la-53%c2%aa-edicion-de-cibeles-madrid-fashion-week\/","name":"Los grandes dise\u00f1adores espa\u00f1oles presentan sus propuestas en la 53\u00aa edici\u00f3n de Cibeles Madrid Fashion week - Novias Baleares","isPartOf":{"@id":"http:\/\/noviasespana.com\/noviasbaleares\/#website"},"primaryImageOfPage":{"@id":"http:\/\/noviasespana.com\/noviasbaleares\/los-grandes-disenadores-espanoles-presentan-sus-propuestas-en-la-53%c2%aa-edicion-de-cibeles-madrid-fashion-week\/#primaryimage"},"image":{"@id":"http:\/\/noviasespana.com\/noviasbaleares\/los-grandes-disenadores-espanoles-presentan-sus-propuestas-en-la-53%c2%aa-edicion-de-cibeles-madrid-fashion-week\/#primaryimage"},"thumbnailUrl":"http:\/\/www.diariodeunanovia.com\/blog\/wp-content\/uploads\/sites\/5\/2011\/02\/PASARELA-CIBELES-FEBRERO-2011-300x200.jpg","datePublished":"2011-02-21T17:32:43+00:00","author":{"@id":"http:\/\/noviasespana.com\/noviasbaleares\/#\/schema\/person\/0b1c774eb803dc07cabaa1ba623a2189"},"breadcrumb":{"@id":"http:\/\/noviasespana.com\/noviasbaleares\/los-grandes-disenadores-espanoles-presentan-sus-propuestas-en-la-53%c2%aa-edicion-de-cibeles-madrid-fashion-week\/#breadcrumb"},"inLanguage":"es","potentialAction":[{"@type":"ReadAction","target":["http:\/\/noviasespana.com\/noviasbaleares\/los-grandes-disenadores-espanoles-presentan-sus-propuestas-en-la-53%c2%aa-edicion-de-cibeles-madrid-fashion-week\/"]}]},{"@type":"ImageObject","inLanguage":"es","@id":"http:\/\/noviasespana.com\/noviasbaleares\/los-grandes-disenadores-espanoles-presentan-sus-propuestas-en-la-53%c2%aa-edicion-de-cibeles-madrid-fashion-week\/#primaryimage","url":"http:\/\/www.diariodeunanovia.com\/blog\/wp-content\/uploads\/sites\/5\/2011\/02\/PASARELA-CIBELES-FEBRERO-2011-300x200.jpg","contentUrl":"http:\/\/www.diariodeunanovia.com\/blog\/wp-content\/uploads\/sites\/5\/2011\/02\/PASARELA-CIBELES-FEBRERO-2011-300x200.jpg"},{"@type":"BreadcrumbList","@id":"http:\/\/noviasespana.com\/noviasbaleares\/los-grandes-disenadores-espanoles-presentan-sus-propuestas-en-la-53%c2%aa-edicion-de-cibeles-madrid-fashion-week\/#breadcrumb","itemListElement":[{"@type":"ListItem","position":1,"name":"Portada","item":"http:\/\/noviasespana.com\/noviasbaleares\/"},{"@type":"ListItem","position":2,"name":"Los grandes dise\u00f1adores espa\u00f1oles presentan sus propuestas en la 53\u00aa edici\u00f3n de Cibeles Madrid Fashion week"}]},{"@type":"WebSite","@id":"http:\/\/noviasespana.com\/noviasbaleares\/#website","url":"http:\/\/noviasespana.com\/noviasbaleares\/","name":"Novias Baleares","description":"Revista de novias","potentialAction":[{"@type":"SearchAction","target":{"@type":"EntryPoint","urlTemplate":"http:\/\/noviasespana.com\/noviasbaleares\/?s={search_term_string}"},"query-input":{"@type":"PropertyValueSpecification","valueRequired":true,"valueName":"search_term_string"}}],"inLanguage":"es"},{"@type":"Person","@id":"http:\/\/noviasespana.com\/noviasbaleares\/#\/schema\/person\/0b1c774eb803dc07cabaa1ba623a2189","name":"Pilar Perosanz","image":{"@type":"ImageObject","inLanguage":"es","@id":"https:\/\/secure.gravatar.com\/avatar\/5f89b89cee696f36efb82c284bbc1518b83b807f1e68366037e8221287a0831b?s=96&d=mm&r=g","url":"https:\/\/secure.gravatar.com\/avatar\/5f89b89cee696f36efb82c284bbc1518b83b807f1e68366037e8221287a0831b?s=96&d=mm&r=g","contentUrl":"https:\/\/secure.gravatar.com\/avatar\/5f89b89cee696f36efb82c284bbc1518b83b807f1e68366037e8221287a0831b?s=96&d=mm&r=g","caption":"Pilar Perosanz"},"url":"http:\/\/noviasespana.com\/noviasbaleares\/author\/pilar\/"}]}},"jetpack_featured_media_url":"","jetpack_sharing_enabled":true,"jetpack_shortlink":"https:\/\/wp.me\/p5Hg6P-Jr","jetpack_likes_enabled":true,"_links":{"self":[{"href":"http:\/\/noviasespana.com\/noviasbaleares\/wp-json\/wp\/v2\/posts\/2817","targetHints":{"allow":["GET"]}}],"collection":[{"href":"http:\/\/noviasespana.com\/noviasbaleares\/wp-json\/wp\/v2\/posts"}],"about":[{"href":"http:\/\/noviasespana.com\/noviasbaleares\/wp-json\/wp\/v2\/types\/post"}],"author":[{"embeddable":true,"href":"http:\/\/noviasespana.com\/noviasbaleares\/wp-json\/wp\/v2\/users\/4"}],"replies":[{"embeddable":true,"href":"http:\/\/noviasespana.com\/noviasbaleares\/wp-json\/wp\/v2\/comments?post=2817"}],"version-history":[{"count":0,"href":"http:\/\/noviasespana.com\/noviasbaleares\/wp-json\/wp\/v2\/posts\/2817\/revisions"}],"wp:attachment":[{"href":"http:\/\/noviasespana.com\/noviasbaleares\/wp-json\/wp\/v2\/media?parent=2817"}],"wp:term":[{"taxonomy":"category","embeddable":true,"href":"http:\/\/noviasespana.com\/noviasbaleares\/wp-json\/wp\/v2\/categories?post=2817"},{"taxonomy":"post_tag","embeddable":true,"href":"http:\/\/noviasespana.com\/noviasbaleares\/wp-json\/wp\/v2\/tags?post=2817"}],"curies":[{"name":"wp","href":"https:\/\/api.w.org\/{rel}","templated":true}]}}