{"id":2801,"date":"2011-02-16T14:50:22","date_gmt":"2011-02-16T13:50:22","guid":{"rendered":"http:\/\/www.diariodeunanovia.com\/blog\/?p=2801"},"modified":"2011-02-16T14:50:22","modified_gmt":"2011-02-16T13:50:22","slug":"las-bodas-del-ano","status":"publish","type":"post","link":"http:\/\/noviasespana.com\/noviasbaleares\/las-bodas-del-ano\/","title":{"rendered":"Las bodas del a\u00f1o"},"content":{"rendered":"<p>Queridas novias!!! Es el momento de repasar las<strong> bodas famosas del a\u00f1o<\/strong>. Y es que han sido muchas las <strong>parejas medi\u00e1ticas<\/strong> que han contra\u00eddo matrimonio este <strong>2010<\/strong>, algunos en secreto total como <strong>Pen\u00e9lope Cruz<\/strong> y <strong>Javier Bardem<\/strong>, otros por sorpresa como <strong>Julio Iglesia<\/strong> y <strong>Miranda<\/strong> y la mayor\u00eda, por todo lo alto como <strong>Laura Vecino<\/strong> y <strong>Rafael Medina<\/strong>.<br \/>\nEntre los enlaces internacionales destacaron especialmente el de <strong>Victoria de Suecia<\/strong> y <strong>Daniel Westling<\/strong> y <strong>Tatiana Blatnik<\/strong> y <strong>Nicol\u00e1s de Grecia<\/strong> que pusieron la necesaria dosis de realeza y alta sociedad en sus respectivas bodas. Un ingrediente que ya tenemos asegurado en 2011 con el enlace del <strong>pr\u00edncipe Guillermo<\/strong> y <strong>Kate Middleton<\/strong>.<br \/>\nAlgunos de los <strong>famosos nacionales<\/strong> que han pasado por el altar han sido <strong>Jos\u00e9 Mari Manzanares<\/strong> y <strong>Roc\u00edo Escalona<\/strong>, <strong>Almudena Cid<\/strong> y <strong>Christian G\u00e1lvez<\/strong>, <strong>Lolita <\/strong>y <strong>Pablo Dur\u00e1n<\/strong> y <strong>Dani<\/strong> <strong>Mateo<\/strong> y <strong>Elena Ballesteros<\/strong> entre otros.<br \/>\nMuchas bodas y muchos vestidos. Mi favorito el de <strong>Elena Ballesteros<\/strong>, un maravillo modelo de corte a\u00f1os 20, seguido del modelo de <strong>Tatiana Blatnik<\/strong>, una novia de cuento de hadas. Delicado y muy elegante es el vestido de <strong>Armani<\/strong> que luci\u00f3 <strong>Elsa Pataky<\/strong> con motivo de su boda sorpresa con el actor <strong>Chris Hemsworth<\/strong>. Otro vestido que merece un comentario es el dise\u00f1o de <strong>Giambattista Valli<\/strong> para <strong>Laura Vecino<\/strong>, un modelo de corte princesa totalmente desmontable, para la ceremonia la novia luci\u00f3 un recatado escote ba\u00f1era y una falda abullonada que se trasform\u00f3 para la fiesta en un palabra de honor de corte sirena.<\/p>\n<p><img data-recalc-dims=\"1\" loading=\"lazy\" decoding=\"async\" class=\"aligncenter size-thumbnail wp-image-2813\" title=\"Las bodas de 2010\" src=\"https:\/\/i0.wp.com\/www.diariodeunanovia.com\/blog\/wp-content\/uploads\/sites\/5\/2011\/02\/Las-bodas-de-20101-150x150.jpg?resize=150%2C150\" alt=\"Las bodas de 2010\" width=\"150\" height=\"150\" \/><\/p>\n","protected":false},"excerpt":{"rendered":"<p>Queridas novias!!! Es el momento de repasar las bodas famosas del a\u00f1o. Y es que han sido muchas las parejas medi\u00e1ticas que han contra\u00eddo matrimonio este 2010, algunos en secreto total como Pen\u00e9lope Cruz y Javier Bardem, otros por sorpresa como Julio Iglesia y Miranda y la mayor\u00eda, por todo lo alto como Laura Vecino [&hellip;]<\/p>\n","protected":false},"author":2,"featured_media":0,"comment_status":"open","ping_status":"open","sticky":false,"template":"","format":"standard","meta":{"jetpack_post_was_ever_published":false,"_jetpack_newsletter_access":"","_jetpack_dont_email_post_to_subs":false,"_jetpack_newsletter_tier_id":0,"_jetpack_memberships_contains_paywalled_content":false,"_jetpack_memberships_contains_paid_content":false,"footnotes":""},"categories":[1],"tags":[],"class_list":["post-2801","post","type-post","status-publish","format-standard","hentry","category-novias"],"yoast_head":"<!-- This site is optimized with the Yoast SEO plugin v27.5 - https:\/\/yoast.com\/product\/yoast-seo-wordpress\/ -->\n<title>Las bodas del a\u00f1o - Novias Baleares<\/title>\n<meta name=\"robots\" content=\"index, follow, max-snippet:-1, max-image-preview:large, max-video-preview:-1\" \/>\n<link rel=\"canonical\" href=\"http:\/\/noviasespana.com\/noviasbaleares\/las-bodas-del-ano\/\" \/>\n<meta property=\"og:locale\" content=\"es_ES\" \/>\n<meta property=\"og:type\" content=\"article\" \/>\n<meta property=\"og:title\" content=\"Las bodas del a\u00f1o - Novias Baleares\" \/>\n<meta property=\"og:description\" content=\"Queridas novias!!! Es el momento de repasar las bodas famosas del a\u00f1o. Y es que han sido muchas las parejas medi\u00e1ticas que han contra\u00eddo matrimonio este 2010, algunos en secreto total como Pen\u00e9lope Cruz y Javier Bardem, otros por sorpresa como Julio Iglesia y Miranda y la mayor\u00eda, por todo lo alto como Laura Vecino [&hellip;]\" \/>\n<meta property=\"og:url\" content=\"http:\/\/noviasespana.com\/noviasbaleares\/las-bodas-del-ano\/\" \/>\n<meta property=\"og:site_name\" content=\"Novias Baleares\" \/>\n<meta property=\"article:published_time\" content=\"2011-02-16T13:50:22+00:00\" \/>\n<meta property=\"og:image\" content=\"http:\/\/www.diariodeunanovia.com\/blog\/wp-content\/uploads\/sites\/5\/2011\/02\/Las-bodas-de-20101-150x150.jpg\" \/>\n<meta name=\"author\" content=\"admin\" \/>\n<meta name=\"twitter:label1\" content=\"Escrito por\" \/>\n\t<meta name=\"twitter:data1\" content=\"admin\" \/>\n\t<meta name=\"twitter:label2\" content=\"Tiempo de lectura\" \/>\n\t<meta name=\"twitter:data2\" content=\"1 minuto\" \/>\n<script type=\"application\/ld+json\" class=\"yoast-schema-graph\">{\"@context\":\"https:\\\/\\\/schema.org\",\"@graph\":[{\"@type\":\"Article\",\"@id\":\"http:\\\/\\\/noviasespana.com\\\/noviasbaleares\\\/las-bodas-del-ano\\\/#article\",\"isPartOf\":{\"@id\":\"http:\\\/\\\/noviasespana.com\\\/noviasbaleares\\\/las-bodas-del-ano\\\/\"},\"author\":{\"name\":\"admin\",\"@id\":\"http:\\\/\\\/noviasespana.com\\\/noviasbaleares\\\/#\\\/schema\\\/person\\\/82ff6e303fad28e4da623aa4d27969ed\"},\"headline\":\"Las bodas del a\u00f1o\",\"datePublished\":\"2011-02-16T13:50:22+00:00\",\"mainEntityOfPage\":{\"@id\":\"http:\\\/\\\/noviasespana.com\\\/noviasbaleares\\\/las-bodas-del-ano\\\/\"},\"wordCount\":265,\"commentCount\":0,\"image\":{\"@id\":\"http:\\\/\\\/noviasespana.com\\\/noviasbaleares\\\/las-bodas-del-ano\\\/#primaryimage\"},\"thumbnailUrl\":\"http:\\\/\\\/www.diariodeunanovia.com\\\/blog\\\/wp-content\\\/uploads\\\/sites\\\/5\\\/2011\\\/02\\\/Las-bodas-de-20101-150x150.jpg\",\"articleSection\":[\"novias\"],\"inLanguage\":\"es\",\"potentialAction\":[{\"@type\":\"CommentAction\",\"name\":\"Comment\",\"target\":[\"http:\\\/\\\/noviasespana.com\\\/noviasbaleares\\\/las-bodas-del-ano\\\/#respond\"]}]},{\"@type\":\"WebPage\",\"@id\":\"http:\\\/\\\/noviasespana.com\\\/noviasbaleares\\\/las-bodas-del-ano\\\/\",\"url\":\"http:\\\/\\\/noviasespana.com\\\/noviasbaleares\\\/las-bodas-del-ano\\\/\",\"name\":\"Las bodas del a\u00f1o - Novias Baleares\",\"isPartOf\":{\"@id\":\"http:\\\/\\\/noviasespana.com\\\/noviasbaleares\\\/#website\"},\"primaryImageOfPage\":{\"@id\":\"http:\\\/\\\/noviasespana.com\\\/noviasbaleares\\\/las-bodas-del-ano\\\/#primaryimage\"},\"image\":{\"@id\":\"http:\\\/\\\/noviasespana.com\\\/noviasbaleares\\\/las-bodas-del-ano\\\/#primaryimage\"},\"thumbnailUrl\":\"http:\\\/\\\/www.diariodeunanovia.com\\\/blog\\\/wp-content\\\/uploads\\\/sites\\\/5\\\/2011\\\/02\\\/Las-bodas-de-20101-150x150.jpg\",\"datePublished\":\"2011-02-16T13:50:22+00:00\",\"author\":{\"@id\":\"http:\\\/\\\/noviasespana.com\\\/noviasbaleares\\\/#\\\/schema\\\/person\\\/82ff6e303fad28e4da623aa4d27969ed\"},\"breadcrumb\":{\"@id\":\"http:\\\/\\\/noviasespana.com\\\/noviasbaleares\\\/las-bodas-del-ano\\\/#breadcrumb\"},\"inLanguage\":\"es\",\"potentialAction\":[{\"@type\":\"ReadAction\",\"target\":[\"http:\\\/\\\/noviasespana.com\\\/noviasbaleares\\\/las-bodas-del-ano\\\/\"]}]},{\"@type\":\"ImageObject\",\"inLanguage\":\"es\",\"@id\":\"http:\\\/\\\/noviasespana.com\\\/noviasbaleares\\\/las-bodas-del-ano\\\/#primaryimage\",\"url\":\"http:\\\/\\\/www.diariodeunanovia.com\\\/blog\\\/wp-content\\\/uploads\\\/sites\\\/5\\\/2011\\\/02\\\/Las-bodas-de-20101-150x150.jpg\",\"contentUrl\":\"http:\\\/\\\/www.diariodeunanovia.com\\\/blog\\\/wp-content\\\/uploads\\\/sites\\\/5\\\/2011\\\/02\\\/Las-bodas-de-20101-150x150.jpg\"},{\"@type\":\"BreadcrumbList\",\"@id\":\"http:\\\/\\\/noviasespana.com\\\/noviasbaleares\\\/las-bodas-del-ano\\\/#breadcrumb\",\"itemListElement\":[{\"@type\":\"ListItem\",\"position\":1,\"name\":\"Portada\",\"item\":\"http:\\\/\\\/noviasespana.com\\\/noviasbaleares\\\/\"},{\"@type\":\"ListItem\",\"position\":2,\"name\":\"Las bodas del a\u00f1o\"}]},{\"@type\":\"WebSite\",\"@id\":\"http:\\\/\\\/noviasespana.com\\\/noviasbaleares\\\/#website\",\"url\":\"http:\\\/\\\/noviasespana.com\\\/noviasbaleares\\\/\",\"name\":\"Novias Baleares\",\"description\":\"Revista de novias\",\"potentialAction\":[{\"@type\":\"SearchAction\",\"target\":{\"@type\":\"EntryPoint\",\"urlTemplate\":\"http:\\\/\\\/noviasespana.com\\\/noviasbaleares\\\/?s={search_term_string}\"},\"query-input\":{\"@type\":\"PropertyValueSpecification\",\"valueRequired\":true,\"valueName\":\"search_term_string\"}}],\"inLanguage\":\"es\"},{\"@type\":\"Person\",\"@id\":\"http:\\\/\\\/noviasespana.com\\\/noviasbaleares\\\/#\\\/schema\\\/person\\\/82ff6e303fad28e4da623aa4d27969ed\",\"name\":\"admin\",\"image\":{\"@type\":\"ImageObject\",\"inLanguage\":\"es\",\"@id\":\"https:\\\/\\\/secure.gravatar.com\\\/avatar\\\/0f45231fddfb43fcbd0cdde4582a3580baf474d75fca7d494b42ff86847de871?s=96&d=mm&r=g\",\"url\":\"https:\\\/\\\/secure.gravatar.com\\\/avatar\\\/0f45231fddfb43fcbd0cdde4582a3580baf474d75fca7d494b42ff86847de871?s=96&d=mm&r=g\",\"contentUrl\":\"https:\\\/\\\/secure.gravatar.com\\\/avatar\\\/0f45231fddfb43fcbd0cdde4582a3580baf474d75fca7d494b42ff86847de871?s=96&d=mm&r=g\",\"caption\":\"admin\"},\"url\":\"http:\\\/\\\/noviasespana.com\\\/noviasbaleares\\\/author\\\/admin\\\/\"}]}<\/script>\n<!-- \/ Yoast SEO plugin. -->","yoast_head_json":{"title":"Las bodas del a\u00f1o - Novias Baleares","robots":{"index":"index","follow":"follow","max-snippet":"max-snippet:-1","max-image-preview":"max-image-preview:large","max-video-preview":"max-video-preview:-1"},"canonical":"http:\/\/noviasespana.com\/noviasbaleares\/las-bodas-del-ano\/","og_locale":"es_ES","og_type":"article","og_title":"Las bodas del a\u00f1o - Novias Baleares","og_description":"Queridas novias!!! Es el momento de repasar las bodas famosas del a\u00f1o. Y es que han sido muchas las parejas medi\u00e1ticas que han contra\u00eddo matrimonio este 2010, algunos en secreto total como Pen\u00e9lope Cruz y Javier Bardem, otros por sorpresa como Julio Iglesia y Miranda y la mayor\u00eda, por todo lo alto como Laura Vecino [&hellip;]","og_url":"http:\/\/noviasespana.com\/noviasbaleares\/las-bodas-del-ano\/","og_site_name":"Novias Baleares","article_published_time":"2011-02-16T13:50:22+00:00","og_image":[{"url":"http:\/\/www.diariodeunanovia.com\/blog\/wp-content\/uploads\/sites\/5\/2011\/02\/Las-bodas-de-20101-150x150.jpg","type":"","width":"","height":""}],"author":"admin","twitter_misc":{"Escrito por":"admin","Tiempo de lectura":"1 minuto"},"schema":{"@context":"https:\/\/schema.org","@graph":[{"@type":"Article","@id":"http:\/\/noviasespana.com\/noviasbaleares\/las-bodas-del-ano\/#article","isPartOf":{"@id":"http:\/\/noviasespana.com\/noviasbaleares\/las-bodas-del-ano\/"},"author":{"name":"admin","@id":"http:\/\/noviasespana.com\/noviasbaleares\/#\/schema\/person\/82ff6e303fad28e4da623aa4d27969ed"},"headline":"Las bodas del a\u00f1o","datePublished":"2011-02-16T13:50:22+00:00","mainEntityOfPage":{"@id":"http:\/\/noviasespana.com\/noviasbaleares\/las-bodas-del-ano\/"},"wordCount":265,"commentCount":0,"image":{"@id":"http:\/\/noviasespana.com\/noviasbaleares\/las-bodas-del-ano\/#primaryimage"},"thumbnailUrl":"http:\/\/www.diariodeunanovia.com\/blog\/wp-content\/uploads\/sites\/5\/2011\/02\/Las-bodas-de-20101-150x150.jpg","articleSection":["novias"],"inLanguage":"es","potentialAction":[{"@type":"CommentAction","name":"Comment","target":["http:\/\/noviasespana.com\/noviasbaleares\/las-bodas-del-ano\/#respond"]}]},{"@type":"WebPage","@id":"http:\/\/noviasespana.com\/noviasbaleares\/las-bodas-del-ano\/","url":"http:\/\/noviasespana.com\/noviasbaleares\/las-bodas-del-ano\/","name":"Las bodas del a\u00f1o - Novias Baleares","isPartOf":{"@id":"http:\/\/noviasespana.com\/noviasbaleares\/#website"},"primaryImageOfPage":{"@id":"http:\/\/noviasespana.com\/noviasbaleares\/las-bodas-del-ano\/#primaryimage"},"image":{"@id":"http:\/\/noviasespana.com\/noviasbaleares\/las-bodas-del-ano\/#primaryimage"},"thumbnailUrl":"http:\/\/www.diariodeunanovia.com\/blog\/wp-content\/uploads\/sites\/5\/2011\/02\/Las-bodas-de-20101-150x150.jpg","datePublished":"2011-02-16T13:50:22+00:00","author":{"@id":"http:\/\/noviasespana.com\/noviasbaleares\/#\/schema\/person\/82ff6e303fad28e4da623aa4d27969ed"},"breadcrumb":{"@id":"http:\/\/noviasespana.com\/noviasbaleares\/las-bodas-del-ano\/#breadcrumb"},"inLanguage":"es","potentialAction":[{"@type":"ReadAction","target":["http:\/\/noviasespana.com\/noviasbaleares\/las-bodas-del-ano\/"]}]},{"@type":"ImageObject","inLanguage":"es","@id":"http:\/\/noviasespana.com\/noviasbaleares\/las-bodas-del-ano\/#primaryimage","url":"http:\/\/www.diariodeunanovia.com\/blog\/wp-content\/uploads\/sites\/5\/2011\/02\/Las-bodas-de-20101-150x150.jpg","contentUrl":"http:\/\/www.diariodeunanovia.com\/blog\/wp-content\/uploads\/sites\/5\/2011\/02\/Las-bodas-de-20101-150x150.jpg"},{"@type":"BreadcrumbList","@id":"http:\/\/noviasespana.com\/noviasbaleares\/las-bodas-del-ano\/#breadcrumb","itemListElement":[{"@type":"ListItem","position":1,"name":"Portada","item":"http:\/\/noviasespana.com\/noviasbaleares\/"},{"@type":"ListItem","position":2,"name":"Las bodas del a\u00f1o"}]},{"@type":"WebSite","@id":"http:\/\/noviasespana.com\/noviasbaleares\/#website","url":"http:\/\/noviasespana.com\/noviasbaleares\/","name":"Novias Baleares","description":"Revista de novias","potentialAction":[{"@type":"SearchAction","target":{"@type":"EntryPoint","urlTemplate":"http:\/\/noviasespana.com\/noviasbaleares\/?s={search_term_string}"},"query-input":{"@type":"PropertyValueSpecification","valueRequired":true,"valueName":"search_term_string"}}],"inLanguage":"es"},{"@type":"Person","@id":"http:\/\/noviasespana.com\/noviasbaleares\/#\/schema\/person\/82ff6e303fad28e4da623aa4d27969ed","name":"admin","image":{"@type":"ImageObject","inLanguage":"es","@id":"https:\/\/secure.gravatar.com\/avatar\/0f45231fddfb43fcbd0cdde4582a3580baf474d75fca7d494b42ff86847de871?s=96&d=mm&r=g","url":"https:\/\/secure.gravatar.com\/avatar\/0f45231fddfb43fcbd0cdde4582a3580baf474d75fca7d494b42ff86847de871?s=96&d=mm&r=g","contentUrl":"https:\/\/secure.gravatar.com\/avatar\/0f45231fddfb43fcbd0cdde4582a3580baf474d75fca7d494b42ff86847de871?s=96&d=mm&r=g","caption":"admin"},"url":"http:\/\/noviasespana.com\/noviasbaleares\/author\/admin\/"}]}},"jetpack_featured_media_url":"","jetpack_sharing_enabled":true,"jetpack_shortlink":"https:\/\/wp.me\/p5Hg6P-Jb","jetpack_likes_enabled":true,"_links":{"self":[{"href":"http:\/\/noviasespana.com\/noviasbaleares\/wp-json\/wp\/v2\/posts\/2801","targetHints":{"allow":["GET"]}}],"collection":[{"href":"http:\/\/noviasespana.com\/noviasbaleares\/wp-json\/wp\/v2\/posts"}],"about":[{"href":"http:\/\/noviasespana.com\/noviasbaleares\/wp-json\/wp\/v2\/types\/post"}],"author":[{"embeddable":true,"href":"http:\/\/noviasespana.com\/noviasbaleares\/wp-json\/wp\/v2\/users\/2"}],"replies":[{"embeddable":true,"href":"http:\/\/noviasespana.com\/noviasbaleares\/wp-json\/wp\/v2\/comments?post=2801"}],"version-history":[{"count":0,"href":"http:\/\/noviasespana.com\/noviasbaleares\/wp-json\/wp\/v2\/posts\/2801\/revisions"}],"wp:attachment":[{"href":"http:\/\/noviasespana.com\/noviasbaleares\/wp-json\/wp\/v2\/media?parent=2801"}],"wp:term":[{"taxonomy":"category","embeddable":true,"href":"http:\/\/noviasespana.com\/noviasbaleares\/wp-json\/wp\/v2\/categories?post=2801"},{"taxonomy":"post_tag","embeddable":true,"href":"http:\/\/noviasespana.com\/noviasbaleares\/wp-json\/wp\/v2\/tags?post=2801"}],"curies":[{"name":"wp","href":"https:\/\/api.w.org\/{rel}","templated":true}]}}