{"id":2684,"date":"2011-01-26T17:47:39","date_gmt":"2011-01-26T16:47:39","guid":{"rendered":"http:\/\/www.diariodeunanovia.com\/blog\/?p=2684"},"modified":"2011-01-26T17:47:39","modified_gmt":"2011-01-26T16:47:39","slug":"penelope-cruz-y-javier-bardem-ya-son-papas","status":"publish","type":"post","link":"http:\/\/noviasespana.com\/noviasbaleares\/penelope-cruz-y-javier-bardem-ya-son-papas\/","title":{"rendered":"Pen\u00e9lope Cruz y Javier Bardem ya son pap\u00e1s"},"content":{"rendered":"<p>Queridas novias!!!\u00a0 Seg\u00fan han informado fuentes cercanas a la familia de los actores, al parecer,\u00a0\u00a0el primer hijo de <strong>Pe<\/strong> y \u00a0<strong>Bardem <\/strong>ha nacido este fin de semana en una prestigiosa cl\u00ednica de Los \u00c1ngeles.\u00a0 Nada sabemos en detalle acerca del acontecimiento, ni siquiera el sexo del beb\u00e9, aunque algunos medios apuntan a que se trata de un ni\u00f1o. Adem\u00e1s de la felicidad del nacimiento de su primer hijo, Javier tiene motivos para sentirse m\u00e1s dichoso a\u00fan si cabe, ya que en estos d\u00edas tambi\u00e9n se ha conocido la noticia de su tercera nominaci\u00f3n al \u00d3scar, esta vez por su papel en <strong>\u2018Biutiful\u2019<\/strong>. La pareja, bien afianzada en el <em>star system<\/em> hollywoodiense y\u00a0estupendamente adaptada\u00a0a las costumbres de EEUU, tambi\u00e9n celebraron el t\u00edpico<em> baby shower<\/em> a cuya fiesta asistieron varios amigos, entre los que se encontraba el tambi\u00e9n actor<strong> Leonardo Di Caprio<\/strong>,\u00a0 que acudi\u00f3 acompa\u00f1ado de su novia, la modelo israel\u00ed <strong>Bar Rafaeli<\/strong>.<\/p>\n<p><img data-recalc-dims=\"1\" loading=\"lazy\" decoding=\"async\" class=\"aligncenter size-full wp-image-2683\" title=\"PE y BARDEM\" src=\"https:\/\/i0.wp.com\/www.diariodeunanovia.com\/blog\/wp-content\/uploads\/sites\/5\/2011\/01\/PE-y-BARDEM1.jpg?resize=194%2C259\" alt=\"PE y BARDEM\" width=\"194\" height=\"259\" \/><\/p>\n","protected":false},"excerpt":{"rendered":"<p>Queridas novias!!!\u00a0 Seg\u00fan han informado fuentes cercanas a la familia de los actores, al parecer,\u00a0\u00a0el primer hijo de Pe y \u00a0Bardem ha nacido este fin de semana en una prestigiosa cl\u00ednica de Los \u00c1ngeles.\u00a0 Nada sabemos en detalle acerca del acontecimiento, ni siquiera el sexo del beb\u00e9, aunque algunos medios apuntan a que se trata [&hellip;]<\/p>\n","protected":false},"author":2,"featured_media":0,"comment_status":"open","ping_status":"open","sticky":false,"template":"","format":"standard","meta":{"jetpack_post_was_ever_published":false,"_jetpack_newsletter_access":"","_jetpack_dont_email_post_to_subs":false,"_jetpack_newsletter_tier_id":0,"_jetpack_memberships_contains_paywalled_content":false,"_jetpack_memberships_contains_paid_content":false,"footnotes":""},"categories":[1],"tags":[],"class_list":["post-2684","post","type-post","status-publish","format-standard","hentry","category-novias"],"yoast_head":"<!-- This site is optimized with the Yoast SEO plugin v27.5 - https:\/\/yoast.com\/product\/yoast-seo-wordpress\/ -->\n<title>Pen\u00e9lope Cruz y Javier Bardem ya son pap\u00e1s - Novias Baleares<\/title>\n<meta name=\"robots\" content=\"index, follow, max-snippet:-1, max-image-preview:large, max-video-preview:-1\" \/>\n<link rel=\"canonical\" href=\"http:\/\/noviasespana.com\/noviasbaleares\/penelope-cruz-y-javier-bardem-ya-son-papas\/\" \/>\n<meta property=\"og:locale\" content=\"es_ES\" \/>\n<meta property=\"og:type\" content=\"article\" \/>\n<meta property=\"og:title\" content=\"Pen\u00e9lope Cruz y Javier Bardem ya son pap\u00e1s - Novias Baleares\" \/>\n<meta property=\"og:description\" content=\"Queridas novias!!!\u00a0 Seg\u00fan han informado fuentes cercanas a la familia de los actores, al parecer,\u00a0\u00a0el primer hijo de Pe y \u00a0Bardem ha nacido este fin de semana en una prestigiosa cl\u00ednica de Los \u00c1ngeles.\u00a0 Nada sabemos en detalle acerca del acontecimiento, ni siquiera el sexo del beb\u00e9, aunque algunos medios apuntan a que se trata [&hellip;]\" \/>\n<meta property=\"og:url\" content=\"http:\/\/noviasespana.com\/noviasbaleares\/penelope-cruz-y-javier-bardem-ya-son-papas\/\" \/>\n<meta property=\"og:site_name\" content=\"Novias Baleares\" \/>\n<meta property=\"article:published_time\" content=\"2011-01-26T16:47:39+00:00\" \/>\n<meta property=\"og:image\" content=\"http:\/\/www.diariodeunanovia.com\/blog\/wp-content\/uploads\/sites\/5\/2011\/01\/PE-y-BARDEM1.jpg\" \/>\n<meta name=\"author\" content=\"admin\" \/>\n<meta name=\"twitter:label1\" content=\"Escrito por\" \/>\n\t<meta name=\"twitter:data1\" content=\"admin\" \/>\n\t<meta name=\"twitter:label2\" content=\"Tiempo de lectura\" \/>\n\t<meta name=\"twitter:data2\" content=\"1 minuto\" \/>\n<script type=\"application\/ld+json\" class=\"yoast-schema-graph\">{\"@context\":\"https:\\\/\\\/schema.org\",\"@graph\":[{\"@type\":\"Article\",\"@id\":\"http:\\\/\\\/noviasespana.com\\\/noviasbaleares\\\/penelope-cruz-y-javier-bardem-ya-son-papas\\\/#article\",\"isPartOf\":{\"@id\":\"http:\\\/\\\/noviasespana.com\\\/noviasbaleares\\\/penelope-cruz-y-javier-bardem-ya-son-papas\\\/\"},\"author\":{\"name\":\"admin\",\"@id\":\"http:\\\/\\\/noviasespana.com\\\/noviasbaleares\\\/#\\\/schema\\\/person\\\/82ff6e303fad28e4da623aa4d27969ed\"},\"headline\":\"Pen\u00e9lope Cruz y Javier Bardem ya son pap\u00e1s\",\"datePublished\":\"2011-01-26T16:47:39+00:00\",\"mainEntityOfPage\":{\"@id\":\"http:\\\/\\\/noviasespana.com\\\/noviasbaleares\\\/penelope-cruz-y-javier-bardem-ya-son-papas\\\/\"},\"wordCount\":177,\"commentCount\":0,\"image\":{\"@id\":\"http:\\\/\\\/noviasespana.com\\\/noviasbaleares\\\/penelope-cruz-y-javier-bardem-ya-son-papas\\\/#primaryimage\"},\"thumbnailUrl\":\"http:\\\/\\\/www.diariodeunanovia.com\\\/blog\\\/wp-content\\\/uploads\\\/sites\\\/5\\\/2011\\\/01\\\/PE-y-BARDEM1.jpg\",\"articleSection\":[\"novias\"],\"inLanguage\":\"es\",\"potentialAction\":[{\"@type\":\"CommentAction\",\"name\":\"Comment\",\"target\":[\"http:\\\/\\\/noviasespana.com\\\/noviasbaleares\\\/penelope-cruz-y-javier-bardem-ya-son-papas\\\/#respond\"]}]},{\"@type\":\"WebPage\",\"@id\":\"http:\\\/\\\/noviasespana.com\\\/noviasbaleares\\\/penelope-cruz-y-javier-bardem-ya-son-papas\\\/\",\"url\":\"http:\\\/\\\/noviasespana.com\\\/noviasbaleares\\\/penelope-cruz-y-javier-bardem-ya-son-papas\\\/\",\"name\":\"Pen\u00e9lope Cruz y Javier Bardem ya son pap\u00e1s - Novias Baleares\",\"isPartOf\":{\"@id\":\"http:\\\/\\\/noviasespana.com\\\/noviasbaleares\\\/#website\"},\"primaryImageOfPage\":{\"@id\":\"http:\\\/\\\/noviasespana.com\\\/noviasbaleares\\\/penelope-cruz-y-javier-bardem-ya-son-papas\\\/#primaryimage\"},\"image\":{\"@id\":\"http:\\\/\\\/noviasespana.com\\\/noviasbaleares\\\/penelope-cruz-y-javier-bardem-ya-son-papas\\\/#primaryimage\"},\"thumbnailUrl\":\"http:\\\/\\\/www.diariodeunanovia.com\\\/blog\\\/wp-content\\\/uploads\\\/sites\\\/5\\\/2011\\\/01\\\/PE-y-BARDEM1.jpg\",\"datePublished\":\"2011-01-26T16:47:39+00:00\",\"author\":{\"@id\":\"http:\\\/\\\/noviasespana.com\\\/noviasbaleares\\\/#\\\/schema\\\/person\\\/82ff6e303fad28e4da623aa4d27969ed\"},\"breadcrumb\":{\"@id\":\"http:\\\/\\\/noviasespana.com\\\/noviasbaleares\\\/penelope-cruz-y-javier-bardem-ya-son-papas\\\/#breadcrumb\"},\"inLanguage\":\"es\",\"potentialAction\":[{\"@type\":\"ReadAction\",\"target\":[\"http:\\\/\\\/noviasespana.com\\\/noviasbaleares\\\/penelope-cruz-y-javier-bardem-ya-son-papas\\\/\"]}]},{\"@type\":\"ImageObject\",\"inLanguage\":\"es\",\"@id\":\"http:\\\/\\\/noviasespana.com\\\/noviasbaleares\\\/penelope-cruz-y-javier-bardem-ya-son-papas\\\/#primaryimage\",\"url\":\"http:\\\/\\\/www.diariodeunanovia.com\\\/blog\\\/wp-content\\\/uploads\\\/sites\\\/5\\\/2011\\\/01\\\/PE-y-BARDEM1.jpg\",\"contentUrl\":\"http:\\\/\\\/www.diariodeunanovia.com\\\/blog\\\/wp-content\\\/uploads\\\/sites\\\/5\\\/2011\\\/01\\\/PE-y-BARDEM1.jpg\"},{\"@type\":\"BreadcrumbList\",\"@id\":\"http:\\\/\\\/noviasespana.com\\\/noviasbaleares\\\/penelope-cruz-y-javier-bardem-ya-son-papas\\\/#breadcrumb\",\"itemListElement\":[{\"@type\":\"ListItem\",\"position\":1,\"name\":\"Portada\",\"item\":\"http:\\\/\\\/noviasespana.com\\\/noviasbaleares\\\/\"},{\"@type\":\"ListItem\",\"position\":2,\"name\":\"Pen\u00e9lope Cruz y Javier Bardem ya son pap\u00e1s\"}]},{\"@type\":\"WebSite\",\"@id\":\"http:\\\/\\\/noviasespana.com\\\/noviasbaleares\\\/#website\",\"url\":\"http:\\\/\\\/noviasespana.com\\\/noviasbaleares\\\/\",\"name\":\"Novias Baleares\",\"description\":\"Revista de novias\",\"potentialAction\":[{\"@type\":\"SearchAction\",\"target\":{\"@type\":\"EntryPoint\",\"urlTemplate\":\"http:\\\/\\\/noviasespana.com\\\/noviasbaleares\\\/?s={search_term_string}\"},\"query-input\":{\"@type\":\"PropertyValueSpecification\",\"valueRequired\":true,\"valueName\":\"search_term_string\"}}],\"inLanguage\":\"es\"},{\"@type\":\"Person\",\"@id\":\"http:\\\/\\\/noviasespana.com\\\/noviasbaleares\\\/#\\\/schema\\\/person\\\/82ff6e303fad28e4da623aa4d27969ed\",\"name\":\"admin\",\"image\":{\"@type\":\"ImageObject\",\"inLanguage\":\"es\",\"@id\":\"https:\\\/\\\/secure.gravatar.com\\\/avatar\\\/0f45231fddfb43fcbd0cdde4582a3580baf474d75fca7d494b42ff86847de871?s=96&d=mm&r=g\",\"url\":\"https:\\\/\\\/secure.gravatar.com\\\/avatar\\\/0f45231fddfb43fcbd0cdde4582a3580baf474d75fca7d494b42ff86847de871?s=96&d=mm&r=g\",\"contentUrl\":\"https:\\\/\\\/secure.gravatar.com\\\/avatar\\\/0f45231fddfb43fcbd0cdde4582a3580baf474d75fca7d494b42ff86847de871?s=96&d=mm&r=g\",\"caption\":\"admin\"},\"url\":\"http:\\\/\\\/noviasespana.com\\\/noviasbaleares\\\/author\\\/admin\\\/\"}]}<\/script>\n<!-- \/ Yoast SEO plugin. -->","yoast_head_json":{"title":"Pen\u00e9lope Cruz y Javier Bardem ya son pap\u00e1s - Novias Baleares","robots":{"index":"index","follow":"follow","max-snippet":"max-snippet:-1","max-image-preview":"max-image-preview:large","max-video-preview":"max-video-preview:-1"},"canonical":"http:\/\/noviasespana.com\/noviasbaleares\/penelope-cruz-y-javier-bardem-ya-son-papas\/","og_locale":"es_ES","og_type":"article","og_title":"Pen\u00e9lope Cruz y Javier Bardem ya son pap\u00e1s - Novias Baleares","og_description":"Queridas novias!!!\u00a0 Seg\u00fan han informado fuentes cercanas a la familia de los actores, al parecer,\u00a0\u00a0el primer hijo de Pe y \u00a0Bardem ha nacido este fin de semana en una prestigiosa cl\u00ednica de Los \u00c1ngeles.\u00a0 Nada sabemos en detalle acerca del acontecimiento, ni siquiera el sexo del beb\u00e9, aunque algunos medios apuntan a que se trata [&hellip;]","og_url":"http:\/\/noviasespana.com\/noviasbaleares\/penelope-cruz-y-javier-bardem-ya-son-papas\/","og_site_name":"Novias Baleares","article_published_time":"2011-01-26T16:47:39+00:00","og_image":[{"url":"http:\/\/www.diariodeunanovia.com\/blog\/wp-content\/uploads\/sites\/5\/2011\/01\/PE-y-BARDEM1.jpg","type":"","width":"","height":""}],"author":"admin","twitter_misc":{"Escrito por":"admin","Tiempo de lectura":"1 minuto"},"schema":{"@context":"https:\/\/schema.org","@graph":[{"@type":"Article","@id":"http:\/\/noviasespana.com\/noviasbaleares\/penelope-cruz-y-javier-bardem-ya-son-papas\/#article","isPartOf":{"@id":"http:\/\/noviasespana.com\/noviasbaleares\/penelope-cruz-y-javier-bardem-ya-son-papas\/"},"author":{"name":"admin","@id":"http:\/\/noviasespana.com\/noviasbaleares\/#\/schema\/person\/82ff6e303fad28e4da623aa4d27969ed"},"headline":"Pen\u00e9lope Cruz y Javier Bardem ya son pap\u00e1s","datePublished":"2011-01-26T16:47:39+00:00","mainEntityOfPage":{"@id":"http:\/\/noviasespana.com\/noviasbaleares\/penelope-cruz-y-javier-bardem-ya-son-papas\/"},"wordCount":177,"commentCount":0,"image":{"@id":"http:\/\/noviasespana.com\/noviasbaleares\/penelope-cruz-y-javier-bardem-ya-son-papas\/#primaryimage"},"thumbnailUrl":"http:\/\/www.diariodeunanovia.com\/blog\/wp-content\/uploads\/sites\/5\/2011\/01\/PE-y-BARDEM1.jpg","articleSection":["novias"],"inLanguage":"es","potentialAction":[{"@type":"CommentAction","name":"Comment","target":["http:\/\/noviasespana.com\/noviasbaleares\/penelope-cruz-y-javier-bardem-ya-son-papas\/#respond"]}]},{"@type":"WebPage","@id":"http:\/\/noviasespana.com\/noviasbaleares\/penelope-cruz-y-javier-bardem-ya-son-papas\/","url":"http:\/\/noviasespana.com\/noviasbaleares\/penelope-cruz-y-javier-bardem-ya-son-papas\/","name":"Pen\u00e9lope Cruz y Javier Bardem ya son pap\u00e1s - Novias Baleares","isPartOf":{"@id":"http:\/\/noviasespana.com\/noviasbaleares\/#website"},"primaryImageOfPage":{"@id":"http:\/\/noviasespana.com\/noviasbaleares\/penelope-cruz-y-javier-bardem-ya-son-papas\/#primaryimage"},"image":{"@id":"http:\/\/noviasespana.com\/noviasbaleares\/penelope-cruz-y-javier-bardem-ya-son-papas\/#primaryimage"},"thumbnailUrl":"http:\/\/www.diariodeunanovia.com\/blog\/wp-content\/uploads\/sites\/5\/2011\/01\/PE-y-BARDEM1.jpg","datePublished":"2011-01-26T16:47:39+00:00","author":{"@id":"http:\/\/noviasespana.com\/noviasbaleares\/#\/schema\/person\/82ff6e303fad28e4da623aa4d27969ed"},"breadcrumb":{"@id":"http:\/\/noviasespana.com\/noviasbaleares\/penelope-cruz-y-javier-bardem-ya-son-papas\/#breadcrumb"},"inLanguage":"es","potentialAction":[{"@type":"ReadAction","target":["http:\/\/noviasespana.com\/noviasbaleares\/penelope-cruz-y-javier-bardem-ya-son-papas\/"]}]},{"@type":"ImageObject","inLanguage":"es","@id":"http:\/\/noviasespana.com\/noviasbaleares\/penelope-cruz-y-javier-bardem-ya-son-papas\/#primaryimage","url":"http:\/\/www.diariodeunanovia.com\/blog\/wp-content\/uploads\/sites\/5\/2011\/01\/PE-y-BARDEM1.jpg","contentUrl":"http:\/\/www.diariodeunanovia.com\/blog\/wp-content\/uploads\/sites\/5\/2011\/01\/PE-y-BARDEM1.jpg"},{"@type":"BreadcrumbList","@id":"http:\/\/noviasespana.com\/noviasbaleares\/penelope-cruz-y-javier-bardem-ya-son-papas\/#breadcrumb","itemListElement":[{"@type":"ListItem","position":1,"name":"Portada","item":"http:\/\/noviasespana.com\/noviasbaleares\/"},{"@type":"ListItem","position":2,"name":"Pen\u00e9lope Cruz y Javier Bardem ya son pap\u00e1s"}]},{"@type":"WebSite","@id":"http:\/\/noviasespana.com\/noviasbaleares\/#website","url":"http:\/\/noviasespana.com\/noviasbaleares\/","name":"Novias Baleares","description":"Revista de novias","potentialAction":[{"@type":"SearchAction","target":{"@type":"EntryPoint","urlTemplate":"http:\/\/noviasespana.com\/noviasbaleares\/?s={search_term_string}"},"query-input":{"@type":"PropertyValueSpecification","valueRequired":true,"valueName":"search_term_string"}}],"inLanguage":"es"},{"@type":"Person","@id":"http:\/\/noviasespana.com\/noviasbaleares\/#\/schema\/person\/82ff6e303fad28e4da623aa4d27969ed","name":"admin","image":{"@type":"ImageObject","inLanguage":"es","@id":"https:\/\/secure.gravatar.com\/avatar\/0f45231fddfb43fcbd0cdde4582a3580baf474d75fca7d494b42ff86847de871?s=96&d=mm&r=g","url":"https:\/\/secure.gravatar.com\/avatar\/0f45231fddfb43fcbd0cdde4582a3580baf474d75fca7d494b42ff86847de871?s=96&d=mm&r=g","contentUrl":"https:\/\/secure.gravatar.com\/avatar\/0f45231fddfb43fcbd0cdde4582a3580baf474d75fca7d494b42ff86847de871?s=96&d=mm&r=g","caption":"admin"},"url":"http:\/\/noviasespana.com\/noviasbaleares\/author\/admin\/"}]}},"jetpack_featured_media_url":"","jetpack_sharing_enabled":true,"jetpack_shortlink":"https:\/\/wp.me\/p5Hg6P-Hi","jetpack_likes_enabled":true,"_links":{"self":[{"href":"http:\/\/noviasespana.com\/noviasbaleares\/wp-json\/wp\/v2\/posts\/2684","targetHints":{"allow":["GET"]}}],"collection":[{"href":"http:\/\/noviasespana.com\/noviasbaleares\/wp-json\/wp\/v2\/posts"}],"about":[{"href":"http:\/\/noviasespana.com\/noviasbaleares\/wp-json\/wp\/v2\/types\/post"}],"author":[{"embeddable":true,"href":"http:\/\/noviasespana.com\/noviasbaleares\/wp-json\/wp\/v2\/users\/2"}],"replies":[{"embeddable":true,"href":"http:\/\/noviasespana.com\/noviasbaleares\/wp-json\/wp\/v2\/comments?post=2684"}],"version-history":[{"count":0,"href":"http:\/\/noviasespana.com\/noviasbaleares\/wp-json\/wp\/v2\/posts\/2684\/revisions"}],"wp:attachment":[{"href":"http:\/\/noviasespana.com\/noviasbaleares\/wp-json\/wp\/v2\/media?parent=2684"}],"wp:term":[{"taxonomy":"category","embeddable":true,"href":"http:\/\/noviasespana.com\/noviasbaleares\/wp-json\/wp\/v2\/categories?post=2684"},{"taxonomy":"post_tag","embeddable":true,"href":"http:\/\/noviasespana.com\/noviasbaleares\/wp-json\/wp\/v2\/tags?post=2684"}],"curies":[{"name":"wp","href":"https:\/\/api.w.org\/{rel}","templated":true}]}}