{"id":2653,"date":"2011-01-18T14:32:14","date_gmt":"2011-01-18T13:32:14","guid":{"rendered":"http:\/\/www.diariodeunanovia.com\/blog\/?p=2653"},"modified":"2011-01-18T14:32:14","modified_gmt":"2011-01-18T13:32:14","slug":"impresionantes-vistas-madrilenas-durante-la-celebracion-de-tu-boda","status":"publish","type":"post","link":"http:\/\/noviasespana.com\/noviasbaleares\/impresionantes-vistas-madrilenas-durante-la-celebracion-de-tu-boda\/","title":{"rendered":"Impresionantes vistas madrile\u00f1as durante la celebraci\u00f3n de tu boda"},"content":{"rendered":"<div class=\"mceTemp mceIEcenter\" style=\"text-align: justify\">Queridas Novias!!!\u00a0\u00a0 \u00bfPreparando vuestra boda para 2011?\u00a0\u00a0 El <a href=\"www.hotelemperador.es\">Hotel Emperador de Madrid<\/a>, situado en la c\u00e9ntrica Gran V\u00eda, pone a vuestra disposici\u00f3n diferentes opciones de celebraci\u00f3n. Si el enlace se realiza durante los meses de primavera o verano, del mes de mayo a septiembre, daos el \u201cS\u00ed, quiero\u201d a la luz de las impresionantes vistas de su terraza piscina situada en la d\u00e9cima planta del hotel (<strong>Palacio Real, La Almudena <\/strong>y<strong> Gran V\u00eda<\/strong>). Durante el resto de meses, una opci\u00f3n no menos espectacular. Un gran ventanal a la cosmopolita calle madrile\u00f1a ser\u00e1 testigo de vuestra felicidad al tiempo que celebr\u00e1is vuestro banquete de bodas. Puedes consultar estas y otras ventajas en su web.<\/div>\n<div class=\"mceTemp mceIEcenter\"><a href=\"http:\/\/www.diariodeunanovia.com\/blog\/wp-admin\/www.hotelemperador.es\"><img data-recalc-dims=\"1\" loading=\"lazy\" decoding=\"async\" class=\"size-medium wp-image-2655 aligncenter\" title=\"Detalle Mesa Roof Garden H.EMPERADOR\" src=\"https:\/\/i0.wp.com\/www.diariodeunanovia.com\/blog\/wp-content\/uploads\/sites\/5\/2011\/01\/Detalle-Mesa-Roof-Garden-H.EMPERADOR1-300x240.jpg?resize=275%2C221\" alt=\"Detalle Mesa Roof Garden H.EMPERADOR\" width=\"275\" height=\"221\" \/><\/a><\/div>\n<div class=\"mceTemp mceIEcenter\">\u00a0<\/div>\n<div class=\"mceTemp mceIEcenter\">\u00a0<\/div>\n<div class=\"mceTemp mceIEcenter\">\u00a0<\/div>\n","protected":false},"excerpt":{"rendered":"<p>Queridas Novias!!!\u00a0\u00a0 \u00bfPreparando vuestra boda para 2011?\u00a0\u00a0 El Hotel Emperador de Madrid, situado en la c\u00e9ntrica Gran V\u00eda, pone a vuestra disposici\u00f3n diferentes opciones de celebraci\u00f3n. Si el enlace se realiza durante los meses de primavera o verano, del mes de mayo a septiembre, daos el \u201cS\u00ed, quiero\u201d a la luz de las impresionantes vistas [&hellip;]<\/p>\n","protected":false},"author":4,"featured_media":0,"comment_status":"open","ping_status":"open","sticky":false,"template":"","format":"standard","meta":{"jetpack_post_was_ever_published":false,"_jetpack_newsletter_access":"","_jetpack_dont_email_post_to_subs":false,"_jetpack_newsletter_tier_id":0,"_jetpack_memberships_contains_paywalled_content":false,"_jetpack_memberships_contains_paid_content":false,"footnotes":""},"categories":[1],"tags":[],"class_list":["post-2653","post","type-post","status-publish","format-standard","hentry","category-novias"],"yoast_head":"<!-- This site is optimized with the Yoast SEO plugin v27.5 - https:\/\/yoast.com\/product\/yoast-seo-wordpress\/ -->\n<title>Impresionantes vistas madrile\u00f1as durante la celebraci\u00f3n de tu boda - Novias Baleares<\/title>\n<meta name=\"robots\" content=\"index, follow, max-snippet:-1, max-image-preview:large, max-video-preview:-1\" \/>\n<link rel=\"canonical\" href=\"http:\/\/noviasespana.com\/noviasbaleares\/impresionantes-vistas-madrilenas-durante-la-celebracion-de-tu-boda\/\" \/>\n<meta property=\"og:locale\" content=\"es_ES\" \/>\n<meta property=\"og:type\" content=\"article\" \/>\n<meta property=\"og:title\" content=\"Impresionantes vistas madrile\u00f1as durante la celebraci\u00f3n de tu boda - Novias Baleares\" \/>\n<meta property=\"og:description\" content=\"Queridas Novias!!!\u00a0\u00a0 \u00bfPreparando vuestra boda para 2011?\u00a0\u00a0 El Hotel Emperador de Madrid, situado en la c\u00e9ntrica Gran V\u00eda, pone a vuestra disposici\u00f3n diferentes opciones de celebraci\u00f3n. Si el enlace se realiza durante los meses de primavera o verano, del mes de mayo a septiembre, daos el \u201cS\u00ed, quiero\u201d a la luz de las impresionantes vistas [&hellip;]\" \/>\n<meta property=\"og:url\" content=\"http:\/\/noviasespana.com\/noviasbaleares\/impresionantes-vistas-madrilenas-durante-la-celebracion-de-tu-boda\/\" \/>\n<meta property=\"og:site_name\" content=\"Novias Baleares\" \/>\n<meta property=\"article:published_time\" content=\"2011-01-18T13:32:14+00:00\" \/>\n<meta property=\"og:image\" content=\"http:\/\/www.diariodeunanovia.com\/blog\/wp-content\/uploads\/sites\/5\/2011\/01\/Detalle-Mesa-Roof-Garden-H.EMPERADOR1-300x240.jpg\" \/>\n<meta name=\"author\" content=\"Pilar Perosanz\" \/>\n<meta name=\"twitter:label1\" content=\"Escrito por\" \/>\n\t<meta name=\"twitter:data1\" content=\"Pilar Perosanz\" \/>\n\t<meta name=\"twitter:label2\" content=\"Tiempo de lectura\" \/>\n\t<meta name=\"twitter:data2\" content=\"1 minuto\" \/>\n<script type=\"application\/ld+json\" class=\"yoast-schema-graph\">{\"@context\":\"https:\\\/\\\/schema.org\",\"@graph\":[{\"@type\":\"Article\",\"@id\":\"http:\\\/\\\/noviasespana.com\\\/noviasbaleares\\\/impresionantes-vistas-madrilenas-durante-la-celebracion-de-tu-boda\\\/#article\",\"isPartOf\":{\"@id\":\"http:\\\/\\\/noviasespana.com\\\/noviasbaleares\\\/impresionantes-vistas-madrilenas-durante-la-celebracion-de-tu-boda\\\/\"},\"author\":{\"name\":\"Pilar Perosanz\",\"@id\":\"http:\\\/\\\/noviasespana.com\\\/noviasbaleares\\\/#\\\/schema\\\/person\\\/0b1c774eb803dc07cabaa1ba623a2189\"},\"headline\":\"Impresionantes vistas madrile\u00f1as durante la celebraci\u00f3n de tu boda\",\"datePublished\":\"2011-01-18T13:32:14+00:00\",\"mainEntityOfPage\":{\"@id\":\"http:\\\/\\\/noviasespana.com\\\/noviasbaleares\\\/impresionantes-vistas-madrilenas-durante-la-celebracion-de-tu-boda\\\/\"},\"wordCount\":132,\"commentCount\":0,\"image\":{\"@id\":\"http:\\\/\\\/noviasespana.com\\\/noviasbaleares\\\/impresionantes-vistas-madrilenas-durante-la-celebracion-de-tu-boda\\\/#primaryimage\"},\"thumbnailUrl\":\"http:\\\/\\\/www.diariodeunanovia.com\\\/blog\\\/wp-content\\\/uploads\\\/sites\\\/5\\\/2011\\\/01\\\/Detalle-Mesa-Roof-Garden-H.EMPERADOR1-300x240.jpg\",\"articleSection\":[\"novias\"],\"inLanguage\":\"es\",\"potentialAction\":[{\"@type\":\"CommentAction\",\"name\":\"Comment\",\"target\":[\"http:\\\/\\\/noviasespana.com\\\/noviasbaleares\\\/impresionantes-vistas-madrilenas-durante-la-celebracion-de-tu-boda\\\/#respond\"]}]},{\"@type\":\"WebPage\",\"@id\":\"http:\\\/\\\/noviasespana.com\\\/noviasbaleares\\\/impresionantes-vistas-madrilenas-durante-la-celebracion-de-tu-boda\\\/\",\"url\":\"http:\\\/\\\/noviasespana.com\\\/noviasbaleares\\\/impresionantes-vistas-madrilenas-durante-la-celebracion-de-tu-boda\\\/\",\"name\":\"Impresionantes vistas madrile\u00f1as durante la celebraci\u00f3n de tu boda - Novias Baleares\",\"isPartOf\":{\"@id\":\"http:\\\/\\\/noviasespana.com\\\/noviasbaleares\\\/#website\"},\"primaryImageOfPage\":{\"@id\":\"http:\\\/\\\/noviasespana.com\\\/noviasbaleares\\\/impresionantes-vistas-madrilenas-durante-la-celebracion-de-tu-boda\\\/#primaryimage\"},\"image\":{\"@id\":\"http:\\\/\\\/noviasespana.com\\\/noviasbaleares\\\/impresionantes-vistas-madrilenas-durante-la-celebracion-de-tu-boda\\\/#primaryimage\"},\"thumbnailUrl\":\"http:\\\/\\\/www.diariodeunanovia.com\\\/blog\\\/wp-content\\\/uploads\\\/sites\\\/5\\\/2011\\\/01\\\/Detalle-Mesa-Roof-Garden-H.EMPERADOR1-300x240.jpg\",\"datePublished\":\"2011-01-18T13:32:14+00:00\",\"author\":{\"@id\":\"http:\\\/\\\/noviasespana.com\\\/noviasbaleares\\\/#\\\/schema\\\/person\\\/0b1c774eb803dc07cabaa1ba623a2189\"},\"breadcrumb\":{\"@id\":\"http:\\\/\\\/noviasespana.com\\\/noviasbaleares\\\/impresionantes-vistas-madrilenas-durante-la-celebracion-de-tu-boda\\\/#breadcrumb\"},\"inLanguage\":\"es\",\"potentialAction\":[{\"@type\":\"ReadAction\",\"target\":[\"http:\\\/\\\/noviasespana.com\\\/noviasbaleares\\\/impresionantes-vistas-madrilenas-durante-la-celebracion-de-tu-boda\\\/\"]}]},{\"@type\":\"ImageObject\",\"inLanguage\":\"es\",\"@id\":\"http:\\\/\\\/noviasespana.com\\\/noviasbaleares\\\/impresionantes-vistas-madrilenas-durante-la-celebracion-de-tu-boda\\\/#primaryimage\",\"url\":\"http:\\\/\\\/www.diariodeunanovia.com\\\/blog\\\/wp-content\\\/uploads\\\/sites\\\/5\\\/2011\\\/01\\\/Detalle-Mesa-Roof-Garden-H.EMPERADOR1-300x240.jpg\",\"contentUrl\":\"http:\\\/\\\/www.diariodeunanovia.com\\\/blog\\\/wp-content\\\/uploads\\\/sites\\\/5\\\/2011\\\/01\\\/Detalle-Mesa-Roof-Garden-H.EMPERADOR1-300x240.jpg\"},{\"@type\":\"BreadcrumbList\",\"@id\":\"http:\\\/\\\/noviasespana.com\\\/noviasbaleares\\\/impresionantes-vistas-madrilenas-durante-la-celebracion-de-tu-boda\\\/#breadcrumb\",\"itemListElement\":[{\"@type\":\"ListItem\",\"position\":1,\"name\":\"Portada\",\"item\":\"http:\\\/\\\/noviasespana.com\\\/noviasbaleares\\\/\"},{\"@type\":\"ListItem\",\"position\":2,\"name\":\"Impresionantes vistas madrile\u00f1as durante la celebraci\u00f3n de tu boda\"}]},{\"@type\":\"WebSite\",\"@id\":\"http:\\\/\\\/noviasespana.com\\\/noviasbaleares\\\/#website\",\"url\":\"http:\\\/\\\/noviasespana.com\\\/noviasbaleares\\\/\",\"name\":\"Novias Baleares\",\"description\":\"Revista de novias\",\"potentialAction\":[{\"@type\":\"SearchAction\",\"target\":{\"@type\":\"EntryPoint\",\"urlTemplate\":\"http:\\\/\\\/noviasespana.com\\\/noviasbaleares\\\/?s={search_term_string}\"},\"query-input\":{\"@type\":\"PropertyValueSpecification\",\"valueRequired\":true,\"valueName\":\"search_term_string\"}}],\"inLanguage\":\"es\"},{\"@type\":\"Person\",\"@id\":\"http:\\\/\\\/noviasespana.com\\\/noviasbaleares\\\/#\\\/schema\\\/person\\\/0b1c774eb803dc07cabaa1ba623a2189\",\"name\":\"Pilar Perosanz\",\"image\":{\"@type\":\"ImageObject\",\"inLanguage\":\"es\",\"@id\":\"https:\\\/\\\/secure.gravatar.com\\\/avatar\\\/5f89b89cee696f36efb82c284bbc1518b83b807f1e68366037e8221287a0831b?s=96&d=mm&r=g\",\"url\":\"https:\\\/\\\/secure.gravatar.com\\\/avatar\\\/5f89b89cee696f36efb82c284bbc1518b83b807f1e68366037e8221287a0831b?s=96&d=mm&r=g\",\"contentUrl\":\"https:\\\/\\\/secure.gravatar.com\\\/avatar\\\/5f89b89cee696f36efb82c284bbc1518b83b807f1e68366037e8221287a0831b?s=96&d=mm&r=g\",\"caption\":\"Pilar Perosanz\"},\"url\":\"http:\\\/\\\/noviasespana.com\\\/noviasbaleares\\\/author\\\/pilar\\\/\"}]}<\/script>\n<!-- \/ Yoast SEO plugin. -->","yoast_head_json":{"title":"Impresionantes vistas madrile\u00f1as durante la celebraci\u00f3n de tu boda - Novias Baleares","robots":{"index":"index","follow":"follow","max-snippet":"max-snippet:-1","max-image-preview":"max-image-preview:large","max-video-preview":"max-video-preview:-1"},"canonical":"http:\/\/noviasespana.com\/noviasbaleares\/impresionantes-vistas-madrilenas-durante-la-celebracion-de-tu-boda\/","og_locale":"es_ES","og_type":"article","og_title":"Impresionantes vistas madrile\u00f1as durante la celebraci\u00f3n de tu boda - Novias Baleares","og_description":"Queridas Novias!!!\u00a0\u00a0 \u00bfPreparando vuestra boda para 2011?\u00a0\u00a0 El Hotel Emperador de Madrid, situado en la c\u00e9ntrica Gran V\u00eda, pone a vuestra disposici\u00f3n diferentes opciones de celebraci\u00f3n. Si el enlace se realiza durante los meses de primavera o verano, del mes de mayo a septiembre, daos el \u201cS\u00ed, quiero\u201d a la luz de las impresionantes vistas [&hellip;]","og_url":"http:\/\/noviasespana.com\/noviasbaleares\/impresionantes-vistas-madrilenas-durante-la-celebracion-de-tu-boda\/","og_site_name":"Novias Baleares","article_published_time":"2011-01-18T13:32:14+00:00","og_image":[{"url":"http:\/\/www.diariodeunanovia.com\/blog\/wp-content\/uploads\/sites\/5\/2011\/01\/Detalle-Mesa-Roof-Garden-H.EMPERADOR1-300x240.jpg","type":"","width":"","height":""}],"author":"Pilar Perosanz","twitter_misc":{"Escrito por":"Pilar Perosanz","Tiempo de lectura":"1 minuto"},"schema":{"@context":"https:\/\/schema.org","@graph":[{"@type":"Article","@id":"http:\/\/noviasespana.com\/noviasbaleares\/impresionantes-vistas-madrilenas-durante-la-celebracion-de-tu-boda\/#article","isPartOf":{"@id":"http:\/\/noviasespana.com\/noviasbaleares\/impresionantes-vistas-madrilenas-durante-la-celebracion-de-tu-boda\/"},"author":{"name":"Pilar Perosanz","@id":"http:\/\/noviasespana.com\/noviasbaleares\/#\/schema\/person\/0b1c774eb803dc07cabaa1ba623a2189"},"headline":"Impresionantes vistas madrile\u00f1as durante la celebraci\u00f3n de tu boda","datePublished":"2011-01-18T13:32:14+00:00","mainEntityOfPage":{"@id":"http:\/\/noviasespana.com\/noviasbaleares\/impresionantes-vistas-madrilenas-durante-la-celebracion-de-tu-boda\/"},"wordCount":132,"commentCount":0,"image":{"@id":"http:\/\/noviasespana.com\/noviasbaleares\/impresionantes-vistas-madrilenas-durante-la-celebracion-de-tu-boda\/#primaryimage"},"thumbnailUrl":"http:\/\/www.diariodeunanovia.com\/blog\/wp-content\/uploads\/sites\/5\/2011\/01\/Detalle-Mesa-Roof-Garden-H.EMPERADOR1-300x240.jpg","articleSection":["novias"],"inLanguage":"es","potentialAction":[{"@type":"CommentAction","name":"Comment","target":["http:\/\/noviasespana.com\/noviasbaleares\/impresionantes-vistas-madrilenas-durante-la-celebracion-de-tu-boda\/#respond"]}]},{"@type":"WebPage","@id":"http:\/\/noviasespana.com\/noviasbaleares\/impresionantes-vistas-madrilenas-durante-la-celebracion-de-tu-boda\/","url":"http:\/\/noviasespana.com\/noviasbaleares\/impresionantes-vistas-madrilenas-durante-la-celebracion-de-tu-boda\/","name":"Impresionantes vistas madrile\u00f1as durante la celebraci\u00f3n de tu boda - Novias Baleares","isPartOf":{"@id":"http:\/\/noviasespana.com\/noviasbaleares\/#website"},"primaryImageOfPage":{"@id":"http:\/\/noviasespana.com\/noviasbaleares\/impresionantes-vistas-madrilenas-durante-la-celebracion-de-tu-boda\/#primaryimage"},"image":{"@id":"http:\/\/noviasespana.com\/noviasbaleares\/impresionantes-vistas-madrilenas-durante-la-celebracion-de-tu-boda\/#primaryimage"},"thumbnailUrl":"http:\/\/www.diariodeunanovia.com\/blog\/wp-content\/uploads\/sites\/5\/2011\/01\/Detalle-Mesa-Roof-Garden-H.EMPERADOR1-300x240.jpg","datePublished":"2011-01-18T13:32:14+00:00","author":{"@id":"http:\/\/noviasespana.com\/noviasbaleares\/#\/schema\/person\/0b1c774eb803dc07cabaa1ba623a2189"},"breadcrumb":{"@id":"http:\/\/noviasespana.com\/noviasbaleares\/impresionantes-vistas-madrilenas-durante-la-celebracion-de-tu-boda\/#breadcrumb"},"inLanguage":"es","potentialAction":[{"@type":"ReadAction","target":["http:\/\/noviasespana.com\/noviasbaleares\/impresionantes-vistas-madrilenas-durante-la-celebracion-de-tu-boda\/"]}]},{"@type":"ImageObject","inLanguage":"es","@id":"http:\/\/noviasespana.com\/noviasbaleares\/impresionantes-vistas-madrilenas-durante-la-celebracion-de-tu-boda\/#primaryimage","url":"http:\/\/www.diariodeunanovia.com\/blog\/wp-content\/uploads\/sites\/5\/2011\/01\/Detalle-Mesa-Roof-Garden-H.EMPERADOR1-300x240.jpg","contentUrl":"http:\/\/www.diariodeunanovia.com\/blog\/wp-content\/uploads\/sites\/5\/2011\/01\/Detalle-Mesa-Roof-Garden-H.EMPERADOR1-300x240.jpg"},{"@type":"BreadcrumbList","@id":"http:\/\/noviasespana.com\/noviasbaleares\/impresionantes-vistas-madrilenas-durante-la-celebracion-de-tu-boda\/#breadcrumb","itemListElement":[{"@type":"ListItem","position":1,"name":"Portada","item":"http:\/\/noviasespana.com\/noviasbaleares\/"},{"@type":"ListItem","position":2,"name":"Impresionantes vistas madrile\u00f1as durante la celebraci\u00f3n de tu boda"}]},{"@type":"WebSite","@id":"http:\/\/noviasespana.com\/noviasbaleares\/#website","url":"http:\/\/noviasespana.com\/noviasbaleares\/","name":"Novias Baleares","description":"Revista de novias","potentialAction":[{"@type":"SearchAction","target":{"@type":"EntryPoint","urlTemplate":"http:\/\/noviasespana.com\/noviasbaleares\/?s={search_term_string}"},"query-input":{"@type":"PropertyValueSpecification","valueRequired":true,"valueName":"search_term_string"}}],"inLanguage":"es"},{"@type":"Person","@id":"http:\/\/noviasespana.com\/noviasbaleares\/#\/schema\/person\/0b1c774eb803dc07cabaa1ba623a2189","name":"Pilar Perosanz","image":{"@type":"ImageObject","inLanguage":"es","@id":"https:\/\/secure.gravatar.com\/avatar\/5f89b89cee696f36efb82c284bbc1518b83b807f1e68366037e8221287a0831b?s=96&d=mm&r=g","url":"https:\/\/secure.gravatar.com\/avatar\/5f89b89cee696f36efb82c284bbc1518b83b807f1e68366037e8221287a0831b?s=96&d=mm&r=g","contentUrl":"https:\/\/secure.gravatar.com\/avatar\/5f89b89cee696f36efb82c284bbc1518b83b807f1e68366037e8221287a0831b?s=96&d=mm&r=g","caption":"Pilar Perosanz"},"url":"http:\/\/noviasespana.com\/noviasbaleares\/author\/pilar\/"}]}},"jetpack_featured_media_url":"","jetpack_sharing_enabled":true,"jetpack_shortlink":"https:\/\/wp.me\/p5Hg6P-GN","jetpack_likes_enabled":true,"_links":{"self":[{"href":"http:\/\/noviasespana.com\/noviasbaleares\/wp-json\/wp\/v2\/posts\/2653","targetHints":{"allow":["GET"]}}],"collection":[{"href":"http:\/\/noviasespana.com\/noviasbaleares\/wp-json\/wp\/v2\/posts"}],"about":[{"href":"http:\/\/noviasespana.com\/noviasbaleares\/wp-json\/wp\/v2\/types\/post"}],"author":[{"embeddable":true,"href":"http:\/\/noviasespana.com\/noviasbaleares\/wp-json\/wp\/v2\/users\/4"}],"replies":[{"embeddable":true,"href":"http:\/\/noviasespana.com\/noviasbaleares\/wp-json\/wp\/v2\/comments?post=2653"}],"version-history":[{"count":0,"href":"http:\/\/noviasespana.com\/noviasbaleares\/wp-json\/wp\/v2\/posts\/2653\/revisions"}],"wp:attachment":[{"href":"http:\/\/noviasespana.com\/noviasbaleares\/wp-json\/wp\/v2\/media?parent=2653"}],"wp:term":[{"taxonomy":"category","embeddable":true,"href":"http:\/\/noviasespana.com\/noviasbaleares\/wp-json\/wp\/v2\/categories?post=2653"},{"taxonomy":"post_tag","embeddable":true,"href":"http:\/\/noviasespana.com\/noviasbaleares\/wp-json\/wp\/v2\/tags?post=2653"}],"curies":[{"name":"wp","href":"https:\/\/api.w.org\/{rel}","templated":true}]}}