{"id":2533,"date":"2010-12-15T01:05:29","date_gmt":"2010-12-15T00:05:29","guid":{"rendered":"http:\/\/www.diariodeunanovia.com\/blog\/?p=2533"},"modified":"2010-12-15T01:05:29","modified_gmt":"2010-12-15T00:05:29","slug":"puyol-podria-casarse-en-breve","status":"publish","type":"post","link":"http:\/\/noviasespana.com\/noviasbaleares\/puyol-podria-casarse-en-breve\/","title":{"rendered":"Puyol podr\u00eda casarse en breve"},"content":{"rendered":"<p style=\"text-align: justify\">Queridas novias!!! Carles Puyol podr\u00eda ser el \u00faltimo mundialista en pasar por vicar\u00eda. Seg\u00fan ha revelado el entorno de su novia, la modelo Malena Costa, a Vanitatis, el jugador de 32 a\u00f1os le podr\u00eda haber pedido matrimonio a la joven mallorquina de 21 a\u00f1os. Seg\u00fan esta misma informaci\u00f3n la pareja, que lleva tan s\u00f3lo unos meses junta, convive ya bajo el mismo techo. Los primeros rumores de noviazgo entre el jugador de la Puebla de Segur y su atractiva modelo llegaron a finales de verano. Fueron vistos de lo m\u00e1s acaramelados en el concierto que Alejandro Sanz ofreci\u00f3 en la ciudad condal el 15 de septiembre. Ninguna fotograf\u00eda, sin embargo, pod\u00eda confirmar el romance entre el deportista y esta joven ex concursante de Supermodelo. As\u00ed que todo quedaba, de momento, en un simple rumor. Un mes m\u00e1s tarde, el catal\u00e1n hizo una dedicatoria en forma de coraz\u00f3n cuando marc\u00f3 su gol frente al Valencia. La prensa fue la encargada de poner nombre y apellidos a esa misteriosa joven. Seg\u00fan El Peri\u00f3dico, a quien iba destinada esa dedicatoria rom\u00e1ntica dedicatoria no era otra que Malena Costa, una vieja conocida de la prensa rosa por su relaci\u00f3n con el empresario Javier Hidalgo. La ex Supermodelo, por su parte, terminaba de &#8216;cerrar el c\u00edrculo&#8217; colgando en su perfil de Facebook una foto con esa misma figura realizada con sus manos. La confirmaci\u00f3n era ya un hecho. La nueva pareja era ya oficial.<\/p>\n<p style=\"text-align: justify\"><img data-recalc-dims=\"1\" loading=\"lazy\" decoding=\"async\" class=\"aligncenter size-medium wp-image-2535\" title=\"puyol\" src=\"https:\/\/i0.wp.com\/www.diariodeunanovia.com\/blog\/wp-content\/uploads\/sites\/5\/2010\/12\/puyol-213x300.jpg?resize=213%2C300\" alt=\"puyol\" width=\"213\" height=\"300\" \/><\/p>\n<p style=\"text-align: justify\">\n","protected":false},"excerpt":{"rendered":"<p>Queridas novias!!! Carles Puyol podr\u00eda ser el \u00faltimo mundialista en pasar por vicar\u00eda. Seg\u00fan ha revelado el entorno de su novia, la modelo Malena Costa, a Vanitatis, el jugador de 32 a\u00f1os le podr\u00eda haber pedido matrimonio a la joven mallorquina de 21 a\u00f1os. Seg\u00fan esta misma informaci\u00f3n la pareja, que lleva tan s\u00f3lo unos [&hellip;]<\/p>\n","protected":false},"author":2,"featured_media":0,"comment_status":"open","ping_status":"open","sticky":false,"template":"","format":"standard","meta":{"jetpack_post_was_ever_published":false,"_jetpack_newsletter_access":"","_jetpack_dont_email_post_to_subs":false,"_jetpack_newsletter_tier_id":0,"_jetpack_memberships_contains_paywalled_content":false,"_jetpack_memberships_contains_paid_content":false,"footnotes":""},"categories":[1],"tags":[],"class_list":["post-2533","post","type-post","status-publish","format-standard","hentry","category-novias"],"yoast_head":"<!-- This site is optimized with the Yoast SEO plugin v27.5 - https:\/\/yoast.com\/product\/yoast-seo-wordpress\/ -->\n<title>Puyol podr\u00eda casarse en breve - Novias Baleares<\/title>\n<meta name=\"robots\" content=\"index, follow, max-snippet:-1, max-image-preview:large, max-video-preview:-1\" \/>\n<link rel=\"canonical\" href=\"http:\/\/noviasespana.com\/noviasbaleares\/puyol-podria-casarse-en-breve\/\" \/>\n<meta property=\"og:locale\" content=\"es_ES\" \/>\n<meta property=\"og:type\" content=\"article\" \/>\n<meta property=\"og:title\" content=\"Puyol podr\u00eda casarse en breve - Novias Baleares\" \/>\n<meta property=\"og:description\" content=\"Queridas novias!!! Carles Puyol podr\u00eda ser el \u00faltimo mundialista en pasar por vicar\u00eda. Seg\u00fan ha revelado el entorno de su novia, la modelo Malena Costa, a Vanitatis, el jugador de 32 a\u00f1os le podr\u00eda haber pedido matrimonio a la joven mallorquina de 21 a\u00f1os. Seg\u00fan esta misma informaci\u00f3n la pareja, que lleva tan s\u00f3lo unos [&hellip;]\" \/>\n<meta property=\"og:url\" content=\"http:\/\/noviasespana.com\/noviasbaleares\/puyol-podria-casarse-en-breve\/\" \/>\n<meta property=\"og:site_name\" content=\"Novias Baleares\" \/>\n<meta property=\"article:published_time\" content=\"2010-12-15T00:05:29+00:00\" \/>\n<meta property=\"og:image\" content=\"http:\/\/www.diariodeunanovia.com\/blog\/wp-content\/uploads\/sites\/5\/2010\/12\/puyol-213x300.jpg\" \/>\n<meta name=\"author\" content=\"admin\" \/>\n<meta name=\"twitter:label1\" content=\"Escrito por\" \/>\n\t<meta name=\"twitter:data1\" content=\"admin\" \/>\n\t<meta name=\"twitter:label2\" content=\"Tiempo de lectura\" \/>\n\t<meta name=\"twitter:data2\" content=\"1 minuto\" \/>\n<script type=\"application\/ld+json\" class=\"yoast-schema-graph\">{\"@context\":\"https:\\\/\\\/schema.org\",\"@graph\":[{\"@type\":\"Article\",\"@id\":\"http:\\\/\\\/noviasespana.com\\\/noviasbaleares\\\/puyol-podria-casarse-en-breve\\\/#article\",\"isPartOf\":{\"@id\":\"http:\\\/\\\/noviasespana.com\\\/noviasbaleares\\\/puyol-podria-casarse-en-breve\\\/\"},\"author\":{\"name\":\"admin\",\"@id\":\"http:\\\/\\\/noviasespana.com\\\/noviasbaleares\\\/#\\\/schema\\\/person\\\/82ff6e303fad28e4da623aa4d27969ed\"},\"headline\":\"Puyol podr\u00eda casarse en breve\",\"datePublished\":\"2010-12-15T00:05:29+00:00\",\"mainEntityOfPage\":{\"@id\":\"http:\\\/\\\/noviasespana.com\\\/noviasbaleares\\\/puyol-podria-casarse-en-breve\\\/\"},\"wordCount\":263,\"commentCount\":0,\"image\":{\"@id\":\"http:\\\/\\\/noviasespana.com\\\/noviasbaleares\\\/puyol-podria-casarse-en-breve\\\/#primaryimage\"},\"thumbnailUrl\":\"http:\\\/\\\/www.diariodeunanovia.com\\\/blog\\\/wp-content\\\/uploads\\\/sites\\\/5\\\/2010\\\/12\\\/puyol-213x300.jpg\",\"articleSection\":[\"novias\"],\"inLanguage\":\"es\",\"potentialAction\":[{\"@type\":\"CommentAction\",\"name\":\"Comment\",\"target\":[\"http:\\\/\\\/noviasespana.com\\\/noviasbaleares\\\/puyol-podria-casarse-en-breve\\\/#respond\"]}]},{\"@type\":\"WebPage\",\"@id\":\"http:\\\/\\\/noviasespana.com\\\/noviasbaleares\\\/puyol-podria-casarse-en-breve\\\/\",\"url\":\"http:\\\/\\\/noviasespana.com\\\/noviasbaleares\\\/puyol-podria-casarse-en-breve\\\/\",\"name\":\"Puyol podr\u00eda casarse en breve - Novias Baleares\",\"isPartOf\":{\"@id\":\"http:\\\/\\\/noviasespana.com\\\/noviasbaleares\\\/#website\"},\"primaryImageOfPage\":{\"@id\":\"http:\\\/\\\/noviasespana.com\\\/noviasbaleares\\\/puyol-podria-casarse-en-breve\\\/#primaryimage\"},\"image\":{\"@id\":\"http:\\\/\\\/noviasespana.com\\\/noviasbaleares\\\/puyol-podria-casarse-en-breve\\\/#primaryimage\"},\"thumbnailUrl\":\"http:\\\/\\\/www.diariodeunanovia.com\\\/blog\\\/wp-content\\\/uploads\\\/sites\\\/5\\\/2010\\\/12\\\/puyol-213x300.jpg\",\"datePublished\":\"2010-12-15T00:05:29+00:00\",\"author\":{\"@id\":\"http:\\\/\\\/noviasespana.com\\\/noviasbaleares\\\/#\\\/schema\\\/person\\\/82ff6e303fad28e4da623aa4d27969ed\"},\"breadcrumb\":{\"@id\":\"http:\\\/\\\/noviasespana.com\\\/noviasbaleares\\\/puyol-podria-casarse-en-breve\\\/#breadcrumb\"},\"inLanguage\":\"es\",\"potentialAction\":[{\"@type\":\"ReadAction\",\"target\":[\"http:\\\/\\\/noviasespana.com\\\/noviasbaleares\\\/puyol-podria-casarse-en-breve\\\/\"]}]},{\"@type\":\"ImageObject\",\"inLanguage\":\"es\",\"@id\":\"http:\\\/\\\/noviasespana.com\\\/noviasbaleares\\\/puyol-podria-casarse-en-breve\\\/#primaryimage\",\"url\":\"http:\\\/\\\/www.diariodeunanovia.com\\\/blog\\\/wp-content\\\/uploads\\\/sites\\\/5\\\/2010\\\/12\\\/puyol-213x300.jpg\",\"contentUrl\":\"http:\\\/\\\/www.diariodeunanovia.com\\\/blog\\\/wp-content\\\/uploads\\\/sites\\\/5\\\/2010\\\/12\\\/puyol-213x300.jpg\"},{\"@type\":\"BreadcrumbList\",\"@id\":\"http:\\\/\\\/noviasespana.com\\\/noviasbaleares\\\/puyol-podria-casarse-en-breve\\\/#breadcrumb\",\"itemListElement\":[{\"@type\":\"ListItem\",\"position\":1,\"name\":\"Portada\",\"item\":\"http:\\\/\\\/noviasespana.com\\\/noviasbaleares\\\/\"},{\"@type\":\"ListItem\",\"position\":2,\"name\":\"Puyol podr\u00eda casarse en breve\"}]},{\"@type\":\"WebSite\",\"@id\":\"http:\\\/\\\/noviasespana.com\\\/noviasbaleares\\\/#website\",\"url\":\"http:\\\/\\\/noviasespana.com\\\/noviasbaleares\\\/\",\"name\":\"Novias Baleares\",\"description\":\"Revista de novias\",\"potentialAction\":[{\"@type\":\"SearchAction\",\"target\":{\"@type\":\"EntryPoint\",\"urlTemplate\":\"http:\\\/\\\/noviasespana.com\\\/noviasbaleares\\\/?s={search_term_string}\"},\"query-input\":{\"@type\":\"PropertyValueSpecification\",\"valueRequired\":true,\"valueName\":\"search_term_string\"}}],\"inLanguage\":\"es\"},{\"@type\":\"Person\",\"@id\":\"http:\\\/\\\/noviasespana.com\\\/noviasbaleares\\\/#\\\/schema\\\/person\\\/82ff6e303fad28e4da623aa4d27969ed\",\"name\":\"admin\",\"image\":{\"@type\":\"ImageObject\",\"inLanguage\":\"es\",\"@id\":\"https:\\\/\\\/secure.gravatar.com\\\/avatar\\\/0f45231fddfb43fcbd0cdde4582a3580baf474d75fca7d494b42ff86847de871?s=96&d=mm&r=g\",\"url\":\"https:\\\/\\\/secure.gravatar.com\\\/avatar\\\/0f45231fddfb43fcbd0cdde4582a3580baf474d75fca7d494b42ff86847de871?s=96&d=mm&r=g\",\"contentUrl\":\"https:\\\/\\\/secure.gravatar.com\\\/avatar\\\/0f45231fddfb43fcbd0cdde4582a3580baf474d75fca7d494b42ff86847de871?s=96&d=mm&r=g\",\"caption\":\"admin\"},\"url\":\"http:\\\/\\\/noviasespana.com\\\/noviasbaleares\\\/author\\\/admin\\\/\"}]}<\/script>\n<!-- \/ Yoast SEO plugin. -->","yoast_head_json":{"title":"Puyol podr\u00eda casarse en breve - Novias Baleares","robots":{"index":"index","follow":"follow","max-snippet":"max-snippet:-1","max-image-preview":"max-image-preview:large","max-video-preview":"max-video-preview:-1"},"canonical":"http:\/\/noviasespana.com\/noviasbaleares\/puyol-podria-casarse-en-breve\/","og_locale":"es_ES","og_type":"article","og_title":"Puyol podr\u00eda casarse en breve - Novias Baleares","og_description":"Queridas novias!!! Carles Puyol podr\u00eda ser el \u00faltimo mundialista en pasar por vicar\u00eda. Seg\u00fan ha revelado el entorno de su novia, la modelo Malena Costa, a Vanitatis, el jugador de 32 a\u00f1os le podr\u00eda haber pedido matrimonio a la joven mallorquina de 21 a\u00f1os. Seg\u00fan esta misma informaci\u00f3n la pareja, que lleva tan s\u00f3lo unos [&hellip;]","og_url":"http:\/\/noviasespana.com\/noviasbaleares\/puyol-podria-casarse-en-breve\/","og_site_name":"Novias Baleares","article_published_time":"2010-12-15T00:05:29+00:00","og_image":[{"url":"http:\/\/www.diariodeunanovia.com\/blog\/wp-content\/uploads\/sites\/5\/2010\/12\/puyol-213x300.jpg","type":"","width":"","height":""}],"author":"admin","twitter_misc":{"Escrito por":"admin","Tiempo de lectura":"1 minuto"},"schema":{"@context":"https:\/\/schema.org","@graph":[{"@type":"Article","@id":"http:\/\/noviasespana.com\/noviasbaleares\/puyol-podria-casarse-en-breve\/#article","isPartOf":{"@id":"http:\/\/noviasespana.com\/noviasbaleares\/puyol-podria-casarse-en-breve\/"},"author":{"name":"admin","@id":"http:\/\/noviasespana.com\/noviasbaleares\/#\/schema\/person\/82ff6e303fad28e4da623aa4d27969ed"},"headline":"Puyol podr\u00eda casarse en breve","datePublished":"2010-12-15T00:05:29+00:00","mainEntityOfPage":{"@id":"http:\/\/noviasespana.com\/noviasbaleares\/puyol-podria-casarse-en-breve\/"},"wordCount":263,"commentCount":0,"image":{"@id":"http:\/\/noviasespana.com\/noviasbaleares\/puyol-podria-casarse-en-breve\/#primaryimage"},"thumbnailUrl":"http:\/\/www.diariodeunanovia.com\/blog\/wp-content\/uploads\/sites\/5\/2010\/12\/puyol-213x300.jpg","articleSection":["novias"],"inLanguage":"es","potentialAction":[{"@type":"CommentAction","name":"Comment","target":["http:\/\/noviasespana.com\/noviasbaleares\/puyol-podria-casarse-en-breve\/#respond"]}]},{"@type":"WebPage","@id":"http:\/\/noviasespana.com\/noviasbaleares\/puyol-podria-casarse-en-breve\/","url":"http:\/\/noviasespana.com\/noviasbaleares\/puyol-podria-casarse-en-breve\/","name":"Puyol podr\u00eda casarse en breve - Novias Baleares","isPartOf":{"@id":"http:\/\/noviasespana.com\/noviasbaleares\/#website"},"primaryImageOfPage":{"@id":"http:\/\/noviasespana.com\/noviasbaleares\/puyol-podria-casarse-en-breve\/#primaryimage"},"image":{"@id":"http:\/\/noviasespana.com\/noviasbaleares\/puyol-podria-casarse-en-breve\/#primaryimage"},"thumbnailUrl":"http:\/\/www.diariodeunanovia.com\/blog\/wp-content\/uploads\/sites\/5\/2010\/12\/puyol-213x300.jpg","datePublished":"2010-12-15T00:05:29+00:00","author":{"@id":"http:\/\/noviasespana.com\/noviasbaleares\/#\/schema\/person\/82ff6e303fad28e4da623aa4d27969ed"},"breadcrumb":{"@id":"http:\/\/noviasespana.com\/noviasbaleares\/puyol-podria-casarse-en-breve\/#breadcrumb"},"inLanguage":"es","potentialAction":[{"@type":"ReadAction","target":["http:\/\/noviasespana.com\/noviasbaleares\/puyol-podria-casarse-en-breve\/"]}]},{"@type":"ImageObject","inLanguage":"es","@id":"http:\/\/noviasespana.com\/noviasbaleares\/puyol-podria-casarse-en-breve\/#primaryimage","url":"http:\/\/www.diariodeunanovia.com\/blog\/wp-content\/uploads\/sites\/5\/2010\/12\/puyol-213x300.jpg","contentUrl":"http:\/\/www.diariodeunanovia.com\/blog\/wp-content\/uploads\/sites\/5\/2010\/12\/puyol-213x300.jpg"},{"@type":"BreadcrumbList","@id":"http:\/\/noviasespana.com\/noviasbaleares\/puyol-podria-casarse-en-breve\/#breadcrumb","itemListElement":[{"@type":"ListItem","position":1,"name":"Portada","item":"http:\/\/noviasespana.com\/noviasbaleares\/"},{"@type":"ListItem","position":2,"name":"Puyol podr\u00eda casarse en breve"}]},{"@type":"WebSite","@id":"http:\/\/noviasespana.com\/noviasbaleares\/#website","url":"http:\/\/noviasespana.com\/noviasbaleares\/","name":"Novias Baleares","description":"Revista de novias","potentialAction":[{"@type":"SearchAction","target":{"@type":"EntryPoint","urlTemplate":"http:\/\/noviasespana.com\/noviasbaleares\/?s={search_term_string}"},"query-input":{"@type":"PropertyValueSpecification","valueRequired":true,"valueName":"search_term_string"}}],"inLanguage":"es"},{"@type":"Person","@id":"http:\/\/noviasespana.com\/noviasbaleares\/#\/schema\/person\/82ff6e303fad28e4da623aa4d27969ed","name":"admin","image":{"@type":"ImageObject","inLanguage":"es","@id":"https:\/\/secure.gravatar.com\/avatar\/0f45231fddfb43fcbd0cdde4582a3580baf474d75fca7d494b42ff86847de871?s=96&d=mm&r=g","url":"https:\/\/secure.gravatar.com\/avatar\/0f45231fddfb43fcbd0cdde4582a3580baf474d75fca7d494b42ff86847de871?s=96&d=mm&r=g","contentUrl":"https:\/\/secure.gravatar.com\/avatar\/0f45231fddfb43fcbd0cdde4582a3580baf474d75fca7d494b42ff86847de871?s=96&d=mm&r=g","caption":"admin"},"url":"http:\/\/noviasespana.com\/noviasbaleares\/author\/admin\/"}]}},"jetpack_featured_media_url":"","jetpack_sharing_enabled":true,"jetpack_shortlink":"https:\/\/wp.me\/p5Hg6P-ER","jetpack_likes_enabled":true,"_links":{"self":[{"href":"http:\/\/noviasespana.com\/noviasbaleares\/wp-json\/wp\/v2\/posts\/2533","targetHints":{"allow":["GET"]}}],"collection":[{"href":"http:\/\/noviasespana.com\/noviasbaleares\/wp-json\/wp\/v2\/posts"}],"about":[{"href":"http:\/\/noviasespana.com\/noviasbaleares\/wp-json\/wp\/v2\/types\/post"}],"author":[{"embeddable":true,"href":"http:\/\/noviasespana.com\/noviasbaleares\/wp-json\/wp\/v2\/users\/2"}],"replies":[{"embeddable":true,"href":"http:\/\/noviasespana.com\/noviasbaleares\/wp-json\/wp\/v2\/comments?post=2533"}],"version-history":[{"count":0,"href":"http:\/\/noviasespana.com\/noviasbaleares\/wp-json\/wp\/v2\/posts\/2533\/revisions"}],"wp:attachment":[{"href":"http:\/\/noviasespana.com\/noviasbaleares\/wp-json\/wp\/v2\/media?parent=2533"}],"wp:term":[{"taxonomy":"category","embeddable":true,"href":"http:\/\/noviasespana.com\/noviasbaleares\/wp-json\/wp\/v2\/categories?post=2533"},{"taxonomy":"post_tag","embeddable":true,"href":"http:\/\/noviasespana.com\/noviasbaleares\/wp-json\/wp\/v2\/tags?post=2533"}],"curies":[{"name":"wp","href":"https:\/\/api.w.org\/{rel}","templated":true}]}}