{"id":2466,"date":"2010-11-25T00:09:27","date_gmt":"2010-11-24T23:09:27","guid":{"rendered":"http:\/\/www.diariodeunanovia.com\/blog\/?p=2466"},"modified":"2010-11-25T00:09:27","modified_gmt":"2010-11-24T23:09:27","slug":"nuevo-catalogo-solidario-de-chocron","status":"publish","type":"post","link":"http:\/\/noviasespana.com\/noviasbaleares\/nuevo-catalogo-solidario-de-chocron\/","title":{"rendered":"Nuevo cat\u00e1logo solidario de Chocron"},"content":{"rendered":"<p style=\"text-align: justify\">Queridas novias!!! Tras el \u00e9xito del cat\u00e1logo ben\u00e9fico Ch-2010, una a\u00f1o m\u00e1s, personalidades de enorme prestigio social y profesional han aceptado la propuesta de Chocr\u00f3n Joyeros de prestar su imagen a cambio de una aportaci\u00f3n econ\u00f3mica destinada a una Fundaci\u00f3n, Asociaci\u00f3n ben\u00e9fica u ONG de su elecci\u00f3n. La presentadora Ana Garc\u00eda-Si\u00f1eriz, la periodista Covadonga O&#8217;Shea, la escritora Espido Freire, el cantaor Jos\u00e9 Merc\u00e9, el jugador de waterpolo Manel Estiarte, el Presidente de Coca-Cola Iberia, Marcos de Quinto, la modelo Nieves \u00c1lvarez, la dise\u00f1adora Purificaci\u00f3n Garc\u00eda, el chef Sergi Arola, el futbolista Sergio Ramos: todos han posado ante el objetivo del prestigioso fot\u00f3grafo norteamericano Brian Hallett mostrando su cara m\u00e1s solidaria. Las fotos de los diez ocupar\u00e1n las primeras p\u00e1ginas del cat\u00e1logo, que se presentar\u00e1 el d\u00eda 30 de noviembre durante una gala a la que asistir\u00e1n todos los que han participado en la iniciativa, acompa\u00f1ados de los representantes de las asociaciones a las que han querido destinar su apoyo.<\/p>\n<p><img data-recalc-dims=\"1\" loading=\"lazy\" decoding=\"async\" class=\"aligncenter size-medium wp-image-2474\" title=\"chocron\" src=\"https:\/\/i0.wp.com\/www.diariodeunanovia.com\/blog\/wp-content\/uploads\/sites\/5\/2010\/11\/chocron1-300x171.png?resize=300%2C171\" alt=\"chocron\" width=\"300\" height=\"171\" \/><\/p>\n","protected":false},"excerpt":{"rendered":"<p>Queridas novias!!! Tras el \u00e9xito del cat\u00e1logo ben\u00e9fico Ch-2010, una a\u00f1o m\u00e1s, personalidades de enorme prestigio social y profesional han aceptado la propuesta de Chocr\u00f3n Joyeros de prestar su imagen a cambio de una aportaci\u00f3n econ\u00f3mica destinada a una Fundaci\u00f3n, Asociaci\u00f3n ben\u00e9fica u ONG de su elecci\u00f3n. La presentadora Ana Garc\u00eda-Si\u00f1eriz, la periodista Covadonga O&#8217;Shea, [&hellip;]<\/p>\n","protected":false},"author":2,"featured_media":0,"comment_status":"open","ping_status":"open","sticky":false,"template":"","format":"standard","meta":{"jetpack_post_was_ever_published":false,"_jetpack_newsletter_access":"","_jetpack_dont_email_post_to_subs":false,"_jetpack_newsletter_tier_id":0,"_jetpack_memberships_contains_paywalled_content":false,"_jetpack_memberships_contains_paid_content":false,"footnotes":""},"categories":[1],"tags":[],"class_list":["post-2466","post","type-post","status-publish","format-standard","hentry","category-novias"],"yoast_head":"<!-- This site is optimized with the Yoast SEO plugin v27.5 - https:\/\/yoast.com\/product\/yoast-seo-wordpress\/ -->\n<title>Nuevo cat\u00e1logo solidario de Chocron - Novias Baleares<\/title>\n<meta name=\"robots\" content=\"index, follow, max-snippet:-1, max-image-preview:large, max-video-preview:-1\" \/>\n<link rel=\"canonical\" href=\"http:\/\/noviasespana.com\/noviasbaleares\/nuevo-catalogo-solidario-de-chocron\/\" \/>\n<meta property=\"og:locale\" content=\"es_ES\" \/>\n<meta property=\"og:type\" content=\"article\" \/>\n<meta property=\"og:title\" content=\"Nuevo cat\u00e1logo solidario de Chocron - Novias Baleares\" \/>\n<meta property=\"og:description\" content=\"Queridas novias!!! Tras el \u00e9xito del cat\u00e1logo ben\u00e9fico Ch-2010, una a\u00f1o m\u00e1s, personalidades de enorme prestigio social y profesional han aceptado la propuesta de Chocr\u00f3n Joyeros de prestar su imagen a cambio de una aportaci\u00f3n econ\u00f3mica destinada a una Fundaci\u00f3n, Asociaci\u00f3n ben\u00e9fica u ONG de su elecci\u00f3n. La presentadora Ana Garc\u00eda-Si\u00f1eriz, la periodista Covadonga O&#8217;Shea, [&hellip;]\" \/>\n<meta property=\"og:url\" content=\"http:\/\/noviasespana.com\/noviasbaleares\/nuevo-catalogo-solidario-de-chocron\/\" \/>\n<meta property=\"og:site_name\" content=\"Novias Baleares\" \/>\n<meta property=\"article:published_time\" content=\"2010-11-24T23:09:27+00:00\" \/>\n<meta property=\"og:image\" content=\"http:\/\/www.diariodeunanovia.com\/blog\/wp-content\/uploads\/sites\/5\/2010\/11\/chocron1-300x171.png\" \/>\n<meta name=\"author\" content=\"admin\" \/>\n<meta name=\"twitter:label1\" content=\"Escrito por\" \/>\n\t<meta name=\"twitter:data1\" content=\"admin\" \/>\n\t<meta name=\"twitter:label2\" content=\"Tiempo de lectura\" \/>\n\t<meta name=\"twitter:data2\" content=\"1 minuto\" \/>\n<script type=\"application\/ld+json\" class=\"yoast-schema-graph\">{\"@context\":\"https:\\\/\\\/schema.org\",\"@graph\":[{\"@type\":\"Article\",\"@id\":\"http:\\\/\\\/noviasespana.com\\\/noviasbaleares\\\/nuevo-catalogo-solidario-de-chocron\\\/#article\",\"isPartOf\":{\"@id\":\"http:\\\/\\\/noviasespana.com\\\/noviasbaleares\\\/nuevo-catalogo-solidario-de-chocron\\\/\"},\"author\":{\"name\":\"admin\",\"@id\":\"http:\\\/\\\/noviasespana.com\\\/noviasbaleares\\\/#\\\/schema\\\/person\\\/82ff6e303fad28e4da623aa4d27969ed\"},\"headline\":\"Nuevo cat\u00e1logo solidario de Chocron\",\"datePublished\":\"2010-11-24T23:09:27+00:00\",\"mainEntityOfPage\":{\"@id\":\"http:\\\/\\\/noviasespana.com\\\/noviasbaleares\\\/nuevo-catalogo-solidario-de-chocron\\\/\"},\"wordCount\":189,\"commentCount\":0,\"image\":{\"@id\":\"http:\\\/\\\/noviasespana.com\\\/noviasbaleares\\\/nuevo-catalogo-solidario-de-chocron\\\/#primaryimage\"},\"thumbnailUrl\":\"http:\\\/\\\/www.diariodeunanovia.com\\\/blog\\\/wp-content\\\/uploads\\\/sites\\\/5\\\/2010\\\/11\\\/chocron1-300x171.png\",\"articleSection\":[\"novias\"],\"inLanguage\":\"es\",\"potentialAction\":[{\"@type\":\"CommentAction\",\"name\":\"Comment\",\"target\":[\"http:\\\/\\\/noviasespana.com\\\/noviasbaleares\\\/nuevo-catalogo-solidario-de-chocron\\\/#respond\"]}]},{\"@type\":\"WebPage\",\"@id\":\"http:\\\/\\\/noviasespana.com\\\/noviasbaleares\\\/nuevo-catalogo-solidario-de-chocron\\\/\",\"url\":\"http:\\\/\\\/noviasespana.com\\\/noviasbaleares\\\/nuevo-catalogo-solidario-de-chocron\\\/\",\"name\":\"Nuevo cat\u00e1logo solidario de Chocron - Novias Baleares\",\"isPartOf\":{\"@id\":\"http:\\\/\\\/noviasespana.com\\\/noviasbaleares\\\/#website\"},\"primaryImageOfPage\":{\"@id\":\"http:\\\/\\\/noviasespana.com\\\/noviasbaleares\\\/nuevo-catalogo-solidario-de-chocron\\\/#primaryimage\"},\"image\":{\"@id\":\"http:\\\/\\\/noviasespana.com\\\/noviasbaleares\\\/nuevo-catalogo-solidario-de-chocron\\\/#primaryimage\"},\"thumbnailUrl\":\"http:\\\/\\\/www.diariodeunanovia.com\\\/blog\\\/wp-content\\\/uploads\\\/sites\\\/5\\\/2010\\\/11\\\/chocron1-300x171.png\",\"datePublished\":\"2010-11-24T23:09:27+00:00\",\"author\":{\"@id\":\"http:\\\/\\\/noviasespana.com\\\/noviasbaleares\\\/#\\\/schema\\\/person\\\/82ff6e303fad28e4da623aa4d27969ed\"},\"breadcrumb\":{\"@id\":\"http:\\\/\\\/noviasespana.com\\\/noviasbaleares\\\/nuevo-catalogo-solidario-de-chocron\\\/#breadcrumb\"},\"inLanguage\":\"es\",\"potentialAction\":[{\"@type\":\"ReadAction\",\"target\":[\"http:\\\/\\\/noviasespana.com\\\/noviasbaleares\\\/nuevo-catalogo-solidario-de-chocron\\\/\"]}]},{\"@type\":\"ImageObject\",\"inLanguage\":\"es\",\"@id\":\"http:\\\/\\\/noviasespana.com\\\/noviasbaleares\\\/nuevo-catalogo-solidario-de-chocron\\\/#primaryimage\",\"url\":\"http:\\\/\\\/www.diariodeunanovia.com\\\/blog\\\/wp-content\\\/uploads\\\/sites\\\/5\\\/2010\\\/11\\\/chocron1-300x171.png\",\"contentUrl\":\"http:\\\/\\\/www.diariodeunanovia.com\\\/blog\\\/wp-content\\\/uploads\\\/sites\\\/5\\\/2010\\\/11\\\/chocron1-300x171.png\"},{\"@type\":\"BreadcrumbList\",\"@id\":\"http:\\\/\\\/noviasespana.com\\\/noviasbaleares\\\/nuevo-catalogo-solidario-de-chocron\\\/#breadcrumb\",\"itemListElement\":[{\"@type\":\"ListItem\",\"position\":1,\"name\":\"Portada\",\"item\":\"http:\\\/\\\/noviasespana.com\\\/noviasbaleares\\\/\"},{\"@type\":\"ListItem\",\"position\":2,\"name\":\"Nuevo cat\u00e1logo solidario de Chocron\"}]},{\"@type\":\"WebSite\",\"@id\":\"http:\\\/\\\/noviasespana.com\\\/noviasbaleares\\\/#website\",\"url\":\"http:\\\/\\\/noviasespana.com\\\/noviasbaleares\\\/\",\"name\":\"Novias Baleares\",\"description\":\"Revista de novias\",\"potentialAction\":[{\"@type\":\"SearchAction\",\"target\":{\"@type\":\"EntryPoint\",\"urlTemplate\":\"http:\\\/\\\/noviasespana.com\\\/noviasbaleares\\\/?s={search_term_string}\"},\"query-input\":{\"@type\":\"PropertyValueSpecification\",\"valueRequired\":true,\"valueName\":\"search_term_string\"}}],\"inLanguage\":\"es\"},{\"@type\":\"Person\",\"@id\":\"http:\\\/\\\/noviasespana.com\\\/noviasbaleares\\\/#\\\/schema\\\/person\\\/82ff6e303fad28e4da623aa4d27969ed\",\"name\":\"admin\",\"image\":{\"@type\":\"ImageObject\",\"inLanguage\":\"es\",\"@id\":\"https:\\\/\\\/secure.gravatar.com\\\/avatar\\\/0f45231fddfb43fcbd0cdde4582a3580baf474d75fca7d494b42ff86847de871?s=96&d=mm&r=g\",\"url\":\"https:\\\/\\\/secure.gravatar.com\\\/avatar\\\/0f45231fddfb43fcbd0cdde4582a3580baf474d75fca7d494b42ff86847de871?s=96&d=mm&r=g\",\"contentUrl\":\"https:\\\/\\\/secure.gravatar.com\\\/avatar\\\/0f45231fddfb43fcbd0cdde4582a3580baf474d75fca7d494b42ff86847de871?s=96&d=mm&r=g\",\"caption\":\"admin\"},\"url\":\"http:\\\/\\\/noviasespana.com\\\/noviasbaleares\\\/author\\\/admin\\\/\"}]}<\/script>\n<!-- \/ Yoast SEO plugin. -->","yoast_head_json":{"title":"Nuevo cat\u00e1logo solidario de Chocron - Novias Baleares","robots":{"index":"index","follow":"follow","max-snippet":"max-snippet:-1","max-image-preview":"max-image-preview:large","max-video-preview":"max-video-preview:-1"},"canonical":"http:\/\/noviasespana.com\/noviasbaleares\/nuevo-catalogo-solidario-de-chocron\/","og_locale":"es_ES","og_type":"article","og_title":"Nuevo cat\u00e1logo solidario de Chocron - Novias Baleares","og_description":"Queridas novias!!! Tras el \u00e9xito del cat\u00e1logo ben\u00e9fico Ch-2010, una a\u00f1o m\u00e1s, personalidades de enorme prestigio social y profesional han aceptado la propuesta de Chocr\u00f3n Joyeros de prestar su imagen a cambio de una aportaci\u00f3n econ\u00f3mica destinada a una Fundaci\u00f3n, Asociaci\u00f3n ben\u00e9fica u ONG de su elecci\u00f3n. La presentadora Ana Garc\u00eda-Si\u00f1eriz, la periodista Covadonga O&#8217;Shea, [&hellip;]","og_url":"http:\/\/noviasespana.com\/noviasbaleares\/nuevo-catalogo-solidario-de-chocron\/","og_site_name":"Novias Baleares","article_published_time":"2010-11-24T23:09:27+00:00","og_image":[{"url":"http:\/\/www.diariodeunanovia.com\/blog\/wp-content\/uploads\/sites\/5\/2010\/11\/chocron1-300x171.png","type":"","width":"","height":""}],"author":"admin","twitter_misc":{"Escrito por":"admin","Tiempo de lectura":"1 minuto"},"schema":{"@context":"https:\/\/schema.org","@graph":[{"@type":"Article","@id":"http:\/\/noviasespana.com\/noviasbaleares\/nuevo-catalogo-solidario-de-chocron\/#article","isPartOf":{"@id":"http:\/\/noviasespana.com\/noviasbaleares\/nuevo-catalogo-solidario-de-chocron\/"},"author":{"name":"admin","@id":"http:\/\/noviasespana.com\/noviasbaleares\/#\/schema\/person\/82ff6e303fad28e4da623aa4d27969ed"},"headline":"Nuevo cat\u00e1logo solidario de Chocron","datePublished":"2010-11-24T23:09:27+00:00","mainEntityOfPage":{"@id":"http:\/\/noviasespana.com\/noviasbaleares\/nuevo-catalogo-solidario-de-chocron\/"},"wordCount":189,"commentCount":0,"image":{"@id":"http:\/\/noviasespana.com\/noviasbaleares\/nuevo-catalogo-solidario-de-chocron\/#primaryimage"},"thumbnailUrl":"http:\/\/www.diariodeunanovia.com\/blog\/wp-content\/uploads\/sites\/5\/2010\/11\/chocron1-300x171.png","articleSection":["novias"],"inLanguage":"es","potentialAction":[{"@type":"CommentAction","name":"Comment","target":["http:\/\/noviasespana.com\/noviasbaleares\/nuevo-catalogo-solidario-de-chocron\/#respond"]}]},{"@type":"WebPage","@id":"http:\/\/noviasespana.com\/noviasbaleares\/nuevo-catalogo-solidario-de-chocron\/","url":"http:\/\/noviasespana.com\/noviasbaleares\/nuevo-catalogo-solidario-de-chocron\/","name":"Nuevo cat\u00e1logo solidario de Chocron - Novias Baleares","isPartOf":{"@id":"http:\/\/noviasespana.com\/noviasbaleares\/#website"},"primaryImageOfPage":{"@id":"http:\/\/noviasespana.com\/noviasbaleares\/nuevo-catalogo-solidario-de-chocron\/#primaryimage"},"image":{"@id":"http:\/\/noviasespana.com\/noviasbaleares\/nuevo-catalogo-solidario-de-chocron\/#primaryimage"},"thumbnailUrl":"http:\/\/www.diariodeunanovia.com\/blog\/wp-content\/uploads\/sites\/5\/2010\/11\/chocron1-300x171.png","datePublished":"2010-11-24T23:09:27+00:00","author":{"@id":"http:\/\/noviasespana.com\/noviasbaleares\/#\/schema\/person\/82ff6e303fad28e4da623aa4d27969ed"},"breadcrumb":{"@id":"http:\/\/noviasespana.com\/noviasbaleares\/nuevo-catalogo-solidario-de-chocron\/#breadcrumb"},"inLanguage":"es","potentialAction":[{"@type":"ReadAction","target":["http:\/\/noviasespana.com\/noviasbaleares\/nuevo-catalogo-solidario-de-chocron\/"]}]},{"@type":"ImageObject","inLanguage":"es","@id":"http:\/\/noviasespana.com\/noviasbaleares\/nuevo-catalogo-solidario-de-chocron\/#primaryimage","url":"http:\/\/www.diariodeunanovia.com\/blog\/wp-content\/uploads\/sites\/5\/2010\/11\/chocron1-300x171.png","contentUrl":"http:\/\/www.diariodeunanovia.com\/blog\/wp-content\/uploads\/sites\/5\/2010\/11\/chocron1-300x171.png"},{"@type":"BreadcrumbList","@id":"http:\/\/noviasespana.com\/noviasbaleares\/nuevo-catalogo-solidario-de-chocron\/#breadcrumb","itemListElement":[{"@type":"ListItem","position":1,"name":"Portada","item":"http:\/\/noviasespana.com\/noviasbaleares\/"},{"@type":"ListItem","position":2,"name":"Nuevo cat\u00e1logo solidario de Chocron"}]},{"@type":"WebSite","@id":"http:\/\/noviasespana.com\/noviasbaleares\/#website","url":"http:\/\/noviasespana.com\/noviasbaleares\/","name":"Novias Baleares","description":"Revista de novias","potentialAction":[{"@type":"SearchAction","target":{"@type":"EntryPoint","urlTemplate":"http:\/\/noviasespana.com\/noviasbaleares\/?s={search_term_string}"},"query-input":{"@type":"PropertyValueSpecification","valueRequired":true,"valueName":"search_term_string"}}],"inLanguage":"es"},{"@type":"Person","@id":"http:\/\/noviasespana.com\/noviasbaleares\/#\/schema\/person\/82ff6e303fad28e4da623aa4d27969ed","name":"admin","image":{"@type":"ImageObject","inLanguage":"es","@id":"https:\/\/secure.gravatar.com\/avatar\/0f45231fddfb43fcbd0cdde4582a3580baf474d75fca7d494b42ff86847de871?s=96&d=mm&r=g","url":"https:\/\/secure.gravatar.com\/avatar\/0f45231fddfb43fcbd0cdde4582a3580baf474d75fca7d494b42ff86847de871?s=96&d=mm&r=g","contentUrl":"https:\/\/secure.gravatar.com\/avatar\/0f45231fddfb43fcbd0cdde4582a3580baf474d75fca7d494b42ff86847de871?s=96&d=mm&r=g","caption":"admin"},"url":"http:\/\/noviasespana.com\/noviasbaleares\/author\/admin\/"}]}},"jetpack_featured_media_url":"","jetpack_sharing_enabled":true,"jetpack_shortlink":"https:\/\/wp.me\/p5Hg6P-DM","jetpack_likes_enabled":true,"_links":{"self":[{"href":"http:\/\/noviasespana.com\/noviasbaleares\/wp-json\/wp\/v2\/posts\/2466","targetHints":{"allow":["GET"]}}],"collection":[{"href":"http:\/\/noviasespana.com\/noviasbaleares\/wp-json\/wp\/v2\/posts"}],"about":[{"href":"http:\/\/noviasespana.com\/noviasbaleares\/wp-json\/wp\/v2\/types\/post"}],"author":[{"embeddable":true,"href":"http:\/\/noviasespana.com\/noviasbaleares\/wp-json\/wp\/v2\/users\/2"}],"replies":[{"embeddable":true,"href":"http:\/\/noviasespana.com\/noviasbaleares\/wp-json\/wp\/v2\/comments?post=2466"}],"version-history":[{"count":0,"href":"http:\/\/noviasespana.com\/noviasbaleares\/wp-json\/wp\/v2\/posts\/2466\/revisions"}],"wp:attachment":[{"href":"http:\/\/noviasespana.com\/noviasbaleares\/wp-json\/wp\/v2\/media?parent=2466"}],"wp:term":[{"taxonomy":"category","embeddable":true,"href":"http:\/\/noviasespana.com\/noviasbaleares\/wp-json\/wp\/v2\/categories?post=2466"},{"taxonomy":"post_tag","embeddable":true,"href":"http:\/\/noviasespana.com\/noviasbaleares\/wp-json\/wp\/v2\/tags?post=2466"}],"curies":[{"name":"wp","href":"https:\/\/api.w.org\/{rel}","templated":true}]}}