{"id":2382,"date":"2010-11-08T12:20:04","date_gmt":"2010-11-08T11:20:04","guid":{"rendered":"http:\/\/www.diariodeunanovia.com\/blog\/?p=2382"},"modified":"2010-11-08T12:20:04","modified_gmt":"2010-11-08T11:20:04","slug":"jose-maria-manzanares-se-casa-en-alicante","status":"publish","type":"post","link":"http:\/\/noviasespana.com\/noviasbaleares\/jose-maria-manzanares-se-casa-en-alicante\/","title":{"rendered":"Jose Mar\u00eda Manzanares se casa en Alicante"},"content":{"rendered":"<p style=\"text-align: justify\">Queridas novias!!!<\/p>\n<p style=\"text-align: justify\">El diestro Jos\u00e9 Mar\u00eda Manzanares y su novia de toda la vida Roc\u00edo Escalona se casaron este fin de semana en la iglesia Nuestra Se\u00f1ora de Gracia, en la plaza de la Muntanyeta de Alicante, ante 600 invitados y decenas de curiosos congregados y asomados desde los edificios colindantes.<\/p>\n<p style=\"text-align: justify\">Muchas caras conocidas y sensaci\u00f3n general de felicidad a lo largo de toda la ma\u00f1ana en Alicante, donde se dio cita lo m\u00e1s granado del mundo del toreo nacional para asistir a la pen\u00faltima boda del a\u00f1o.<\/p>\n<p style=\"text-align: justify\"><img data-recalc-dims=\"1\" loading=\"lazy\" decoding=\"async\" class=\"aligncenter size-full wp-image-2384\" title=\"jose_maria_manzanares\" src=\"https:\/\/i0.wp.com\/www.diariodeunanovia.com\/blog\/wp-content\/uploads\/sites\/5\/2010\/11\/jose_maria_manzanares.jpg?resize=250%2C280\" alt=\"jose_maria_manzanares\" width=\"250\" height=\"280\" \/><\/p>\n<p style=\"text-align: justify\">\n<p style=\"text-align: justify\">Entre los asistentes destacaron Pep\u00edn Liria y El Soro con muletas; ganaderos como Samuel Flores, Juan Pedro Domecq, Daniel Ruiz y Borja Domecq; los empresarios Nacho Lloret y Pedro Manzanares, y los rejoneadores Diego Ventura y Manolo Manzanares con su hermana Ana y su apoderado, Juan Andr\u00e9s Hermoso de Mendoza, hermano de Pablo.<\/p>\n<p style=\"text-align: justify\">Pero no s\u00f3lo el mundo del toreo acudi\u00f3 al enlace. Periodistas, presentadores y otros rostros conocidos de la televisi\u00f3n aficionados a los toros como Pedro Javier C\u00e1ceres, Manolo Mol\u00e9s, Fernando Fern\u00e1ndez Rom\u00e1n, Cristina T\u00e1rrega, Ram\u00f3n Garc\u00eda, Carlos Herrera, Carlos Ruiz Villasuso, Jos\u00e9 Luis Benlloch o Jos\u00e9 Mar\u00eda Garc\u00eda estuvieron en una iglesia adornada con miles de ramos de hortensias.<\/p>\n<p style=\"text-align: justify\">Despu\u00e9s de la ceremonia, la pareja y los invitados se dirigieron al hotel Asian Garden, en Benidorm, donde se celebr\u00f3 el banquete nupcial.<\/p>\n","protected":false},"excerpt":{"rendered":"<p>Queridas novias!!! El diestro Jos\u00e9 Mar\u00eda Manzanares y su novia de toda la vida Roc\u00edo Escalona se casaron este fin de semana en la iglesia Nuestra Se\u00f1ora de Gracia, en la plaza de la Muntanyeta de Alicante, ante 600 invitados y decenas de curiosos congregados y asomados desde los edificios colindantes. Muchas caras conocidas y [&hellip;]<\/p>\n","protected":false},"author":2,"featured_media":0,"comment_status":"open","ping_status":"open","sticky":false,"template":"","format":"standard","meta":{"jetpack_post_was_ever_published":false,"_jetpack_newsletter_access":"","_jetpack_dont_email_post_to_subs":false,"_jetpack_newsletter_tier_id":0,"_jetpack_memberships_contains_paywalled_content":false,"_jetpack_memberships_contains_paid_content":false,"footnotes":""},"categories":[1],"tags":[],"class_list":["post-2382","post","type-post","status-publish","format-standard","hentry","category-novias"],"yoast_head":"<!-- This site is optimized with the Yoast SEO plugin v27.5 - https:\/\/yoast.com\/product\/yoast-seo-wordpress\/ -->\n<title>Jose Mar\u00eda Manzanares se casa en Alicante - Novias Baleares<\/title>\n<meta name=\"robots\" content=\"index, follow, max-snippet:-1, max-image-preview:large, max-video-preview:-1\" \/>\n<link rel=\"canonical\" href=\"http:\/\/noviasespana.com\/noviasbaleares\/jose-maria-manzanares-se-casa-en-alicante\/\" \/>\n<meta property=\"og:locale\" content=\"es_ES\" \/>\n<meta property=\"og:type\" content=\"article\" \/>\n<meta property=\"og:title\" content=\"Jose Mar\u00eda Manzanares se casa en Alicante - Novias Baleares\" \/>\n<meta property=\"og:description\" content=\"Queridas novias!!! El diestro Jos\u00e9 Mar\u00eda Manzanares y su novia de toda la vida Roc\u00edo Escalona se casaron este fin de semana en la iglesia Nuestra Se\u00f1ora de Gracia, en la plaza de la Muntanyeta de Alicante, ante 600 invitados y decenas de curiosos congregados y asomados desde los edificios colindantes. Muchas caras conocidas y [&hellip;]\" \/>\n<meta property=\"og:url\" content=\"http:\/\/noviasespana.com\/noviasbaleares\/jose-maria-manzanares-se-casa-en-alicante\/\" \/>\n<meta property=\"og:site_name\" content=\"Novias Baleares\" \/>\n<meta property=\"article:published_time\" content=\"2010-11-08T11:20:04+00:00\" \/>\n<meta property=\"og:image\" content=\"http:\/\/www.diariodeunanovia.com\/blog\/wp-content\/uploads\/sites\/5\/2010\/11\/jose_maria_manzanares.jpg\" \/>\n<meta name=\"author\" content=\"admin\" \/>\n<meta name=\"twitter:label1\" content=\"Escrito por\" \/>\n\t<meta name=\"twitter:data1\" content=\"admin\" \/>\n\t<meta name=\"twitter:label2\" content=\"Tiempo de lectura\" \/>\n\t<meta name=\"twitter:data2\" content=\"1 minuto\" \/>\n<script type=\"application\/ld+json\" class=\"yoast-schema-graph\">{\"@context\":\"https:\\\/\\\/schema.org\",\"@graph\":[{\"@type\":\"Article\",\"@id\":\"http:\\\/\\\/noviasespana.com\\\/noviasbaleares\\\/jose-maria-manzanares-se-casa-en-alicante\\\/#article\",\"isPartOf\":{\"@id\":\"http:\\\/\\\/noviasespana.com\\\/noviasbaleares\\\/jose-maria-manzanares-se-casa-en-alicante\\\/\"},\"author\":{\"name\":\"admin\",\"@id\":\"http:\\\/\\\/noviasespana.com\\\/noviasbaleares\\\/#\\\/schema\\\/person\\\/82ff6e303fad28e4da623aa4d27969ed\"},\"headline\":\"Jose Mar\u00eda Manzanares se casa en Alicante\",\"datePublished\":\"2010-11-08T11:20:04+00:00\",\"mainEntityOfPage\":{\"@id\":\"http:\\\/\\\/noviasespana.com\\\/noviasbaleares\\\/jose-maria-manzanares-se-casa-en-alicante\\\/\"},\"wordCount\":252,\"commentCount\":0,\"image\":{\"@id\":\"http:\\\/\\\/noviasespana.com\\\/noviasbaleares\\\/jose-maria-manzanares-se-casa-en-alicante\\\/#primaryimage\"},\"thumbnailUrl\":\"http:\\\/\\\/www.diariodeunanovia.com\\\/blog\\\/wp-content\\\/uploads\\\/sites\\\/5\\\/2010\\\/11\\\/jose_maria_manzanares.jpg\",\"articleSection\":[\"novias\"],\"inLanguage\":\"es\",\"potentialAction\":[{\"@type\":\"CommentAction\",\"name\":\"Comment\",\"target\":[\"http:\\\/\\\/noviasespana.com\\\/noviasbaleares\\\/jose-maria-manzanares-se-casa-en-alicante\\\/#respond\"]}]},{\"@type\":\"WebPage\",\"@id\":\"http:\\\/\\\/noviasespana.com\\\/noviasbaleares\\\/jose-maria-manzanares-se-casa-en-alicante\\\/\",\"url\":\"http:\\\/\\\/noviasespana.com\\\/noviasbaleares\\\/jose-maria-manzanares-se-casa-en-alicante\\\/\",\"name\":\"Jose Mar\u00eda Manzanares se casa en Alicante - Novias Baleares\",\"isPartOf\":{\"@id\":\"http:\\\/\\\/noviasespana.com\\\/noviasbaleares\\\/#website\"},\"primaryImageOfPage\":{\"@id\":\"http:\\\/\\\/noviasespana.com\\\/noviasbaleares\\\/jose-maria-manzanares-se-casa-en-alicante\\\/#primaryimage\"},\"image\":{\"@id\":\"http:\\\/\\\/noviasespana.com\\\/noviasbaleares\\\/jose-maria-manzanares-se-casa-en-alicante\\\/#primaryimage\"},\"thumbnailUrl\":\"http:\\\/\\\/www.diariodeunanovia.com\\\/blog\\\/wp-content\\\/uploads\\\/sites\\\/5\\\/2010\\\/11\\\/jose_maria_manzanares.jpg\",\"datePublished\":\"2010-11-08T11:20:04+00:00\",\"author\":{\"@id\":\"http:\\\/\\\/noviasespana.com\\\/noviasbaleares\\\/#\\\/schema\\\/person\\\/82ff6e303fad28e4da623aa4d27969ed\"},\"breadcrumb\":{\"@id\":\"http:\\\/\\\/noviasespana.com\\\/noviasbaleares\\\/jose-maria-manzanares-se-casa-en-alicante\\\/#breadcrumb\"},\"inLanguage\":\"es\",\"potentialAction\":[{\"@type\":\"ReadAction\",\"target\":[\"http:\\\/\\\/noviasespana.com\\\/noviasbaleares\\\/jose-maria-manzanares-se-casa-en-alicante\\\/\"]}]},{\"@type\":\"ImageObject\",\"inLanguage\":\"es\",\"@id\":\"http:\\\/\\\/noviasespana.com\\\/noviasbaleares\\\/jose-maria-manzanares-se-casa-en-alicante\\\/#primaryimage\",\"url\":\"http:\\\/\\\/www.diariodeunanovia.com\\\/blog\\\/wp-content\\\/uploads\\\/sites\\\/5\\\/2010\\\/11\\\/jose_maria_manzanares.jpg\",\"contentUrl\":\"http:\\\/\\\/www.diariodeunanovia.com\\\/blog\\\/wp-content\\\/uploads\\\/sites\\\/5\\\/2010\\\/11\\\/jose_maria_manzanares.jpg\"},{\"@type\":\"BreadcrumbList\",\"@id\":\"http:\\\/\\\/noviasespana.com\\\/noviasbaleares\\\/jose-maria-manzanares-se-casa-en-alicante\\\/#breadcrumb\",\"itemListElement\":[{\"@type\":\"ListItem\",\"position\":1,\"name\":\"Portada\",\"item\":\"http:\\\/\\\/noviasespana.com\\\/noviasbaleares\\\/\"},{\"@type\":\"ListItem\",\"position\":2,\"name\":\"Jose Mar\u00eda Manzanares se casa en Alicante\"}]},{\"@type\":\"WebSite\",\"@id\":\"http:\\\/\\\/noviasespana.com\\\/noviasbaleares\\\/#website\",\"url\":\"http:\\\/\\\/noviasespana.com\\\/noviasbaleares\\\/\",\"name\":\"Novias Baleares\",\"description\":\"Revista de novias\",\"potentialAction\":[{\"@type\":\"SearchAction\",\"target\":{\"@type\":\"EntryPoint\",\"urlTemplate\":\"http:\\\/\\\/noviasespana.com\\\/noviasbaleares\\\/?s={search_term_string}\"},\"query-input\":{\"@type\":\"PropertyValueSpecification\",\"valueRequired\":true,\"valueName\":\"search_term_string\"}}],\"inLanguage\":\"es\"},{\"@type\":\"Person\",\"@id\":\"http:\\\/\\\/noviasespana.com\\\/noviasbaleares\\\/#\\\/schema\\\/person\\\/82ff6e303fad28e4da623aa4d27969ed\",\"name\":\"admin\",\"image\":{\"@type\":\"ImageObject\",\"inLanguage\":\"es\",\"@id\":\"https:\\\/\\\/secure.gravatar.com\\\/avatar\\\/0f45231fddfb43fcbd0cdde4582a3580baf474d75fca7d494b42ff86847de871?s=96&d=mm&r=g\",\"url\":\"https:\\\/\\\/secure.gravatar.com\\\/avatar\\\/0f45231fddfb43fcbd0cdde4582a3580baf474d75fca7d494b42ff86847de871?s=96&d=mm&r=g\",\"contentUrl\":\"https:\\\/\\\/secure.gravatar.com\\\/avatar\\\/0f45231fddfb43fcbd0cdde4582a3580baf474d75fca7d494b42ff86847de871?s=96&d=mm&r=g\",\"caption\":\"admin\"},\"url\":\"http:\\\/\\\/noviasespana.com\\\/noviasbaleares\\\/author\\\/admin\\\/\"}]}<\/script>\n<!-- \/ Yoast SEO plugin. -->","yoast_head_json":{"title":"Jose Mar\u00eda Manzanares se casa en Alicante - Novias Baleares","robots":{"index":"index","follow":"follow","max-snippet":"max-snippet:-1","max-image-preview":"max-image-preview:large","max-video-preview":"max-video-preview:-1"},"canonical":"http:\/\/noviasespana.com\/noviasbaleares\/jose-maria-manzanares-se-casa-en-alicante\/","og_locale":"es_ES","og_type":"article","og_title":"Jose Mar\u00eda Manzanares se casa en Alicante - Novias Baleares","og_description":"Queridas novias!!! El diestro Jos\u00e9 Mar\u00eda Manzanares y su novia de toda la vida Roc\u00edo Escalona se casaron este fin de semana en la iglesia Nuestra Se\u00f1ora de Gracia, en la plaza de la Muntanyeta de Alicante, ante 600 invitados y decenas de curiosos congregados y asomados desde los edificios colindantes. Muchas caras conocidas y [&hellip;]","og_url":"http:\/\/noviasespana.com\/noviasbaleares\/jose-maria-manzanares-se-casa-en-alicante\/","og_site_name":"Novias Baleares","article_published_time":"2010-11-08T11:20:04+00:00","og_image":[{"url":"http:\/\/www.diariodeunanovia.com\/blog\/wp-content\/uploads\/sites\/5\/2010\/11\/jose_maria_manzanares.jpg","type":"","width":"","height":""}],"author":"admin","twitter_misc":{"Escrito por":"admin","Tiempo de lectura":"1 minuto"},"schema":{"@context":"https:\/\/schema.org","@graph":[{"@type":"Article","@id":"http:\/\/noviasespana.com\/noviasbaleares\/jose-maria-manzanares-se-casa-en-alicante\/#article","isPartOf":{"@id":"http:\/\/noviasespana.com\/noviasbaleares\/jose-maria-manzanares-se-casa-en-alicante\/"},"author":{"name":"admin","@id":"http:\/\/noviasespana.com\/noviasbaleares\/#\/schema\/person\/82ff6e303fad28e4da623aa4d27969ed"},"headline":"Jose Mar\u00eda Manzanares se casa en Alicante","datePublished":"2010-11-08T11:20:04+00:00","mainEntityOfPage":{"@id":"http:\/\/noviasespana.com\/noviasbaleares\/jose-maria-manzanares-se-casa-en-alicante\/"},"wordCount":252,"commentCount":0,"image":{"@id":"http:\/\/noviasespana.com\/noviasbaleares\/jose-maria-manzanares-se-casa-en-alicante\/#primaryimage"},"thumbnailUrl":"http:\/\/www.diariodeunanovia.com\/blog\/wp-content\/uploads\/sites\/5\/2010\/11\/jose_maria_manzanares.jpg","articleSection":["novias"],"inLanguage":"es","potentialAction":[{"@type":"CommentAction","name":"Comment","target":["http:\/\/noviasespana.com\/noviasbaleares\/jose-maria-manzanares-se-casa-en-alicante\/#respond"]}]},{"@type":"WebPage","@id":"http:\/\/noviasespana.com\/noviasbaleares\/jose-maria-manzanares-se-casa-en-alicante\/","url":"http:\/\/noviasespana.com\/noviasbaleares\/jose-maria-manzanares-se-casa-en-alicante\/","name":"Jose Mar\u00eda Manzanares se casa en Alicante - Novias Baleares","isPartOf":{"@id":"http:\/\/noviasespana.com\/noviasbaleares\/#website"},"primaryImageOfPage":{"@id":"http:\/\/noviasespana.com\/noviasbaleares\/jose-maria-manzanares-se-casa-en-alicante\/#primaryimage"},"image":{"@id":"http:\/\/noviasespana.com\/noviasbaleares\/jose-maria-manzanares-se-casa-en-alicante\/#primaryimage"},"thumbnailUrl":"http:\/\/www.diariodeunanovia.com\/blog\/wp-content\/uploads\/sites\/5\/2010\/11\/jose_maria_manzanares.jpg","datePublished":"2010-11-08T11:20:04+00:00","author":{"@id":"http:\/\/noviasespana.com\/noviasbaleares\/#\/schema\/person\/82ff6e303fad28e4da623aa4d27969ed"},"breadcrumb":{"@id":"http:\/\/noviasespana.com\/noviasbaleares\/jose-maria-manzanares-se-casa-en-alicante\/#breadcrumb"},"inLanguage":"es","potentialAction":[{"@type":"ReadAction","target":["http:\/\/noviasespana.com\/noviasbaleares\/jose-maria-manzanares-se-casa-en-alicante\/"]}]},{"@type":"ImageObject","inLanguage":"es","@id":"http:\/\/noviasespana.com\/noviasbaleares\/jose-maria-manzanares-se-casa-en-alicante\/#primaryimage","url":"http:\/\/www.diariodeunanovia.com\/blog\/wp-content\/uploads\/sites\/5\/2010\/11\/jose_maria_manzanares.jpg","contentUrl":"http:\/\/www.diariodeunanovia.com\/blog\/wp-content\/uploads\/sites\/5\/2010\/11\/jose_maria_manzanares.jpg"},{"@type":"BreadcrumbList","@id":"http:\/\/noviasespana.com\/noviasbaleares\/jose-maria-manzanares-se-casa-en-alicante\/#breadcrumb","itemListElement":[{"@type":"ListItem","position":1,"name":"Portada","item":"http:\/\/noviasespana.com\/noviasbaleares\/"},{"@type":"ListItem","position":2,"name":"Jose Mar\u00eda Manzanares se casa en Alicante"}]},{"@type":"WebSite","@id":"http:\/\/noviasespana.com\/noviasbaleares\/#website","url":"http:\/\/noviasespana.com\/noviasbaleares\/","name":"Novias Baleares","description":"Revista de novias","potentialAction":[{"@type":"SearchAction","target":{"@type":"EntryPoint","urlTemplate":"http:\/\/noviasespana.com\/noviasbaleares\/?s={search_term_string}"},"query-input":{"@type":"PropertyValueSpecification","valueRequired":true,"valueName":"search_term_string"}}],"inLanguage":"es"},{"@type":"Person","@id":"http:\/\/noviasespana.com\/noviasbaleares\/#\/schema\/person\/82ff6e303fad28e4da623aa4d27969ed","name":"admin","image":{"@type":"ImageObject","inLanguage":"es","@id":"https:\/\/secure.gravatar.com\/avatar\/0f45231fddfb43fcbd0cdde4582a3580baf474d75fca7d494b42ff86847de871?s=96&d=mm&r=g","url":"https:\/\/secure.gravatar.com\/avatar\/0f45231fddfb43fcbd0cdde4582a3580baf474d75fca7d494b42ff86847de871?s=96&d=mm&r=g","contentUrl":"https:\/\/secure.gravatar.com\/avatar\/0f45231fddfb43fcbd0cdde4582a3580baf474d75fca7d494b42ff86847de871?s=96&d=mm&r=g","caption":"admin"},"url":"http:\/\/noviasespana.com\/noviasbaleares\/author\/admin\/"}]}},"jetpack_featured_media_url":"","jetpack_sharing_enabled":true,"jetpack_shortlink":"https:\/\/wp.me\/p5Hg6P-Cq","jetpack_likes_enabled":true,"_links":{"self":[{"href":"http:\/\/noviasespana.com\/noviasbaleares\/wp-json\/wp\/v2\/posts\/2382","targetHints":{"allow":["GET"]}}],"collection":[{"href":"http:\/\/noviasespana.com\/noviasbaleares\/wp-json\/wp\/v2\/posts"}],"about":[{"href":"http:\/\/noviasespana.com\/noviasbaleares\/wp-json\/wp\/v2\/types\/post"}],"author":[{"embeddable":true,"href":"http:\/\/noviasespana.com\/noviasbaleares\/wp-json\/wp\/v2\/users\/2"}],"replies":[{"embeddable":true,"href":"http:\/\/noviasespana.com\/noviasbaleares\/wp-json\/wp\/v2\/comments?post=2382"}],"version-history":[{"count":0,"href":"http:\/\/noviasespana.com\/noviasbaleares\/wp-json\/wp\/v2\/posts\/2382\/revisions"}],"wp:attachment":[{"href":"http:\/\/noviasespana.com\/noviasbaleares\/wp-json\/wp\/v2\/media?parent=2382"}],"wp:term":[{"taxonomy":"category","embeddable":true,"href":"http:\/\/noviasespana.com\/noviasbaleares\/wp-json\/wp\/v2\/categories?post=2382"},{"taxonomy":"post_tag","embeddable":true,"href":"http:\/\/noviasespana.com\/noviasbaleares\/wp-json\/wp\/v2\/tags?post=2382"}],"curies":[{"name":"wp","href":"https:\/\/api.w.org\/{rel}","templated":true}]}}