{"id":234,"date":"2009-10-06T12:19:59","date_gmt":"2009-10-06T10:19:59","guid":{"rendered":"http:\/\/www.diariodeunanovia.com\/blog\/?p=234"},"modified":"2009-10-06T12:19:59","modified_gmt":"2009-10-06T10:19:59","slug":"los-colores-del-novio","status":"publish","type":"post","link":"http:\/\/noviasespana.com\/noviasbaleares\/los-colores-del-novio\/","title":{"rendered":"Los colores del novio"},"content":{"rendered":"<p style=\"text-align: justify\">Hola chicas!!! Aunque el novio sea el gran olvidado a la hora de organizar una boda, no por ello es menos importante que la novia.Por este motivo, tambi\u00e9n hay que elegir con cuidado su indumentaria, as\u00ed como el color de la misma. En ello influir\u00e1 la hora y el lugar de la celebraci\u00f3n del enlace, si es una boda por la ma\u00f1ana o por la tarde, as\u00ed como el estilo y fisionom\u00eda del contrayente. En este sentido, si la boda es matutina y en primavera o verano los tonos claros como grises, beis, arena o azules resultar\u00edan muy apropiados. Si la celebraci\u00f3n es cerca del mar o en un ambiente campestre, los novios deben adaptar su imagen al entorno, por lo que se puede escoger un traje blanco o estampado y complementos un poco m\u00e1s informales. Por \u00faltimo, si la ceremonia es por la tarde-noche y en un lugar cerrado se requiere m\u00e1s formalidad, por lo que lo m\u00e1s adecuado ser\u00eda un traje negro, azul marino o gris marengo. Los toques brillantes, metalizados y los acabados satinados tambi\u00e9n ser\u00e1n adecuados para este momento del d\u00eda.<\/p>\n<p style=\"text-align: justify\"><img data-recalc-dims=\"1\" loading=\"lazy\" decoding=\"async\" class=\"aligncenter size-full wp-image-237\" title=\"traje\" src=\"https:\/\/i0.wp.com\/www.diariodeunanovia.com\/blog\/wp-content\/uploads\/sites\/5\/2009\/10\/traje.jpg?resize=328%2C504\" alt=\"traje\" width=\"328\" height=\"504\" \/><\/p>\n","protected":false},"excerpt":{"rendered":"<p>Hola chicas!!! Aunque el novio sea el gran olvidado a la hora de organizar una boda, no por ello es menos importante que la novia.Por este motivo, tambi\u00e9n hay que elegir con cuidado su indumentaria, as\u00ed como el color de la misma. En ello influir\u00e1 la hora y el lugar de la celebraci\u00f3n del enlace, [&hellip;]<\/p>\n","protected":false},"author":2,"featured_media":0,"comment_status":"open","ping_status":"open","sticky":false,"template":"","format":"standard","meta":{"jetpack_post_was_ever_published":false,"_jetpack_newsletter_access":"","_jetpack_dont_email_post_to_subs":false,"_jetpack_newsletter_tier_id":0,"_jetpack_memberships_contains_paywalled_content":false,"_jetpack_memberships_contains_paid_content":false,"footnotes":""},"categories":[1],"tags":[],"class_list":["post-234","post","type-post","status-publish","format-standard","hentry","category-novias"],"yoast_head":"<!-- This site is optimized with the Yoast SEO plugin v27.5 - https:\/\/yoast.com\/product\/yoast-seo-wordpress\/ -->\n<title>Los colores del novio - Novias Baleares<\/title>\n<meta name=\"robots\" content=\"index, follow, max-snippet:-1, max-image-preview:large, max-video-preview:-1\" \/>\n<link rel=\"canonical\" href=\"http:\/\/noviasespana.com\/noviasbaleares\/los-colores-del-novio\/\" \/>\n<meta property=\"og:locale\" content=\"es_ES\" \/>\n<meta property=\"og:type\" content=\"article\" \/>\n<meta property=\"og:title\" content=\"Los colores del novio - Novias Baleares\" \/>\n<meta property=\"og:description\" content=\"Hola chicas!!! Aunque el novio sea el gran olvidado a la hora de organizar una boda, no por ello es menos importante que la novia.Por este motivo, tambi\u00e9n hay que elegir con cuidado su indumentaria, as\u00ed como el color de la misma. En ello influir\u00e1 la hora y el lugar de la celebraci\u00f3n del enlace, [&hellip;]\" \/>\n<meta property=\"og:url\" content=\"http:\/\/noviasespana.com\/noviasbaleares\/los-colores-del-novio\/\" \/>\n<meta property=\"og:site_name\" content=\"Novias Baleares\" \/>\n<meta property=\"article:published_time\" content=\"2009-10-06T10:19:59+00:00\" \/>\n<meta property=\"og:image\" content=\"http:\/\/www.diariodeunanovia.com\/blog\/wp-content\/uploads\/sites\/5\/2009\/10\/traje.jpg\" \/>\n<meta name=\"author\" content=\"admin\" \/>\n<meta name=\"twitter:label1\" content=\"Escrito por\" \/>\n\t<meta name=\"twitter:data1\" content=\"admin\" \/>\n\t<meta name=\"twitter:label2\" content=\"Tiempo de lectura\" \/>\n\t<meta name=\"twitter:data2\" content=\"1 minuto\" \/>\n<script type=\"application\/ld+json\" class=\"yoast-schema-graph\">{\"@context\":\"https:\\\/\\\/schema.org\",\"@graph\":[{\"@type\":\"Article\",\"@id\":\"http:\\\/\\\/noviasespana.com\\\/noviasbaleares\\\/los-colores-del-novio\\\/#article\",\"isPartOf\":{\"@id\":\"http:\\\/\\\/noviasespana.com\\\/noviasbaleares\\\/los-colores-del-novio\\\/\"},\"author\":{\"name\":\"admin\",\"@id\":\"http:\\\/\\\/noviasespana.com\\\/noviasbaleares\\\/#\\\/schema\\\/person\\\/82ff6e303fad28e4da623aa4d27969ed\"},\"headline\":\"Los colores del novio\",\"datePublished\":\"2009-10-06T10:19:59+00:00\",\"mainEntityOfPage\":{\"@id\":\"http:\\\/\\\/noviasespana.com\\\/noviasbaleares\\\/los-colores-del-novio\\\/\"},\"wordCount\":203,\"commentCount\":0,\"image\":{\"@id\":\"http:\\\/\\\/noviasespana.com\\\/noviasbaleares\\\/los-colores-del-novio\\\/#primaryimage\"},\"thumbnailUrl\":\"http:\\\/\\\/www.diariodeunanovia.com\\\/blog\\\/wp-content\\\/uploads\\\/sites\\\/5\\\/2009\\\/10\\\/traje.jpg\",\"articleSection\":[\"novias\"],\"inLanguage\":\"es\",\"potentialAction\":[{\"@type\":\"CommentAction\",\"name\":\"Comment\",\"target\":[\"http:\\\/\\\/noviasespana.com\\\/noviasbaleares\\\/los-colores-del-novio\\\/#respond\"]}]},{\"@type\":\"WebPage\",\"@id\":\"http:\\\/\\\/noviasespana.com\\\/noviasbaleares\\\/los-colores-del-novio\\\/\",\"url\":\"http:\\\/\\\/noviasespana.com\\\/noviasbaleares\\\/los-colores-del-novio\\\/\",\"name\":\"Los colores del novio - Novias Baleares\",\"isPartOf\":{\"@id\":\"http:\\\/\\\/noviasespana.com\\\/noviasbaleares\\\/#website\"},\"primaryImageOfPage\":{\"@id\":\"http:\\\/\\\/noviasespana.com\\\/noviasbaleares\\\/los-colores-del-novio\\\/#primaryimage\"},\"image\":{\"@id\":\"http:\\\/\\\/noviasespana.com\\\/noviasbaleares\\\/los-colores-del-novio\\\/#primaryimage\"},\"thumbnailUrl\":\"http:\\\/\\\/www.diariodeunanovia.com\\\/blog\\\/wp-content\\\/uploads\\\/sites\\\/5\\\/2009\\\/10\\\/traje.jpg\",\"datePublished\":\"2009-10-06T10:19:59+00:00\",\"author\":{\"@id\":\"http:\\\/\\\/noviasespana.com\\\/noviasbaleares\\\/#\\\/schema\\\/person\\\/82ff6e303fad28e4da623aa4d27969ed\"},\"breadcrumb\":{\"@id\":\"http:\\\/\\\/noviasespana.com\\\/noviasbaleares\\\/los-colores-del-novio\\\/#breadcrumb\"},\"inLanguage\":\"es\",\"potentialAction\":[{\"@type\":\"ReadAction\",\"target\":[\"http:\\\/\\\/noviasespana.com\\\/noviasbaleares\\\/los-colores-del-novio\\\/\"]}]},{\"@type\":\"ImageObject\",\"inLanguage\":\"es\",\"@id\":\"http:\\\/\\\/noviasespana.com\\\/noviasbaleares\\\/los-colores-del-novio\\\/#primaryimage\",\"url\":\"http:\\\/\\\/www.diariodeunanovia.com\\\/blog\\\/wp-content\\\/uploads\\\/sites\\\/5\\\/2009\\\/10\\\/traje.jpg\",\"contentUrl\":\"http:\\\/\\\/www.diariodeunanovia.com\\\/blog\\\/wp-content\\\/uploads\\\/sites\\\/5\\\/2009\\\/10\\\/traje.jpg\"},{\"@type\":\"BreadcrumbList\",\"@id\":\"http:\\\/\\\/noviasespana.com\\\/noviasbaleares\\\/los-colores-del-novio\\\/#breadcrumb\",\"itemListElement\":[{\"@type\":\"ListItem\",\"position\":1,\"name\":\"Portada\",\"item\":\"http:\\\/\\\/noviasespana.com\\\/noviasbaleares\\\/\"},{\"@type\":\"ListItem\",\"position\":2,\"name\":\"Los colores del novio\"}]},{\"@type\":\"WebSite\",\"@id\":\"http:\\\/\\\/noviasespana.com\\\/noviasbaleares\\\/#website\",\"url\":\"http:\\\/\\\/noviasespana.com\\\/noviasbaleares\\\/\",\"name\":\"Novias Baleares\",\"description\":\"Revista de novias\",\"potentialAction\":[{\"@type\":\"SearchAction\",\"target\":{\"@type\":\"EntryPoint\",\"urlTemplate\":\"http:\\\/\\\/noviasespana.com\\\/noviasbaleares\\\/?s={search_term_string}\"},\"query-input\":{\"@type\":\"PropertyValueSpecification\",\"valueRequired\":true,\"valueName\":\"search_term_string\"}}],\"inLanguage\":\"es\"},{\"@type\":\"Person\",\"@id\":\"http:\\\/\\\/noviasespana.com\\\/noviasbaleares\\\/#\\\/schema\\\/person\\\/82ff6e303fad28e4da623aa4d27969ed\",\"name\":\"admin\",\"image\":{\"@type\":\"ImageObject\",\"inLanguage\":\"es\",\"@id\":\"https:\\\/\\\/secure.gravatar.com\\\/avatar\\\/0f45231fddfb43fcbd0cdde4582a3580baf474d75fca7d494b42ff86847de871?s=96&d=mm&r=g\",\"url\":\"https:\\\/\\\/secure.gravatar.com\\\/avatar\\\/0f45231fddfb43fcbd0cdde4582a3580baf474d75fca7d494b42ff86847de871?s=96&d=mm&r=g\",\"contentUrl\":\"https:\\\/\\\/secure.gravatar.com\\\/avatar\\\/0f45231fddfb43fcbd0cdde4582a3580baf474d75fca7d494b42ff86847de871?s=96&d=mm&r=g\",\"caption\":\"admin\"},\"url\":\"http:\\\/\\\/noviasespana.com\\\/noviasbaleares\\\/author\\\/admin\\\/\"}]}<\/script>\n<!-- \/ Yoast SEO plugin. -->","yoast_head_json":{"title":"Los colores del novio - Novias Baleares","robots":{"index":"index","follow":"follow","max-snippet":"max-snippet:-1","max-image-preview":"max-image-preview:large","max-video-preview":"max-video-preview:-1"},"canonical":"http:\/\/noviasespana.com\/noviasbaleares\/los-colores-del-novio\/","og_locale":"es_ES","og_type":"article","og_title":"Los colores del novio - Novias Baleares","og_description":"Hola chicas!!! Aunque el novio sea el gran olvidado a la hora de organizar una boda, no por ello es menos importante que la novia.Por este motivo, tambi\u00e9n hay que elegir con cuidado su indumentaria, as\u00ed como el color de la misma. En ello influir\u00e1 la hora y el lugar de la celebraci\u00f3n del enlace, [&hellip;]","og_url":"http:\/\/noviasespana.com\/noviasbaleares\/los-colores-del-novio\/","og_site_name":"Novias Baleares","article_published_time":"2009-10-06T10:19:59+00:00","og_image":[{"url":"http:\/\/www.diariodeunanovia.com\/blog\/wp-content\/uploads\/sites\/5\/2009\/10\/traje.jpg","type":"","width":"","height":""}],"author":"admin","twitter_misc":{"Escrito por":"admin","Tiempo de lectura":"1 minuto"},"schema":{"@context":"https:\/\/schema.org","@graph":[{"@type":"Article","@id":"http:\/\/noviasespana.com\/noviasbaleares\/los-colores-del-novio\/#article","isPartOf":{"@id":"http:\/\/noviasespana.com\/noviasbaleares\/los-colores-del-novio\/"},"author":{"name":"admin","@id":"http:\/\/noviasespana.com\/noviasbaleares\/#\/schema\/person\/82ff6e303fad28e4da623aa4d27969ed"},"headline":"Los colores del novio","datePublished":"2009-10-06T10:19:59+00:00","mainEntityOfPage":{"@id":"http:\/\/noviasespana.com\/noviasbaleares\/los-colores-del-novio\/"},"wordCount":203,"commentCount":0,"image":{"@id":"http:\/\/noviasespana.com\/noviasbaleares\/los-colores-del-novio\/#primaryimage"},"thumbnailUrl":"http:\/\/www.diariodeunanovia.com\/blog\/wp-content\/uploads\/sites\/5\/2009\/10\/traje.jpg","articleSection":["novias"],"inLanguage":"es","potentialAction":[{"@type":"CommentAction","name":"Comment","target":["http:\/\/noviasespana.com\/noviasbaleares\/los-colores-del-novio\/#respond"]}]},{"@type":"WebPage","@id":"http:\/\/noviasespana.com\/noviasbaleares\/los-colores-del-novio\/","url":"http:\/\/noviasespana.com\/noviasbaleares\/los-colores-del-novio\/","name":"Los colores del novio - Novias Baleares","isPartOf":{"@id":"http:\/\/noviasespana.com\/noviasbaleares\/#website"},"primaryImageOfPage":{"@id":"http:\/\/noviasespana.com\/noviasbaleares\/los-colores-del-novio\/#primaryimage"},"image":{"@id":"http:\/\/noviasespana.com\/noviasbaleares\/los-colores-del-novio\/#primaryimage"},"thumbnailUrl":"http:\/\/www.diariodeunanovia.com\/blog\/wp-content\/uploads\/sites\/5\/2009\/10\/traje.jpg","datePublished":"2009-10-06T10:19:59+00:00","author":{"@id":"http:\/\/noviasespana.com\/noviasbaleares\/#\/schema\/person\/82ff6e303fad28e4da623aa4d27969ed"},"breadcrumb":{"@id":"http:\/\/noviasespana.com\/noviasbaleares\/los-colores-del-novio\/#breadcrumb"},"inLanguage":"es","potentialAction":[{"@type":"ReadAction","target":["http:\/\/noviasespana.com\/noviasbaleares\/los-colores-del-novio\/"]}]},{"@type":"ImageObject","inLanguage":"es","@id":"http:\/\/noviasespana.com\/noviasbaleares\/los-colores-del-novio\/#primaryimage","url":"http:\/\/www.diariodeunanovia.com\/blog\/wp-content\/uploads\/sites\/5\/2009\/10\/traje.jpg","contentUrl":"http:\/\/www.diariodeunanovia.com\/blog\/wp-content\/uploads\/sites\/5\/2009\/10\/traje.jpg"},{"@type":"BreadcrumbList","@id":"http:\/\/noviasespana.com\/noviasbaleares\/los-colores-del-novio\/#breadcrumb","itemListElement":[{"@type":"ListItem","position":1,"name":"Portada","item":"http:\/\/noviasespana.com\/noviasbaleares\/"},{"@type":"ListItem","position":2,"name":"Los colores del novio"}]},{"@type":"WebSite","@id":"http:\/\/noviasespana.com\/noviasbaleares\/#website","url":"http:\/\/noviasespana.com\/noviasbaleares\/","name":"Novias Baleares","description":"Revista de novias","potentialAction":[{"@type":"SearchAction","target":{"@type":"EntryPoint","urlTemplate":"http:\/\/noviasespana.com\/noviasbaleares\/?s={search_term_string}"},"query-input":{"@type":"PropertyValueSpecification","valueRequired":true,"valueName":"search_term_string"}}],"inLanguage":"es"},{"@type":"Person","@id":"http:\/\/noviasespana.com\/noviasbaleares\/#\/schema\/person\/82ff6e303fad28e4da623aa4d27969ed","name":"admin","image":{"@type":"ImageObject","inLanguage":"es","@id":"https:\/\/secure.gravatar.com\/avatar\/0f45231fddfb43fcbd0cdde4582a3580baf474d75fca7d494b42ff86847de871?s=96&d=mm&r=g","url":"https:\/\/secure.gravatar.com\/avatar\/0f45231fddfb43fcbd0cdde4582a3580baf474d75fca7d494b42ff86847de871?s=96&d=mm&r=g","contentUrl":"https:\/\/secure.gravatar.com\/avatar\/0f45231fddfb43fcbd0cdde4582a3580baf474d75fca7d494b42ff86847de871?s=96&d=mm&r=g","caption":"admin"},"url":"http:\/\/noviasespana.com\/noviasbaleares\/author\/admin\/"}]}},"jetpack_featured_media_url":"","jetpack_sharing_enabled":true,"jetpack_shortlink":"https:\/\/wp.me\/p5Hg6P-3M","jetpack_likes_enabled":true,"_links":{"self":[{"href":"http:\/\/noviasespana.com\/noviasbaleares\/wp-json\/wp\/v2\/posts\/234","targetHints":{"allow":["GET"]}}],"collection":[{"href":"http:\/\/noviasespana.com\/noviasbaleares\/wp-json\/wp\/v2\/posts"}],"about":[{"href":"http:\/\/noviasespana.com\/noviasbaleares\/wp-json\/wp\/v2\/types\/post"}],"author":[{"embeddable":true,"href":"http:\/\/noviasespana.com\/noviasbaleares\/wp-json\/wp\/v2\/users\/2"}],"replies":[{"embeddable":true,"href":"http:\/\/noviasespana.com\/noviasbaleares\/wp-json\/wp\/v2\/comments?post=234"}],"version-history":[{"count":0,"href":"http:\/\/noviasespana.com\/noviasbaleares\/wp-json\/wp\/v2\/posts\/234\/revisions"}],"wp:attachment":[{"href":"http:\/\/noviasespana.com\/noviasbaleares\/wp-json\/wp\/v2\/media?parent=234"}],"wp:term":[{"taxonomy":"category","embeddable":true,"href":"http:\/\/noviasespana.com\/noviasbaleares\/wp-json\/wp\/v2\/categories?post=234"},{"taxonomy":"post_tag","embeddable":true,"href":"http:\/\/noviasespana.com\/noviasbaleares\/wp-json\/wp\/v2\/tags?post=234"}],"curies":[{"name":"wp","href":"https:\/\/api.w.org\/{rel}","templated":true}]}}