{"id":2332,"date":"2010-10-27T11:24:16","date_gmt":"2010-10-27T09:24:16","guid":{"rendered":"http:\/\/www.diariodeunanovia.com\/blog\/?p=2332"},"modified":"2010-10-27T11:24:16","modified_gmt":"2010-10-27T09:24:16","slug":"rosa-clara-mi-exito-es-fruto-de-mi-esfuerzo","status":"publish","type":"post","link":"http:\/\/noviasespana.com\/noviasbaleares\/rosa-clara-mi-exito-es-fruto-de-mi-esfuerzo\/","title":{"rendered":"Concentraci\u00f3n nupcial"},"content":{"rendered":"<p style=\"text-align: justify\">Queridas novias!!! La fot\u00f3grafa Tanit Plana invita a todas las mujeres de la ciudad que  quieran sacar del armario su vestido nupcial a reunirse en una peculiar  concentraci\u00f3n que se realizar\u00e1 el 6 de noviembre en Tarragona. Et vols casar amb m\u00ed? es el t\u00edtulo de la acci\u00f3n colectiva que organiza  la Obra Social de la Caixa dentro del Festival SCAN y que tendr\u00e1 lugar  el pr\u00f3ximo s\u00e1bado seis de noviembre. Las participantes se reunir\u00e1n y se  vestir\u00e1n en CaixaForum, ubicado en la calle Colom y har\u00e1n una \u2018marcha\u2019  hasta la Plaza Imperial Tarraco. All\u00ed la fot\u00f3grafa registrar\u00e1 el momento  en v\u00eddeo con ayuda de una gr\u00faa. El p\u00fablico que quiera observar la  experiencia tambi\u00e9n podr\u00e1 hacerlo su se acercan a la plaza alrededor de  las doce del mediod\u00eda. Para anunciar esta iniciativa la fot\u00f3grafa ha acudido a la rueda de prensa vestida de novia.<\/p>\n<p style=\"text-align: justify\"><img data-recalc-dims=\"1\" loading=\"lazy\" decoding=\"async\" class=\"aligncenter size-medium wp-image-2335\" title=\"novia\" src=\"https:\/\/i0.wp.com\/www.diariodeunanovia.com\/blog\/wp-content\/uploads\/sites\/5\/2010\/10\/novia-300x197.jpg?resize=300%2C197\" alt=\"novia\" width=\"300\" height=\"197\" \/><\/p>\n","protected":false},"excerpt":{"rendered":"<p>Queridas novias!!! La fot\u00f3grafa Tanit Plana invita a todas las mujeres de la ciudad que quieran sacar del armario su vestido nupcial a reunirse en una peculiar concentraci\u00f3n que se realizar\u00e1 el 6 de noviembre en Tarragona. Et vols casar amb m\u00ed? es el t\u00edtulo de la acci\u00f3n colectiva que organiza la Obra Social de [&hellip;]<\/p>\n","protected":false},"author":2,"featured_media":0,"comment_status":"open","ping_status":"open","sticky":false,"template":"","format":"standard","meta":{"jetpack_post_was_ever_published":false,"_jetpack_newsletter_access":"","_jetpack_dont_email_post_to_subs":false,"_jetpack_newsletter_tier_id":0,"_jetpack_memberships_contains_paywalled_content":false,"_jetpack_memberships_contains_paid_content":false,"footnotes":""},"categories":[1],"tags":[],"class_list":["post-2332","post","type-post","status-publish","format-standard","hentry","category-novias"],"yoast_head":"<!-- This site is optimized with the Yoast SEO plugin v27.5 - https:\/\/yoast.com\/product\/yoast-seo-wordpress\/ -->\n<title>Concentraci\u00f3n nupcial - Novias Baleares<\/title>\n<meta name=\"robots\" content=\"index, follow, max-snippet:-1, max-image-preview:large, max-video-preview:-1\" \/>\n<link rel=\"canonical\" href=\"http:\/\/noviasespana.com\/noviasbaleares\/rosa-clara-mi-exito-es-fruto-de-mi-esfuerzo\/\" \/>\n<meta property=\"og:locale\" content=\"es_ES\" \/>\n<meta property=\"og:type\" content=\"article\" \/>\n<meta property=\"og:title\" content=\"Concentraci\u00f3n nupcial - Novias Baleares\" \/>\n<meta property=\"og:description\" content=\"Queridas novias!!! La fot\u00f3grafa Tanit Plana invita a todas las mujeres de la ciudad que quieran sacar del armario su vestido nupcial a reunirse en una peculiar concentraci\u00f3n que se realizar\u00e1 el 6 de noviembre en Tarragona. Et vols casar amb m\u00ed? es el t\u00edtulo de la acci\u00f3n colectiva que organiza la Obra Social de [&hellip;]\" \/>\n<meta property=\"og:url\" content=\"http:\/\/noviasespana.com\/noviasbaleares\/rosa-clara-mi-exito-es-fruto-de-mi-esfuerzo\/\" \/>\n<meta property=\"og:site_name\" content=\"Novias Baleares\" \/>\n<meta property=\"article:published_time\" content=\"2010-10-27T09:24:16+00:00\" \/>\n<meta property=\"og:image\" content=\"http:\/\/www.diariodeunanovia.com\/blog\/wp-content\/uploads\/sites\/5\/2010\/10\/novia-300x197.jpg\" \/>\n<meta name=\"author\" content=\"admin\" \/>\n<meta name=\"twitter:label1\" content=\"Escrito por\" \/>\n\t<meta name=\"twitter:data1\" content=\"admin\" \/>\n\t<meta name=\"twitter:label2\" content=\"Tiempo de lectura\" \/>\n\t<meta name=\"twitter:data2\" content=\"1 minuto\" \/>\n<script type=\"application\/ld+json\" class=\"yoast-schema-graph\">{\"@context\":\"https:\\\/\\\/schema.org\",\"@graph\":[{\"@type\":\"Article\",\"@id\":\"http:\\\/\\\/noviasespana.com\\\/noviasbaleares\\\/rosa-clara-mi-exito-es-fruto-de-mi-esfuerzo\\\/#article\",\"isPartOf\":{\"@id\":\"http:\\\/\\\/noviasespana.com\\\/noviasbaleares\\\/rosa-clara-mi-exito-es-fruto-de-mi-esfuerzo\\\/\"},\"author\":{\"name\":\"admin\",\"@id\":\"http:\\\/\\\/noviasespana.com\\\/noviasbaleares\\\/#\\\/schema\\\/person\\\/82ff6e303fad28e4da623aa4d27969ed\"},\"headline\":\"Concentraci\u00f3n nupcial\",\"datePublished\":\"2010-10-27T09:24:16+00:00\",\"mainEntityOfPage\":{\"@id\":\"http:\\\/\\\/noviasespana.com\\\/noviasbaleares\\\/rosa-clara-mi-exito-es-fruto-de-mi-esfuerzo\\\/\"},\"wordCount\":163,\"commentCount\":0,\"image\":{\"@id\":\"http:\\\/\\\/noviasespana.com\\\/noviasbaleares\\\/rosa-clara-mi-exito-es-fruto-de-mi-esfuerzo\\\/#primaryimage\"},\"thumbnailUrl\":\"http:\\\/\\\/www.diariodeunanovia.com\\\/blog\\\/wp-content\\\/uploads\\\/sites\\\/5\\\/2010\\\/10\\\/novia-300x197.jpg\",\"articleSection\":[\"novias\"],\"inLanguage\":\"es\",\"potentialAction\":[{\"@type\":\"CommentAction\",\"name\":\"Comment\",\"target\":[\"http:\\\/\\\/noviasespana.com\\\/noviasbaleares\\\/rosa-clara-mi-exito-es-fruto-de-mi-esfuerzo\\\/#respond\"]}]},{\"@type\":\"WebPage\",\"@id\":\"http:\\\/\\\/noviasespana.com\\\/noviasbaleares\\\/rosa-clara-mi-exito-es-fruto-de-mi-esfuerzo\\\/\",\"url\":\"http:\\\/\\\/noviasespana.com\\\/noviasbaleares\\\/rosa-clara-mi-exito-es-fruto-de-mi-esfuerzo\\\/\",\"name\":\"Concentraci\u00f3n nupcial - Novias Baleares\",\"isPartOf\":{\"@id\":\"http:\\\/\\\/noviasespana.com\\\/noviasbaleares\\\/#website\"},\"primaryImageOfPage\":{\"@id\":\"http:\\\/\\\/noviasespana.com\\\/noviasbaleares\\\/rosa-clara-mi-exito-es-fruto-de-mi-esfuerzo\\\/#primaryimage\"},\"image\":{\"@id\":\"http:\\\/\\\/noviasespana.com\\\/noviasbaleares\\\/rosa-clara-mi-exito-es-fruto-de-mi-esfuerzo\\\/#primaryimage\"},\"thumbnailUrl\":\"http:\\\/\\\/www.diariodeunanovia.com\\\/blog\\\/wp-content\\\/uploads\\\/sites\\\/5\\\/2010\\\/10\\\/novia-300x197.jpg\",\"datePublished\":\"2010-10-27T09:24:16+00:00\",\"author\":{\"@id\":\"http:\\\/\\\/noviasespana.com\\\/noviasbaleares\\\/#\\\/schema\\\/person\\\/82ff6e303fad28e4da623aa4d27969ed\"},\"breadcrumb\":{\"@id\":\"http:\\\/\\\/noviasespana.com\\\/noviasbaleares\\\/rosa-clara-mi-exito-es-fruto-de-mi-esfuerzo\\\/#breadcrumb\"},\"inLanguage\":\"es\",\"potentialAction\":[{\"@type\":\"ReadAction\",\"target\":[\"http:\\\/\\\/noviasespana.com\\\/noviasbaleares\\\/rosa-clara-mi-exito-es-fruto-de-mi-esfuerzo\\\/\"]}]},{\"@type\":\"ImageObject\",\"inLanguage\":\"es\",\"@id\":\"http:\\\/\\\/noviasespana.com\\\/noviasbaleares\\\/rosa-clara-mi-exito-es-fruto-de-mi-esfuerzo\\\/#primaryimage\",\"url\":\"http:\\\/\\\/www.diariodeunanovia.com\\\/blog\\\/wp-content\\\/uploads\\\/sites\\\/5\\\/2010\\\/10\\\/novia-300x197.jpg\",\"contentUrl\":\"http:\\\/\\\/www.diariodeunanovia.com\\\/blog\\\/wp-content\\\/uploads\\\/sites\\\/5\\\/2010\\\/10\\\/novia-300x197.jpg\"},{\"@type\":\"BreadcrumbList\",\"@id\":\"http:\\\/\\\/noviasespana.com\\\/noviasbaleares\\\/rosa-clara-mi-exito-es-fruto-de-mi-esfuerzo\\\/#breadcrumb\",\"itemListElement\":[{\"@type\":\"ListItem\",\"position\":1,\"name\":\"Portada\",\"item\":\"http:\\\/\\\/noviasespana.com\\\/noviasbaleares\\\/\"},{\"@type\":\"ListItem\",\"position\":2,\"name\":\"Concentraci\u00f3n nupcial\"}]},{\"@type\":\"WebSite\",\"@id\":\"http:\\\/\\\/noviasespana.com\\\/noviasbaleares\\\/#website\",\"url\":\"http:\\\/\\\/noviasespana.com\\\/noviasbaleares\\\/\",\"name\":\"Novias Baleares\",\"description\":\"Revista de novias\",\"potentialAction\":[{\"@type\":\"SearchAction\",\"target\":{\"@type\":\"EntryPoint\",\"urlTemplate\":\"http:\\\/\\\/noviasespana.com\\\/noviasbaleares\\\/?s={search_term_string}\"},\"query-input\":{\"@type\":\"PropertyValueSpecification\",\"valueRequired\":true,\"valueName\":\"search_term_string\"}}],\"inLanguage\":\"es\"},{\"@type\":\"Person\",\"@id\":\"http:\\\/\\\/noviasespana.com\\\/noviasbaleares\\\/#\\\/schema\\\/person\\\/82ff6e303fad28e4da623aa4d27969ed\",\"name\":\"admin\",\"image\":{\"@type\":\"ImageObject\",\"inLanguage\":\"es\",\"@id\":\"https:\\\/\\\/secure.gravatar.com\\\/avatar\\\/0f45231fddfb43fcbd0cdde4582a3580baf474d75fca7d494b42ff86847de871?s=96&d=mm&r=g\",\"url\":\"https:\\\/\\\/secure.gravatar.com\\\/avatar\\\/0f45231fddfb43fcbd0cdde4582a3580baf474d75fca7d494b42ff86847de871?s=96&d=mm&r=g\",\"contentUrl\":\"https:\\\/\\\/secure.gravatar.com\\\/avatar\\\/0f45231fddfb43fcbd0cdde4582a3580baf474d75fca7d494b42ff86847de871?s=96&d=mm&r=g\",\"caption\":\"admin\"},\"url\":\"http:\\\/\\\/noviasespana.com\\\/noviasbaleares\\\/author\\\/admin\\\/\"}]}<\/script>\n<!-- \/ Yoast SEO plugin. -->","yoast_head_json":{"title":"Concentraci\u00f3n nupcial - Novias Baleares","robots":{"index":"index","follow":"follow","max-snippet":"max-snippet:-1","max-image-preview":"max-image-preview:large","max-video-preview":"max-video-preview:-1"},"canonical":"http:\/\/noviasespana.com\/noviasbaleares\/rosa-clara-mi-exito-es-fruto-de-mi-esfuerzo\/","og_locale":"es_ES","og_type":"article","og_title":"Concentraci\u00f3n nupcial - Novias Baleares","og_description":"Queridas novias!!! La fot\u00f3grafa Tanit Plana invita a todas las mujeres de la ciudad que quieran sacar del armario su vestido nupcial a reunirse en una peculiar concentraci\u00f3n que se realizar\u00e1 el 6 de noviembre en Tarragona. Et vols casar amb m\u00ed? es el t\u00edtulo de la acci\u00f3n colectiva que organiza la Obra Social de [&hellip;]","og_url":"http:\/\/noviasespana.com\/noviasbaleares\/rosa-clara-mi-exito-es-fruto-de-mi-esfuerzo\/","og_site_name":"Novias Baleares","article_published_time":"2010-10-27T09:24:16+00:00","og_image":[{"url":"http:\/\/www.diariodeunanovia.com\/blog\/wp-content\/uploads\/sites\/5\/2010\/10\/novia-300x197.jpg","type":"","width":"","height":""}],"author":"admin","twitter_misc":{"Escrito por":"admin","Tiempo de lectura":"1 minuto"},"schema":{"@context":"https:\/\/schema.org","@graph":[{"@type":"Article","@id":"http:\/\/noviasespana.com\/noviasbaleares\/rosa-clara-mi-exito-es-fruto-de-mi-esfuerzo\/#article","isPartOf":{"@id":"http:\/\/noviasespana.com\/noviasbaleares\/rosa-clara-mi-exito-es-fruto-de-mi-esfuerzo\/"},"author":{"name":"admin","@id":"http:\/\/noviasespana.com\/noviasbaleares\/#\/schema\/person\/82ff6e303fad28e4da623aa4d27969ed"},"headline":"Concentraci\u00f3n nupcial","datePublished":"2010-10-27T09:24:16+00:00","mainEntityOfPage":{"@id":"http:\/\/noviasespana.com\/noviasbaleares\/rosa-clara-mi-exito-es-fruto-de-mi-esfuerzo\/"},"wordCount":163,"commentCount":0,"image":{"@id":"http:\/\/noviasespana.com\/noviasbaleares\/rosa-clara-mi-exito-es-fruto-de-mi-esfuerzo\/#primaryimage"},"thumbnailUrl":"http:\/\/www.diariodeunanovia.com\/blog\/wp-content\/uploads\/sites\/5\/2010\/10\/novia-300x197.jpg","articleSection":["novias"],"inLanguage":"es","potentialAction":[{"@type":"CommentAction","name":"Comment","target":["http:\/\/noviasespana.com\/noviasbaleares\/rosa-clara-mi-exito-es-fruto-de-mi-esfuerzo\/#respond"]}]},{"@type":"WebPage","@id":"http:\/\/noviasespana.com\/noviasbaleares\/rosa-clara-mi-exito-es-fruto-de-mi-esfuerzo\/","url":"http:\/\/noviasespana.com\/noviasbaleares\/rosa-clara-mi-exito-es-fruto-de-mi-esfuerzo\/","name":"Concentraci\u00f3n nupcial - Novias Baleares","isPartOf":{"@id":"http:\/\/noviasespana.com\/noviasbaleares\/#website"},"primaryImageOfPage":{"@id":"http:\/\/noviasespana.com\/noviasbaleares\/rosa-clara-mi-exito-es-fruto-de-mi-esfuerzo\/#primaryimage"},"image":{"@id":"http:\/\/noviasespana.com\/noviasbaleares\/rosa-clara-mi-exito-es-fruto-de-mi-esfuerzo\/#primaryimage"},"thumbnailUrl":"http:\/\/www.diariodeunanovia.com\/blog\/wp-content\/uploads\/sites\/5\/2010\/10\/novia-300x197.jpg","datePublished":"2010-10-27T09:24:16+00:00","author":{"@id":"http:\/\/noviasespana.com\/noviasbaleares\/#\/schema\/person\/82ff6e303fad28e4da623aa4d27969ed"},"breadcrumb":{"@id":"http:\/\/noviasespana.com\/noviasbaleares\/rosa-clara-mi-exito-es-fruto-de-mi-esfuerzo\/#breadcrumb"},"inLanguage":"es","potentialAction":[{"@type":"ReadAction","target":["http:\/\/noviasespana.com\/noviasbaleares\/rosa-clara-mi-exito-es-fruto-de-mi-esfuerzo\/"]}]},{"@type":"ImageObject","inLanguage":"es","@id":"http:\/\/noviasespana.com\/noviasbaleares\/rosa-clara-mi-exito-es-fruto-de-mi-esfuerzo\/#primaryimage","url":"http:\/\/www.diariodeunanovia.com\/blog\/wp-content\/uploads\/sites\/5\/2010\/10\/novia-300x197.jpg","contentUrl":"http:\/\/www.diariodeunanovia.com\/blog\/wp-content\/uploads\/sites\/5\/2010\/10\/novia-300x197.jpg"},{"@type":"BreadcrumbList","@id":"http:\/\/noviasespana.com\/noviasbaleares\/rosa-clara-mi-exito-es-fruto-de-mi-esfuerzo\/#breadcrumb","itemListElement":[{"@type":"ListItem","position":1,"name":"Portada","item":"http:\/\/noviasespana.com\/noviasbaleares\/"},{"@type":"ListItem","position":2,"name":"Concentraci\u00f3n nupcial"}]},{"@type":"WebSite","@id":"http:\/\/noviasespana.com\/noviasbaleares\/#website","url":"http:\/\/noviasespana.com\/noviasbaleares\/","name":"Novias Baleares","description":"Revista de novias","potentialAction":[{"@type":"SearchAction","target":{"@type":"EntryPoint","urlTemplate":"http:\/\/noviasespana.com\/noviasbaleares\/?s={search_term_string}"},"query-input":{"@type":"PropertyValueSpecification","valueRequired":true,"valueName":"search_term_string"}}],"inLanguage":"es"},{"@type":"Person","@id":"http:\/\/noviasespana.com\/noviasbaleares\/#\/schema\/person\/82ff6e303fad28e4da623aa4d27969ed","name":"admin","image":{"@type":"ImageObject","inLanguage":"es","@id":"https:\/\/secure.gravatar.com\/avatar\/0f45231fddfb43fcbd0cdde4582a3580baf474d75fca7d494b42ff86847de871?s=96&d=mm&r=g","url":"https:\/\/secure.gravatar.com\/avatar\/0f45231fddfb43fcbd0cdde4582a3580baf474d75fca7d494b42ff86847de871?s=96&d=mm&r=g","contentUrl":"https:\/\/secure.gravatar.com\/avatar\/0f45231fddfb43fcbd0cdde4582a3580baf474d75fca7d494b42ff86847de871?s=96&d=mm&r=g","caption":"admin"},"url":"http:\/\/noviasespana.com\/noviasbaleares\/author\/admin\/"}]}},"jetpack_featured_media_url":"","jetpack_sharing_enabled":true,"jetpack_shortlink":"https:\/\/wp.me\/p5Hg6P-BC","jetpack_likes_enabled":true,"_links":{"self":[{"href":"http:\/\/noviasespana.com\/noviasbaleares\/wp-json\/wp\/v2\/posts\/2332","targetHints":{"allow":["GET"]}}],"collection":[{"href":"http:\/\/noviasespana.com\/noviasbaleares\/wp-json\/wp\/v2\/posts"}],"about":[{"href":"http:\/\/noviasespana.com\/noviasbaleares\/wp-json\/wp\/v2\/types\/post"}],"author":[{"embeddable":true,"href":"http:\/\/noviasespana.com\/noviasbaleares\/wp-json\/wp\/v2\/users\/2"}],"replies":[{"embeddable":true,"href":"http:\/\/noviasespana.com\/noviasbaleares\/wp-json\/wp\/v2\/comments?post=2332"}],"version-history":[{"count":0,"href":"http:\/\/noviasespana.com\/noviasbaleares\/wp-json\/wp\/v2\/posts\/2332\/revisions"}],"wp:attachment":[{"href":"http:\/\/noviasespana.com\/noviasbaleares\/wp-json\/wp\/v2\/media?parent=2332"}],"wp:term":[{"taxonomy":"category","embeddable":true,"href":"http:\/\/noviasespana.com\/noviasbaleares\/wp-json\/wp\/v2\/categories?post=2332"},{"taxonomy":"post_tag","embeddable":true,"href":"http:\/\/noviasespana.com\/noviasbaleares\/wp-json\/wp\/v2\/tags?post=2332"}],"curies":[{"name":"wp","href":"https:\/\/api.w.org\/{rel}","templated":true}]}}