{"id":23,"date":"2009-08-24T11:19:41","date_gmt":"2009-08-24T09:19:41","guid":{"rendered":"http:\/\/www.diariodeunanovia.com\/blog\/?p=23"},"modified":"2009-08-24T11:19:41","modified_gmt":"2009-08-24T09:19:41","slug":"divorcios-y-depresiones","status":"publish","type":"post","link":"http:\/\/noviasespana.com\/noviasbaleares\/divorcios-y-depresiones\/","title":{"rendered":"Divorcios y depresiones"},"content":{"rendered":"<p>Hola chicas!!! Ya estamos de vuelta despues de una merecidas vacaciones. Sin embargo, esta \u00e9poca de asueto no siempre es beneficiosa para los matrimonios, seg\u00fan afirman los expertos. En la \u00e9poca estival aumenta el tiempo que los conyuges pasan juntos y, tambi\u00e9n, las discusiones. Por eso es durante los meses posteriores al verano cuando los juzgados reciben el mayor n\u00famero de peticiones de divorcio. Aunque esta influencia negativa de las vacaciones en la pareja es aplicable solo a aquellos matrimonios que hace tiempo que se prometieron amor para toda la vida. En los recien casados, en cambio, esta estaci\u00f3n tiene el efecto contrario.<\/p>\n<p style=\"text-align: center\"><a title=\"plan-luna-de-miel51.jpg\" href=\"https:\/\/i0.wp.com\/www.diariodeunanovia.com\/wordpress\/wp-content\/uploads\/sites\/5\/2009\/08\/plan-luna-de-miel51.jpg\"><img data-recalc-dims=\"1\" decoding=\"async\" src=\"https:\/\/i0.wp.com\/www.diariodeunanovia.com\/wordpress\/wp-content\/uploads\/sites\/5\/2009\/08\/plan-luna-de-miel51.jpg?w=900\" alt=\"plan-luna-de-miel51.jpg\" \/><\/a><\/p>\n","protected":false},"excerpt":{"rendered":"<p>Hola chicas!!! Ya estamos de vuelta despues de una merecidas vacaciones. Sin embargo, esta \u00e9poca de asueto no siempre es beneficiosa para los matrimonios, seg\u00fan afirman los expertos. En la \u00e9poca estival aumenta el tiempo que los conyuges pasan juntos y, tambi\u00e9n, las discusiones. Por eso es durante los meses posteriores al verano cuando los [&hellip;]<\/p>\n","protected":false},"author":2,"featured_media":0,"comment_status":"open","ping_status":"open","sticky":false,"template":"","format":"standard","meta":{"jetpack_post_was_ever_published":false,"_jetpack_newsletter_access":"","_jetpack_dont_email_post_to_subs":false,"_jetpack_newsletter_tier_id":0,"_jetpack_memberships_contains_paywalled_content":false,"_jetpack_memberships_contains_paid_content":false,"footnotes":""},"categories":[1],"tags":[],"class_list":["post-23","post","type-post","status-publish","format-standard","hentry","category-novias"],"yoast_head":"<!-- This site is optimized with the Yoast SEO plugin v27.5 - https:\/\/yoast.com\/product\/yoast-seo-wordpress\/ -->\n<title>Divorcios y depresiones - Novias Baleares<\/title>\n<meta name=\"robots\" content=\"index, follow, max-snippet:-1, max-image-preview:large, max-video-preview:-1\" \/>\n<link rel=\"canonical\" href=\"http:\/\/noviasespana.com\/noviasbaleares\/divorcios-y-depresiones\/\" \/>\n<meta property=\"og:locale\" content=\"es_ES\" \/>\n<meta property=\"og:type\" content=\"article\" \/>\n<meta property=\"og:title\" content=\"Divorcios y depresiones - Novias Baleares\" \/>\n<meta property=\"og:description\" content=\"Hola chicas!!! Ya estamos de vuelta despues de una merecidas vacaciones. Sin embargo, esta \u00e9poca de asueto no siempre es beneficiosa para los matrimonios, seg\u00fan afirman los expertos. En la \u00e9poca estival aumenta el tiempo que los conyuges pasan juntos y, tambi\u00e9n, las discusiones. Por eso es durante los meses posteriores al verano cuando los [&hellip;]\" \/>\n<meta property=\"og:url\" content=\"http:\/\/noviasespana.com\/noviasbaleares\/divorcios-y-depresiones\/\" \/>\n<meta property=\"og:site_name\" content=\"Novias Baleares\" \/>\n<meta property=\"article:published_time\" content=\"2009-08-24T09:19:41+00:00\" \/>\n<meta property=\"og:image\" content=\"http:\/\/www.diariodeunanovia.com\/wordpress\/wp-content\/uploads\/sites\/5\/2009\/08\/plan-luna-de-miel51.jpg\" \/>\n<meta name=\"author\" content=\"admin\" \/>\n<meta name=\"twitter:label1\" content=\"Escrito por\" \/>\n\t<meta name=\"twitter:data1\" content=\"admin\" \/>\n\t<meta name=\"twitter:label2\" content=\"Tiempo de lectura\" \/>\n\t<meta name=\"twitter:data2\" content=\"1 minuto\" \/>\n<script type=\"application\/ld+json\" class=\"yoast-schema-graph\">{\"@context\":\"https:\\\/\\\/schema.org\",\"@graph\":[{\"@type\":\"Article\",\"@id\":\"http:\\\/\\\/noviasespana.com\\\/noviasbaleares\\\/divorcios-y-depresiones\\\/#article\",\"isPartOf\":{\"@id\":\"http:\\\/\\\/noviasespana.com\\\/noviasbaleares\\\/divorcios-y-depresiones\\\/\"},\"author\":{\"name\":\"admin\",\"@id\":\"http:\\\/\\\/noviasespana.com\\\/noviasbaleares\\\/#\\\/schema\\\/person\\\/82ff6e303fad28e4da623aa4d27969ed\"},\"headline\":\"Divorcios y depresiones\",\"datePublished\":\"2009-08-24T09:19:41+00:00\",\"mainEntityOfPage\":{\"@id\":\"http:\\\/\\\/noviasespana.com\\\/noviasbaleares\\\/divorcios-y-depresiones\\\/\"},\"wordCount\":110,\"commentCount\":0,\"image\":{\"@id\":\"http:\\\/\\\/noviasespana.com\\\/noviasbaleares\\\/divorcios-y-depresiones\\\/#primaryimage\"},\"thumbnailUrl\":\"http:\\\/\\\/www.diariodeunanovia.com\\\/wordpress\\\/wp-content\\\/uploads\\\/sites\\\/5\\\/2009\\\/08\\\/plan-luna-de-miel51.jpg\",\"articleSection\":[\"novias\"],\"inLanguage\":\"es\",\"potentialAction\":[{\"@type\":\"CommentAction\",\"name\":\"Comment\",\"target\":[\"http:\\\/\\\/noviasespana.com\\\/noviasbaleares\\\/divorcios-y-depresiones\\\/#respond\"]}]},{\"@type\":\"WebPage\",\"@id\":\"http:\\\/\\\/noviasespana.com\\\/noviasbaleares\\\/divorcios-y-depresiones\\\/\",\"url\":\"http:\\\/\\\/noviasespana.com\\\/noviasbaleares\\\/divorcios-y-depresiones\\\/\",\"name\":\"Divorcios y depresiones - Novias Baleares\",\"isPartOf\":{\"@id\":\"http:\\\/\\\/noviasespana.com\\\/noviasbaleares\\\/#website\"},\"primaryImageOfPage\":{\"@id\":\"http:\\\/\\\/noviasespana.com\\\/noviasbaleares\\\/divorcios-y-depresiones\\\/#primaryimage\"},\"image\":{\"@id\":\"http:\\\/\\\/noviasespana.com\\\/noviasbaleares\\\/divorcios-y-depresiones\\\/#primaryimage\"},\"thumbnailUrl\":\"http:\\\/\\\/www.diariodeunanovia.com\\\/wordpress\\\/wp-content\\\/uploads\\\/sites\\\/5\\\/2009\\\/08\\\/plan-luna-de-miel51.jpg\",\"datePublished\":\"2009-08-24T09:19:41+00:00\",\"author\":{\"@id\":\"http:\\\/\\\/noviasespana.com\\\/noviasbaleares\\\/#\\\/schema\\\/person\\\/82ff6e303fad28e4da623aa4d27969ed\"},\"breadcrumb\":{\"@id\":\"http:\\\/\\\/noviasespana.com\\\/noviasbaleares\\\/divorcios-y-depresiones\\\/#breadcrumb\"},\"inLanguage\":\"es\",\"potentialAction\":[{\"@type\":\"ReadAction\",\"target\":[\"http:\\\/\\\/noviasespana.com\\\/noviasbaleares\\\/divorcios-y-depresiones\\\/\"]}]},{\"@type\":\"ImageObject\",\"inLanguage\":\"es\",\"@id\":\"http:\\\/\\\/noviasespana.com\\\/noviasbaleares\\\/divorcios-y-depresiones\\\/#primaryimage\",\"url\":\"http:\\\/\\\/www.diariodeunanovia.com\\\/wordpress\\\/wp-content\\\/uploads\\\/sites\\\/5\\\/2009\\\/08\\\/plan-luna-de-miel51.jpg\",\"contentUrl\":\"http:\\\/\\\/www.diariodeunanovia.com\\\/wordpress\\\/wp-content\\\/uploads\\\/sites\\\/5\\\/2009\\\/08\\\/plan-luna-de-miel51.jpg\"},{\"@type\":\"BreadcrumbList\",\"@id\":\"http:\\\/\\\/noviasespana.com\\\/noviasbaleares\\\/divorcios-y-depresiones\\\/#breadcrumb\",\"itemListElement\":[{\"@type\":\"ListItem\",\"position\":1,\"name\":\"Portada\",\"item\":\"http:\\\/\\\/noviasespana.com\\\/noviasbaleares\\\/\"},{\"@type\":\"ListItem\",\"position\":2,\"name\":\"Divorcios y depresiones\"}]},{\"@type\":\"WebSite\",\"@id\":\"http:\\\/\\\/noviasespana.com\\\/noviasbaleares\\\/#website\",\"url\":\"http:\\\/\\\/noviasespana.com\\\/noviasbaleares\\\/\",\"name\":\"Novias Baleares\",\"description\":\"Revista de novias\",\"potentialAction\":[{\"@type\":\"SearchAction\",\"target\":{\"@type\":\"EntryPoint\",\"urlTemplate\":\"http:\\\/\\\/noviasespana.com\\\/noviasbaleares\\\/?s={search_term_string}\"},\"query-input\":{\"@type\":\"PropertyValueSpecification\",\"valueRequired\":true,\"valueName\":\"search_term_string\"}}],\"inLanguage\":\"es\"},{\"@type\":\"Person\",\"@id\":\"http:\\\/\\\/noviasespana.com\\\/noviasbaleares\\\/#\\\/schema\\\/person\\\/82ff6e303fad28e4da623aa4d27969ed\",\"name\":\"admin\",\"image\":{\"@type\":\"ImageObject\",\"inLanguage\":\"es\",\"@id\":\"https:\\\/\\\/secure.gravatar.com\\\/avatar\\\/0f45231fddfb43fcbd0cdde4582a3580baf474d75fca7d494b42ff86847de871?s=96&d=mm&r=g\",\"url\":\"https:\\\/\\\/secure.gravatar.com\\\/avatar\\\/0f45231fddfb43fcbd0cdde4582a3580baf474d75fca7d494b42ff86847de871?s=96&d=mm&r=g\",\"contentUrl\":\"https:\\\/\\\/secure.gravatar.com\\\/avatar\\\/0f45231fddfb43fcbd0cdde4582a3580baf474d75fca7d494b42ff86847de871?s=96&d=mm&r=g\",\"caption\":\"admin\"},\"url\":\"http:\\\/\\\/noviasespana.com\\\/noviasbaleares\\\/author\\\/admin\\\/\"}]}<\/script>\n<!-- \/ Yoast SEO plugin. -->","yoast_head_json":{"title":"Divorcios y depresiones - Novias Baleares","robots":{"index":"index","follow":"follow","max-snippet":"max-snippet:-1","max-image-preview":"max-image-preview:large","max-video-preview":"max-video-preview:-1"},"canonical":"http:\/\/noviasespana.com\/noviasbaleares\/divorcios-y-depresiones\/","og_locale":"es_ES","og_type":"article","og_title":"Divorcios y depresiones - Novias Baleares","og_description":"Hola chicas!!! Ya estamos de vuelta despues de una merecidas vacaciones. Sin embargo, esta \u00e9poca de asueto no siempre es beneficiosa para los matrimonios, seg\u00fan afirman los expertos. En la \u00e9poca estival aumenta el tiempo que los conyuges pasan juntos y, tambi\u00e9n, las discusiones. Por eso es durante los meses posteriores al verano cuando los [&hellip;]","og_url":"http:\/\/noviasespana.com\/noviasbaleares\/divorcios-y-depresiones\/","og_site_name":"Novias Baleares","article_published_time":"2009-08-24T09:19:41+00:00","og_image":[{"url":"http:\/\/www.diariodeunanovia.com\/wordpress\/wp-content\/uploads\/sites\/5\/2009\/08\/plan-luna-de-miel51.jpg","type":"","width":"","height":""}],"author":"admin","twitter_misc":{"Escrito por":"admin","Tiempo de lectura":"1 minuto"},"schema":{"@context":"https:\/\/schema.org","@graph":[{"@type":"Article","@id":"http:\/\/noviasespana.com\/noviasbaleares\/divorcios-y-depresiones\/#article","isPartOf":{"@id":"http:\/\/noviasespana.com\/noviasbaleares\/divorcios-y-depresiones\/"},"author":{"name":"admin","@id":"http:\/\/noviasespana.com\/noviasbaleares\/#\/schema\/person\/82ff6e303fad28e4da623aa4d27969ed"},"headline":"Divorcios y depresiones","datePublished":"2009-08-24T09:19:41+00:00","mainEntityOfPage":{"@id":"http:\/\/noviasespana.com\/noviasbaleares\/divorcios-y-depresiones\/"},"wordCount":110,"commentCount":0,"image":{"@id":"http:\/\/noviasespana.com\/noviasbaleares\/divorcios-y-depresiones\/#primaryimage"},"thumbnailUrl":"http:\/\/www.diariodeunanovia.com\/wordpress\/wp-content\/uploads\/sites\/5\/2009\/08\/plan-luna-de-miel51.jpg","articleSection":["novias"],"inLanguage":"es","potentialAction":[{"@type":"CommentAction","name":"Comment","target":["http:\/\/noviasespana.com\/noviasbaleares\/divorcios-y-depresiones\/#respond"]}]},{"@type":"WebPage","@id":"http:\/\/noviasespana.com\/noviasbaleares\/divorcios-y-depresiones\/","url":"http:\/\/noviasespana.com\/noviasbaleares\/divorcios-y-depresiones\/","name":"Divorcios y depresiones - Novias Baleares","isPartOf":{"@id":"http:\/\/noviasespana.com\/noviasbaleares\/#website"},"primaryImageOfPage":{"@id":"http:\/\/noviasespana.com\/noviasbaleares\/divorcios-y-depresiones\/#primaryimage"},"image":{"@id":"http:\/\/noviasespana.com\/noviasbaleares\/divorcios-y-depresiones\/#primaryimage"},"thumbnailUrl":"http:\/\/www.diariodeunanovia.com\/wordpress\/wp-content\/uploads\/sites\/5\/2009\/08\/plan-luna-de-miel51.jpg","datePublished":"2009-08-24T09:19:41+00:00","author":{"@id":"http:\/\/noviasespana.com\/noviasbaleares\/#\/schema\/person\/82ff6e303fad28e4da623aa4d27969ed"},"breadcrumb":{"@id":"http:\/\/noviasespana.com\/noviasbaleares\/divorcios-y-depresiones\/#breadcrumb"},"inLanguage":"es","potentialAction":[{"@type":"ReadAction","target":["http:\/\/noviasespana.com\/noviasbaleares\/divorcios-y-depresiones\/"]}]},{"@type":"ImageObject","inLanguage":"es","@id":"http:\/\/noviasespana.com\/noviasbaleares\/divorcios-y-depresiones\/#primaryimage","url":"http:\/\/www.diariodeunanovia.com\/wordpress\/wp-content\/uploads\/sites\/5\/2009\/08\/plan-luna-de-miel51.jpg","contentUrl":"http:\/\/www.diariodeunanovia.com\/wordpress\/wp-content\/uploads\/sites\/5\/2009\/08\/plan-luna-de-miel51.jpg"},{"@type":"BreadcrumbList","@id":"http:\/\/noviasespana.com\/noviasbaleares\/divorcios-y-depresiones\/#breadcrumb","itemListElement":[{"@type":"ListItem","position":1,"name":"Portada","item":"http:\/\/noviasespana.com\/noviasbaleares\/"},{"@type":"ListItem","position":2,"name":"Divorcios y depresiones"}]},{"@type":"WebSite","@id":"http:\/\/noviasespana.com\/noviasbaleares\/#website","url":"http:\/\/noviasespana.com\/noviasbaleares\/","name":"Novias Baleares","description":"Revista de novias","potentialAction":[{"@type":"SearchAction","target":{"@type":"EntryPoint","urlTemplate":"http:\/\/noviasespana.com\/noviasbaleares\/?s={search_term_string}"},"query-input":{"@type":"PropertyValueSpecification","valueRequired":true,"valueName":"search_term_string"}}],"inLanguage":"es"},{"@type":"Person","@id":"http:\/\/noviasespana.com\/noviasbaleares\/#\/schema\/person\/82ff6e303fad28e4da623aa4d27969ed","name":"admin","image":{"@type":"ImageObject","inLanguage":"es","@id":"https:\/\/secure.gravatar.com\/avatar\/0f45231fddfb43fcbd0cdde4582a3580baf474d75fca7d494b42ff86847de871?s=96&d=mm&r=g","url":"https:\/\/secure.gravatar.com\/avatar\/0f45231fddfb43fcbd0cdde4582a3580baf474d75fca7d494b42ff86847de871?s=96&d=mm&r=g","contentUrl":"https:\/\/secure.gravatar.com\/avatar\/0f45231fddfb43fcbd0cdde4582a3580baf474d75fca7d494b42ff86847de871?s=96&d=mm&r=g","caption":"admin"},"url":"http:\/\/noviasespana.com\/noviasbaleares\/author\/admin\/"}]}},"jetpack_featured_media_url":"","jetpack_sharing_enabled":true,"jetpack_shortlink":"https:\/\/wp.me\/p5Hg6P-n","jetpack_likes_enabled":true,"_links":{"self":[{"href":"http:\/\/noviasespana.com\/noviasbaleares\/wp-json\/wp\/v2\/posts\/23","targetHints":{"allow":["GET"]}}],"collection":[{"href":"http:\/\/noviasespana.com\/noviasbaleares\/wp-json\/wp\/v2\/posts"}],"about":[{"href":"http:\/\/noviasespana.com\/noviasbaleares\/wp-json\/wp\/v2\/types\/post"}],"author":[{"embeddable":true,"href":"http:\/\/noviasespana.com\/noviasbaleares\/wp-json\/wp\/v2\/users\/2"}],"replies":[{"embeddable":true,"href":"http:\/\/noviasespana.com\/noviasbaleares\/wp-json\/wp\/v2\/comments?post=23"}],"version-history":[{"count":0,"href":"http:\/\/noviasespana.com\/noviasbaleares\/wp-json\/wp\/v2\/posts\/23\/revisions"}],"wp:attachment":[{"href":"http:\/\/noviasespana.com\/noviasbaleares\/wp-json\/wp\/v2\/media?parent=23"}],"wp:term":[{"taxonomy":"category","embeddable":true,"href":"http:\/\/noviasespana.com\/noviasbaleares\/wp-json\/wp\/v2\/categories?post=23"},{"taxonomy":"post_tag","embeddable":true,"href":"http:\/\/noviasespana.com\/noviasbaleares\/wp-json\/wp\/v2\/tags?post=23"}],"curies":[{"name":"wp","href":"https:\/\/api.w.org\/{rel}","templated":true}]}}