{"id":2222,"date":"2010-10-06T17:21:14","date_gmt":"2010-10-06T15:21:14","guid":{"rendered":"http:\/\/www.diariodeunanovia.com\/blog\/?p=2222"},"modified":"2010-10-06T17:21:14","modified_gmt":"2010-10-06T15:21:14","slug":"la-firma-vizcaina-novelle-presenta-su-nueva-coleccion-de-novias","status":"publish","type":"post","link":"http:\/\/noviasespana.com\/noviasbaleares\/la-firma-vizcaina-novelle-presenta-su-nueva-coleccion-de-novias\/","title":{"rendered":"La firma vizcaina Novelle presenta su nueva colecci\u00f3n de novias"},"content":{"rendered":"<p>Queridas novias! Novelle vuelve a asistir a la feria de Expobodas los d\u00edas 15, 16 y 17 de octubre para presentar su nueva colecci\u00f3n de novias \u201cLA FRESCURA DEL AIRE\u201d, donde las l\u00edneas sencillas y depuradas se unen a los estilos m\u00e1s r\u00fasticos y rom\u00e1nticos de colecciones anteriores. La colecci\u00f3n de ni\u00f1os pensada fundamentalmente para llevar las arras sorprender\u00e1 a los asistentes por su originalidad y colorido, as\u00ed como por todos los complementos que hacen que los pajes sean recordados: cestas para las arras o p\u00e9talos, cojines para los anillos, coronas de flores\u2026 Aprovechando Expobodas Novelle presentar\u00e1 sus \u00faltimas novedades en decoraciones de bodas, tanto sea para la ceremonia como para el restaurante. Nos encontrar\u00e9is en el stand C125 donde estaremos encantados de atenderos personalmente. \u00a1\u00a1Esperamos vuestra asistencia!!<\/p>\n<p style=\"text-align: center\"><a href=\"http:\/\/WWW.NOVELLE.ES\"><img data-recalc-dims=\"1\" loading=\"lazy\" decoding=\"async\" class=\"aligncenter size-full wp-image-2221\" title=\"NOVELLE NOVIAS\" src=\"https:\/\/i0.wp.com\/www.diariodeunanovia.com\/blog\/wp-content\/uploads\/sites\/5\/2010\/10\/NOVELLE-NOVIAS1.jpg?resize=280%2C416\" alt=\"NOVELLE NOVIAS\" width=\"280\" height=\"416\" \/><\/a><\/p>\n","protected":false},"excerpt":{"rendered":"<p>Queridas novias! Novelle vuelve a asistir a la feria de Expobodas los d\u00edas 15, 16 y 17 de octubre para presentar su nueva colecci\u00f3n de novias \u201cLA FRESCURA DEL AIRE\u201d, donde las l\u00edneas sencillas y depuradas se unen a los estilos m\u00e1s r\u00fasticos y rom\u00e1nticos de colecciones anteriores. La colecci\u00f3n de ni\u00f1os pensada fundamentalmente para [&hellip;]<\/p>\n","protected":false},"author":4,"featured_media":0,"comment_status":"open","ping_status":"open","sticky":false,"template":"","format":"standard","meta":{"jetpack_post_was_ever_published":false,"_jetpack_newsletter_access":"","_jetpack_dont_email_post_to_subs":false,"_jetpack_newsletter_tier_id":0,"_jetpack_memberships_contains_paywalled_content":false,"_jetpack_memberships_contains_paid_content":false,"footnotes":""},"categories":[1],"tags":[],"class_list":["post-2222","post","type-post","status-publish","format-standard","hentry","category-novias"],"yoast_head":"<!-- This site is optimized with the Yoast SEO plugin v27.5 - https:\/\/yoast.com\/product\/yoast-seo-wordpress\/ -->\n<title>La firma vizcaina Novelle presenta su nueva colecci\u00f3n de novias - Novias Baleares<\/title>\n<meta name=\"robots\" content=\"index, follow, max-snippet:-1, max-image-preview:large, max-video-preview:-1\" \/>\n<link rel=\"canonical\" href=\"http:\/\/noviasespana.com\/noviasbaleares\/la-firma-vizcaina-novelle-presenta-su-nueva-coleccion-de-novias\/\" \/>\n<meta property=\"og:locale\" content=\"es_ES\" \/>\n<meta property=\"og:type\" content=\"article\" \/>\n<meta property=\"og:title\" content=\"La firma vizcaina Novelle presenta su nueva colecci\u00f3n de novias - Novias Baleares\" \/>\n<meta property=\"og:description\" content=\"Queridas novias! Novelle vuelve a asistir a la feria de Expobodas los d\u00edas 15, 16 y 17 de octubre para presentar su nueva colecci\u00f3n de novias \u201cLA FRESCURA DEL AIRE\u201d, donde las l\u00edneas sencillas y depuradas se unen a los estilos m\u00e1s r\u00fasticos y rom\u00e1nticos de colecciones anteriores. La colecci\u00f3n de ni\u00f1os pensada fundamentalmente para [&hellip;]\" \/>\n<meta property=\"og:url\" content=\"http:\/\/noviasespana.com\/noviasbaleares\/la-firma-vizcaina-novelle-presenta-su-nueva-coleccion-de-novias\/\" \/>\n<meta property=\"og:site_name\" content=\"Novias Baleares\" \/>\n<meta property=\"article:published_time\" content=\"2010-10-06T15:21:14+00:00\" \/>\n<meta property=\"og:image\" content=\"http:\/\/www.diariodeunanovia.com\/blog\/wp-content\/uploads\/sites\/5\/2010\/10\/NOVELLE-NOVIAS1.jpg\" \/>\n<meta name=\"author\" content=\"Pilar Perosanz\" \/>\n<meta name=\"twitter:label1\" content=\"Escrito por\" \/>\n\t<meta name=\"twitter:data1\" content=\"Pilar Perosanz\" \/>\n\t<meta name=\"twitter:label2\" content=\"Tiempo de lectura\" \/>\n\t<meta name=\"twitter:data2\" content=\"1 minuto\" \/>\n<script type=\"application\/ld+json\" class=\"yoast-schema-graph\">{\"@context\":\"https:\\\/\\\/schema.org\",\"@graph\":[{\"@type\":\"Article\",\"@id\":\"http:\\\/\\\/noviasespana.com\\\/noviasbaleares\\\/la-firma-vizcaina-novelle-presenta-su-nueva-coleccion-de-novias\\\/#article\",\"isPartOf\":{\"@id\":\"http:\\\/\\\/noviasespana.com\\\/noviasbaleares\\\/la-firma-vizcaina-novelle-presenta-su-nueva-coleccion-de-novias\\\/\"},\"author\":{\"name\":\"Pilar Perosanz\",\"@id\":\"http:\\\/\\\/noviasespana.com\\\/noviasbaleares\\\/#\\\/schema\\\/person\\\/0b1c774eb803dc07cabaa1ba623a2189\"},\"headline\":\"La firma vizcaina Novelle presenta su nueva colecci\u00f3n de novias\",\"datePublished\":\"2010-10-06T15:21:14+00:00\",\"mainEntityOfPage\":{\"@id\":\"http:\\\/\\\/noviasespana.com\\\/noviasbaleares\\\/la-firma-vizcaina-novelle-presenta-su-nueva-coleccion-de-novias\\\/\"},\"wordCount\":146,\"commentCount\":0,\"image\":{\"@id\":\"http:\\\/\\\/noviasespana.com\\\/noviasbaleares\\\/la-firma-vizcaina-novelle-presenta-su-nueva-coleccion-de-novias\\\/#primaryimage\"},\"thumbnailUrl\":\"http:\\\/\\\/www.diariodeunanovia.com\\\/blog\\\/wp-content\\\/uploads\\\/sites\\\/5\\\/2010\\\/10\\\/NOVELLE-NOVIAS1.jpg\",\"articleSection\":[\"novias\"],\"inLanguage\":\"es\",\"potentialAction\":[{\"@type\":\"CommentAction\",\"name\":\"Comment\",\"target\":[\"http:\\\/\\\/noviasespana.com\\\/noviasbaleares\\\/la-firma-vizcaina-novelle-presenta-su-nueva-coleccion-de-novias\\\/#respond\"]}]},{\"@type\":\"WebPage\",\"@id\":\"http:\\\/\\\/noviasespana.com\\\/noviasbaleares\\\/la-firma-vizcaina-novelle-presenta-su-nueva-coleccion-de-novias\\\/\",\"url\":\"http:\\\/\\\/noviasespana.com\\\/noviasbaleares\\\/la-firma-vizcaina-novelle-presenta-su-nueva-coleccion-de-novias\\\/\",\"name\":\"La firma vizcaina Novelle presenta su nueva colecci\u00f3n de novias - Novias Baleares\",\"isPartOf\":{\"@id\":\"http:\\\/\\\/noviasespana.com\\\/noviasbaleares\\\/#website\"},\"primaryImageOfPage\":{\"@id\":\"http:\\\/\\\/noviasespana.com\\\/noviasbaleares\\\/la-firma-vizcaina-novelle-presenta-su-nueva-coleccion-de-novias\\\/#primaryimage\"},\"image\":{\"@id\":\"http:\\\/\\\/noviasespana.com\\\/noviasbaleares\\\/la-firma-vizcaina-novelle-presenta-su-nueva-coleccion-de-novias\\\/#primaryimage\"},\"thumbnailUrl\":\"http:\\\/\\\/www.diariodeunanovia.com\\\/blog\\\/wp-content\\\/uploads\\\/sites\\\/5\\\/2010\\\/10\\\/NOVELLE-NOVIAS1.jpg\",\"datePublished\":\"2010-10-06T15:21:14+00:00\",\"author\":{\"@id\":\"http:\\\/\\\/noviasespana.com\\\/noviasbaleares\\\/#\\\/schema\\\/person\\\/0b1c774eb803dc07cabaa1ba623a2189\"},\"breadcrumb\":{\"@id\":\"http:\\\/\\\/noviasespana.com\\\/noviasbaleares\\\/la-firma-vizcaina-novelle-presenta-su-nueva-coleccion-de-novias\\\/#breadcrumb\"},\"inLanguage\":\"es\",\"potentialAction\":[{\"@type\":\"ReadAction\",\"target\":[\"http:\\\/\\\/noviasespana.com\\\/noviasbaleares\\\/la-firma-vizcaina-novelle-presenta-su-nueva-coleccion-de-novias\\\/\"]}]},{\"@type\":\"ImageObject\",\"inLanguage\":\"es\",\"@id\":\"http:\\\/\\\/noviasespana.com\\\/noviasbaleares\\\/la-firma-vizcaina-novelle-presenta-su-nueva-coleccion-de-novias\\\/#primaryimage\",\"url\":\"http:\\\/\\\/www.diariodeunanovia.com\\\/blog\\\/wp-content\\\/uploads\\\/sites\\\/5\\\/2010\\\/10\\\/NOVELLE-NOVIAS1.jpg\",\"contentUrl\":\"http:\\\/\\\/www.diariodeunanovia.com\\\/blog\\\/wp-content\\\/uploads\\\/sites\\\/5\\\/2010\\\/10\\\/NOVELLE-NOVIAS1.jpg\"},{\"@type\":\"BreadcrumbList\",\"@id\":\"http:\\\/\\\/noviasespana.com\\\/noviasbaleares\\\/la-firma-vizcaina-novelle-presenta-su-nueva-coleccion-de-novias\\\/#breadcrumb\",\"itemListElement\":[{\"@type\":\"ListItem\",\"position\":1,\"name\":\"Portada\",\"item\":\"http:\\\/\\\/noviasespana.com\\\/noviasbaleares\\\/\"},{\"@type\":\"ListItem\",\"position\":2,\"name\":\"La firma vizcaina Novelle presenta su nueva colecci\u00f3n de novias\"}]},{\"@type\":\"WebSite\",\"@id\":\"http:\\\/\\\/noviasespana.com\\\/noviasbaleares\\\/#website\",\"url\":\"http:\\\/\\\/noviasespana.com\\\/noviasbaleares\\\/\",\"name\":\"Novias Baleares\",\"description\":\"Revista de novias\",\"potentialAction\":[{\"@type\":\"SearchAction\",\"target\":{\"@type\":\"EntryPoint\",\"urlTemplate\":\"http:\\\/\\\/noviasespana.com\\\/noviasbaleares\\\/?s={search_term_string}\"},\"query-input\":{\"@type\":\"PropertyValueSpecification\",\"valueRequired\":true,\"valueName\":\"search_term_string\"}}],\"inLanguage\":\"es\"},{\"@type\":\"Person\",\"@id\":\"http:\\\/\\\/noviasespana.com\\\/noviasbaleares\\\/#\\\/schema\\\/person\\\/0b1c774eb803dc07cabaa1ba623a2189\",\"name\":\"Pilar Perosanz\",\"image\":{\"@type\":\"ImageObject\",\"inLanguage\":\"es\",\"@id\":\"https:\\\/\\\/secure.gravatar.com\\\/avatar\\\/5f89b89cee696f36efb82c284bbc1518b83b807f1e68366037e8221287a0831b?s=96&d=mm&r=g\",\"url\":\"https:\\\/\\\/secure.gravatar.com\\\/avatar\\\/5f89b89cee696f36efb82c284bbc1518b83b807f1e68366037e8221287a0831b?s=96&d=mm&r=g\",\"contentUrl\":\"https:\\\/\\\/secure.gravatar.com\\\/avatar\\\/5f89b89cee696f36efb82c284bbc1518b83b807f1e68366037e8221287a0831b?s=96&d=mm&r=g\",\"caption\":\"Pilar Perosanz\"},\"url\":\"http:\\\/\\\/noviasespana.com\\\/noviasbaleares\\\/author\\\/pilar\\\/\"}]}<\/script>\n<!-- \/ Yoast SEO plugin. -->","yoast_head_json":{"title":"La firma vizcaina Novelle presenta su nueva colecci\u00f3n de novias - Novias Baleares","robots":{"index":"index","follow":"follow","max-snippet":"max-snippet:-1","max-image-preview":"max-image-preview:large","max-video-preview":"max-video-preview:-1"},"canonical":"http:\/\/noviasespana.com\/noviasbaleares\/la-firma-vizcaina-novelle-presenta-su-nueva-coleccion-de-novias\/","og_locale":"es_ES","og_type":"article","og_title":"La firma vizcaina Novelle presenta su nueva colecci\u00f3n de novias - Novias Baleares","og_description":"Queridas novias! Novelle vuelve a asistir a la feria de Expobodas los d\u00edas 15, 16 y 17 de octubre para presentar su nueva colecci\u00f3n de novias \u201cLA FRESCURA DEL AIRE\u201d, donde las l\u00edneas sencillas y depuradas se unen a los estilos m\u00e1s r\u00fasticos y rom\u00e1nticos de colecciones anteriores. La colecci\u00f3n de ni\u00f1os pensada fundamentalmente para [&hellip;]","og_url":"http:\/\/noviasespana.com\/noviasbaleares\/la-firma-vizcaina-novelle-presenta-su-nueva-coleccion-de-novias\/","og_site_name":"Novias Baleares","article_published_time":"2010-10-06T15:21:14+00:00","og_image":[{"url":"http:\/\/www.diariodeunanovia.com\/blog\/wp-content\/uploads\/sites\/5\/2010\/10\/NOVELLE-NOVIAS1.jpg","type":"","width":"","height":""}],"author":"Pilar Perosanz","twitter_misc":{"Escrito por":"Pilar Perosanz","Tiempo de lectura":"1 minuto"},"schema":{"@context":"https:\/\/schema.org","@graph":[{"@type":"Article","@id":"http:\/\/noviasespana.com\/noviasbaleares\/la-firma-vizcaina-novelle-presenta-su-nueva-coleccion-de-novias\/#article","isPartOf":{"@id":"http:\/\/noviasespana.com\/noviasbaleares\/la-firma-vizcaina-novelle-presenta-su-nueva-coleccion-de-novias\/"},"author":{"name":"Pilar Perosanz","@id":"http:\/\/noviasespana.com\/noviasbaleares\/#\/schema\/person\/0b1c774eb803dc07cabaa1ba623a2189"},"headline":"La firma vizcaina Novelle presenta su nueva colecci\u00f3n de novias","datePublished":"2010-10-06T15:21:14+00:00","mainEntityOfPage":{"@id":"http:\/\/noviasespana.com\/noviasbaleares\/la-firma-vizcaina-novelle-presenta-su-nueva-coleccion-de-novias\/"},"wordCount":146,"commentCount":0,"image":{"@id":"http:\/\/noviasespana.com\/noviasbaleares\/la-firma-vizcaina-novelle-presenta-su-nueva-coleccion-de-novias\/#primaryimage"},"thumbnailUrl":"http:\/\/www.diariodeunanovia.com\/blog\/wp-content\/uploads\/sites\/5\/2010\/10\/NOVELLE-NOVIAS1.jpg","articleSection":["novias"],"inLanguage":"es","potentialAction":[{"@type":"CommentAction","name":"Comment","target":["http:\/\/noviasespana.com\/noviasbaleares\/la-firma-vizcaina-novelle-presenta-su-nueva-coleccion-de-novias\/#respond"]}]},{"@type":"WebPage","@id":"http:\/\/noviasespana.com\/noviasbaleares\/la-firma-vizcaina-novelle-presenta-su-nueva-coleccion-de-novias\/","url":"http:\/\/noviasespana.com\/noviasbaleares\/la-firma-vizcaina-novelle-presenta-su-nueva-coleccion-de-novias\/","name":"La firma vizcaina Novelle presenta su nueva colecci\u00f3n de novias - Novias Baleares","isPartOf":{"@id":"http:\/\/noviasespana.com\/noviasbaleares\/#website"},"primaryImageOfPage":{"@id":"http:\/\/noviasespana.com\/noviasbaleares\/la-firma-vizcaina-novelle-presenta-su-nueva-coleccion-de-novias\/#primaryimage"},"image":{"@id":"http:\/\/noviasespana.com\/noviasbaleares\/la-firma-vizcaina-novelle-presenta-su-nueva-coleccion-de-novias\/#primaryimage"},"thumbnailUrl":"http:\/\/www.diariodeunanovia.com\/blog\/wp-content\/uploads\/sites\/5\/2010\/10\/NOVELLE-NOVIAS1.jpg","datePublished":"2010-10-06T15:21:14+00:00","author":{"@id":"http:\/\/noviasespana.com\/noviasbaleares\/#\/schema\/person\/0b1c774eb803dc07cabaa1ba623a2189"},"breadcrumb":{"@id":"http:\/\/noviasespana.com\/noviasbaleares\/la-firma-vizcaina-novelle-presenta-su-nueva-coleccion-de-novias\/#breadcrumb"},"inLanguage":"es","potentialAction":[{"@type":"ReadAction","target":["http:\/\/noviasespana.com\/noviasbaleares\/la-firma-vizcaina-novelle-presenta-su-nueva-coleccion-de-novias\/"]}]},{"@type":"ImageObject","inLanguage":"es","@id":"http:\/\/noviasespana.com\/noviasbaleares\/la-firma-vizcaina-novelle-presenta-su-nueva-coleccion-de-novias\/#primaryimage","url":"http:\/\/www.diariodeunanovia.com\/blog\/wp-content\/uploads\/sites\/5\/2010\/10\/NOVELLE-NOVIAS1.jpg","contentUrl":"http:\/\/www.diariodeunanovia.com\/blog\/wp-content\/uploads\/sites\/5\/2010\/10\/NOVELLE-NOVIAS1.jpg"},{"@type":"BreadcrumbList","@id":"http:\/\/noviasespana.com\/noviasbaleares\/la-firma-vizcaina-novelle-presenta-su-nueva-coleccion-de-novias\/#breadcrumb","itemListElement":[{"@type":"ListItem","position":1,"name":"Portada","item":"http:\/\/noviasespana.com\/noviasbaleares\/"},{"@type":"ListItem","position":2,"name":"La firma vizcaina Novelle presenta su nueva colecci\u00f3n de novias"}]},{"@type":"WebSite","@id":"http:\/\/noviasespana.com\/noviasbaleares\/#website","url":"http:\/\/noviasespana.com\/noviasbaleares\/","name":"Novias Baleares","description":"Revista de novias","potentialAction":[{"@type":"SearchAction","target":{"@type":"EntryPoint","urlTemplate":"http:\/\/noviasespana.com\/noviasbaleares\/?s={search_term_string}"},"query-input":{"@type":"PropertyValueSpecification","valueRequired":true,"valueName":"search_term_string"}}],"inLanguage":"es"},{"@type":"Person","@id":"http:\/\/noviasespana.com\/noviasbaleares\/#\/schema\/person\/0b1c774eb803dc07cabaa1ba623a2189","name":"Pilar Perosanz","image":{"@type":"ImageObject","inLanguage":"es","@id":"https:\/\/secure.gravatar.com\/avatar\/5f89b89cee696f36efb82c284bbc1518b83b807f1e68366037e8221287a0831b?s=96&d=mm&r=g","url":"https:\/\/secure.gravatar.com\/avatar\/5f89b89cee696f36efb82c284bbc1518b83b807f1e68366037e8221287a0831b?s=96&d=mm&r=g","contentUrl":"https:\/\/secure.gravatar.com\/avatar\/5f89b89cee696f36efb82c284bbc1518b83b807f1e68366037e8221287a0831b?s=96&d=mm&r=g","caption":"Pilar Perosanz"},"url":"http:\/\/noviasespana.com\/noviasbaleares\/author\/pilar\/"}]}},"jetpack_featured_media_url":"","jetpack_sharing_enabled":true,"jetpack_shortlink":"https:\/\/wp.me\/p5Hg6P-zQ","jetpack_likes_enabled":true,"_links":{"self":[{"href":"http:\/\/noviasespana.com\/noviasbaleares\/wp-json\/wp\/v2\/posts\/2222","targetHints":{"allow":["GET"]}}],"collection":[{"href":"http:\/\/noviasespana.com\/noviasbaleares\/wp-json\/wp\/v2\/posts"}],"about":[{"href":"http:\/\/noviasespana.com\/noviasbaleares\/wp-json\/wp\/v2\/types\/post"}],"author":[{"embeddable":true,"href":"http:\/\/noviasespana.com\/noviasbaleares\/wp-json\/wp\/v2\/users\/4"}],"replies":[{"embeddable":true,"href":"http:\/\/noviasespana.com\/noviasbaleares\/wp-json\/wp\/v2\/comments?post=2222"}],"version-history":[{"count":0,"href":"http:\/\/noviasespana.com\/noviasbaleares\/wp-json\/wp\/v2\/posts\/2222\/revisions"}],"wp:attachment":[{"href":"http:\/\/noviasespana.com\/noviasbaleares\/wp-json\/wp\/v2\/media?parent=2222"}],"wp:term":[{"taxonomy":"category","embeddable":true,"href":"http:\/\/noviasespana.com\/noviasbaleares\/wp-json\/wp\/v2\/categories?post=2222"},{"taxonomy":"post_tag","embeddable":true,"href":"http:\/\/noviasespana.com\/noviasbaleares\/wp-json\/wp\/v2\/tags?post=2222"}],"curies":[{"name":"wp","href":"https:\/\/api.w.org\/{rel}","templated":true}]}}