{"id":2145,"date":"2010-09-24T11:05:20","date_gmt":"2010-09-24T09:05:20","guid":{"rendered":"http:\/\/www.diariodeunanovia.com\/blog\/?p=2145"},"modified":"2010-09-24T11:05:20","modified_gmt":"2010-09-24T09:05:20","slug":"entregado-el-precio-loreal-2010","status":"publish","type":"post","link":"http:\/\/noviasespana.com\/noviasbaleares\/entregado-el-precio-loreal-2010\/","title":{"rendered":"Entregado el premio L&#8217;Oreal 2010"},"content":{"rendered":"<p style=\"text-align: justify\">Queridas novias!!! Un a\u00f1o m\u00e1s ha concluido la pasarela de Cibeles con un gran \u00e9xito de p\u00fablico. Un d\u00eda antes de finalizar, tuvo lugar la entrega del premio L&#8217;Oreal, que con la &#8216;top&#8217; internacional Almudena Fern\u00e1ndez como maestra de ceremonias y Cuca Solana, directora de Cibeles Madrid Fashion Week como acompa\u00f1anante de lujo, elige a la mejor modelo y la mejor colecci\u00f3n de cada edici\u00f3n. Las afortunadas fueron la top Alazne Bilbao y la dise\u00f1adora Teresa Helbig. La modelo, cuya carrera despeg\u00f3 tras ganar el certamen YO DONA New Faces en 2009, toma el testigo de la reconocida Clara Alonso, premiada en la anterior edici\u00f3n. Alazne ha realizado diversas campa\u00f1as para marcas espa\u00f1olas de prestigio, como Springfield o Women&#8217;Secret, y a pesar de su corta trayectoria, todas las apuestas se centraban en esta bella bilba\u00edna, cuya imagen supone una dosis de frescura en la pasarela madrile\u00f1a. El premio a la mejor colecci\u00f3n, por su parte, concedido a Teresa Helbig (y que en la \u00faltima edici\u00f3n recay\u00f3 sobre el modisto Miguel Palacio), era tambi\u00e9n una de las apuestas seguras, dada la buena fama cosechada por las creaciones rom\u00e1nticas de la dise\u00f1adora en los \u00faltimos tiempos. Especializada en crear im\u00e1genes como salidas de cuentos de hadas, Helbig presentaba en esta ocasi\u00f3n una colecci\u00f3n plagada de minivestidos, &#8216;shorts&#8217;, blusas vaporosas que ya casi son sello de la casa e incluso prendas de cuero. Un aire &#8216;retro&#8217; con tintes modernos, que sin duda despert\u00f3 la curiosidad del p\u00fablico.<\/p>\n<p style=\"text-align: justify\"><img data-recalc-dims=\"1\" loading=\"lazy\" decoding=\"async\" class=\"aligncenter size-full wp-image-2148\" title=\"alazne\" src=\"https:\/\/i0.wp.com\/www.diariodeunanovia.com\/blog\/wp-content\/uploads\/sites\/5\/2010\/09\/alazne.jpg?resize=300%2C367\" alt=\"alazne\" width=\"300\" height=\"367\" \/><\/p>\n","protected":false},"excerpt":{"rendered":"<p>Queridas novias!!! Un a\u00f1o m\u00e1s ha concluido la pasarela de Cibeles con un gran \u00e9xito de p\u00fablico. Un d\u00eda antes de finalizar, tuvo lugar la entrega del premio L&#8217;Oreal, que con la &#8216;top&#8217; internacional Almudena Fern\u00e1ndez como maestra de ceremonias y Cuca Solana, directora de Cibeles Madrid Fashion Week como acompa\u00f1anante de lujo, elige a [&hellip;]<\/p>\n","protected":false},"author":2,"featured_media":0,"comment_status":"open","ping_status":"open","sticky":false,"template":"","format":"standard","meta":{"jetpack_post_was_ever_published":false,"_jetpack_newsletter_access":"","_jetpack_dont_email_post_to_subs":false,"_jetpack_newsletter_tier_id":0,"_jetpack_memberships_contains_paywalled_content":false,"_jetpack_memberships_contains_paid_content":false,"footnotes":""},"categories":[1],"tags":[],"class_list":["post-2145","post","type-post","status-publish","format-standard","hentry","category-novias"],"yoast_head":"<!-- This site is optimized with the Yoast SEO plugin v27.5 - https:\/\/yoast.com\/product\/yoast-seo-wordpress\/ -->\n<title>Entregado el premio L&#039;Oreal 2010 - Novias Baleares<\/title>\n<meta name=\"robots\" content=\"index, follow, max-snippet:-1, max-image-preview:large, max-video-preview:-1\" \/>\n<link rel=\"canonical\" href=\"http:\/\/noviasespana.com\/noviasbaleares\/entregado-el-precio-loreal-2010\/\" \/>\n<meta property=\"og:locale\" content=\"es_ES\" \/>\n<meta property=\"og:type\" content=\"article\" \/>\n<meta property=\"og:title\" content=\"Entregado el premio L&#039;Oreal 2010 - Novias Baleares\" \/>\n<meta property=\"og:description\" content=\"Queridas novias!!! Un a\u00f1o m\u00e1s ha concluido la pasarela de Cibeles con un gran \u00e9xito de p\u00fablico. Un d\u00eda antes de finalizar, tuvo lugar la entrega del premio L&#8217;Oreal, que con la &#8216;top&#8217; internacional Almudena Fern\u00e1ndez como maestra de ceremonias y Cuca Solana, directora de Cibeles Madrid Fashion Week como acompa\u00f1anante de lujo, elige a [&hellip;]\" \/>\n<meta property=\"og:url\" content=\"http:\/\/noviasespana.com\/noviasbaleares\/entregado-el-precio-loreal-2010\/\" \/>\n<meta property=\"og:site_name\" content=\"Novias Baleares\" \/>\n<meta property=\"article:published_time\" content=\"2010-09-24T09:05:20+00:00\" \/>\n<meta property=\"og:image\" content=\"http:\/\/www.diariodeunanovia.com\/blog\/wp-content\/uploads\/sites\/5\/2010\/09\/alazne.jpg\" \/>\n<meta name=\"author\" content=\"admin\" \/>\n<meta name=\"twitter:label1\" content=\"Escrito por\" \/>\n\t<meta name=\"twitter:data1\" content=\"admin\" \/>\n\t<meta name=\"twitter:label2\" content=\"Tiempo de lectura\" \/>\n\t<meta name=\"twitter:data2\" content=\"1 minuto\" \/>\n<script type=\"application\/ld+json\" class=\"yoast-schema-graph\">{\"@context\":\"https:\\\/\\\/schema.org\",\"@graph\":[{\"@type\":\"Article\",\"@id\":\"http:\\\/\\\/noviasespana.com\\\/noviasbaleares\\\/entregado-el-precio-loreal-2010\\\/#article\",\"isPartOf\":{\"@id\":\"http:\\\/\\\/noviasespana.com\\\/noviasbaleares\\\/entregado-el-precio-loreal-2010\\\/\"},\"author\":{\"name\":\"admin\",\"@id\":\"http:\\\/\\\/noviasespana.com\\\/noviasbaleares\\\/#\\\/schema\\\/person\\\/82ff6e303fad28e4da623aa4d27969ed\"},\"headline\":\"Entregado el premio L&#8217;Oreal 2010\",\"datePublished\":\"2010-09-24T09:05:20+00:00\",\"mainEntityOfPage\":{\"@id\":\"http:\\\/\\\/noviasespana.com\\\/noviasbaleares\\\/entregado-el-precio-loreal-2010\\\/\"},\"wordCount\":273,\"commentCount\":0,\"image\":{\"@id\":\"http:\\\/\\\/noviasespana.com\\\/noviasbaleares\\\/entregado-el-precio-loreal-2010\\\/#primaryimage\"},\"thumbnailUrl\":\"http:\\\/\\\/www.diariodeunanovia.com\\\/blog\\\/wp-content\\\/uploads\\\/sites\\\/5\\\/2010\\\/09\\\/alazne.jpg\",\"articleSection\":[\"novias\"],\"inLanguage\":\"es\",\"potentialAction\":[{\"@type\":\"CommentAction\",\"name\":\"Comment\",\"target\":[\"http:\\\/\\\/noviasespana.com\\\/noviasbaleares\\\/entregado-el-precio-loreal-2010\\\/#respond\"]}]},{\"@type\":\"WebPage\",\"@id\":\"http:\\\/\\\/noviasespana.com\\\/noviasbaleares\\\/entregado-el-precio-loreal-2010\\\/\",\"url\":\"http:\\\/\\\/noviasespana.com\\\/noviasbaleares\\\/entregado-el-precio-loreal-2010\\\/\",\"name\":\"Entregado el premio L'Oreal 2010 - Novias Baleares\",\"isPartOf\":{\"@id\":\"http:\\\/\\\/noviasespana.com\\\/noviasbaleares\\\/#website\"},\"primaryImageOfPage\":{\"@id\":\"http:\\\/\\\/noviasespana.com\\\/noviasbaleares\\\/entregado-el-precio-loreal-2010\\\/#primaryimage\"},\"image\":{\"@id\":\"http:\\\/\\\/noviasespana.com\\\/noviasbaleares\\\/entregado-el-precio-loreal-2010\\\/#primaryimage\"},\"thumbnailUrl\":\"http:\\\/\\\/www.diariodeunanovia.com\\\/blog\\\/wp-content\\\/uploads\\\/sites\\\/5\\\/2010\\\/09\\\/alazne.jpg\",\"datePublished\":\"2010-09-24T09:05:20+00:00\",\"author\":{\"@id\":\"http:\\\/\\\/noviasespana.com\\\/noviasbaleares\\\/#\\\/schema\\\/person\\\/82ff6e303fad28e4da623aa4d27969ed\"},\"breadcrumb\":{\"@id\":\"http:\\\/\\\/noviasespana.com\\\/noviasbaleares\\\/entregado-el-precio-loreal-2010\\\/#breadcrumb\"},\"inLanguage\":\"es\",\"potentialAction\":[{\"@type\":\"ReadAction\",\"target\":[\"http:\\\/\\\/noviasespana.com\\\/noviasbaleares\\\/entregado-el-precio-loreal-2010\\\/\"]}]},{\"@type\":\"ImageObject\",\"inLanguage\":\"es\",\"@id\":\"http:\\\/\\\/noviasespana.com\\\/noviasbaleares\\\/entregado-el-precio-loreal-2010\\\/#primaryimage\",\"url\":\"http:\\\/\\\/www.diariodeunanovia.com\\\/blog\\\/wp-content\\\/uploads\\\/sites\\\/5\\\/2010\\\/09\\\/alazne.jpg\",\"contentUrl\":\"http:\\\/\\\/www.diariodeunanovia.com\\\/blog\\\/wp-content\\\/uploads\\\/sites\\\/5\\\/2010\\\/09\\\/alazne.jpg\"},{\"@type\":\"BreadcrumbList\",\"@id\":\"http:\\\/\\\/noviasespana.com\\\/noviasbaleares\\\/entregado-el-precio-loreal-2010\\\/#breadcrumb\",\"itemListElement\":[{\"@type\":\"ListItem\",\"position\":1,\"name\":\"Portada\",\"item\":\"http:\\\/\\\/noviasespana.com\\\/noviasbaleares\\\/\"},{\"@type\":\"ListItem\",\"position\":2,\"name\":\"Entregado el premio L&#8217;Oreal 2010\"}]},{\"@type\":\"WebSite\",\"@id\":\"http:\\\/\\\/noviasespana.com\\\/noviasbaleares\\\/#website\",\"url\":\"http:\\\/\\\/noviasespana.com\\\/noviasbaleares\\\/\",\"name\":\"Novias Baleares\",\"description\":\"Revista de novias\",\"potentialAction\":[{\"@type\":\"SearchAction\",\"target\":{\"@type\":\"EntryPoint\",\"urlTemplate\":\"http:\\\/\\\/noviasespana.com\\\/noviasbaleares\\\/?s={search_term_string}\"},\"query-input\":{\"@type\":\"PropertyValueSpecification\",\"valueRequired\":true,\"valueName\":\"search_term_string\"}}],\"inLanguage\":\"es\"},{\"@type\":\"Person\",\"@id\":\"http:\\\/\\\/noviasespana.com\\\/noviasbaleares\\\/#\\\/schema\\\/person\\\/82ff6e303fad28e4da623aa4d27969ed\",\"name\":\"admin\",\"image\":{\"@type\":\"ImageObject\",\"inLanguage\":\"es\",\"@id\":\"https:\\\/\\\/secure.gravatar.com\\\/avatar\\\/0f45231fddfb43fcbd0cdde4582a3580baf474d75fca7d494b42ff86847de871?s=96&d=mm&r=g\",\"url\":\"https:\\\/\\\/secure.gravatar.com\\\/avatar\\\/0f45231fddfb43fcbd0cdde4582a3580baf474d75fca7d494b42ff86847de871?s=96&d=mm&r=g\",\"contentUrl\":\"https:\\\/\\\/secure.gravatar.com\\\/avatar\\\/0f45231fddfb43fcbd0cdde4582a3580baf474d75fca7d494b42ff86847de871?s=96&d=mm&r=g\",\"caption\":\"admin\"},\"url\":\"http:\\\/\\\/noviasespana.com\\\/noviasbaleares\\\/author\\\/admin\\\/\"}]}<\/script>\n<!-- \/ Yoast SEO plugin. -->","yoast_head_json":{"title":"Entregado el premio L'Oreal 2010 - Novias Baleares","robots":{"index":"index","follow":"follow","max-snippet":"max-snippet:-1","max-image-preview":"max-image-preview:large","max-video-preview":"max-video-preview:-1"},"canonical":"http:\/\/noviasespana.com\/noviasbaleares\/entregado-el-precio-loreal-2010\/","og_locale":"es_ES","og_type":"article","og_title":"Entregado el premio L'Oreal 2010 - Novias Baleares","og_description":"Queridas novias!!! Un a\u00f1o m\u00e1s ha concluido la pasarela de Cibeles con un gran \u00e9xito de p\u00fablico. Un d\u00eda antes de finalizar, tuvo lugar la entrega del premio L&#8217;Oreal, que con la &#8216;top&#8217; internacional Almudena Fern\u00e1ndez como maestra de ceremonias y Cuca Solana, directora de Cibeles Madrid Fashion Week como acompa\u00f1anante de lujo, elige a [&hellip;]","og_url":"http:\/\/noviasespana.com\/noviasbaleares\/entregado-el-precio-loreal-2010\/","og_site_name":"Novias Baleares","article_published_time":"2010-09-24T09:05:20+00:00","og_image":[{"url":"http:\/\/www.diariodeunanovia.com\/blog\/wp-content\/uploads\/sites\/5\/2010\/09\/alazne.jpg","type":"","width":"","height":""}],"author":"admin","twitter_misc":{"Escrito por":"admin","Tiempo de lectura":"1 minuto"},"schema":{"@context":"https:\/\/schema.org","@graph":[{"@type":"Article","@id":"http:\/\/noviasespana.com\/noviasbaleares\/entregado-el-precio-loreal-2010\/#article","isPartOf":{"@id":"http:\/\/noviasespana.com\/noviasbaleares\/entregado-el-precio-loreal-2010\/"},"author":{"name":"admin","@id":"http:\/\/noviasespana.com\/noviasbaleares\/#\/schema\/person\/82ff6e303fad28e4da623aa4d27969ed"},"headline":"Entregado el premio L&#8217;Oreal 2010","datePublished":"2010-09-24T09:05:20+00:00","mainEntityOfPage":{"@id":"http:\/\/noviasespana.com\/noviasbaleares\/entregado-el-precio-loreal-2010\/"},"wordCount":273,"commentCount":0,"image":{"@id":"http:\/\/noviasespana.com\/noviasbaleares\/entregado-el-precio-loreal-2010\/#primaryimage"},"thumbnailUrl":"http:\/\/www.diariodeunanovia.com\/blog\/wp-content\/uploads\/sites\/5\/2010\/09\/alazne.jpg","articleSection":["novias"],"inLanguage":"es","potentialAction":[{"@type":"CommentAction","name":"Comment","target":["http:\/\/noviasespana.com\/noviasbaleares\/entregado-el-precio-loreal-2010\/#respond"]}]},{"@type":"WebPage","@id":"http:\/\/noviasespana.com\/noviasbaleares\/entregado-el-precio-loreal-2010\/","url":"http:\/\/noviasespana.com\/noviasbaleares\/entregado-el-precio-loreal-2010\/","name":"Entregado el premio L'Oreal 2010 - Novias Baleares","isPartOf":{"@id":"http:\/\/noviasespana.com\/noviasbaleares\/#website"},"primaryImageOfPage":{"@id":"http:\/\/noviasespana.com\/noviasbaleares\/entregado-el-precio-loreal-2010\/#primaryimage"},"image":{"@id":"http:\/\/noviasespana.com\/noviasbaleares\/entregado-el-precio-loreal-2010\/#primaryimage"},"thumbnailUrl":"http:\/\/www.diariodeunanovia.com\/blog\/wp-content\/uploads\/sites\/5\/2010\/09\/alazne.jpg","datePublished":"2010-09-24T09:05:20+00:00","author":{"@id":"http:\/\/noviasespana.com\/noviasbaleares\/#\/schema\/person\/82ff6e303fad28e4da623aa4d27969ed"},"breadcrumb":{"@id":"http:\/\/noviasespana.com\/noviasbaleares\/entregado-el-precio-loreal-2010\/#breadcrumb"},"inLanguage":"es","potentialAction":[{"@type":"ReadAction","target":["http:\/\/noviasespana.com\/noviasbaleares\/entregado-el-precio-loreal-2010\/"]}]},{"@type":"ImageObject","inLanguage":"es","@id":"http:\/\/noviasespana.com\/noviasbaleares\/entregado-el-precio-loreal-2010\/#primaryimage","url":"http:\/\/www.diariodeunanovia.com\/blog\/wp-content\/uploads\/sites\/5\/2010\/09\/alazne.jpg","contentUrl":"http:\/\/www.diariodeunanovia.com\/blog\/wp-content\/uploads\/sites\/5\/2010\/09\/alazne.jpg"},{"@type":"BreadcrumbList","@id":"http:\/\/noviasespana.com\/noviasbaleares\/entregado-el-precio-loreal-2010\/#breadcrumb","itemListElement":[{"@type":"ListItem","position":1,"name":"Portada","item":"http:\/\/noviasespana.com\/noviasbaleares\/"},{"@type":"ListItem","position":2,"name":"Entregado el premio L&#8217;Oreal 2010"}]},{"@type":"WebSite","@id":"http:\/\/noviasespana.com\/noviasbaleares\/#website","url":"http:\/\/noviasespana.com\/noviasbaleares\/","name":"Novias Baleares","description":"Revista de novias","potentialAction":[{"@type":"SearchAction","target":{"@type":"EntryPoint","urlTemplate":"http:\/\/noviasespana.com\/noviasbaleares\/?s={search_term_string}"},"query-input":{"@type":"PropertyValueSpecification","valueRequired":true,"valueName":"search_term_string"}}],"inLanguage":"es"},{"@type":"Person","@id":"http:\/\/noviasespana.com\/noviasbaleares\/#\/schema\/person\/82ff6e303fad28e4da623aa4d27969ed","name":"admin","image":{"@type":"ImageObject","inLanguage":"es","@id":"https:\/\/secure.gravatar.com\/avatar\/0f45231fddfb43fcbd0cdde4582a3580baf474d75fca7d494b42ff86847de871?s=96&d=mm&r=g","url":"https:\/\/secure.gravatar.com\/avatar\/0f45231fddfb43fcbd0cdde4582a3580baf474d75fca7d494b42ff86847de871?s=96&d=mm&r=g","contentUrl":"https:\/\/secure.gravatar.com\/avatar\/0f45231fddfb43fcbd0cdde4582a3580baf474d75fca7d494b42ff86847de871?s=96&d=mm&r=g","caption":"admin"},"url":"http:\/\/noviasespana.com\/noviasbaleares\/author\/admin\/"}]}},"jetpack_featured_media_url":"","jetpack_sharing_enabled":true,"jetpack_shortlink":"https:\/\/wp.me\/p5Hg6P-yB","jetpack_likes_enabled":true,"_links":{"self":[{"href":"http:\/\/noviasespana.com\/noviasbaleares\/wp-json\/wp\/v2\/posts\/2145","targetHints":{"allow":["GET"]}}],"collection":[{"href":"http:\/\/noviasespana.com\/noviasbaleares\/wp-json\/wp\/v2\/posts"}],"about":[{"href":"http:\/\/noviasespana.com\/noviasbaleares\/wp-json\/wp\/v2\/types\/post"}],"author":[{"embeddable":true,"href":"http:\/\/noviasespana.com\/noviasbaleares\/wp-json\/wp\/v2\/users\/2"}],"replies":[{"embeddable":true,"href":"http:\/\/noviasespana.com\/noviasbaleares\/wp-json\/wp\/v2\/comments?post=2145"}],"version-history":[{"count":0,"href":"http:\/\/noviasespana.com\/noviasbaleares\/wp-json\/wp\/v2\/posts\/2145\/revisions"}],"wp:attachment":[{"href":"http:\/\/noviasespana.com\/noviasbaleares\/wp-json\/wp\/v2\/media?parent=2145"}],"wp:term":[{"taxonomy":"category","embeddable":true,"href":"http:\/\/noviasespana.com\/noviasbaleares\/wp-json\/wp\/v2\/categories?post=2145"},{"taxonomy":"post_tag","embeddable":true,"href":"http:\/\/noviasespana.com\/noviasbaleares\/wp-json\/wp\/v2\/tags?post=2145"}],"curies":[{"name":"wp","href":"https:\/\/api.w.org\/{rel}","templated":true}]}}