{"id":2079,"date":"2010-09-10T17:20:31","date_gmt":"2010-09-10T15:20:31","guid":{"rendered":"http:\/\/www.diariodeunanovia.com\/blog\/?p=2079"},"modified":"2010-09-10T17:20:31","modified_gmt":"2010-09-10T15:20:31","slug":"casate-con-d2-estilistas","status":"publish","type":"post","link":"http:\/\/noviasespana.com\/noviasbaleares\/casate-con-d2-estilistas\/","title":{"rendered":"C\u00e1sate con D2 estilistas"},"content":{"rendered":"<p>Cuenta con D2 para tus ocasiones especiales. En el d\u00eda de tu boda, <strong>la peluquer\u00eda D2 hace que brilles con luz propia<\/strong>. Deja que D2 destaque lo mejor de ti. Tenemos servicios especiales para novias, madrinas, invitados a bodas, bautizos, comuniones. Recuerda que siempre aplicamos la misma filosof\u00eda de trabajo ajust\u00e1ndonos a tus propios gustos, desde looks tradicionales hasta quien busca ese d\u00eda destacar por la exclusividad. Esta es la esencia D2: un mundo apasionadamente enamorado de la belleza, la moda y la propia vida. Somos portadoras de las alas del cambio, creyentes de una visi\u00f3n que va m\u00e1s all\u00e1 de la belleza, comprometidas en lo social y defensoras de la innovaci\u00f3n, sencillez e individualidad. Sal de tu mundo e introd\u00facete en un mundo en el que en \u00faltima instancia te ve como t\u00fa eres realmente.\u00a0 Como novedad para esta temporada, ofrecemos un servicio exclusivo: <strong>D2 Party<\/strong>. Si quieres hacer algo diferente en la despedida de soltera, s\u00f3lo tienes que buscar a 10 amigas y venir a D2. Disfrutar\u00e1s de una tarde en la que el sal\u00f3n de peluquer\u00eda se cierra s\u00f3lo para vosotras y nuestro personal se encargar\u00e1 de poneros guapas y de que pas\u00e9is un rato con mucho glamour. Nosotros nos encargamos de todo.\u00a0 Entra en <a href=\"http:\/\/www.peluqueriad2.es\">www.peluqueriad2.es<\/a> o ll\u00e1manos a cualquiera de nuestros tres salones\u00a0de Vitoria\u00a0para reservar tu cita.<\/p>\n<p>\u00a0<\/p>\n<p style=\"text-align: center\"><img data-recalc-dims=\"1\" loading=\"lazy\" decoding=\"async\" class=\"aligncenter size-full wp-image-2094\" title=\"D2ESTILISTAS PARTY\" src=\"https:\/\/i0.wp.com\/www.diariodeunanovia.com\/blog\/wp-content\/uploads\/sites\/5\/2010\/09\/D2ESTILISTAS-PARTY.gif?resize=433%2C261\" alt=\"D2ESTILISTAS PARTY\" width=\"433\" height=\"261\" \/><\/p>\n","protected":false},"excerpt":{"rendered":"<p>Cuenta con D2 para tus ocasiones especiales. En el d\u00eda de tu boda, la peluquer\u00eda D2 hace que brilles con luz propia. Deja que D2 destaque lo mejor de ti. Tenemos servicios especiales para novias, madrinas, invitados a bodas, bautizos, comuniones. Recuerda que siempre aplicamos la misma filosof\u00eda de trabajo ajust\u00e1ndonos a tus propios gustos, [&hellip;]<\/p>\n","protected":false},"author":4,"featured_media":0,"comment_status":"open","ping_status":"open","sticky":false,"template":"","format":"standard","meta":{"jetpack_post_was_ever_published":false,"_jetpack_newsletter_access":"","_jetpack_dont_email_post_to_subs":false,"_jetpack_newsletter_tier_id":0,"_jetpack_memberships_contains_paywalled_content":false,"_jetpack_memberships_contains_paid_content":false,"footnotes":""},"categories":[1],"tags":[],"class_list":["post-2079","post","type-post","status-publish","format-standard","hentry","category-novias"],"yoast_head":"<!-- This site is optimized with the Yoast SEO plugin v27.5 - https:\/\/yoast.com\/product\/yoast-seo-wordpress\/ -->\n<title>C\u00e1sate con D2 estilistas - Novias Baleares<\/title>\n<meta name=\"robots\" content=\"index, follow, max-snippet:-1, max-image-preview:large, max-video-preview:-1\" \/>\n<link rel=\"canonical\" href=\"http:\/\/noviasespana.com\/noviasbaleares\/casate-con-d2-estilistas\/\" \/>\n<meta property=\"og:locale\" content=\"es_ES\" \/>\n<meta property=\"og:type\" content=\"article\" \/>\n<meta property=\"og:title\" content=\"C\u00e1sate con D2 estilistas - Novias Baleares\" \/>\n<meta property=\"og:description\" content=\"Cuenta con D2 para tus ocasiones especiales. En el d\u00eda de tu boda, la peluquer\u00eda D2 hace que brilles con luz propia. Deja que D2 destaque lo mejor de ti. Tenemos servicios especiales para novias, madrinas, invitados a bodas, bautizos, comuniones. Recuerda que siempre aplicamos la misma filosof\u00eda de trabajo ajust\u00e1ndonos a tus propios gustos, [&hellip;]\" \/>\n<meta property=\"og:url\" content=\"http:\/\/noviasespana.com\/noviasbaleares\/casate-con-d2-estilistas\/\" \/>\n<meta property=\"og:site_name\" content=\"Novias Baleares\" \/>\n<meta property=\"article:published_time\" content=\"2010-09-10T15:20:31+00:00\" \/>\n<meta property=\"og:image\" content=\"http:\/\/www.diariodeunanovia.com\/blog\/wp-content\/uploads\/sites\/5\/2010\/09\/D2ESTILISTAS-PARTY.gif\" \/>\n<meta name=\"author\" content=\"Pilar Perosanz\" \/>\n<meta name=\"twitter:label1\" content=\"Escrito por\" \/>\n\t<meta name=\"twitter:data1\" content=\"Pilar Perosanz\" \/>\n\t<meta name=\"twitter:label2\" content=\"Tiempo de lectura\" \/>\n\t<meta name=\"twitter:data2\" content=\"1 minuto\" \/>\n<script type=\"application\/ld+json\" class=\"yoast-schema-graph\">{\"@context\":\"https:\\\/\\\/schema.org\",\"@graph\":[{\"@type\":\"Article\",\"@id\":\"http:\\\/\\\/noviasespana.com\\\/noviasbaleares\\\/casate-con-d2-estilistas\\\/#article\",\"isPartOf\":{\"@id\":\"http:\\\/\\\/noviasespana.com\\\/noviasbaleares\\\/casate-con-d2-estilistas\\\/\"},\"author\":{\"name\":\"Pilar Perosanz\",\"@id\":\"http:\\\/\\\/noviasespana.com\\\/noviasbaleares\\\/#\\\/schema\\\/person\\\/0b1c774eb803dc07cabaa1ba623a2189\"},\"headline\":\"C\u00e1sate con D2 estilistas\",\"datePublished\":\"2010-09-10T15:20:31+00:00\",\"mainEntityOfPage\":{\"@id\":\"http:\\\/\\\/noviasespana.com\\\/noviasbaleares\\\/casate-con-d2-estilistas\\\/\"},\"wordCount\":245,\"commentCount\":0,\"image\":{\"@id\":\"http:\\\/\\\/noviasespana.com\\\/noviasbaleares\\\/casate-con-d2-estilistas\\\/#primaryimage\"},\"thumbnailUrl\":\"http:\\\/\\\/www.diariodeunanovia.com\\\/blog\\\/wp-content\\\/uploads\\\/sites\\\/5\\\/2010\\\/09\\\/D2ESTILISTAS-PARTY.gif\",\"articleSection\":[\"novias\"],\"inLanguage\":\"es\",\"potentialAction\":[{\"@type\":\"CommentAction\",\"name\":\"Comment\",\"target\":[\"http:\\\/\\\/noviasespana.com\\\/noviasbaleares\\\/casate-con-d2-estilistas\\\/#respond\"]}]},{\"@type\":\"WebPage\",\"@id\":\"http:\\\/\\\/noviasespana.com\\\/noviasbaleares\\\/casate-con-d2-estilistas\\\/\",\"url\":\"http:\\\/\\\/noviasespana.com\\\/noviasbaleares\\\/casate-con-d2-estilistas\\\/\",\"name\":\"C\u00e1sate con D2 estilistas - Novias Baleares\",\"isPartOf\":{\"@id\":\"http:\\\/\\\/noviasespana.com\\\/noviasbaleares\\\/#website\"},\"primaryImageOfPage\":{\"@id\":\"http:\\\/\\\/noviasespana.com\\\/noviasbaleares\\\/casate-con-d2-estilistas\\\/#primaryimage\"},\"image\":{\"@id\":\"http:\\\/\\\/noviasespana.com\\\/noviasbaleares\\\/casate-con-d2-estilistas\\\/#primaryimage\"},\"thumbnailUrl\":\"http:\\\/\\\/www.diariodeunanovia.com\\\/blog\\\/wp-content\\\/uploads\\\/sites\\\/5\\\/2010\\\/09\\\/D2ESTILISTAS-PARTY.gif\",\"datePublished\":\"2010-09-10T15:20:31+00:00\",\"author\":{\"@id\":\"http:\\\/\\\/noviasespana.com\\\/noviasbaleares\\\/#\\\/schema\\\/person\\\/0b1c774eb803dc07cabaa1ba623a2189\"},\"breadcrumb\":{\"@id\":\"http:\\\/\\\/noviasespana.com\\\/noviasbaleares\\\/casate-con-d2-estilistas\\\/#breadcrumb\"},\"inLanguage\":\"es\",\"potentialAction\":[{\"@type\":\"ReadAction\",\"target\":[\"http:\\\/\\\/noviasespana.com\\\/noviasbaleares\\\/casate-con-d2-estilistas\\\/\"]}]},{\"@type\":\"ImageObject\",\"inLanguage\":\"es\",\"@id\":\"http:\\\/\\\/noviasespana.com\\\/noviasbaleares\\\/casate-con-d2-estilistas\\\/#primaryimage\",\"url\":\"http:\\\/\\\/www.diariodeunanovia.com\\\/blog\\\/wp-content\\\/uploads\\\/sites\\\/5\\\/2010\\\/09\\\/D2ESTILISTAS-PARTY.gif\",\"contentUrl\":\"http:\\\/\\\/www.diariodeunanovia.com\\\/blog\\\/wp-content\\\/uploads\\\/sites\\\/5\\\/2010\\\/09\\\/D2ESTILISTAS-PARTY.gif\"},{\"@type\":\"BreadcrumbList\",\"@id\":\"http:\\\/\\\/noviasespana.com\\\/noviasbaleares\\\/casate-con-d2-estilistas\\\/#breadcrumb\",\"itemListElement\":[{\"@type\":\"ListItem\",\"position\":1,\"name\":\"Portada\",\"item\":\"http:\\\/\\\/noviasespana.com\\\/noviasbaleares\\\/\"},{\"@type\":\"ListItem\",\"position\":2,\"name\":\"C\u00e1sate con D2 estilistas\"}]},{\"@type\":\"WebSite\",\"@id\":\"http:\\\/\\\/noviasespana.com\\\/noviasbaleares\\\/#website\",\"url\":\"http:\\\/\\\/noviasespana.com\\\/noviasbaleares\\\/\",\"name\":\"Novias Baleares\",\"description\":\"Revista de novias\",\"potentialAction\":[{\"@type\":\"SearchAction\",\"target\":{\"@type\":\"EntryPoint\",\"urlTemplate\":\"http:\\\/\\\/noviasespana.com\\\/noviasbaleares\\\/?s={search_term_string}\"},\"query-input\":{\"@type\":\"PropertyValueSpecification\",\"valueRequired\":true,\"valueName\":\"search_term_string\"}}],\"inLanguage\":\"es\"},{\"@type\":\"Person\",\"@id\":\"http:\\\/\\\/noviasespana.com\\\/noviasbaleares\\\/#\\\/schema\\\/person\\\/0b1c774eb803dc07cabaa1ba623a2189\",\"name\":\"Pilar Perosanz\",\"image\":{\"@type\":\"ImageObject\",\"inLanguage\":\"es\",\"@id\":\"https:\\\/\\\/secure.gravatar.com\\\/avatar\\\/5f89b89cee696f36efb82c284bbc1518b83b807f1e68366037e8221287a0831b?s=96&d=mm&r=g\",\"url\":\"https:\\\/\\\/secure.gravatar.com\\\/avatar\\\/5f89b89cee696f36efb82c284bbc1518b83b807f1e68366037e8221287a0831b?s=96&d=mm&r=g\",\"contentUrl\":\"https:\\\/\\\/secure.gravatar.com\\\/avatar\\\/5f89b89cee696f36efb82c284bbc1518b83b807f1e68366037e8221287a0831b?s=96&d=mm&r=g\",\"caption\":\"Pilar Perosanz\"},\"url\":\"http:\\\/\\\/noviasespana.com\\\/noviasbaleares\\\/author\\\/pilar\\\/\"}]}<\/script>\n<!-- \/ Yoast SEO plugin. -->","yoast_head_json":{"title":"C\u00e1sate con D2 estilistas - Novias Baleares","robots":{"index":"index","follow":"follow","max-snippet":"max-snippet:-1","max-image-preview":"max-image-preview:large","max-video-preview":"max-video-preview:-1"},"canonical":"http:\/\/noviasespana.com\/noviasbaleares\/casate-con-d2-estilistas\/","og_locale":"es_ES","og_type":"article","og_title":"C\u00e1sate con D2 estilistas - Novias Baleares","og_description":"Cuenta con D2 para tus ocasiones especiales. En el d\u00eda de tu boda, la peluquer\u00eda D2 hace que brilles con luz propia. Deja que D2 destaque lo mejor de ti. Tenemos servicios especiales para novias, madrinas, invitados a bodas, bautizos, comuniones. Recuerda que siempre aplicamos la misma filosof\u00eda de trabajo ajust\u00e1ndonos a tus propios gustos, [&hellip;]","og_url":"http:\/\/noviasespana.com\/noviasbaleares\/casate-con-d2-estilistas\/","og_site_name":"Novias Baleares","article_published_time":"2010-09-10T15:20:31+00:00","og_image":[{"url":"http:\/\/www.diariodeunanovia.com\/blog\/wp-content\/uploads\/sites\/5\/2010\/09\/D2ESTILISTAS-PARTY.gif","type":"","width":"","height":""}],"author":"Pilar Perosanz","twitter_misc":{"Escrito por":"Pilar Perosanz","Tiempo de lectura":"1 minuto"},"schema":{"@context":"https:\/\/schema.org","@graph":[{"@type":"Article","@id":"http:\/\/noviasespana.com\/noviasbaleares\/casate-con-d2-estilistas\/#article","isPartOf":{"@id":"http:\/\/noviasespana.com\/noviasbaleares\/casate-con-d2-estilistas\/"},"author":{"name":"Pilar Perosanz","@id":"http:\/\/noviasespana.com\/noviasbaleares\/#\/schema\/person\/0b1c774eb803dc07cabaa1ba623a2189"},"headline":"C\u00e1sate con D2 estilistas","datePublished":"2010-09-10T15:20:31+00:00","mainEntityOfPage":{"@id":"http:\/\/noviasespana.com\/noviasbaleares\/casate-con-d2-estilistas\/"},"wordCount":245,"commentCount":0,"image":{"@id":"http:\/\/noviasespana.com\/noviasbaleares\/casate-con-d2-estilistas\/#primaryimage"},"thumbnailUrl":"http:\/\/www.diariodeunanovia.com\/blog\/wp-content\/uploads\/sites\/5\/2010\/09\/D2ESTILISTAS-PARTY.gif","articleSection":["novias"],"inLanguage":"es","potentialAction":[{"@type":"CommentAction","name":"Comment","target":["http:\/\/noviasespana.com\/noviasbaleares\/casate-con-d2-estilistas\/#respond"]}]},{"@type":"WebPage","@id":"http:\/\/noviasespana.com\/noviasbaleares\/casate-con-d2-estilistas\/","url":"http:\/\/noviasespana.com\/noviasbaleares\/casate-con-d2-estilistas\/","name":"C\u00e1sate con D2 estilistas - Novias Baleares","isPartOf":{"@id":"http:\/\/noviasespana.com\/noviasbaleares\/#website"},"primaryImageOfPage":{"@id":"http:\/\/noviasespana.com\/noviasbaleares\/casate-con-d2-estilistas\/#primaryimage"},"image":{"@id":"http:\/\/noviasespana.com\/noviasbaleares\/casate-con-d2-estilistas\/#primaryimage"},"thumbnailUrl":"http:\/\/www.diariodeunanovia.com\/blog\/wp-content\/uploads\/sites\/5\/2010\/09\/D2ESTILISTAS-PARTY.gif","datePublished":"2010-09-10T15:20:31+00:00","author":{"@id":"http:\/\/noviasespana.com\/noviasbaleares\/#\/schema\/person\/0b1c774eb803dc07cabaa1ba623a2189"},"breadcrumb":{"@id":"http:\/\/noviasespana.com\/noviasbaleares\/casate-con-d2-estilistas\/#breadcrumb"},"inLanguage":"es","potentialAction":[{"@type":"ReadAction","target":["http:\/\/noviasespana.com\/noviasbaleares\/casate-con-d2-estilistas\/"]}]},{"@type":"ImageObject","inLanguage":"es","@id":"http:\/\/noviasespana.com\/noviasbaleares\/casate-con-d2-estilistas\/#primaryimage","url":"http:\/\/www.diariodeunanovia.com\/blog\/wp-content\/uploads\/sites\/5\/2010\/09\/D2ESTILISTAS-PARTY.gif","contentUrl":"http:\/\/www.diariodeunanovia.com\/blog\/wp-content\/uploads\/sites\/5\/2010\/09\/D2ESTILISTAS-PARTY.gif"},{"@type":"BreadcrumbList","@id":"http:\/\/noviasespana.com\/noviasbaleares\/casate-con-d2-estilistas\/#breadcrumb","itemListElement":[{"@type":"ListItem","position":1,"name":"Portada","item":"http:\/\/noviasespana.com\/noviasbaleares\/"},{"@type":"ListItem","position":2,"name":"C\u00e1sate con D2 estilistas"}]},{"@type":"WebSite","@id":"http:\/\/noviasespana.com\/noviasbaleares\/#website","url":"http:\/\/noviasespana.com\/noviasbaleares\/","name":"Novias Baleares","description":"Revista de novias","potentialAction":[{"@type":"SearchAction","target":{"@type":"EntryPoint","urlTemplate":"http:\/\/noviasespana.com\/noviasbaleares\/?s={search_term_string}"},"query-input":{"@type":"PropertyValueSpecification","valueRequired":true,"valueName":"search_term_string"}}],"inLanguage":"es"},{"@type":"Person","@id":"http:\/\/noviasespana.com\/noviasbaleares\/#\/schema\/person\/0b1c774eb803dc07cabaa1ba623a2189","name":"Pilar Perosanz","image":{"@type":"ImageObject","inLanguage":"es","@id":"https:\/\/secure.gravatar.com\/avatar\/5f89b89cee696f36efb82c284bbc1518b83b807f1e68366037e8221287a0831b?s=96&d=mm&r=g","url":"https:\/\/secure.gravatar.com\/avatar\/5f89b89cee696f36efb82c284bbc1518b83b807f1e68366037e8221287a0831b?s=96&d=mm&r=g","contentUrl":"https:\/\/secure.gravatar.com\/avatar\/5f89b89cee696f36efb82c284bbc1518b83b807f1e68366037e8221287a0831b?s=96&d=mm&r=g","caption":"Pilar Perosanz"},"url":"http:\/\/noviasespana.com\/noviasbaleares\/author\/pilar\/"}]}},"jetpack_featured_media_url":"","jetpack_sharing_enabled":true,"jetpack_shortlink":"https:\/\/wp.me\/p5Hg6P-xx","jetpack_likes_enabled":true,"_links":{"self":[{"href":"http:\/\/noviasespana.com\/noviasbaleares\/wp-json\/wp\/v2\/posts\/2079","targetHints":{"allow":["GET"]}}],"collection":[{"href":"http:\/\/noviasespana.com\/noviasbaleares\/wp-json\/wp\/v2\/posts"}],"about":[{"href":"http:\/\/noviasespana.com\/noviasbaleares\/wp-json\/wp\/v2\/types\/post"}],"author":[{"embeddable":true,"href":"http:\/\/noviasespana.com\/noviasbaleares\/wp-json\/wp\/v2\/users\/4"}],"replies":[{"embeddable":true,"href":"http:\/\/noviasespana.com\/noviasbaleares\/wp-json\/wp\/v2\/comments?post=2079"}],"version-history":[{"count":0,"href":"http:\/\/noviasespana.com\/noviasbaleares\/wp-json\/wp\/v2\/posts\/2079\/revisions"}],"wp:attachment":[{"href":"http:\/\/noviasespana.com\/noviasbaleares\/wp-json\/wp\/v2\/media?parent=2079"}],"wp:term":[{"taxonomy":"category","embeddable":true,"href":"http:\/\/noviasespana.com\/noviasbaleares\/wp-json\/wp\/v2\/categories?post=2079"},{"taxonomy":"post_tag","embeddable":true,"href":"http:\/\/noviasespana.com\/noviasbaleares\/wp-json\/wp\/v2\/tags?post=2079"}],"curies":[{"name":"wp","href":"https:\/\/api.w.org\/{rel}","templated":true}]}}