{"id":2013,"date":"2010-08-27T04:09:48","date_gmt":"2010-08-27T02:09:48","guid":{"rendered":"http:\/\/www.diariodeunanovia.com\/blog\/?p=2013"},"modified":"2010-08-27T04:09:48","modified_gmt":"2010-08-27T02:09:48","slug":"julio-y-miranda-se-casan","status":"publish","type":"post","link":"http:\/\/noviasespana.com\/noviasbaleares\/julio-y-miranda-se-casan\/","title":{"rendered":"Julio y Miranda se casan"},"content":{"rendered":"<p>Tras m\u00e1s de veinte a\u00f1os de relaci\u00f3n y cinco hijos en com\u00fan, Julio Iglesias y Miranda Rijnsburger se dieron el &#8216;s\u00ed, quiero&#8217; en la  parroquia Virgen del Carmen de Marbella el pasado 24 de agosto en una ceremonia \u00edntima a la que solo acudieron sus cinco hijos y dos testigos, seg\u00fan un comunicado enviado por el artista.<\/p>\n<p>\u00abLa ceremonia fue celebrada por el padre Luis de Lezema, asistido por los padres  Juan Mari Laboa y Roberto Rojo. Horas despu\u00e9s, tuvo lugar una misa de acci\u00f3n de gracias, en la capilla de la finca de la familia\u00bb, concluye el comunicado.<\/p>\n<p>Durante estos veinte a\u00f1os que ya dura su amor, la pareja ha tenido  cinco hijos, Miguel Alejandro, que el pr\u00f3ximo 7 de septiembre  cumplir\u00e1 13 a\u00f1os, Rodrigo, de 11, las gemelas Victoria y Cristina, de 9 a\u00f1os, y Guillermo, de tres.<\/p>\n<p>El pasado mes de marzo, Julio Iglesias se asomaba a las p\u00e1ginas de la revista \u00a1HOLA! junto a toda su familia para proclamar su amor por  Miranda despu\u00e9s de dos d\u00e9cadas de amor .\u00bbCumplo veinte a\u00f1os de emociones, de admiraci\u00f3n profunda por ella; veinte a\u00f1os de muchas cosas bonitas, que volver\u00eda a repetir ahora mismo\u00bb. Y a\u00f1ad\u00eda: \u00abTengo mi vida familiar consolidada para siempre con Miranda. No tengo ning\u00fan inter\u00e9s por nada m\u00e1s que no sea ser feliz con mi mujer y mis hijos, en lo que es mi vida emocional. La amo profundamente, y todo eso est\u00e1 por encima de todo\u201d. Despu\u00e9s de estas bellas declaraciones,<\/p>\n<p>Julio y Miranda se han decidido a dar el paso y han puesto el broche de oro a su relaci\u00f3n con una boda \u00edntima en Marbella.<\/p>\n","protected":false},"excerpt":{"rendered":"<p>Tras m\u00e1s de veinte a\u00f1os de relaci\u00f3n y cinco hijos en com\u00fan, Julio Iglesias y Miranda Rijnsburger se dieron el &#8216;s\u00ed, quiero&#8217; en la parroquia Virgen del Carmen de Marbella el pasado 24 de agosto en una ceremonia \u00edntima a la que solo acudieron sus cinco hijos y dos testigos, seg\u00fan un comunicado enviado por [&hellip;]<\/p>\n","protected":false},"author":3,"featured_media":0,"comment_status":"open","ping_status":"open","sticky":false,"template":"","format":"standard","meta":{"jetpack_post_was_ever_published":false,"_jetpack_newsletter_access":"","_jetpack_dont_email_post_to_subs":false,"_jetpack_newsletter_tier_id":0,"_jetpack_memberships_contains_paywalled_content":false,"_jetpack_memberships_contains_paid_content":false,"footnotes":""},"categories":[1],"tags":[],"class_list":["post-2013","post","type-post","status-publish","format-standard","hentry","category-novias"],"yoast_head":"<!-- This site is optimized with the Yoast SEO plugin v27.5 - https:\/\/yoast.com\/product\/yoast-seo-wordpress\/ -->\n<title>Julio y Miranda se casan - Novias Baleares<\/title>\n<meta name=\"robots\" content=\"index, follow, max-snippet:-1, max-image-preview:large, max-video-preview:-1\" \/>\n<link rel=\"canonical\" href=\"http:\/\/noviasespana.com\/noviasbaleares\/julio-y-miranda-se-casan\/\" \/>\n<meta property=\"og:locale\" content=\"es_ES\" \/>\n<meta property=\"og:type\" content=\"article\" \/>\n<meta property=\"og:title\" content=\"Julio y Miranda se casan - Novias Baleares\" \/>\n<meta property=\"og:description\" content=\"Tras m\u00e1s de veinte a\u00f1os de relaci\u00f3n y cinco hijos en com\u00fan, Julio Iglesias y Miranda Rijnsburger se dieron el &#8216;s\u00ed, quiero&#8217; en la parroquia Virgen del Carmen de Marbella el pasado 24 de agosto en una ceremonia \u00edntima a la que solo acudieron sus cinco hijos y dos testigos, seg\u00fan un comunicado enviado por [&hellip;]\" \/>\n<meta property=\"og:url\" content=\"http:\/\/noviasespana.com\/noviasbaleares\/julio-y-miranda-se-casan\/\" \/>\n<meta property=\"og:site_name\" content=\"Novias Baleares\" \/>\n<meta property=\"article:published_time\" content=\"2010-08-27T02:09:48+00:00\" \/>\n<meta name=\"author\" content=\"Itziar Ulibarri\" \/>\n<meta name=\"twitter:label1\" content=\"Escrito por\" \/>\n\t<meta name=\"twitter:data1\" content=\"Itziar Ulibarri\" \/>\n\t<meta name=\"twitter:label2\" content=\"Tiempo de lectura\" \/>\n\t<meta name=\"twitter:data2\" content=\"1 minuto\" \/>\n<script type=\"application\/ld+json\" class=\"yoast-schema-graph\">{\"@context\":\"https:\\\/\\\/schema.org\",\"@graph\":[{\"@type\":\"Article\",\"@id\":\"http:\\\/\\\/noviasespana.com\\\/noviasbaleares\\\/julio-y-miranda-se-casan\\\/#article\",\"isPartOf\":{\"@id\":\"http:\\\/\\\/noviasespana.com\\\/noviasbaleares\\\/julio-y-miranda-se-casan\\\/\"},\"author\":{\"name\":\"Itziar Ulibarri\",\"@id\":\"http:\\\/\\\/noviasespana.com\\\/noviasbaleares\\\/#\\\/schema\\\/person\\\/c060dc000330112f5716554151443d11\"},\"headline\":\"Julio y Miranda se casan\",\"datePublished\":\"2010-08-27T02:09:48+00:00\",\"mainEntityOfPage\":{\"@id\":\"http:\\\/\\\/noviasespana.com\\\/noviasbaleares\\\/julio-y-miranda-se-casan\\\/\"},\"wordCount\":298,\"commentCount\":0,\"articleSection\":[\"novias\"],\"inLanguage\":\"es\",\"potentialAction\":[{\"@type\":\"CommentAction\",\"name\":\"Comment\",\"target\":[\"http:\\\/\\\/noviasespana.com\\\/noviasbaleares\\\/julio-y-miranda-se-casan\\\/#respond\"]}]},{\"@type\":\"WebPage\",\"@id\":\"http:\\\/\\\/noviasespana.com\\\/noviasbaleares\\\/julio-y-miranda-se-casan\\\/\",\"url\":\"http:\\\/\\\/noviasespana.com\\\/noviasbaleares\\\/julio-y-miranda-se-casan\\\/\",\"name\":\"Julio y Miranda se casan - Novias Baleares\",\"isPartOf\":{\"@id\":\"http:\\\/\\\/noviasespana.com\\\/noviasbaleares\\\/#website\"},\"datePublished\":\"2010-08-27T02:09:48+00:00\",\"author\":{\"@id\":\"http:\\\/\\\/noviasespana.com\\\/noviasbaleares\\\/#\\\/schema\\\/person\\\/c060dc000330112f5716554151443d11\"},\"breadcrumb\":{\"@id\":\"http:\\\/\\\/noviasespana.com\\\/noviasbaleares\\\/julio-y-miranda-se-casan\\\/#breadcrumb\"},\"inLanguage\":\"es\",\"potentialAction\":[{\"@type\":\"ReadAction\",\"target\":[\"http:\\\/\\\/noviasespana.com\\\/noviasbaleares\\\/julio-y-miranda-se-casan\\\/\"]}]},{\"@type\":\"BreadcrumbList\",\"@id\":\"http:\\\/\\\/noviasespana.com\\\/noviasbaleares\\\/julio-y-miranda-se-casan\\\/#breadcrumb\",\"itemListElement\":[{\"@type\":\"ListItem\",\"position\":1,\"name\":\"Portada\",\"item\":\"http:\\\/\\\/noviasespana.com\\\/noviasbaleares\\\/\"},{\"@type\":\"ListItem\",\"position\":2,\"name\":\"Julio y Miranda se casan\"}]},{\"@type\":\"WebSite\",\"@id\":\"http:\\\/\\\/noviasespana.com\\\/noviasbaleares\\\/#website\",\"url\":\"http:\\\/\\\/noviasespana.com\\\/noviasbaleares\\\/\",\"name\":\"Novias Baleares\",\"description\":\"Revista de novias\",\"potentialAction\":[{\"@type\":\"SearchAction\",\"target\":{\"@type\":\"EntryPoint\",\"urlTemplate\":\"http:\\\/\\\/noviasespana.com\\\/noviasbaleares\\\/?s={search_term_string}\"},\"query-input\":{\"@type\":\"PropertyValueSpecification\",\"valueRequired\":true,\"valueName\":\"search_term_string\"}}],\"inLanguage\":\"es\"},{\"@type\":\"Person\",\"@id\":\"http:\\\/\\\/noviasespana.com\\\/noviasbaleares\\\/#\\\/schema\\\/person\\\/c060dc000330112f5716554151443d11\",\"name\":\"Itziar Ulibarri\",\"image\":{\"@type\":\"ImageObject\",\"inLanguage\":\"es\",\"@id\":\"https:\\\/\\\/secure.gravatar.com\\\/avatar\\\/b06c45343f65e11822f6ad8da8a1ad64b2d03bfe34aa43d123c6af520fb46a58?s=96&d=mm&r=g\",\"url\":\"https:\\\/\\\/secure.gravatar.com\\\/avatar\\\/b06c45343f65e11822f6ad8da8a1ad64b2d03bfe34aa43d123c6af520fb46a58?s=96&d=mm&r=g\",\"contentUrl\":\"https:\\\/\\\/secure.gravatar.com\\\/avatar\\\/b06c45343f65e11822f6ad8da8a1ad64b2d03bfe34aa43d123c6af520fb46a58?s=96&d=mm&r=g\",\"caption\":\"Itziar Ulibarri\"},\"url\":\"http:\\\/\\\/noviasespana.com\\\/noviasbaleares\\\/author\\\/itziar\\\/\"}]}<\/script>\n<!-- \/ Yoast SEO plugin. -->","yoast_head_json":{"title":"Julio y Miranda se casan - Novias Baleares","robots":{"index":"index","follow":"follow","max-snippet":"max-snippet:-1","max-image-preview":"max-image-preview:large","max-video-preview":"max-video-preview:-1"},"canonical":"http:\/\/noviasespana.com\/noviasbaleares\/julio-y-miranda-se-casan\/","og_locale":"es_ES","og_type":"article","og_title":"Julio y Miranda se casan - Novias Baleares","og_description":"Tras m\u00e1s de veinte a\u00f1os de relaci\u00f3n y cinco hijos en com\u00fan, Julio Iglesias y Miranda Rijnsburger se dieron el &#8216;s\u00ed, quiero&#8217; en la parroquia Virgen del Carmen de Marbella el pasado 24 de agosto en una ceremonia \u00edntima a la que solo acudieron sus cinco hijos y dos testigos, seg\u00fan un comunicado enviado por [&hellip;]","og_url":"http:\/\/noviasespana.com\/noviasbaleares\/julio-y-miranda-se-casan\/","og_site_name":"Novias Baleares","article_published_time":"2010-08-27T02:09:48+00:00","author":"Itziar Ulibarri","twitter_misc":{"Escrito por":"Itziar Ulibarri","Tiempo de lectura":"1 minuto"},"schema":{"@context":"https:\/\/schema.org","@graph":[{"@type":"Article","@id":"http:\/\/noviasespana.com\/noviasbaleares\/julio-y-miranda-se-casan\/#article","isPartOf":{"@id":"http:\/\/noviasespana.com\/noviasbaleares\/julio-y-miranda-se-casan\/"},"author":{"name":"Itziar Ulibarri","@id":"http:\/\/noviasespana.com\/noviasbaleares\/#\/schema\/person\/c060dc000330112f5716554151443d11"},"headline":"Julio y Miranda se casan","datePublished":"2010-08-27T02:09:48+00:00","mainEntityOfPage":{"@id":"http:\/\/noviasespana.com\/noviasbaleares\/julio-y-miranda-se-casan\/"},"wordCount":298,"commentCount":0,"articleSection":["novias"],"inLanguage":"es","potentialAction":[{"@type":"CommentAction","name":"Comment","target":["http:\/\/noviasespana.com\/noviasbaleares\/julio-y-miranda-se-casan\/#respond"]}]},{"@type":"WebPage","@id":"http:\/\/noviasespana.com\/noviasbaleares\/julio-y-miranda-se-casan\/","url":"http:\/\/noviasespana.com\/noviasbaleares\/julio-y-miranda-se-casan\/","name":"Julio y Miranda se casan - Novias Baleares","isPartOf":{"@id":"http:\/\/noviasespana.com\/noviasbaleares\/#website"},"datePublished":"2010-08-27T02:09:48+00:00","author":{"@id":"http:\/\/noviasespana.com\/noviasbaleares\/#\/schema\/person\/c060dc000330112f5716554151443d11"},"breadcrumb":{"@id":"http:\/\/noviasespana.com\/noviasbaleares\/julio-y-miranda-se-casan\/#breadcrumb"},"inLanguage":"es","potentialAction":[{"@type":"ReadAction","target":["http:\/\/noviasespana.com\/noviasbaleares\/julio-y-miranda-se-casan\/"]}]},{"@type":"BreadcrumbList","@id":"http:\/\/noviasespana.com\/noviasbaleares\/julio-y-miranda-se-casan\/#breadcrumb","itemListElement":[{"@type":"ListItem","position":1,"name":"Portada","item":"http:\/\/noviasespana.com\/noviasbaleares\/"},{"@type":"ListItem","position":2,"name":"Julio y Miranda se casan"}]},{"@type":"WebSite","@id":"http:\/\/noviasespana.com\/noviasbaleares\/#website","url":"http:\/\/noviasespana.com\/noviasbaleares\/","name":"Novias Baleares","description":"Revista de novias","potentialAction":[{"@type":"SearchAction","target":{"@type":"EntryPoint","urlTemplate":"http:\/\/noviasespana.com\/noviasbaleares\/?s={search_term_string}"},"query-input":{"@type":"PropertyValueSpecification","valueRequired":true,"valueName":"search_term_string"}}],"inLanguage":"es"},{"@type":"Person","@id":"http:\/\/noviasespana.com\/noviasbaleares\/#\/schema\/person\/c060dc000330112f5716554151443d11","name":"Itziar Ulibarri","image":{"@type":"ImageObject","inLanguage":"es","@id":"https:\/\/secure.gravatar.com\/avatar\/b06c45343f65e11822f6ad8da8a1ad64b2d03bfe34aa43d123c6af520fb46a58?s=96&d=mm&r=g","url":"https:\/\/secure.gravatar.com\/avatar\/b06c45343f65e11822f6ad8da8a1ad64b2d03bfe34aa43d123c6af520fb46a58?s=96&d=mm&r=g","contentUrl":"https:\/\/secure.gravatar.com\/avatar\/b06c45343f65e11822f6ad8da8a1ad64b2d03bfe34aa43d123c6af520fb46a58?s=96&d=mm&r=g","caption":"Itziar Ulibarri"},"url":"http:\/\/noviasespana.com\/noviasbaleares\/author\/itziar\/"}]}},"jetpack_featured_media_url":"","jetpack_sharing_enabled":true,"jetpack_shortlink":"https:\/\/wp.me\/p5Hg6P-wt","jetpack_likes_enabled":true,"_links":{"self":[{"href":"http:\/\/noviasespana.com\/noviasbaleares\/wp-json\/wp\/v2\/posts\/2013","targetHints":{"allow":["GET"]}}],"collection":[{"href":"http:\/\/noviasespana.com\/noviasbaleares\/wp-json\/wp\/v2\/posts"}],"about":[{"href":"http:\/\/noviasespana.com\/noviasbaleares\/wp-json\/wp\/v2\/types\/post"}],"author":[{"embeddable":true,"href":"http:\/\/noviasespana.com\/noviasbaleares\/wp-json\/wp\/v2\/users\/3"}],"replies":[{"embeddable":true,"href":"http:\/\/noviasespana.com\/noviasbaleares\/wp-json\/wp\/v2\/comments?post=2013"}],"version-history":[{"count":0,"href":"http:\/\/noviasespana.com\/noviasbaleares\/wp-json\/wp\/v2\/posts\/2013\/revisions"}],"wp:attachment":[{"href":"http:\/\/noviasespana.com\/noviasbaleares\/wp-json\/wp\/v2\/media?parent=2013"}],"wp:term":[{"taxonomy":"category","embeddable":true,"href":"http:\/\/noviasespana.com\/noviasbaleares\/wp-json\/wp\/v2\/categories?post=2013"},{"taxonomy":"post_tag","embeddable":true,"href":"http:\/\/noviasespana.com\/noviasbaleares\/wp-json\/wp\/v2\/tags?post=2013"}],"curies":[{"name":"wp","href":"https:\/\/api.w.org\/{rel}","templated":true}]}}