{"id":1992,"date":"2010-08-02T11:15:52","date_gmt":"2010-08-02T09:15:52","guid":{"rendered":"http:\/\/www.diariodeunanovia.com\/blog\/?p=1992"},"modified":"2010-08-02T11:15:52","modified_gmt":"2010-08-02T09:15:52","slug":"chelsea-clinton-da-el-i-do-si-quiero","status":"publish","type":"post","link":"http:\/\/noviasespana.com\/noviasbaleares\/chelsea-clinton-da-el-i-do-si-quiero\/","title":{"rendered":"Chelsea Clinton da el \u00abI do\u00bb, &#8216;S\u00ed, quiero&#8217;."},"content":{"rendered":"<p style=\"text-align: center\"><img data-recalc-dims=\"1\" loading=\"lazy\" decoding=\"async\" class=\"aligncenter size-medium wp-image-1993\" title=\"Chelsea y Marc, tras la ceremonia\" src=\"https:\/\/i0.wp.com\/www.diariodeunanovia.com\/blog\/wp-content\/uploads\/sites\/5\/2010\/08\/Chelsea-y-Marc-tras-la-ceremonia1-299x200.jpg?resize=299%2C200\" alt=\"Chelsea y Marc, tras la ceremonia\" width=\"299\" height=\"200\" \/><\/p>\n<p>Tocaron las campanas a boda en Rhinebeck. Unieron por fin sus destinos Chelsea Clinton (30 a\u00f1os) y Marc Mezvinsky (32), a la ca\u00edda de la tarde y en una ceremonia religiosa oficiada por un rabino (James Ponet) y por un reverendo (William Shilladi), por aquello del colmar las creencias religiosas del novio jud\u00edo y la novia metodista.<br \/>\nEl momento culminante lleg\u00f3 con el &#8216;I do&#8217; (&#8216;s\u00ed quiero&#8217;), culminado con el anillo de diamantes y esmeraldas que Marc le puso a Chelsea. El valor de la joya est\u00e1 al parecer estimado en un mill\u00f3n de d\u00f3lares. La boda cost\u00f3 al final en torno a los tres millones, incluidos los 250.000 d\u00f3lares en arreglos florales y los 15.000 en las letrinas port\u00e1tiles de porcelana, de riguroso blanco para no desentonar.<br \/>\nEl escenario fue la mansi\u00f3n Astor Courts, erigida a primeros del siglo XX por John Jacob Astor IV (fallecido en el Titanic). La casa fue alquilada por 100.000 d\u00f3lares a la ex productora de televisi\u00f3n y multimillonaria Kathleen Hammer, gentil contribuyente de las campa\u00f1as de Bill y Hillary Clinton.<br \/>\nLa novia, finalmente, luci\u00f3 el traje de Vera Wang que se prob\u00f3 esta misma semana en Nueva York y que permanec\u00eda entre los secretos peor guardados de esta boda coreografiada por el propio Bill Clinton, por petici\u00f3n expresa de la novia.<\/p>\n","protected":false},"excerpt":{"rendered":"<p>Tocaron las campanas a boda en Rhinebeck. Unieron por fin sus destinos Chelsea Clinton (30 a\u00f1os) y Marc Mezvinsky (32), a la ca\u00edda de la tarde y en una ceremonia religiosa oficiada por un rabino (James Ponet) y por un reverendo (William Shilladi), por aquello del colmar las creencias religiosas del novio jud\u00edo y la [&hellip;]<\/p>\n","protected":false},"author":3,"featured_media":0,"comment_status":"open","ping_status":"open","sticky":false,"template":"","format":"standard","meta":{"jetpack_post_was_ever_published":false,"_jetpack_newsletter_access":"","_jetpack_dont_email_post_to_subs":false,"_jetpack_newsletter_tier_id":0,"_jetpack_memberships_contains_paywalled_content":false,"_jetpack_memberships_contains_paid_content":false,"footnotes":""},"categories":[1],"tags":[],"class_list":["post-1992","post","type-post","status-publish","format-standard","hentry","category-novias"],"yoast_head":"<!-- This site is optimized with the Yoast SEO plugin v27.5 - https:\/\/yoast.com\/product\/yoast-seo-wordpress\/ -->\n<title>Chelsea Clinton da el &quot;I do&quot;, &#039;S\u00ed, quiero&#039;. - Novias Baleares<\/title>\n<meta name=\"robots\" content=\"index, follow, max-snippet:-1, max-image-preview:large, max-video-preview:-1\" \/>\n<link rel=\"canonical\" href=\"http:\/\/noviasespana.com\/noviasbaleares\/chelsea-clinton-da-el-i-do-si-quiero\/\" \/>\n<meta property=\"og:locale\" content=\"es_ES\" \/>\n<meta property=\"og:type\" content=\"article\" \/>\n<meta property=\"og:title\" content=\"Chelsea Clinton da el &quot;I do&quot;, &#039;S\u00ed, quiero&#039;. - Novias Baleares\" \/>\n<meta property=\"og:description\" content=\"Tocaron las campanas a boda en Rhinebeck. Unieron por fin sus destinos Chelsea Clinton (30 a\u00f1os) y Marc Mezvinsky (32), a la ca\u00edda de la tarde y en una ceremonia religiosa oficiada por un rabino (James Ponet) y por un reverendo (William Shilladi), por aquello del colmar las creencias religiosas del novio jud\u00edo y la [&hellip;]\" \/>\n<meta property=\"og:url\" content=\"http:\/\/noviasespana.com\/noviasbaleares\/chelsea-clinton-da-el-i-do-si-quiero\/\" \/>\n<meta property=\"og:site_name\" content=\"Novias Baleares\" \/>\n<meta property=\"article:published_time\" content=\"2010-08-02T09:15:52+00:00\" \/>\n<meta property=\"og:image\" content=\"http:\/\/www.diariodeunanovia.com\/blog\/wp-content\/uploads\/sites\/5\/2010\/08\/Chelsea-y-Marc-tras-la-ceremonia1-299x200.jpg\" \/>\n<meta name=\"author\" content=\"Itziar Ulibarri\" \/>\n<meta name=\"twitter:label1\" content=\"Escrito por\" \/>\n\t<meta name=\"twitter:data1\" content=\"Itziar Ulibarri\" \/>\n\t<meta name=\"twitter:label2\" content=\"Tiempo de lectura\" \/>\n\t<meta name=\"twitter:data2\" content=\"1 minuto\" \/>\n<script type=\"application\/ld+json\" class=\"yoast-schema-graph\">{\"@context\":\"https:\\\/\\\/schema.org\",\"@graph\":[{\"@type\":\"Article\",\"@id\":\"http:\\\/\\\/noviasespana.com\\\/noviasbaleares\\\/chelsea-clinton-da-el-i-do-si-quiero\\\/#article\",\"isPartOf\":{\"@id\":\"http:\\\/\\\/noviasespana.com\\\/noviasbaleares\\\/chelsea-clinton-da-el-i-do-si-quiero\\\/\"},\"author\":{\"name\":\"Itziar Ulibarri\",\"@id\":\"http:\\\/\\\/noviasespana.com\\\/noviasbaleares\\\/#\\\/schema\\\/person\\\/c060dc000330112f5716554151443d11\"},\"headline\":\"Chelsea Clinton da el \u00abI do\u00bb, &#8216;S\u00ed, quiero&#8217;.\",\"datePublished\":\"2010-08-02T09:15:52+00:00\",\"mainEntityOfPage\":{\"@id\":\"http:\\\/\\\/noviasespana.com\\\/noviasbaleares\\\/chelsea-clinton-da-el-i-do-si-quiero\\\/\"},\"wordCount\":234,\"commentCount\":0,\"image\":{\"@id\":\"http:\\\/\\\/noviasespana.com\\\/noviasbaleares\\\/chelsea-clinton-da-el-i-do-si-quiero\\\/#primaryimage\"},\"thumbnailUrl\":\"http:\\\/\\\/www.diariodeunanovia.com\\\/blog\\\/wp-content\\\/uploads\\\/sites\\\/5\\\/2010\\\/08\\\/Chelsea-y-Marc-tras-la-ceremonia1-299x200.jpg\",\"articleSection\":[\"novias\"],\"inLanguage\":\"es\",\"potentialAction\":[{\"@type\":\"CommentAction\",\"name\":\"Comment\",\"target\":[\"http:\\\/\\\/noviasespana.com\\\/noviasbaleares\\\/chelsea-clinton-da-el-i-do-si-quiero\\\/#respond\"]}]},{\"@type\":\"WebPage\",\"@id\":\"http:\\\/\\\/noviasespana.com\\\/noviasbaleares\\\/chelsea-clinton-da-el-i-do-si-quiero\\\/\",\"url\":\"http:\\\/\\\/noviasespana.com\\\/noviasbaleares\\\/chelsea-clinton-da-el-i-do-si-quiero\\\/\",\"name\":\"Chelsea Clinton da el \\\"I do\\\", 'S\u00ed, quiero'. - Novias Baleares\",\"isPartOf\":{\"@id\":\"http:\\\/\\\/noviasespana.com\\\/noviasbaleares\\\/#website\"},\"primaryImageOfPage\":{\"@id\":\"http:\\\/\\\/noviasespana.com\\\/noviasbaleares\\\/chelsea-clinton-da-el-i-do-si-quiero\\\/#primaryimage\"},\"image\":{\"@id\":\"http:\\\/\\\/noviasespana.com\\\/noviasbaleares\\\/chelsea-clinton-da-el-i-do-si-quiero\\\/#primaryimage\"},\"thumbnailUrl\":\"http:\\\/\\\/www.diariodeunanovia.com\\\/blog\\\/wp-content\\\/uploads\\\/sites\\\/5\\\/2010\\\/08\\\/Chelsea-y-Marc-tras-la-ceremonia1-299x200.jpg\",\"datePublished\":\"2010-08-02T09:15:52+00:00\",\"author\":{\"@id\":\"http:\\\/\\\/noviasespana.com\\\/noviasbaleares\\\/#\\\/schema\\\/person\\\/c060dc000330112f5716554151443d11\"},\"breadcrumb\":{\"@id\":\"http:\\\/\\\/noviasespana.com\\\/noviasbaleares\\\/chelsea-clinton-da-el-i-do-si-quiero\\\/#breadcrumb\"},\"inLanguage\":\"es\",\"potentialAction\":[{\"@type\":\"ReadAction\",\"target\":[\"http:\\\/\\\/noviasespana.com\\\/noviasbaleares\\\/chelsea-clinton-da-el-i-do-si-quiero\\\/\"]}]},{\"@type\":\"ImageObject\",\"inLanguage\":\"es\",\"@id\":\"http:\\\/\\\/noviasespana.com\\\/noviasbaleares\\\/chelsea-clinton-da-el-i-do-si-quiero\\\/#primaryimage\",\"url\":\"http:\\\/\\\/www.diariodeunanovia.com\\\/blog\\\/wp-content\\\/uploads\\\/sites\\\/5\\\/2010\\\/08\\\/Chelsea-y-Marc-tras-la-ceremonia1-299x200.jpg\",\"contentUrl\":\"http:\\\/\\\/www.diariodeunanovia.com\\\/blog\\\/wp-content\\\/uploads\\\/sites\\\/5\\\/2010\\\/08\\\/Chelsea-y-Marc-tras-la-ceremonia1-299x200.jpg\"},{\"@type\":\"BreadcrumbList\",\"@id\":\"http:\\\/\\\/noviasespana.com\\\/noviasbaleares\\\/chelsea-clinton-da-el-i-do-si-quiero\\\/#breadcrumb\",\"itemListElement\":[{\"@type\":\"ListItem\",\"position\":1,\"name\":\"Portada\",\"item\":\"http:\\\/\\\/noviasespana.com\\\/noviasbaleares\\\/\"},{\"@type\":\"ListItem\",\"position\":2,\"name\":\"Chelsea Clinton da el \u00abI do\u00bb, &#8216;S\u00ed, quiero&#8217;.\"}]},{\"@type\":\"WebSite\",\"@id\":\"http:\\\/\\\/noviasespana.com\\\/noviasbaleares\\\/#website\",\"url\":\"http:\\\/\\\/noviasespana.com\\\/noviasbaleares\\\/\",\"name\":\"Novias Baleares\",\"description\":\"Revista de novias\",\"potentialAction\":[{\"@type\":\"SearchAction\",\"target\":{\"@type\":\"EntryPoint\",\"urlTemplate\":\"http:\\\/\\\/noviasespana.com\\\/noviasbaleares\\\/?s={search_term_string}\"},\"query-input\":{\"@type\":\"PropertyValueSpecification\",\"valueRequired\":true,\"valueName\":\"search_term_string\"}}],\"inLanguage\":\"es\"},{\"@type\":\"Person\",\"@id\":\"http:\\\/\\\/noviasespana.com\\\/noviasbaleares\\\/#\\\/schema\\\/person\\\/c060dc000330112f5716554151443d11\",\"name\":\"Itziar Ulibarri\",\"image\":{\"@type\":\"ImageObject\",\"inLanguage\":\"es\",\"@id\":\"https:\\\/\\\/secure.gravatar.com\\\/avatar\\\/b06c45343f65e11822f6ad8da8a1ad64b2d03bfe34aa43d123c6af520fb46a58?s=96&d=mm&r=g\",\"url\":\"https:\\\/\\\/secure.gravatar.com\\\/avatar\\\/b06c45343f65e11822f6ad8da8a1ad64b2d03bfe34aa43d123c6af520fb46a58?s=96&d=mm&r=g\",\"contentUrl\":\"https:\\\/\\\/secure.gravatar.com\\\/avatar\\\/b06c45343f65e11822f6ad8da8a1ad64b2d03bfe34aa43d123c6af520fb46a58?s=96&d=mm&r=g\",\"caption\":\"Itziar Ulibarri\"},\"url\":\"http:\\\/\\\/noviasespana.com\\\/noviasbaleares\\\/author\\\/itziar\\\/\"}]}<\/script>\n<!-- \/ Yoast SEO plugin. -->","yoast_head_json":{"title":"Chelsea Clinton da el \"I do\", 'S\u00ed, quiero'. - Novias Baleares","robots":{"index":"index","follow":"follow","max-snippet":"max-snippet:-1","max-image-preview":"max-image-preview:large","max-video-preview":"max-video-preview:-1"},"canonical":"http:\/\/noviasespana.com\/noviasbaleares\/chelsea-clinton-da-el-i-do-si-quiero\/","og_locale":"es_ES","og_type":"article","og_title":"Chelsea Clinton da el \"I do\", 'S\u00ed, quiero'. - Novias Baleares","og_description":"Tocaron las campanas a boda en Rhinebeck. Unieron por fin sus destinos Chelsea Clinton (30 a\u00f1os) y Marc Mezvinsky (32), a la ca\u00edda de la tarde y en una ceremonia religiosa oficiada por un rabino (James Ponet) y por un reverendo (William Shilladi), por aquello del colmar las creencias religiosas del novio jud\u00edo y la [&hellip;]","og_url":"http:\/\/noviasespana.com\/noviasbaleares\/chelsea-clinton-da-el-i-do-si-quiero\/","og_site_name":"Novias Baleares","article_published_time":"2010-08-02T09:15:52+00:00","og_image":[{"url":"http:\/\/www.diariodeunanovia.com\/blog\/wp-content\/uploads\/sites\/5\/2010\/08\/Chelsea-y-Marc-tras-la-ceremonia1-299x200.jpg","type":"","width":"","height":""}],"author":"Itziar Ulibarri","twitter_misc":{"Escrito por":"Itziar Ulibarri","Tiempo de lectura":"1 minuto"},"schema":{"@context":"https:\/\/schema.org","@graph":[{"@type":"Article","@id":"http:\/\/noviasespana.com\/noviasbaleares\/chelsea-clinton-da-el-i-do-si-quiero\/#article","isPartOf":{"@id":"http:\/\/noviasespana.com\/noviasbaleares\/chelsea-clinton-da-el-i-do-si-quiero\/"},"author":{"name":"Itziar Ulibarri","@id":"http:\/\/noviasespana.com\/noviasbaleares\/#\/schema\/person\/c060dc000330112f5716554151443d11"},"headline":"Chelsea Clinton da el \u00abI do\u00bb, &#8216;S\u00ed, quiero&#8217;.","datePublished":"2010-08-02T09:15:52+00:00","mainEntityOfPage":{"@id":"http:\/\/noviasespana.com\/noviasbaleares\/chelsea-clinton-da-el-i-do-si-quiero\/"},"wordCount":234,"commentCount":0,"image":{"@id":"http:\/\/noviasespana.com\/noviasbaleares\/chelsea-clinton-da-el-i-do-si-quiero\/#primaryimage"},"thumbnailUrl":"http:\/\/www.diariodeunanovia.com\/blog\/wp-content\/uploads\/sites\/5\/2010\/08\/Chelsea-y-Marc-tras-la-ceremonia1-299x200.jpg","articleSection":["novias"],"inLanguage":"es","potentialAction":[{"@type":"CommentAction","name":"Comment","target":["http:\/\/noviasespana.com\/noviasbaleares\/chelsea-clinton-da-el-i-do-si-quiero\/#respond"]}]},{"@type":"WebPage","@id":"http:\/\/noviasespana.com\/noviasbaleares\/chelsea-clinton-da-el-i-do-si-quiero\/","url":"http:\/\/noviasespana.com\/noviasbaleares\/chelsea-clinton-da-el-i-do-si-quiero\/","name":"Chelsea Clinton da el \"I do\", 'S\u00ed, quiero'. - Novias Baleares","isPartOf":{"@id":"http:\/\/noviasespana.com\/noviasbaleares\/#website"},"primaryImageOfPage":{"@id":"http:\/\/noviasespana.com\/noviasbaleares\/chelsea-clinton-da-el-i-do-si-quiero\/#primaryimage"},"image":{"@id":"http:\/\/noviasespana.com\/noviasbaleares\/chelsea-clinton-da-el-i-do-si-quiero\/#primaryimage"},"thumbnailUrl":"http:\/\/www.diariodeunanovia.com\/blog\/wp-content\/uploads\/sites\/5\/2010\/08\/Chelsea-y-Marc-tras-la-ceremonia1-299x200.jpg","datePublished":"2010-08-02T09:15:52+00:00","author":{"@id":"http:\/\/noviasespana.com\/noviasbaleares\/#\/schema\/person\/c060dc000330112f5716554151443d11"},"breadcrumb":{"@id":"http:\/\/noviasespana.com\/noviasbaleares\/chelsea-clinton-da-el-i-do-si-quiero\/#breadcrumb"},"inLanguage":"es","potentialAction":[{"@type":"ReadAction","target":["http:\/\/noviasespana.com\/noviasbaleares\/chelsea-clinton-da-el-i-do-si-quiero\/"]}]},{"@type":"ImageObject","inLanguage":"es","@id":"http:\/\/noviasespana.com\/noviasbaleares\/chelsea-clinton-da-el-i-do-si-quiero\/#primaryimage","url":"http:\/\/www.diariodeunanovia.com\/blog\/wp-content\/uploads\/sites\/5\/2010\/08\/Chelsea-y-Marc-tras-la-ceremonia1-299x200.jpg","contentUrl":"http:\/\/www.diariodeunanovia.com\/blog\/wp-content\/uploads\/sites\/5\/2010\/08\/Chelsea-y-Marc-tras-la-ceremonia1-299x200.jpg"},{"@type":"BreadcrumbList","@id":"http:\/\/noviasespana.com\/noviasbaleares\/chelsea-clinton-da-el-i-do-si-quiero\/#breadcrumb","itemListElement":[{"@type":"ListItem","position":1,"name":"Portada","item":"http:\/\/noviasespana.com\/noviasbaleares\/"},{"@type":"ListItem","position":2,"name":"Chelsea Clinton da el \u00abI do\u00bb, &#8216;S\u00ed, quiero&#8217;."}]},{"@type":"WebSite","@id":"http:\/\/noviasespana.com\/noviasbaleares\/#website","url":"http:\/\/noviasespana.com\/noviasbaleares\/","name":"Novias Baleares","description":"Revista de novias","potentialAction":[{"@type":"SearchAction","target":{"@type":"EntryPoint","urlTemplate":"http:\/\/noviasespana.com\/noviasbaleares\/?s={search_term_string}"},"query-input":{"@type":"PropertyValueSpecification","valueRequired":true,"valueName":"search_term_string"}}],"inLanguage":"es"},{"@type":"Person","@id":"http:\/\/noviasespana.com\/noviasbaleares\/#\/schema\/person\/c060dc000330112f5716554151443d11","name":"Itziar Ulibarri","image":{"@type":"ImageObject","inLanguage":"es","@id":"https:\/\/secure.gravatar.com\/avatar\/b06c45343f65e11822f6ad8da8a1ad64b2d03bfe34aa43d123c6af520fb46a58?s=96&d=mm&r=g","url":"https:\/\/secure.gravatar.com\/avatar\/b06c45343f65e11822f6ad8da8a1ad64b2d03bfe34aa43d123c6af520fb46a58?s=96&d=mm&r=g","contentUrl":"https:\/\/secure.gravatar.com\/avatar\/b06c45343f65e11822f6ad8da8a1ad64b2d03bfe34aa43d123c6af520fb46a58?s=96&d=mm&r=g","caption":"Itziar Ulibarri"},"url":"http:\/\/noviasespana.com\/noviasbaleares\/author\/itziar\/"}]}},"jetpack_featured_media_url":"","jetpack_sharing_enabled":true,"jetpack_shortlink":"https:\/\/wp.me\/p5Hg6P-w8","jetpack_likes_enabled":true,"_links":{"self":[{"href":"http:\/\/noviasespana.com\/noviasbaleares\/wp-json\/wp\/v2\/posts\/1992","targetHints":{"allow":["GET"]}}],"collection":[{"href":"http:\/\/noviasespana.com\/noviasbaleares\/wp-json\/wp\/v2\/posts"}],"about":[{"href":"http:\/\/noviasespana.com\/noviasbaleares\/wp-json\/wp\/v2\/types\/post"}],"author":[{"embeddable":true,"href":"http:\/\/noviasespana.com\/noviasbaleares\/wp-json\/wp\/v2\/users\/3"}],"replies":[{"embeddable":true,"href":"http:\/\/noviasespana.com\/noviasbaleares\/wp-json\/wp\/v2\/comments?post=1992"}],"version-history":[{"count":0,"href":"http:\/\/noviasespana.com\/noviasbaleares\/wp-json\/wp\/v2\/posts\/1992\/revisions"}],"wp:attachment":[{"href":"http:\/\/noviasespana.com\/noviasbaleares\/wp-json\/wp\/v2\/media?parent=1992"}],"wp:term":[{"taxonomy":"category","embeddable":true,"href":"http:\/\/noviasespana.com\/noviasbaleares\/wp-json\/wp\/v2\/categories?post=1992"},{"taxonomy":"post_tag","embeddable":true,"href":"http:\/\/noviasespana.com\/noviasbaleares\/wp-json\/wp\/v2\/tags?post=1992"}],"curies":[{"name":"wp","href":"https:\/\/api.w.org\/{rel}","templated":true}]}}