{"id":1972,"date":"2010-07-28T12:33:42","date_gmt":"2010-07-28T10:33:42","guid":{"rendered":"http:\/\/www.diariodeunanovia.com\/blog\/?p=1972"},"modified":"2010-07-28T12:33:42","modified_gmt":"2010-07-28T10:33:42","slug":"orlando-y-miranda-se-han-casado","status":"publish","type":"post","link":"http:\/\/noviasespana.com\/noviasbaleares\/orlando-y-miranda-se-han-casado\/","title":{"rendered":"Orlando y Miranda se han casado"},"content":{"rendered":"<p style=\"text-align: justify\">Queridas novias!!! Las bodas secretas est\u00e1n empezando a ser algo de lo m\u00e1s habitual entre celebrities, sobre todo \u00faltimamente. Megan Fox y Brian Austin Green, Pen\u00e9lope Cruz y Javier Bardem&#8230; y, ahora, los siguientes han sido Orlando Bloom y Miranda Kerr. Justo un mes despu\u00e9s de hacer oficial su compromiso, la pareja ya se ha  convertido en marido y mujer. La noticia ha sido filtrada por una cadena  de tiendas australiana de la que Kerr es imagen, justificando en un  comunicado la ausencia de la modelo en una presentaci\u00f3n que tendr\u00e1 lugar  dentro de unos d\u00edas por la luna de miel de la que est\u00e1n disfrutando. M\u00e1s tarde ha sido ella misma quien lo ha confirmado. <em>\u00abEstoy  enormemente agradecida a David Jones por permitirme pasar este tiempo  para disfrutar un momento tan especial en mi vida. Estoy deseando volver  a Australia en un futuro cercano para celebrarlo con mis amigos y mi  familia\u00bb<\/em>, ha dicho. Lo cierto es que no se conoce ning\u00fan detalle sobre el d\u00eda del enlace o  del lugar de celebraci\u00f3n. Algunos medios especulan que fue en Los  Angeles. El cambio de estado civil les llega despu\u00e9s de tres a\u00f1os de relaci\u00f3n.  Desde que empezaran a salir en 2007, han sido muchos los rumores y  desmentidos acerca de su boda.<\/p>\n<p style=\"text-align: justify\"><img data-recalc-dims=\"1\" loading=\"lazy\" decoding=\"async\" class=\"aligncenter size-medium wp-image-1973\" title=\"orlando-bloom-miranda-kerr\" src=\"https:\/\/i0.wp.com\/www.diariodeunanovia.com\/blog\/wp-content\/uploads\/sites\/5\/2010\/07\/orlando-bloom-miranda-kerr-300x214.jpg?resize=300%2C214\" alt=\"orlando-bloom-miranda-kerr\" width=\"300\" height=\"214\" \/><\/p>\n","protected":false},"excerpt":{"rendered":"<p>Queridas novias!!! Las bodas secretas est\u00e1n empezando a ser algo de lo m\u00e1s habitual entre celebrities, sobre todo \u00faltimamente. Megan Fox y Brian Austin Green, Pen\u00e9lope Cruz y Javier Bardem&#8230; y, ahora, los siguientes han sido Orlando Bloom y Miranda Kerr. Justo un mes despu\u00e9s de hacer oficial su compromiso, la pareja ya se ha [&hellip;]<\/p>\n","protected":false},"author":2,"featured_media":0,"comment_status":"open","ping_status":"open","sticky":false,"template":"","format":"standard","meta":{"jetpack_post_was_ever_published":false,"_jetpack_newsletter_access":"","_jetpack_dont_email_post_to_subs":false,"_jetpack_newsletter_tier_id":0,"_jetpack_memberships_contains_paywalled_content":false,"_jetpack_memberships_contains_paid_content":false,"footnotes":""},"categories":[1],"tags":[],"class_list":["post-1972","post","type-post","status-publish","format-standard","hentry","category-novias"],"yoast_head":"<!-- This site is optimized with the Yoast SEO plugin v27.5 - https:\/\/yoast.com\/product\/yoast-seo-wordpress\/ -->\n<title>Orlando y Miranda se han casado - Novias Baleares<\/title>\n<meta name=\"robots\" content=\"index, follow, max-snippet:-1, max-image-preview:large, max-video-preview:-1\" \/>\n<link rel=\"canonical\" href=\"http:\/\/noviasespana.com\/noviasbaleares\/orlando-y-miranda-se-han-casado\/\" \/>\n<meta property=\"og:locale\" content=\"es_ES\" \/>\n<meta property=\"og:type\" content=\"article\" \/>\n<meta property=\"og:title\" content=\"Orlando y Miranda se han casado - Novias Baleares\" \/>\n<meta property=\"og:description\" content=\"Queridas novias!!! Las bodas secretas est\u00e1n empezando a ser algo de lo m\u00e1s habitual entre celebrities, sobre todo \u00faltimamente. Megan Fox y Brian Austin Green, Pen\u00e9lope Cruz y Javier Bardem&#8230; y, ahora, los siguientes han sido Orlando Bloom y Miranda Kerr. Justo un mes despu\u00e9s de hacer oficial su compromiso, la pareja ya se ha [&hellip;]\" \/>\n<meta property=\"og:url\" content=\"http:\/\/noviasespana.com\/noviasbaleares\/orlando-y-miranda-se-han-casado\/\" \/>\n<meta property=\"og:site_name\" content=\"Novias Baleares\" \/>\n<meta property=\"article:published_time\" content=\"2010-07-28T10:33:42+00:00\" \/>\n<meta property=\"og:image\" content=\"http:\/\/www.diariodeunanovia.com\/blog\/wp-content\/uploads\/sites\/5\/2010\/07\/orlando-bloom-miranda-kerr-300x214.jpg\" \/>\n<meta name=\"author\" content=\"admin\" \/>\n<meta name=\"twitter:label1\" content=\"Escrito por\" \/>\n\t<meta name=\"twitter:data1\" content=\"admin\" \/>\n\t<meta name=\"twitter:label2\" content=\"Tiempo de lectura\" \/>\n\t<meta name=\"twitter:data2\" content=\"1 minuto\" \/>\n<script type=\"application\/ld+json\" class=\"yoast-schema-graph\">{\"@context\":\"https:\\\/\\\/schema.org\",\"@graph\":[{\"@type\":\"Article\",\"@id\":\"http:\\\/\\\/noviasespana.com\\\/noviasbaleares\\\/orlando-y-miranda-se-han-casado\\\/#article\",\"isPartOf\":{\"@id\":\"http:\\\/\\\/noviasespana.com\\\/noviasbaleares\\\/orlando-y-miranda-se-han-casado\\\/\"},\"author\":{\"name\":\"admin\",\"@id\":\"http:\\\/\\\/noviasespana.com\\\/noviasbaleares\\\/#\\\/schema\\\/person\\\/82ff6e303fad28e4da623aa4d27969ed\"},\"headline\":\"Orlando y Miranda se han casado\",\"datePublished\":\"2010-07-28T10:33:42+00:00\",\"mainEntityOfPage\":{\"@id\":\"http:\\\/\\\/noviasespana.com\\\/noviasbaleares\\\/orlando-y-miranda-se-han-casado\\\/\"},\"wordCount\":232,\"commentCount\":0,\"image\":{\"@id\":\"http:\\\/\\\/noviasespana.com\\\/noviasbaleares\\\/orlando-y-miranda-se-han-casado\\\/#primaryimage\"},\"thumbnailUrl\":\"http:\\\/\\\/www.diariodeunanovia.com\\\/blog\\\/wp-content\\\/uploads\\\/sites\\\/5\\\/2010\\\/07\\\/orlando-bloom-miranda-kerr-300x214.jpg\",\"articleSection\":[\"novias\"],\"inLanguage\":\"es\",\"potentialAction\":[{\"@type\":\"CommentAction\",\"name\":\"Comment\",\"target\":[\"http:\\\/\\\/noviasespana.com\\\/noviasbaleares\\\/orlando-y-miranda-se-han-casado\\\/#respond\"]}]},{\"@type\":\"WebPage\",\"@id\":\"http:\\\/\\\/noviasespana.com\\\/noviasbaleares\\\/orlando-y-miranda-se-han-casado\\\/\",\"url\":\"http:\\\/\\\/noviasespana.com\\\/noviasbaleares\\\/orlando-y-miranda-se-han-casado\\\/\",\"name\":\"Orlando y Miranda se han casado - Novias Baleares\",\"isPartOf\":{\"@id\":\"http:\\\/\\\/noviasespana.com\\\/noviasbaleares\\\/#website\"},\"primaryImageOfPage\":{\"@id\":\"http:\\\/\\\/noviasespana.com\\\/noviasbaleares\\\/orlando-y-miranda-se-han-casado\\\/#primaryimage\"},\"image\":{\"@id\":\"http:\\\/\\\/noviasespana.com\\\/noviasbaleares\\\/orlando-y-miranda-se-han-casado\\\/#primaryimage\"},\"thumbnailUrl\":\"http:\\\/\\\/www.diariodeunanovia.com\\\/blog\\\/wp-content\\\/uploads\\\/sites\\\/5\\\/2010\\\/07\\\/orlando-bloom-miranda-kerr-300x214.jpg\",\"datePublished\":\"2010-07-28T10:33:42+00:00\",\"author\":{\"@id\":\"http:\\\/\\\/noviasespana.com\\\/noviasbaleares\\\/#\\\/schema\\\/person\\\/82ff6e303fad28e4da623aa4d27969ed\"},\"breadcrumb\":{\"@id\":\"http:\\\/\\\/noviasespana.com\\\/noviasbaleares\\\/orlando-y-miranda-se-han-casado\\\/#breadcrumb\"},\"inLanguage\":\"es\",\"potentialAction\":[{\"@type\":\"ReadAction\",\"target\":[\"http:\\\/\\\/noviasespana.com\\\/noviasbaleares\\\/orlando-y-miranda-se-han-casado\\\/\"]}]},{\"@type\":\"ImageObject\",\"inLanguage\":\"es\",\"@id\":\"http:\\\/\\\/noviasespana.com\\\/noviasbaleares\\\/orlando-y-miranda-se-han-casado\\\/#primaryimage\",\"url\":\"http:\\\/\\\/www.diariodeunanovia.com\\\/blog\\\/wp-content\\\/uploads\\\/sites\\\/5\\\/2010\\\/07\\\/orlando-bloom-miranda-kerr-300x214.jpg\",\"contentUrl\":\"http:\\\/\\\/www.diariodeunanovia.com\\\/blog\\\/wp-content\\\/uploads\\\/sites\\\/5\\\/2010\\\/07\\\/orlando-bloom-miranda-kerr-300x214.jpg\"},{\"@type\":\"BreadcrumbList\",\"@id\":\"http:\\\/\\\/noviasespana.com\\\/noviasbaleares\\\/orlando-y-miranda-se-han-casado\\\/#breadcrumb\",\"itemListElement\":[{\"@type\":\"ListItem\",\"position\":1,\"name\":\"Portada\",\"item\":\"http:\\\/\\\/noviasespana.com\\\/noviasbaleares\\\/\"},{\"@type\":\"ListItem\",\"position\":2,\"name\":\"Orlando y Miranda se han casado\"}]},{\"@type\":\"WebSite\",\"@id\":\"http:\\\/\\\/noviasespana.com\\\/noviasbaleares\\\/#website\",\"url\":\"http:\\\/\\\/noviasespana.com\\\/noviasbaleares\\\/\",\"name\":\"Novias Baleares\",\"description\":\"Revista de novias\",\"potentialAction\":[{\"@type\":\"SearchAction\",\"target\":{\"@type\":\"EntryPoint\",\"urlTemplate\":\"http:\\\/\\\/noviasespana.com\\\/noviasbaleares\\\/?s={search_term_string}\"},\"query-input\":{\"@type\":\"PropertyValueSpecification\",\"valueRequired\":true,\"valueName\":\"search_term_string\"}}],\"inLanguage\":\"es\"},{\"@type\":\"Person\",\"@id\":\"http:\\\/\\\/noviasespana.com\\\/noviasbaleares\\\/#\\\/schema\\\/person\\\/82ff6e303fad28e4da623aa4d27969ed\",\"name\":\"admin\",\"image\":{\"@type\":\"ImageObject\",\"inLanguage\":\"es\",\"@id\":\"https:\\\/\\\/secure.gravatar.com\\\/avatar\\\/0f45231fddfb43fcbd0cdde4582a3580baf474d75fca7d494b42ff86847de871?s=96&d=mm&r=g\",\"url\":\"https:\\\/\\\/secure.gravatar.com\\\/avatar\\\/0f45231fddfb43fcbd0cdde4582a3580baf474d75fca7d494b42ff86847de871?s=96&d=mm&r=g\",\"contentUrl\":\"https:\\\/\\\/secure.gravatar.com\\\/avatar\\\/0f45231fddfb43fcbd0cdde4582a3580baf474d75fca7d494b42ff86847de871?s=96&d=mm&r=g\",\"caption\":\"admin\"},\"url\":\"http:\\\/\\\/noviasespana.com\\\/noviasbaleares\\\/author\\\/admin\\\/\"}]}<\/script>\n<!-- \/ Yoast SEO plugin. -->","yoast_head_json":{"title":"Orlando y Miranda se han casado - Novias Baleares","robots":{"index":"index","follow":"follow","max-snippet":"max-snippet:-1","max-image-preview":"max-image-preview:large","max-video-preview":"max-video-preview:-1"},"canonical":"http:\/\/noviasespana.com\/noviasbaleares\/orlando-y-miranda-se-han-casado\/","og_locale":"es_ES","og_type":"article","og_title":"Orlando y Miranda se han casado - Novias Baleares","og_description":"Queridas novias!!! Las bodas secretas est\u00e1n empezando a ser algo de lo m\u00e1s habitual entre celebrities, sobre todo \u00faltimamente. Megan Fox y Brian Austin Green, Pen\u00e9lope Cruz y Javier Bardem&#8230; y, ahora, los siguientes han sido Orlando Bloom y Miranda Kerr. Justo un mes despu\u00e9s de hacer oficial su compromiso, la pareja ya se ha [&hellip;]","og_url":"http:\/\/noviasespana.com\/noviasbaleares\/orlando-y-miranda-se-han-casado\/","og_site_name":"Novias Baleares","article_published_time":"2010-07-28T10:33:42+00:00","og_image":[{"url":"http:\/\/www.diariodeunanovia.com\/blog\/wp-content\/uploads\/sites\/5\/2010\/07\/orlando-bloom-miranda-kerr-300x214.jpg","type":"","width":"","height":""}],"author":"admin","twitter_misc":{"Escrito por":"admin","Tiempo de lectura":"1 minuto"},"schema":{"@context":"https:\/\/schema.org","@graph":[{"@type":"Article","@id":"http:\/\/noviasespana.com\/noviasbaleares\/orlando-y-miranda-se-han-casado\/#article","isPartOf":{"@id":"http:\/\/noviasespana.com\/noviasbaleares\/orlando-y-miranda-se-han-casado\/"},"author":{"name":"admin","@id":"http:\/\/noviasespana.com\/noviasbaleares\/#\/schema\/person\/82ff6e303fad28e4da623aa4d27969ed"},"headline":"Orlando y Miranda se han casado","datePublished":"2010-07-28T10:33:42+00:00","mainEntityOfPage":{"@id":"http:\/\/noviasespana.com\/noviasbaleares\/orlando-y-miranda-se-han-casado\/"},"wordCount":232,"commentCount":0,"image":{"@id":"http:\/\/noviasespana.com\/noviasbaleares\/orlando-y-miranda-se-han-casado\/#primaryimage"},"thumbnailUrl":"http:\/\/www.diariodeunanovia.com\/blog\/wp-content\/uploads\/sites\/5\/2010\/07\/orlando-bloom-miranda-kerr-300x214.jpg","articleSection":["novias"],"inLanguage":"es","potentialAction":[{"@type":"CommentAction","name":"Comment","target":["http:\/\/noviasespana.com\/noviasbaleares\/orlando-y-miranda-se-han-casado\/#respond"]}]},{"@type":"WebPage","@id":"http:\/\/noviasespana.com\/noviasbaleares\/orlando-y-miranda-se-han-casado\/","url":"http:\/\/noviasespana.com\/noviasbaleares\/orlando-y-miranda-se-han-casado\/","name":"Orlando y Miranda se han casado - Novias Baleares","isPartOf":{"@id":"http:\/\/noviasespana.com\/noviasbaleares\/#website"},"primaryImageOfPage":{"@id":"http:\/\/noviasespana.com\/noviasbaleares\/orlando-y-miranda-se-han-casado\/#primaryimage"},"image":{"@id":"http:\/\/noviasespana.com\/noviasbaleares\/orlando-y-miranda-se-han-casado\/#primaryimage"},"thumbnailUrl":"http:\/\/www.diariodeunanovia.com\/blog\/wp-content\/uploads\/sites\/5\/2010\/07\/orlando-bloom-miranda-kerr-300x214.jpg","datePublished":"2010-07-28T10:33:42+00:00","author":{"@id":"http:\/\/noviasespana.com\/noviasbaleares\/#\/schema\/person\/82ff6e303fad28e4da623aa4d27969ed"},"breadcrumb":{"@id":"http:\/\/noviasespana.com\/noviasbaleares\/orlando-y-miranda-se-han-casado\/#breadcrumb"},"inLanguage":"es","potentialAction":[{"@type":"ReadAction","target":["http:\/\/noviasespana.com\/noviasbaleares\/orlando-y-miranda-se-han-casado\/"]}]},{"@type":"ImageObject","inLanguage":"es","@id":"http:\/\/noviasespana.com\/noviasbaleares\/orlando-y-miranda-se-han-casado\/#primaryimage","url":"http:\/\/www.diariodeunanovia.com\/blog\/wp-content\/uploads\/sites\/5\/2010\/07\/orlando-bloom-miranda-kerr-300x214.jpg","contentUrl":"http:\/\/www.diariodeunanovia.com\/blog\/wp-content\/uploads\/sites\/5\/2010\/07\/orlando-bloom-miranda-kerr-300x214.jpg"},{"@type":"BreadcrumbList","@id":"http:\/\/noviasespana.com\/noviasbaleares\/orlando-y-miranda-se-han-casado\/#breadcrumb","itemListElement":[{"@type":"ListItem","position":1,"name":"Portada","item":"http:\/\/noviasespana.com\/noviasbaleares\/"},{"@type":"ListItem","position":2,"name":"Orlando y Miranda se han casado"}]},{"@type":"WebSite","@id":"http:\/\/noviasespana.com\/noviasbaleares\/#website","url":"http:\/\/noviasespana.com\/noviasbaleares\/","name":"Novias Baleares","description":"Revista de novias","potentialAction":[{"@type":"SearchAction","target":{"@type":"EntryPoint","urlTemplate":"http:\/\/noviasespana.com\/noviasbaleares\/?s={search_term_string}"},"query-input":{"@type":"PropertyValueSpecification","valueRequired":true,"valueName":"search_term_string"}}],"inLanguage":"es"},{"@type":"Person","@id":"http:\/\/noviasespana.com\/noviasbaleares\/#\/schema\/person\/82ff6e303fad28e4da623aa4d27969ed","name":"admin","image":{"@type":"ImageObject","inLanguage":"es","@id":"https:\/\/secure.gravatar.com\/avatar\/0f45231fddfb43fcbd0cdde4582a3580baf474d75fca7d494b42ff86847de871?s=96&d=mm&r=g","url":"https:\/\/secure.gravatar.com\/avatar\/0f45231fddfb43fcbd0cdde4582a3580baf474d75fca7d494b42ff86847de871?s=96&d=mm&r=g","contentUrl":"https:\/\/secure.gravatar.com\/avatar\/0f45231fddfb43fcbd0cdde4582a3580baf474d75fca7d494b42ff86847de871?s=96&d=mm&r=g","caption":"admin"},"url":"http:\/\/noviasespana.com\/noviasbaleares\/author\/admin\/"}]}},"jetpack_featured_media_url":"","jetpack_sharing_enabled":true,"jetpack_shortlink":"https:\/\/wp.me\/p5Hg6P-vO","jetpack_likes_enabled":true,"_links":{"self":[{"href":"http:\/\/noviasespana.com\/noviasbaleares\/wp-json\/wp\/v2\/posts\/1972","targetHints":{"allow":["GET"]}}],"collection":[{"href":"http:\/\/noviasespana.com\/noviasbaleares\/wp-json\/wp\/v2\/posts"}],"about":[{"href":"http:\/\/noviasespana.com\/noviasbaleares\/wp-json\/wp\/v2\/types\/post"}],"author":[{"embeddable":true,"href":"http:\/\/noviasespana.com\/noviasbaleares\/wp-json\/wp\/v2\/users\/2"}],"replies":[{"embeddable":true,"href":"http:\/\/noviasespana.com\/noviasbaleares\/wp-json\/wp\/v2\/comments?post=1972"}],"version-history":[{"count":0,"href":"http:\/\/noviasespana.com\/noviasbaleares\/wp-json\/wp\/v2\/posts\/1972\/revisions"}],"wp:attachment":[{"href":"http:\/\/noviasespana.com\/noviasbaleares\/wp-json\/wp\/v2\/media?parent=1972"}],"wp:term":[{"taxonomy":"category","embeddable":true,"href":"http:\/\/noviasespana.com\/noviasbaleares\/wp-json\/wp\/v2\/categories?post=1972"},{"taxonomy":"post_tag","embeddable":true,"href":"http:\/\/noviasespana.com\/noviasbaleares\/wp-json\/wp\/v2\/tags?post=1972"}],"curies":[{"name":"wp","href":"https:\/\/api.w.org\/{rel}","templated":true}]}}