{"id":1896,"date":"2010-07-14T10:07:19","date_gmt":"2010-07-14T08:07:19","guid":{"rendered":"http:\/\/www.diariodeunanovia.com\/blog\/?p=1896"},"modified":"2010-07-14T10:07:19","modified_gmt":"2010-07-14T08:07:19","slug":"penelope-cruz-y-javier-bardem-se-casaron-en-las-bahamas-a-principios-de-julio","status":"publish","type":"post","link":"http:\/\/noviasespana.com\/noviasbaleares\/penelope-cruz-y-javier-bardem-se-casaron-en-las-bahamas-a-principios-de-julio\/","title":{"rendered":"Pen\u00e9lope Cruz y Javier Bardem se casaron en las Bahamas a principios de julio"},"content":{"rendered":"<p><img data-recalc-dims=\"1\" loading=\"lazy\" decoding=\"async\" class=\"aligncenter size-medium wp-image-1901\" title=\"penelope cruz y javier bardem en hola\" src=\"https:\/\/i0.wp.com\/www.diariodeunanovia.com\/blog\/wp-content\/uploads\/sites\/5\/2010\/07\/penelope-cruz-y-javier-bardem-en-hola-252x300.jpg?resize=252%2C300\" alt=\"penelope cruz y javier bardem en hola\" width=\"252\" height=\"300\" \/><\/p>\n<p>Queridas novias! Hoy nos hemos enterado por <a href=\"http:\/\/www.elmundo.es\" target=\"_blank\">elmundo.es<\/a> que Pen\u00e9lope Cruz y Javier Bardem contrajeron matrimonio a principios de este mes en las islas Bahamas despu\u00e9s de meses de rumores sobre su presunto enlace. Lo ha confirmado hoy la agencia que representa a la actriz espa\u00f1ola, en un escueto comunicado, en el que el jefe de prensa de Kuranda, Antonio Rubial, ha informado de que la boda de la famosa pareja que tuvo lugar \u00aba principios del mes de julio en Las Bahamas, en casa de unos amigos\u00bb. \u00abS\u00f3lo asistieron a la ceremonia familiares de la pareja\u00bb, se indic\u00f3 desde Kuranda. La actriz eligi\u00f3 para las nupcias un vestido del dise\u00f1ador John Galiano.<\/p>\n<p>Se trata del primer matrimonio para Cruz y Bardem, de 36 y 41 a\u00f1os respectivamente, cuya relaci\u00f3n salt\u00f3 a las portadas de las revistas en 2007 tras ser fotografiados juntos pasando unos d\u00edas en las islas Maldivas.<\/p>\n<p>La qu\u00edmica existente entre esta pareja de espa\u00f1oles se vio por primera vez cuando trabajaron juntos en el filme &#8216;Jam\u00f3n, jam\u00f3n&#8217; (1992), dirigido por Bigas Luna, en la que fue la primera pel\u00edcula de la actriz. Sus carreras no se volver\u00edan a cruzar hasta &#8216;Vicky Cristina Barcelona&#8217; (2008), del cineasta Woody Allen, en la que ambos interpretaron a una pareja de artistas que viv\u00edan un amor imposible.<\/p>\n","protected":false},"excerpt":{"rendered":"<p>Queridas novias! Hoy nos hemos enterado por elmundo.es que Pen\u00e9lope Cruz y Javier Bardem contrajeron matrimonio a principios de este mes en las islas Bahamas despu\u00e9s de meses de rumores sobre su presunto enlace. Lo ha confirmado hoy la agencia que representa a la actriz espa\u00f1ola, en un escueto comunicado, en el que el jefe [&hellip;]<\/p>\n","protected":false},"author":3,"featured_media":0,"comment_status":"open","ping_status":"open","sticky":false,"template":"","format":"standard","meta":{"jetpack_post_was_ever_published":false,"_jetpack_newsletter_access":"","_jetpack_dont_email_post_to_subs":false,"_jetpack_newsletter_tier_id":0,"_jetpack_memberships_contains_paywalled_content":false,"_jetpack_memberships_contains_paid_content":false,"footnotes":""},"categories":[1],"tags":[],"class_list":["post-1896","post","type-post","status-publish","format-standard","hentry","category-novias"],"yoast_head":"<!-- This site is optimized with the Yoast SEO plugin v27.5 - https:\/\/yoast.com\/product\/yoast-seo-wordpress\/ -->\n<title>Pen\u00e9lope Cruz y Javier Bardem se casaron en las Bahamas a principios de julio - Novias Baleares<\/title>\n<meta name=\"robots\" content=\"index, follow, max-snippet:-1, max-image-preview:large, max-video-preview:-1\" \/>\n<link rel=\"canonical\" href=\"http:\/\/noviasespana.com\/noviasbaleares\/penelope-cruz-y-javier-bardem-se-casaron-en-las-bahamas-a-principios-de-julio\/\" \/>\n<meta property=\"og:locale\" content=\"es_ES\" \/>\n<meta property=\"og:type\" content=\"article\" \/>\n<meta property=\"og:title\" content=\"Pen\u00e9lope Cruz y Javier Bardem se casaron en las Bahamas a principios de julio - Novias Baleares\" \/>\n<meta property=\"og:description\" content=\"Queridas novias! Hoy nos hemos enterado por elmundo.es que Pen\u00e9lope Cruz y Javier Bardem contrajeron matrimonio a principios de este mes en las islas Bahamas despu\u00e9s de meses de rumores sobre su presunto enlace. Lo ha confirmado hoy la agencia que representa a la actriz espa\u00f1ola, en un escueto comunicado, en el que el jefe [&hellip;]\" \/>\n<meta property=\"og:url\" content=\"http:\/\/noviasespana.com\/noviasbaleares\/penelope-cruz-y-javier-bardem-se-casaron-en-las-bahamas-a-principios-de-julio\/\" \/>\n<meta property=\"og:site_name\" content=\"Novias Baleares\" \/>\n<meta property=\"article:published_time\" content=\"2010-07-14T08:07:19+00:00\" \/>\n<meta property=\"og:image\" content=\"http:\/\/www.diariodeunanovia.com\/blog\/wp-content\/uploads\/sites\/5\/2010\/07\/penelope-cruz-y-javier-bardem-en-hola-252x300.jpg\" \/>\n<meta name=\"author\" content=\"Itziar Ulibarri\" \/>\n<meta name=\"twitter:label1\" content=\"Escrito por\" \/>\n\t<meta name=\"twitter:data1\" content=\"Itziar Ulibarri\" \/>\n\t<meta name=\"twitter:label2\" content=\"Tiempo de lectura\" \/>\n\t<meta name=\"twitter:data2\" content=\"1 minuto\" \/>\n<script type=\"application\/ld+json\" class=\"yoast-schema-graph\">{\"@context\":\"https:\\\/\\\/schema.org\",\"@graph\":[{\"@type\":\"Article\",\"@id\":\"http:\\\/\\\/noviasespana.com\\\/noviasbaleares\\\/penelope-cruz-y-javier-bardem-se-casaron-en-las-bahamas-a-principios-de-julio\\\/#article\",\"isPartOf\":{\"@id\":\"http:\\\/\\\/noviasespana.com\\\/noviasbaleares\\\/penelope-cruz-y-javier-bardem-se-casaron-en-las-bahamas-a-principios-de-julio\\\/\"},\"author\":{\"name\":\"Itziar Ulibarri\",\"@id\":\"http:\\\/\\\/noviasespana.com\\\/noviasbaleares\\\/#\\\/schema\\\/person\\\/c060dc000330112f5716554151443d11\"},\"headline\":\"Pen\u00e9lope Cruz y Javier Bardem se casaron en las Bahamas a principios de julio\",\"datePublished\":\"2010-07-14T08:07:19+00:00\",\"mainEntityOfPage\":{\"@id\":\"http:\\\/\\\/noviasespana.com\\\/noviasbaleares\\\/penelope-cruz-y-javier-bardem-se-casaron-en-las-bahamas-a-principios-de-julio\\\/\"},\"wordCount\":243,\"commentCount\":0,\"image\":{\"@id\":\"http:\\\/\\\/noviasespana.com\\\/noviasbaleares\\\/penelope-cruz-y-javier-bardem-se-casaron-en-las-bahamas-a-principios-de-julio\\\/#primaryimage\"},\"thumbnailUrl\":\"http:\\\/\\\/www.diariodeunanovia.com\\\/blog\\\/wp-content\\\/uploads\\\/sites\\\/5\\\/2010\\\/07\\\/penelope-cruz-y-javier-bardem-en-hola-252x300.jpg\",\"articleSection\":[\"novias\"],\"inLanguage\":\"es\",\"potentialAction\":[{\"@type\":\"CommentAction\",\"name\":\"Comment\",\"target\":[\"http:\\\/\\\/noviasespana.com\\\/noviasbaleares\\\/penelope-cruz-y-javier-bardem-se-casaron-en-las-bahamas-a-principios-de-julio\\\/#respond\"]}]},{\"@type\":\"WebPage\",\"@id\":\"http:\\\/\\\/noviasespana.com\\\/noviasbaleares\\\/penelope-cruz-y-javier-bardem-se-casaron-en-las-bahamas-a-principios-de-julio\\\/\",\"url\":\"http:\\\/\\\/noviasespana.com\\\/noviasbaleares\\\/penelope-cruz-y-javier-bardem-se-casaron-en-las-bahamas-a-principios-de-julio\\\/\",\"name\":\"Pen\u00e9lope Cruz y Javier Bardem se casaron en las Bahamas a principios de julio - Novias Baleares\",\"isPartOf\":{\"@id\":\"http:\\\/\\\/noviasespana.com\\\/noviasbaleares\\\/#website\"},\"primaryImageOfPage\":{\"@id\":\"http:\\\/\\\/noviasespana.com\\\/noviasbaleares\\\/penelope-cruz-y-javier-bardem-se-casaron-en-las-bahamas-a-principios-de-julio\\\/#primaryimage\"},\"image\":{\"@id\":\"http:\\\/\\\/noviasespana.com\\\/noviasbaleares\\\/penelope-cruz-y-javier-bardem-se-casaron-en-las-bahamas-a-principios-de-julio\\\/#primaryimage\"},\"thumbnailUrl\":\"http:\\\/\\\/www.diariodeunanovia.com\\\/blog\\\/wp-content\\\/uploads\\\/sites\\\/5\\\/2010\\\/07\\\/penelope-cruz-y-javier-bardem-en-hola-252x300.jpg\",\"datePublished\":\"2010-07-14T08:07:19+00:00\",\"author\":{\"@id\":\"http:\\\/\\\/noviasespana.com\\\/noviasbaleares\\\/#\\\/schema\\\/person\\\/c060dc000330112f5716554151443d11\"},\"breadcrumb\":{\"@id\":\"http:\\\/\\\/noviasespana.com\\\/noviasbaleares\\\/penelope-cruz-y-javier-bardem-se-casaron-en-las-bahamas-a-principios-de-julio\\\/#breadcrumb\"},\"inLanguage\":\"es\",\"potentialAction\":[{\"@type\":\"ReadAction\",\"target\":[\"http:\\\/\\\/noviasespana.com\\\/noviasbaleares\\\/penelope-cruz-y-javier-bardem-se-casaron-en-las-bahamas-a-principios-de-julio\\\/\"]}]},{\"@type\":\"ImageObject\",\"inLanguage\":\"es\",\"@id\":\"http:\\\/\\\/noviasespana.com\\\/noviasbaleares\\\/penelope-cruz-y-javier-bardem-se-casaron-en-las-bahamas-a-principios-de-julio\\\/#primaryimage\",\"url\":\"http:\\\/\\\/www.diariodeunanovia.com\\\/blog\\\/wp-content\\\/uploads\\\/sites\\\/5\\\/2010\\\/07\\\/penelope-cruz-y-javier-bardem-en-hola-252x300.jpg\",\"contentUrl\":\"http:\\\/\\\/www.diariodeunanovia.com\\\/blog\\\/wp-content\\\/uploads\\\/sites\\\/5\\\/2010\\\/07\\\/penelope-cruz-y-javier-bardem-en-hola-252x300.jpg\"},{\"@type\":\"BreadcrumbList\",\"@id\":\"http:\\\/\\\/noviasespana.com\\\/noviasbaleares\\\/penelope-cruz-y-javier-bardem-se-casaron-en-las-bahamas-a-principios-de-julio\\\/#breadcrumb\",\"itemListElement\":[{\"@type\":\"ListItem\",\"position\":1,\"name\":\"Portada\",\"item\":\"http:\\\/\\\/noviasespana.com\\\/noviasbaleares\\\/\"},{\"@type\":\"ListItem\",\"position\":2,\"name\":\"Pen\u00e9lope Cruz y Javier Bardem se casaron en las Bahamas a principios de julio\"}]},{\"@type\":\"WebSite\",\"@id\":\"http:\\\/\\\/noviasespana.com\\\/noviasbaleares\\\/#website\",\"url\":\"http:\\\/\\\/noviasespana.com\\\/noviasbaleares\\\/\",\"name\":\"Novias Baleares\",\"description\":\"Revista de novias\",\"potentialAction\":[{\"@type\":\"SearchAction\",\"target\":{\"@type\":\"EntryPoint\",\"urlTemplate\":\"http:\\\/\\\/noviasespana.com\\\/noviasbaleares\\\/?s={search_term_string}\"},\"query-input\":{\"@type\":\"PropertyValueSpecification\",\"valueRequired\":true,\"valueName\":\"search_term_string\"}}],\"inLanguage\":\"es\"},{\"@type\":\"Person\",\"@id\":\"http:\\\/\\\/noviasespana.com\\\/noviasbaleares\\\/#\\\/schema\\\/person\\\/c060dc000330112f5716554151443d11\",\"name\":\"Itziar Ulibarri\",\"image\":{\"@type\":\"ImageObject\",\"inLanguage\":\"es\",\"@id\":\"https:\\\/\\\/secure.gravatar.com\\\/avatar\\\/b06c45343f65e11822f6ad8da8a1ad64b2d03bfe34aa43d123c6af520fb46a58?s=96&d=mm&r=g\",\"url\":\"https:\\\/\\\/secure.gravatar.com\\\/avatar\\\/b06c45343f65e11822f6ad8da8a1ad64b2d03bfe34aa43d123c6af520fb46a58?s=96&d=mm&r=g\",\"contentUrl\":\"https:\\\/\\\/secure.gravatar.com\\\/avatar\\\/b06c45343f65e11822f6ad8da8a1ad64b2d03bfe34aa43d123c6af520fb46a58?s=96&d=mm&r=g\",\"caption\":\"Itziar Ulibarri\"},\"url\":\"http:\\\/\\\/noviasespana.com\\\/noviasbaleares\\\/author\\\/itziar\\\/\"}]}<\/script>\n<!-- \/ Yoast SEO plugin. -->","yoast_head_json":{"title":"Pen\u00e9lope Cruz y Javier Bardem se casaron en las Bahamas a principios de julio - Novias Baleares","robots":{"index":"index","follow":"follow","max-snippet":"max-snippet:-1","max-image-preview":"max-image-preview:large","max-video-preview":"max-video-preview:-1"},"canonical":"http:\/\/noviasespana.com\/noviasbaleares\/penelope-cruz-y-javier-bardem-se-casaron-en-las-bahamas-a-principios-de-julio\/","og_locale":"es_ES","og_type":"article","og_title":"Pen\u00e9lope Cruz y Javier Bardem se casaron en las Bahamas a principios de julio - Novias Baleares","og_description":"Queridas novias! Hoy nos hemos enterado por elmundo.es que Pen\u00e9lope Cruz y Javier Bardem contrajeron matrimonio a principios de este mes en las islas Bahamas despu\u00e9s de meses de rumores sobre su presunto enlace. Lo ha confirmado hoy la agencia que representa a la actriz espa\u00f1ola, en un escueto comunicado, en el que el jefe [&hellip;]","og_url":"http:\/\/noviasespana.com\/noviasbaleares\/penelope-cruz-y-javier-bardem-se-casaron-en-las-bahamas-a-principios-de-julio\/","og_site_name":"Novias Baleares","article_published_time":"2010-07-14T08:07:19+00:00","og_image":[{"url":"http:\/\/www.diariodeunanovia.com\/blog\/wp-content\/uploads\/sites\/5\/2010\/07\/penelope-cruz-y-javier-bardem-en-hola-252x300.jpg","type":"","width":"","height":""}],"author":"Itziar Ulibarri","twitter_misc":{"Escrito por":"Itziar Ulibarri","Tiempo de lectura":"1 minuto"},"schema":{"@context":"https:\/\/schema.org","@graph":[{"@type":"Article","@id":"http:\/\/noviasespana.com\/noviasbaleares\/penelope-cruz-y-javier-bardem-se-casaron-en-las-bahamas-a-principios-de-julio\/#article","isPartOf":{"@id":"http:\/\/noviasespana.com\/noviasbaleares\/penelope-cruz-y-javier-bardem-se-casaron-en-las-bahamas-a-principios-de-julio\/"},"author":{"name":"Itziar Ulibarri","@id":"http:\/\/noviasespana.com\/noviasbaleares\/#\/schema\/person\/c060dc000330112f5716554151443d11"},"headline":"Pen\u00e9lope Cruz y Javier Bardem se casaron en las Bahamas a principios de julio","datePublished":"2010-07-14T08:07:19+00:00","mainEntityOfPage":{"@id":"http:\/\/noviasespana.com\/noviasbaleares\/penelope-cruz-y-javier-bardem-se-casaron-en-las-bahamas-a-principios-de-julio\/"},"wordCount":243,"commentCount":0,"image":{"@id":"http:\/\/noviasespana.com\/noviasbaleares\/penelope-cruz-y-javier-bardem-se-casaron-en-las-bahamas-a-principios-de-julio\/#primaryimage"},"thumbnailUrl":"http:\/\/www.diariodeunanovia.com\/blog\/wp-content\/uploads\/sites\/5\/2010\/07\/penelope-cruz-y-javier-bardem-en-hola-252x300.jpg","articleSection":["novias"],"inLanguage":"es","potentialAction":[{"@type":"CommentAction","name":"Comment","target":["http:\/\/noviasespana.com\/noviasbaleares\/penelope-cruz-y-javier-bardem-se-casaron-en-las-bahamas-a-principios-de-julio\/#respond"]}]},{"@type":"WebPage","@id":"http:\/\/noviasespana.com\/noviasbaleares\/penelope-cruz-y-javier-bardem-se-casaron-en-las-bahamas-a-principios-de-julio\/","url":"http:\/\/noviasespana.com\/noviasbaleares\/penelope-cruz-y-javier-bardem-se-casaron-en-las-bahamas-a-principios-de-julio\/","name":"Pen\u00e9lope Cruz y Javier Bardem se casaron en las Bahamas a principios de julio - Novias Baleares","isPartOf":{"@id":"http:\/\/noviasespana.com\/noviasbaleares\/#website"},"primaryImageOfPage":{"@id":"http:\/\/noviasespana.com\/noviasbaleares\/penelope-cruz-y-javier-bardem-se-casaron-en-las-bahamas-a-principios-de-julio\/#primaryimage"},"image":{"@id":"http:\/\/noviasespana.com\/noviasbaleares\/penelope-cruz-y-javier-bardem-se-casaron-en-las-bahamas-a-principios-de-julio\/#primaryimage"},"thumbnailUrl":"http:\/\/www.diariodeunanovia.com\/blog\/wp-content\/uploads\/sites\/5\/2010\/07\/penelope-cruz-y-javier-bardem-en-hola-252x300.jpg","datePublished":"2010-07-14T08:07:19+00:00","author":{"@id":"http:\/\/noviasespana.com\/noviasbaleares\/#\/schema\/person\/c060dc000330112f5716554151443d11"},"breadcrumb":{"@id":"http:\/\/noviasespana.com\/noviasbaleares\/penelope-cruz-y-javier-bardem-se-casaron-en-las-bahamas-a-principios-de-julio\/#breadcrumb"},"inLanguage":"es","potentialAction":[{"@type":"ReadAction","target":["http:\/\/noviasespana.com\/noviasbaleares\/penelope-cruz-y-javier-bardem-se-casaron-en-las-bahamas-a-principios-de-julio\/"]}]},{"@type":"ImageObject","inLanguage":"es","@id":"http:\/\/noviasespana.com\/noviasbaleares\/penelope-cruz-y-javier-bardem-se-casaron-en-las-bahamas-a-principios-de-julio\/#primaryimage","url":"http:\/\/www.diariodeunanovia.com\/blog\/wp-content\/uploads\/sites\/5\/2010\/07\/penelope-cruz-y-javier-bardem-en-hola-252x300.jpg","contentUrl":"http:\/\/www.diariodeunanovia.com\/blog\/wp-content\/uploads\/sites\/5\/2010\/07\/penelope-cruz-y-javier-bardem-en-hola-252x300.jpg"},{"@type":"BreadcrumbList","@id":"http:\/\/noviasespana.com\/noviasbaleares\/penelope-cruz-y-javier-bardem-se-casaron-en-las-bahamas-a-principios-de-julio\/#breadcrumb","itemListElement":[{"@type":"ListItem","position":1,"name":"Portada","item":"http:\/\/noviasespana.com\/noviasbaleares\/"},{"@type":"ListItem","position":2,"name":"Pen\u00e9lope Cruz y Javier Bardem se casaron en las Bahamas a principios de julio"}]},{"@type":"WebSite","@id":"http:\/\/noviasespana.com\/noviasbaleares\/#website","url":"http:\/\/noviasespana.com\/noviasbaleares\/","name":"Novias Baleares","description":"Revista de novias","potentialAction":[{"@type":"SearchAction","target":{"@type":"EntryPoint","urlTemplate":"http:\/\/noviasespana.com\/noviasbaleares\/?s={search_term_string}"},"query-input":{"@type":"PropertyValueSpecification","valueRequired":true,"valueName":"search_term_string"}}],"inLanguage":"es"},{"@type":"Person","@id":"http:\/\/noviasespana.com\/noviasbaleares\/#\/schema\/person\/c060dc000330112f5716554151443d11","name":"Itziar Ulibarri","image":{"@type":"ImageObject","inLanguage":"es","@id":"https:\/\/secure.gravatar.com\/avatar\/b06c45343f65e11822f6ad8da8a1ad64b2d03bfe34aa43d123c6af520fb46a58?s=96&d=mm&r=g","url":"https:\/\/secure.gravatar.com\/avatar\/b06c45343f65e11822f6ad8da8a1ad64b2d03bfe34aa43d123c6af520fb46a58?s=96&d=mm&r=g","contentUrl":"https:\/\/secure.gravatar.com\/avatar\/b06c45343f65e11822f6ad8da8a1ad64b2d03bfe34aa43d123c6af520fb46a58?s=96&d=mm&r=g","caption":"Itziar Ulibarri"},"url":"http:\/\/noviasespana.com\/noviasbaleares\/author\/itziar\/"}]}},"jetpack_featured_media_url":"","jetpack_sharing_enabled":true,"jetpack_shortlink":"https:\/\/wp.me\/p5Hg6P-uA","jetpack_likes_enabled":true,"_links":{"self":[{"href":"http:\/\/noviasespana.com\/noviasbaleares\/wp-json\/wp\/v2\/posts\/1896","targetHints":{"allow":["GET"]}}],"collection":[{"href":"http:\/\/noviasespana.com\/noviasbaleares\/wp-json\/wp\/v2\/posts"}],"about":[{"href":"http:\/\/noviasespana.com\/noviasbaleares\/wp-json\/wp\/v2\/types\/post"}],"author":[{"embeddable":true,"href":"http:\/\/noviasespana.com\/noviasbaleares\/wp-json\/wp\/v2\/users\/3"}],"replies":[{"embeddable":true,"href":"http:\/\/noviasespana.com\/noviasbaleares\/wp-json\/wp\/v2\/comments?post=1896"}],"version-history":[{"count":0,"href":"http:\/\/noviasespana.com\/noviasbaleares\/wp-json\/wp\/v2\/posts\/1896\/revisions"}],"wp:attachment":[{"href":"http:\/\/noviasespana.com\/noviasbaleares\/wp-json\/wp\/v2\/media?parent=1896"}],"wp:term":[{"taxonomy":"category","embeddable":true,"href":"http:\/\/noviasespana.com\/noviasbaleares\/wp-json\/wp\/v2\/categories?post=1896"},{"taxonomy":"post_tag","embeddable":true,"href":"http:\/\/noviasespana.com\/noviasbaleares\/wp-json\/wp\/v2\/tags?post=1896"}],"curies":[{"name":"wp","href":"https:\/\/api.w.org\/{rel}","templated":true}]}}