{"id":1822,"date":"2010-07-06T10:26:44","date_gmt":"2010-07-06T08:26:44","guid":{"rendered":"http:\/\/www.diariodeunanovia.com\/blog\/?p=1822"},"modified":"2010-07-06T10:26:44","modified_gmt":"2010-07-06T08:26:44","slug":"un-merecido-descanso","status":"publish","type":"post","link":"http:\/\/noviasespana.com\/noviasbaleares\/un-merecido-descanso\/","title":{"rendered":"Un merecido descanso"},"content":{"rendered":"<p style=\"text-align: justify\"><img decoding=\"async\" src=\"\/Users\/Puri\/AppData\/Local\/Temp\/moz-screenshot-2.png\" alt=\"\" \/><img data-recalc-dims=\"1\" loading=\"lazy\" decoding=\"async\" class=\"aligncenter size-medium wp-image-1868\" title=\"Nueva imagen\" src=\"https:\/\/i0.wp.com\/www.diariodeunanovia.com\/blog\/wp-content\/uploads\/sites\/5\/2010\/07\/Nueva-imagen-300x201.png?resize=300%2C201\" alt=\"Nueva imagen\" width=\"300\" height=\"201\" \/><\/p>\n<p style=\"text-align: justify\">Queridas novias!!! Qu\u00e9 mejor manera para dar  un respiro a tu vida cotidiana que disfrutar de unos d\u00edas en uno de los  mejores spas del mundo. En el coraz\u00f3n de uno de los m\u00e1s hermosos  paisajes de Suiza, en las riveras del lago Leman y frente a los Alpes,  la <a href=\"http:\/\/www.laprairie.ch\/\">Cl\u00ednica de La Prairie<\/a>, en Montreux, es un remanso de  paz y de vitalidad incomparable. Situada en un marco natural y  arquitect\u00f3nico excepcional, ofrece un abanico de prestaciones m\u00e9dicas y  param\u00e9dicas cuyo \u00fanico objetivo es luchar contra los efectos de la edad y  en pos del logro de una mejor calidad de vida. La Cl\u00ednica de La Prairie es un centro  multidisciplinar que a\u00fana la excelencia y los mejores servicios de los  spas del siglo XXI con el lujo de un hotel de cinco estrellas. Este  centro ofrece a sus clientes el cuidado centrado en tres pilares  fundamentales para una vida plena y feliz: la salud, la belleza y el  bienestar; aspectos pluridisciplinares que permiten responder de forma  precisa a las necesidades espec\u00edficas de cada paciente y a las m\u00e1s altas  exigencias. M\u00e1s all\u00e1 del tratamiento exclusivo de  Revitalizaci\u00f3n y de su rico cat\u00e1logo de especialidades m\u00e9dicas, la  Cl\u00ednica de la Prairie propone un extenso abanico de prestaciones  complementarias volcadas en el bienestar de sus hu\u00e9spedes, que mejoran  la salud, la energ\u00eda, la belleza y la calidad de vida.<\/p>\n","protected":false},"excerpt":{"rendered":"<p>Queridas novias!!! Qu\u00e9 mejor manera para dar un respiro a tu vida cotidiana que disfrutar de unos d\u00edas en uno de los mejores spas del mundo. En el coraz\u00f3n de uno de los m\u00e1s hermosos paisajes de Suiza, en las riveras del lago Leman y frente a los Alpes, la Cl\u00ednica de La Prairie, en [&hellip;]<\/p>\n","protected":false},"author":2,"featured_media":0,"comment_status":"open","ping_status":"open","sticky":false,"template":"","format":"standard","meta":{"jetpack_post_was_ever_published":false,"_jetpack_newsletter_access":"","_jetpack_dont_email_post_to_subs":false,"_jetpack_newsletter_tier_id":0,"_jetpack_memberships_contains_paywalled_content":false,"_jetpack_memberships_contains_paid_content":false,"footnotes":""},"categories":[1],"tags":[],"class_list":["post-1822","post","type-post","status-publish","format-standard","hentry","category-novias"],"yoast_head":"<!-- This site is optimized with the Yoast SEO plugin v27.5 - https:\/\/yoast.com\/product\/yoast-seo-wordpress\/ -->\n<title>Un merecido descanso - Novias Baleares<\/title>\n<meta name=\"robots\" content=\"index, follow, max-snippet:-1, max-image-preview:large, max-video-preview:-1\" \/>\n<link rel=\"canonical\" href=\"http:\/\/noviasespana.com\/noviasbaleares\/un-merecido-descanso\/\" \/>\n<meta property=\"og:locale\" content=\"es_ES\" \/>\n<meta property=\"og:type\" content=\"article\" \/>\n<meta property=\"og:title\" content=\"Un merecido descanso - Novias Baleares\" \/>\n<meta property=\"og:description\" content=\"Queridas novias!!! Qu\u00e9 mejor manera para dar un respiro a tu vida cotidiana que disfrutar de unos d\u00edas en uno de los mejores spas del mundo. En el coraz\u00f3n de uno de los m\u00e1s hermosos paisajes de Suiza, en las riveras del lago Leman y frente a los Alpes, la Cl\u00ednica de La Prairie, en [&hellip;]\" \/>\n<meta property=\"og:url\" content=\"http:\/\/noviasespana.com\/noviasbaleares\/un-merecido-descanso\/\" \/>\n<meta property=\"og:site_name\" content=\"Novias Baleares\" \/>\n<meta property=\"article:published_time\" content=\"2010-07-06T08:26:44+00:00\" \/>\n<meta property=\"og:image\" content=\"http:\/\/noviasespana.com\/Users\/Puri\/AppData\/Local\/Temp\/moz-screenshot-2.png\" \/>\n<meta name=\"author\" content=\"admin\" \/>\n<meta name=\"twitter:label1\" content=\"Escrito por\" \/>\n\t<meta name=\"twitter:data1\" content=\"admin\" \/>\n\t<meta name=\"twitter:label2\" content=\"Tiempo de lectura\" \/>\n\t<meta name=\"twitter:data2\" content=\"1 minuto\" \/>\n<script type=\"application\/ld+json\" class=\"yoast-schema-graph\">{\"@context\":\"https:\\\/\\\/schema.org\",\"@graph\":[{\"@type\":\"Article\",\"@id\":\"http:\\\/\\\/noviasespana.com\\\/noviasbaleares\\\/un-merecido-descanso\\\/#article\",\"isPartOf\":{\"@id\":\"http:\\\/\\\/noviasespana.com\\\/noviasbaleares\\\/un-merecido-descanso\\\/\"},\"author\":{\"name\":\"admin\",\"@id\":\"http:\\\/\\\/noviasespana.com\\\/noviasbaleares\\\/#\\\/schema\\\/person\\\/82ff6e303fad28e4da623aa4d27969ed\"},\"headline\":\"Un merecido descanso\",\"datePublished\":\"2010-07-06T08:26:44+00:00\",\"mainEntityOfPage\":{\"@id\":\"http:\\\/\\\/noviasespana.com\\\/noviasbaleares\\\/un-merecido-descanso\\\/\"},\"wordCount\":250,\"commentCount\":0,\"image\":{\"@id\":\"http:\\\/\\\/noviasespana.com\\\/noviasbaleares\\\/un-merecido-descanso\\\/#primaryimage\"},\"thumbnailUrl\":\"http:\\\/\\\/www.diariodeunanovia.com\\\/blog\\\/wp-content\\\/uploads\\\/sites\\\/5\\\/2010\\\/07\\\/Nueva-imagen-300x201.png\",\"articleSection\":[\"novias\"],\"inLanguage\":\"es\",\"potentialAction\":[{\"@type\":\"CommentAction\",\"name\":\"Comment\",\"target\":[\"http:\\\/\\\/noviasespana.com\\\/noviasbaleares\\\/un-merecido-descanso\\\/#respond\"]}]},{\"@type\":\"WebPage\",\"@id\":\"http:\\\/\\\/noviasespana.com\\\/noviasbaleares\\\/un-merecido-descanso\\\/\",\"url\":\"http:\\\/\\\/noviasespana.com\\\/noviasbaleares\\\/un-merecido-descanso\\\/\",\"name\":\"Un merecido descanso - Novias Baleares\",\"isPartOf\":{\"@id\":\"http:\\\/\\\/noviasespana.com\\\/noviasbaleares\\\/#website\"},\"primaryImageOfPage\":{\"@id\":\"http:\\\/\\\/noviasespana.com\\\/noviasbaleares\\\/un-merecido-descanso\\\/#primaryimage\"},\"image\":{\"@id\":\"http:\\\/\\\/noviasespana.com\\\/noviasbaleares\\\/un-merecido-descanso\\\/#primaryimage\"},\"thumbnailUrl\":\"http:\\\/\\\/www.diariodeunanovia.com\\\/blog\\\/wp-content\\\/uploads\\\/sites\\\/5\\\/2010\\\/07\\\/Nueva-imagen-300x201.png\",\"datePublished\":\"2010-07-06T08:26:44+00:00\",\"author\":{\"@id\":\"http:\\\/\\\/noviasespana.com\\\/noviasbaleares\\\/#\\\/schema\\\/person\\\/82ff6e303fad28e4da623aa4d27969ed\"},\"breadcrumb\":{\"@id\":\"http:\\\/\\\/noviasespana.com\\\/noviasbaleares\\\/un-merecido-descanso\\\/#breadcrumb\"},\"inLanguage\":\"es\",\"potentialAction\":[{\"@type\":\"ReadAction\",\"target\":[\"http:\\\/\\\/noviasespana.com\\\/noviasbaleares\\\/un-merecido-descanso\\\/\"]}]},{\"@type\":\"ImageObject\",\"inLanguage\":\"es\",\"@id\":\"http:\\\/\\\/noviasespana.com\\\/noviasbaleares\\\/un-merecido-descanso\\\/#primaryimage\",\"url\":\"http:\\\/\\\/www.diariodeunanovia.com\\\/blog\\\/wp-content\\\/uploads\\\/sites\\\/5\\\/2010\\\/07\\\/Nueva-imagen-300x201.png\",\"contentUrl\":\"http:\\\/\\\/www.diariodeunanovia.com\\\/blog\\\/wp-content\\\/uploads\\\/sites\\\/5\\\/2010\\\/07\\\/Nueva-imagen-300x201.png\"},{\"@type\":\"BreadcrumbList\",\"@id\":\"http:\\\/\\\/noviasespana.com\\\/noviasbaleares\\\/un-merecido-descanso\\\/#breadcrumb\",\"itemListElement\":[{\"@type\":\"ListItem\",\"position\":1,\"name\":\"Portada\",\"item\":\"http:\\\/\\\/noviasespana.com\\\/noviasbaleares\\\/\"},{\"@type\":\"ListItem\",\"position\":2,\"name\":\"Un merecido descanso\"}]},{\"@type\":\"WebSite\",\"@id\":\"http:\\\/\\\/noviasespana.com\\\/noviasbaleares\\\/#website\",\"url\":\"http:\\\/\\\/noviasespana.com\\\/noviasbaleares\\\/\",\"name\":\"Novias Baleares\",\"description\":\"Revista de novias\",\"potentialAction\":[{\"@type\":\"SearchAction\",\"target\":{\"@type\":\"EntryPoint\",\"urlTemplate\":\"http:\\\/\\\/noviasespana.com\\\/noviasbaleares\\\/?s={search_term_string}\"},\"query-input\":{\"@type\":\"PropertyValueSpecification\",\"valueRequired\":true,\"valueName\":\"search_term_string\"}}],\"inLanguage\":\"es\"},{\"@type\":\"Person\",\"@id\":\"http:\\\/\\\/noviasespana.com\\\/noviasbaleares\\\/#\\\/schema\\\/person\\\/82ff6e303fad28e4da623aa4d27969ed\",\"name\":\"admin\",\"image\":{\"@type\":\"ImageObject\",\"inLanguage\":\"es\",\"@id\":\"https:\\\/\\\/secure.gravatar.com\\\/avatar\\\/0f45231fddfb43fcbd0cdde4582a3580baf474d75fca7d494b42ff86847de871?s=96&d=mm&r=g\",\"url\":\"https:\\\/\\\/secure.gravatar.com\\\/avatar\\\/0f45231fddfb43fcbd0cdde4582a3580baf474d75fca7d494b42ff86847de871?s=96&d=mm&r=g\",\"contentUrl\":\"https:\\\/\\\/secure.gravatar.com\\\/avatar\\\/0f45231fddfb43fcbd0cdde4582a3580baf474d75fca7d494b42ff86847de871?s=96&d=mm&r=g\",\"caption\":\"admin\"},\"url\":\"http:\\\/\\\/noviasespana.com\\\/noviasbaleares\\\/author\\\/admin\\\/\"}]}<\/script>\n<!-- \/ Yoast SEO plugin. -->","yoast_head_json":{"title":"Un merecido descanso - Novias Baleares","robots":{"index":"index","follow":"follow","max-snippet":"max-snippet:-1","max-image-preview":"max-image-preview:large","max-video-preview":"max-video-preview:-1"},"canonical":"http:\/\/noviasespana.com\/noviasbaleares\/un-merecido-descanso\/","og_locale":"es_ES","og_type":"article","og_title":"Un merecido descanso - Novias Baleares","og_description":"Queridas novias!!! Qu\u00e9 mejor manera para dar un respiro a tu vida cotidiana que disfrutar de unos d\u00edas en uno de los mejores spas del mundo. En el coraz\u00f3n de uno de los m\u00e1s hermosos paisajes de Suiza, en las riveras del lago Leman y frente a los Alpes, la Cl\u00ednica de La Prairie, en [&hellip;]","og_url":"http:\/\/noviasespana.com\/noviasbaleares\/un-merecido-descanso\/","og_site_name":"Novias Baleares","article_published_time":"2010-07-06T08:26:44+00:00","og_image":[{"url":"http:\/\/noviasespana.com\/Users\/Puri\/AppData\/Local\/Temp\/moz-screenshot-2.png","type":"","width":"","height":""}],"author":"admin","twitter_misc":{"Escrito por":"admin","Tiempo de lectura":"1 minuto"},"schema":{"@context":"https:\/\/schema.org","@graph":[{"@type":"Article","@id":"http:\/\/noviasespana.com\/noviasbaleares\/un-merecido-descanso\/#article","isPartOf":{"@id":"http:\/\/noviasespana.com\/noviasbaleares\/un-merecido-descanso\/"},"author":{"name":"admin","@id":"http:\/\/noviasespana.com\/noviasbaleares\/#\/schema\/person\/82ff6e303fad28e4da623aa4d27969ed"},"headline":"Un merecido descanso","datePublished":"2010-07-06T08:26:44+00:00","mainEntityOfPage":{"@id":"http:\/\/noviasespana.com\/noviasbaleares\/un-merecido-descanso\/"},"wordCount":250,"commentCount":0,"image":{"@id":"http:\/\/noviasespana.com\/noviasbaleares\/un-merecido-descanso\/#primaryimage"},"thumbnailUrl":"http:\/\/www.diariodeunanovia.com\/blog\/wp-content\/uploads\/sites\/5\/2010\/07\/Nueva-imagen-300x201.png","articleSection":["novias"],"inLanguage":"es","potentialAction":[{"@type":"CommentAction","name":"Comment","target":["http:\/\/noviasespana.com\/noviasbaleares\/un-merecido-descanso\/#respond"]}]},{"@type":"WebPage","@id":"http:\/\/noviasespana.com\/noviasbaleares\/un-merecido-descanso\/","url":"http:\/\/noviasespana.com\/noviasbaleares\/un-merecido-descanso\/","name":"Un merecido descanso - Novias Baleares","isPartOf":{"@id":"http:\/\/noviasespana.com\/noviasbaleares\/#website"},"primaryImageOfPage":{"@id":"http:\/\/noviasespana.com\/noviasbaleares\/un-merecido-descanso\/#primaryimage"},"image":{"@id":"http:\/\/noviasespana.com\/noviasbaleares\/un-merecido-descanso\/#primaryimage"},"thumbnailUrl":"http:\/\/www.diariodeunanovia.com\/blog\/wp-content\/uploads\/sites\/5\/2010\/07\/Nueva-imagen-300x201.png","datePublished":"2010-07-06T08:26:44+00:00","author":{"@id":"http:\/\/noviasespana.com\/noviasbaleares\/#\/schema\/person\/82ff6e303fad28e4da623aa4d27969ed"},"breadcrumb":{"@id":"http:\/\/noviasespana.com\/noviasbaleares\/un-merecido-descanso\/#breadcrumb"},"inLanguage":"es","potentialAction":[{"@type":"ReadAction","target":["http:\/\/noviasespana.com\/noviasbaleares\/un-merecido-descanso\/"]}]},{"@type":"ImageObject","inLanguage":"es","@id":"http:\/\/noviasespana.com\/noviasbaleares\/un-merecido-descanso\/#primaryimage","url":"http:\/\/www.diariodeunanovia.com\/blog\/wp-content\/uploads\/sites\/5\/2010\/07\/Nueva-imagen-300x201.png","contentUrl":"http:\/\/www.diariodeunanovia.com\/blog\/wp-content\/uploads\/sites\/5\/2010\/07\/Nueva-imagen-300x201.png"},{"@type":"BreadcrumbList","@id":"http:\/\/noviasespana.com\/noviasbaleares\/un-merecido-descanso\/#breadcrumb","itemListElement":[{"@type":"ListItem","position":1,"name":"Portada","item":"http:\/\/noviasespana.com\/noviasbaleares\/"},{"@type":"ListItem","position":2,"name":"Un merecido descanso"}]},{"@type":"WebSite","@id":"http:\/\/noviasespana.com\/noviasbaleares\/#website","url":"http:\/\/noviasespana.com\/noviasbaleares\/","name":"Novias Baleares","description":"Revista de novias","potentialAction":[{"@type":"SearchAction","target":{"@type":"EntryPoint","urlTemplate":"http:\/\/noviasespana.com\/noviasbaleares\/?s={search_term_string}"},"query-input":{"@type":"PropertyValueSpecification","valueRequired":true,"valueName":"search_term_string"}}],"inLanguage":"es"},{"@type":"Person","@id":"http:\/\/noviasespana.com\/noviasbaleares\/#\/schema\/person\/82ff6e303fad28e4da623aa4d27969ed","name":"admin","image":{"@type":"ImageObject","inLanguage":"es","@id":"https:\/\/secure.gravatar.com\/avatar\/0f45231fddfb43fcbd0cdde4582a3580baf474d75fca7d494b42ff86847de871?s=96&d=mm&r=g","url":"https:\/\/secure.gravatar.com\/avatar\/0f45231fddfb43fcbd0cdde4582a3580baf474d75fca7d494b42ff86847de871?s=96&d=mm&r=g","contentUrl":"https:\/\/secure.gravatar.com\/avatar\/0f45231fddfb43fcbd0cdde4582a3580baf474d75fca7d494b42ff86847de871?s=96&d=mm&r=g","caption":"admin"},"url":"http:\/\/noviasespana.com\/noviasbaleares\/author\/admin\/"}]}},"jetpack_featured_media_url":"","jetpack_sharing_enabled":true,"jetpack_shortlink":"https:\/\/wp.me\/p5Hg6P-to","jetpack_likes_enabled":true,"_links":{"self":[{"href":"http:\/\/noviasespana.com\/noviasbaleares\/wp-json\/wp\/v2\/posts\/1822","targetHints":{"allow":["GET"]}}],"collection":[{"href":"http:\/\/noviasespana.com\/noviasbaleares\/wp-json\/wp\/v2\/posts"}],"about":[{"href":"http:\/\/noviasespana.com\/noviasbaleares\/wp-json\/wp\/v2\/types\/post"}],"author":[{"embeddable":true,"href":"http:\/\/noviasespana.com\/noviasbaleares\/wp-json\/wp\/v2\/users\/2"}],"replies":[{"embeddable":true,"href":"http:\/\/noviasespana.com\/noviasbaleares\/wp-json\/wp\/v2\/comments?post=1822"}],"version-history":[{"count":0,"href":"http:\/\/noviasespana.com\/noviasbaleares\/wp-json\/wp\/v2\/posts\/1822\/revisions"}],"wp:attachment":[{"href":"http:\/\/noviasespana.com\/noviasbaleares\/wp-json\/wp\/v2\/media?parent=1822"}],"wp:term":[{"taxonomy":"category","embeddable":true,"href":"http:\/\/noviasespana.com\/noviasbaleares\/wp-json\/wp\/v2\/categories?post=1822"},{"taxonomy":"post_tag","embeddable":true,"href":"http:\/\/noviasespana.com\/noviasbaleares\/wp-json\/wp\/v2\/tags?post=1822"}],"curies":[{"name":"wp","href":"https:\/\/api.w.org\/{rel}","templated":true}]}}