{"id":1799,"date":"2010-06-28T12:41:34","date_gmt":"2010-06-28T11:41:34","guid":{"rendered":"http:\/\/www.diariodeunanovia.com\/blog\/?p=1799"},"modified":"2010-06-28T12:41:34","modified_gmt":"2010-06-28T11:41:34","slug":"el-traje-de-la-madrina","status":"publish","type":"post","link":"http:\/\/noviasespana.com\/noviasbaleares\/el-traje-de-la-madrina\/","title":{"rendered":"El traje de la madrina"},"content":{"rendered":"<p style=\"text-align: justify\">Queridas novias!!! Hoy nos centramos en la indumentaria m\u00e1s adecuada para las madrinas, ya que ellas tambi\u00e9n tendr\u00e1n un lugar destacado el d\u00eda de vuestra boda. Si el enlace se celebra por la ma\u00f1ana la pamela est\u00e1 permitida, pero siempre procurando que no sea demasiado grande ni recargada. Por otra parte, hay que evitar el color negro, porque aunque estiliza mucho una boda es una fiesta y son aconsejables colores m\u00e1s vivos. Sobre el calzado, debe ser c\u00f3modo, ya que el d\u00eda ser\u00e1 muy largo, y el bolso, cuanto m\u00e1s discreto mejor.<\/p>\n<p style=\"text-align: justify\"><img data-recalc-dims=\"1\" loading=\"lazy\" decoding=\"async\" class=\"aligncenter size-full wp-image-1800\" title=\"mad\" src=\"https:\/\/i0.wp.com\/www.diariodeunanovia.com\/blog\/wp-content\/uploads\/sites\/5\/2010\/06\/mad.gif?resize=227%2C352\" alt=\"mad\" width=\"227\" height=\"352\" \/><\/p>\n","protected":false},"excerpt":{"rendered":"<p>Queridas novias!!! Hoy nos centramos en la indumentaria m\u00e1s adecuada para las madrinas, ya que ellas tambi\u00e9n tendr\u00e1n un lugar destacado el d\u00eda de vuestra boda. Si el enlace se celebra por la ma\u00f1ana la pamela est\u00e1 permitida, pero siempre procurando que no sea demasiado grande ni recargada. Por otra parte, hay que evitar el [&hellip;]<\/p>\n","protected":false},"author":2,"featured_media":0,"comment_status":"open","ping_status":"open","sticky":false,"template":"","format":"standard","meta":{"jetpack_post_was_ever_published":false,"_jetpack_newsletter_access":"","_jetpack_dont_email_post_to_subs":false,"_jetpack_newsletter_tier_id":0,"_jetpack_memberships_contains_paywalled_content":false,"_jetpack_memberships_contains_paid_content":false,"footnotes":""},"categories":[1],"tags":[],"class_list":["post-1799","post","type-post","status-publish","format-standard","hentry","category-novias"],"yoast_head":"<!-- This site is optimized with the Yoast SEO plugin v27.5 - https:\/\/yoast.com\/product\/yoast-seo-wordpress\/ -->\n<title>El traje de la madrina - Novias Baleares<\/title>\n<meta name=\"robots\" content=\"index, follow, max-snippet:-1, max-image-preview:large, max-video-preview:-1\" \/>\n<link rel=\"canonical\" href=\"http:\/\/noviasespana.com\/noviasbaleares\/el-traje-de-la-madrina\/\" \/>\n<meta property=\"og:locale\" content=\"es_ES\" \/>\n<meta property=\"og:type\" content=\"article\" \/>\n<meta property=\"og:title\" content=\"El traje de la madrina - Novias Baleares\" \/>\n<meta property=\"og:description\" content=\"Queridas novias!!! Hoy nos centramos en la indumentaria m\u00e1s adecuada para las madrinas, ya que ellas tambi\u00e9n tendr\u00e1n un lugar destacado el d\u00eda de vuestra boda. Si el enlace se celebra por la ma\u00f1ana la pamela est\u00e1 permitida, pero siempre procurando que no sea demasiado grande ni recargada. Por otra parte, hay que evitar el [&hellip;]\" \/>\n<meta property=\"og:url\" content=\"http:\/\/noviasespana.com\/noviasbaleares\/el-traje-de-la-madrina\/\" \/>\n<meta property=\"og:site_name\" content=\"Novias Baleares\" \/>\n<meta property=\"article:published_time\" content=\"2010-06-28T11:41:34+00:00\" \/>\n<meta property=\"og:image\" content=\"http:\/\/www.diariodeunanovia.com\/blog\/wp-content\/uploads\/sites\/5\/2010\/06\/mad.gif\" \/>\n<meta name=\"author\" content=\"admin\" \/>\n<meta name=\"twitter:label1\" content=\"Escrito por\" \/>\n\t<meta name=\"twitter:data1\" content=\"admin\" \/>\n\t<meta name=\"twitter:label2\" content=\"Tiempo de lectura\" \/>\n\t<meta name=\"twitter:data2\" content=\"1 minuto\" \/>\n<script type=\"application\/ld+json\" class=\"yoast-schema-graph\">{\"@context\":\"https:\\\/\\\/schema.org\",\"@graph\":[{\"@type\":\"Article\",\"@id\":\"http:\\\/\\\/noviasespana.com\\\/noviasbaleares\\\/el-traje-de-la-madrina\\\/#article\",\"isPartOf\":{\"@id\":\"http:\\\/\\\/noviasespana.com\\\/noviasbaleares\\\/el-traje-de-la-madrina\\\/\"},\"author\":{\"name\":\"admin\",\"@id\":\"http:\\\/\\\/noviasespana.com\\\/noviasbaleares\\\/#\\\/schema\\\/person\\\/82ff6e303fad28e4da623aa4d27969ed\"},\"headline\":\"El traje de la madrina\",\"datePublished\":\"2010-06-28T11:41:34+00:00\",\"mainEntityOfPage\":{\"@id\":\"http:\\\/\\\/noviasespana.com\\\/noviasbaleares\\\/el-traje-de-la-madrina\\\/\"},\"wordCount\":106,\"commentCount\":0,\"image\":{\"@id\":\"http:\\\/\\\/noviasespana.com\\\/noviasbaleares\\\/el-traje-de-la-madrina\\\/#primaryimage\"},\"thumbnailUrl\":\"http:\\\/\\\/www.diariodeunanovia.com\\\/blog\\\/wp-content\\\/uploads\\\/sites\\\/5\\\/2010\\\/06\\\/mad.gif\",\"articleSection\":[\"novias\"],\"inLanguage\":\"es\",\"potentialAction\":[{\"@type\":\"CommentAction\",\"name\":\"Comment\",\"target\":[\"http:\\\/\\\/noviasespana.com\\\/noviasbaleares\\\/el-traje-de-la-madrina\\\/#respond\"]}]},{\"@type\":\"WebPage\",\"@id\":\"http:\\\/\\\/noviasespana.com\\\/noviasbaleares\\\/el-traje-de-la-madrina\\\/\",\"url\":\"http:\\\/\\\/noviasespana.com\\\/noviasbaleares\\\/el-traje-de-la-madrina\\\/\",\"name\":\"El traje de la madrina - Novias Baleares\",\"isPartOf\":{\"@id\":\"http:\\\/\\\/noviasespana.com\\\/noviasbaleares\\\/#website\"},\"primaryImageOfPage\":{\"@id\":\"http:\\\/\\\/noviasespana.com\\\/noviasbaleares\\\/el-traje-de-la-madrina\\\/#primaryimage\"},\"image\":{\"@id\":\"http:\\\/\\\/noviasespana.com\\\/noviasbaleares\\\/el-traje-de-la-madrina\\\/#primaryimage\"},\"thumbnailUrl\":\"http:\\\/\\\/www.diariodeunanovia.com\\\/blog\\\/wp-content\\\/uploads\\\/sites\\\/5\\\/2010\\\/06\\\/mad.gif\",\"datePublished\":\"2010-06-28T11:41:34+00:00\",\"author\":{\"@id\":\"http:\\\/\\\/noviasespana.com\\\/noviasbaleares\\\/#\\\/schema\\\/person\\\/82ff6e303fad28e4da623aa4d27969ed\"},\"breadcrumb\":{\"@id\":\"http:\\\/\\\/noviasespana.com\\\/noviasbaleares\\\/el-traje-de-la-madrina\\\/#breadcrumb\"},\"inLanguage\":\"es\",\"potentialAction\":[{\"@type\":\"ReadAction\",\"target\":[\"http:\\\/\\\/noviasespana.com\\\/noviasbaleares\\\/el-traje-de-la-madrina\\\/\"]}]},{\"@type\":\"ImageObject\",\"inLanguage\":\"es\",\"@id\":\"http:\\\/\\\/noviasespana.com\\\/noviasbaleares\\\/el-traje-de-la-madrina\\\/#primaryimage\",\"url\":\"http:\\\/\\\/www.diariodeunanovia.com\\\/blog\\\/wp-content\\\/uploads\\\/sites\\\/5\\\/2010\\\/06\\\/mad.gif\",\"contentUrl\":\"http:\\\/\\\/www.diariodeunanovia.com\\\/blog\\\/wp-content\\\/uploads\\\/sites\\\/5\\\/2010\\\/06\\\/mad.gif\"},{\"@type\":\"BreadcrumbList\",\"@id\":\"http:\\\/\\\/noviasespana.com\\\/noviasbaleares\\\/el-traje-de-la-madrina\\\/#breadcrumb\",\"itemListElement\":[{\"@type\":\"ListItem\",\"position\":1,\"name\":\"Portada\",\"item\":\"http:\\\/\\\/noviasespana.com\\\/noviasbaleares\\\/\"},{\"@type\":\"ListItem\",\"position\":2,\"name\":\"El traje de la madrina\"}]},{\"@type\":\"WebSite\",\"@id\":\"http:\\\/\\\/noviasespana.com\\\/noviasbaleares\\\/#website\",\"url\":\"http:\\\/\\\/noviasespana.com\\\/noviasbaleares\\\/\",\"name\":\"Novias Baleares\",\"description\":\"Revista de novias\",\"potentialAction\":[{\"@type\":\"SearchAction\",\"target\":{\"@type\":\"EntryPoint\",\"urlTemplate\":\"http:\\\/\\\/noviasespana.com\\\/noviasbaleares\\\/?s={search_term_string}\"},\"query-input\":{\"@type\":\"PropertyValueSpecification\",\"valueRequired\":true,\"valueName\":\"search_term_string\"}}],\"inLanguage\":\"es\"},{\"@type\":\"Person\",\"@id\":\"http:\\\/\\\/noviasespana.com\\\/noviasbaleares\\\/#\\\/schema\\\/person\\\/82ff6e303fad28e4da623aa4d27969ed\",\"name\":\"admin\",\"image\":{\"@type\":\"ImageObject\",\"inLanguage\":\"es\",\"@id\":\"https:\\\/\\\/secure.gravatar.com\\\/avatar\\\/0f45231fddfb43fcbd0cdde4582a3580baf474d75fca7d494b42ff86847de871?s=96&d=mm&r=g\",\"url\":\"https:\\\/\\\/secure.gravatar.com\\\/avatar\\\/0f45231fddfb43fcbd0cdde4582a3580baf474d75fca7d494b42ff86847de871?s=96&d=mm&r=g\",\"contentUrl\":\"https:\\\/\\\/secure.gravatar.com\\\/avatar\\\/0f45231fddfb43fcbd0cdde4582a3580baf474d75fca7d494b42ff86847de871?s=96&d=mm&r=g\",\"caption\":\"admin\"},\"url\":\"http:\\\/\\\/noviasespana.com\\\/noviasbaleares\\\/author\\\/admin\\\/\"}]}<\/script>\n<!-- \/ Yoast SEO plugin. -->","yoast_head_json":{"title":"El traje de la madrina - Novias Baleares","robots":{"index":"index","follow":"follow","max-snippet":"max-snippet:-1","max-image-preview":"max-image-preview:large","max-video-preview":"max-video-preview:-1"},"canonical":"http:\/\/noviasespana.com\/noviasbaleares\/el-traje-de-la-madrina\/","og_locale":"es_ES","og_type":"article","og_title":"El traje de la madrina - Novias Baleares","og_description":"Queridas novias!!! Hoy nos centramos en la indumentaria m\u00e1s adecuada para las madrinas, ya que ellas tambi\u00e9n tendr\u00e1n un lugar destacado el d\u00eda de vuestra boda. Si el enlace se celebra por la ma\u00f1ana la pamela est\u00e1 permitida, pero siempre procurando que no sea demasiado grande ni recargada. Por otra parte, hay que evitar el [&hellip;]","og_url":"http:\/\/noviasespana.com\/noviasbaleares\/el-traje-de-la-madrina\/","og_site_name":"Novias Baleares","article_published_time":"2010-06-28T11:41:34+00:00","og_image":[{"url":"http:\/\/www.diariodeunanovia.com\/blog\/wp-content\/uploads\/sites\/5\/2010\/06\/mad.gif","type":"","width":"","height":""}],"author":"admin","twitter_misc":{"Escrito por":"admin","Tiempo de lectura":"1 minuto"},"schema":{"@context":"https:\/\/schema.org","@graph":[{"@type":"Article","@id":"http:\/\/noviasespana.com\/noviasbaleares\/el-traje-de-la-madrina\/#article","isPartOf":{"@id":"http:\/\/noviasespana.com\/noviasbaleares\/el-traje-de-la-madrina\/"},"author":{"name":"admin","@id":"http:\/\/noviasespana.com\/noviasbaleares\/#\/schema\/person\/82ff6e303fad28e4da623aa4d27969ed"},"headline":"El traje de la madrina","datePublished":"2010-06-28T11:41:34+00:00","mainEntityOfPage":{"@id":"http:\/\/noviasespana.com\/noviasbaleares\/el-traje-de-la-madrina\/"},"wordCount":106,"commentCount":0,"image":{"@id":"http:\/\/noviasespana.com\/noviasbaleares\/el-traje-de-la-madrina\/#primaryimage"},"thumbnailUrl":"http:\/\/www.diariodeunanovia.com\/blog\/wp-content\/uploads\/sites\/5\/2010\/06\/mad.gif","articleSection":["novias"],"inLanguage":"es","potentialAction":[{"@type":"CommentAction","name":"Comment","target":["http:\/\/noviasespana.com\/noviasbaleares\/el-traje-de-la-madrina\/#respond"]}]},{"@type":"WebPage","@id":"http:\/\/noviasespana.com\/noviasbaleares\/el-traje-de-la-madrina\/","url":"http:\/\/noviasespana.com\/noviasbaleares\/el-traje-de-la-madrina\/","name":"El traje de la madrina - Novias Baleares","isPartOf":{"@id":"http:\/\/noviasespana.com\/noviasbaleares\/#website"},"primaryImageOfPage":{"@id":"http:\/\/noviasespana.com\/noviasbaleares\/el-traje-de-la-madrina\/#primaryimage"},"image":{"@id":"http:\/\/noviasespana.com\/noviasbaleares\/el-traje-de-la-madrina\/#primaryimage"},"thumbnailUrl":"http:\/\/www.diariodeunanovia.com\/blog\/wp-content\/uploads\/sites\/5\/2010\/06\/mad.gif","datePublished":"2010-06-28T11:41:34+00:00","author":{"@id":"http:\/\/noviasespana.com\/noviasbaleares\/#\/schema\/person\/82ff6e303fad28e4da623aa4d27969ed"},"breadcrumb":{"@id":"http:\/\/noviasespana.com\/noviasbaleares\/el-traje-de-la-madrina\/#breadcrumb"},"inLanguage":"es","potentialAction":[{"@type":"ReadAction","target":["http:\/\/noviasespana.com\/noviasbaleares\/el-traje-de-la-madrina\/"]}]},{"@type":"ImageObject","inLanguage":"es","@id":"http:\/\/noviasespana.com\/noviasbaleares\/el-traje-de-la-madrina\/#primaryimage","url":"http:\/\/www.diariodeunanovia.com\/blog\/wp-content\/uploads\/sites\/5\/2010\/06\/mad.gif","contentUrl":"http:\/\/www.diariodeunanovia.com\/blog\/wp-content\/uploads\/sites\/5\/2010\/06\/mad.gif"},{"@type":"BreadcrumbList","@id":"http:\/\/noviasespana.com\/noviasbaleares\/el-traje-de-la-madrina\/#breadcrumb","itemListElement":[{"@type":"ListItem","position":1,"name":"Portada","item":"http:\/\/noviasespana.com\/noviasbaleares\/"},{"@type":"ListItem","position":2,"name":"El traje de la madrina"}]},{"@type":"WebSite","@id":"http:\/\/noviasespana.com\/noviasbaleares\/#website","url":"http:\/\/noviasespana.com\/noviasbaleares\/","name":"Novias Baleares","description":"Revista de novias","potentialAction":[{"@type":"SearchAction","target":{"@type":"EntryPoint","urlTemplate":"http:\/\/noviasespana.com\/noviasbaleares\/?s={search_term_string}"},"query-input":{"@type":"PropertyValueSpecification","valueRequired":true,"valueName":"search_term_string"}}],"inLanguage":"es"},{"@type":"Person","@id":"http:\/\/noviasespana.com\/noviasbaleares\/#\/schema\/person\/82ff6e303fad28e4da623aa4d27969ed","name":"admin","image":{"@type":"ImageObject","inLanguage":"es","@id":"https:\/\/secure.gravatar.com\/avatar\/0f45231fddfb43fcbd0cdde4582a3580baf474d75fca7d494b42ff86847de871?s=96&d=mm&r=g","url":"https:\/\/secure.gravatar.com\/avatar\/0f45231fddfb43fcbd0cdde4582a3580baf474d75fca7d494b42ff86847de871?s=96&d=mm&r=g","contentUrl":"https:\/\/secure.gravatar.com\/avatar\/0f45231fddfb43fcbd0cdde4582a3580baf474d75fca7d494b42ff86847de871?s=96&d=mm&r=g","caption":"admin"},"url":"http:\/\/noviasespana.com\/noviasbaleares\/author\/admin\/"}]}},"jetpack_featured_media_url":"","jetpack_sharing_enabled":true,"jetpack_shortlink":"https:\/\/wp.me\/p5Hg6P-t1","jetpack_likes_enabled":true,"_links":{"self":[{"href":"http:\/\/noviasespana.com\/noviasbaleares\/wp-json\/wp\/v2\/posts\/1799","targetHints":{"allow":["GET"]}}],"collection":[{"href":"http:\/\/noviasespana.com\/noviasbaleares\/wp-json\/wp\/v2\/posts"}],"about":[{"href":"http:\/\/noviasespana.com\/noviasbaleares\/wp-json\/wp\/v2\/types\/post"}],"author":[{"embeddable":true,"href":"http:\/\/noviasespana.com\/noviasbaleares\/wp-json\/wp\/v2\/users\/2"}],"replies":[{"embeddable":true,"href":"http:\/\/noviasespana.com\/noviasbaleares\/wp-json\/wp\/v2\/comments?post=1799"}],"version-history":[{"count":0,"href":"http:\/\/noviasespana.com\/noviasbaleares\/wp-json\/wp\/v2\/posts\/1799\/revisions"}],"wp:attachment":[{"href":"http:\/\/noviasespana.com\/noviasbaleares\/wp-json\/wp\/v2\/media?parent=1799"}],"wp:term":[{"taxonomy":"category","embeddable":true,"href":"http:\/\/noviasespana.com\/noviasbaleares\/wp-json\/wp\/v2\/categories?post=1799"},{"taxonomy":"post_tag","embeddable":true,"href":"http:\/\/noviasespana.com\/noviasbaleares\/wp-json\/wp\/v2\/tags?post=1799"}],"curies":[{"name":"wp","href":"https:\/\/api.w.org\/{rel}","templated":true}]}}