{"id":1791,"date":"2010-06-25T10:16:41","date_gmt":"2010-06-25T09:16:41","guid":{"rendered":"http:\/\/www.diariodeunanovia.com\/blog\/?p=1791"},"modified":"2010-06-25T10:16:41","modified_gmt":"2010-06-25T09:16:41","slug":"nos-vamos-al-cine","status":"publish","type":"post","link":"http:\/\/noviasespana.com\/noviasbaleares\/nos-vamos-al-cine\/","title":{"rendered":"Nos vamos al cine!!!"},"content":{"rendered":"<p style=\"text-align: justify\">Queridas novias!!! Ahora que ha empezado el verano y, en muchos casos, las vacaciones, podemos aprovechar para darnos un respiro y relajarnos en el cine con una comedia rom\u00e1ntica titulada \u00abLa boda de mi familia\u00bb, que se estrena la semana que viene en Espa\u00f1a. &#8216;Nuestro matrimonio, la boda de ellos&#8217;. Esta es la lecci\u00f3n n\u00famero uno para cualquier pareja reci\u00e9n comprometida, y Lucia (America Ferrera) y Marcus (Lance Gross) no son ninguna excepci\u00f3n. Aprenden por las malas que el camino hasta llegar a decir &#8216;S\u00ed, quiero&#8217; puede estar lleno de querellas de familia. Cuando vuelven de la universidad y algo pronto anuncian sus planes de matrimonio, pronto descubren que sus padres, dos super egos muy competitivos, pueden causar grandes estragos en un d\u00eda especial. Con insultos y mal genio en abundancia, cualquiera sabe si los pap\u00e1s alfa (Forest Whitaker y Carlos Mencia) podr\u00e1n sobrevivir para recorrer de una pieza el pasillo nupcial. La madre de Lucia (Diana Margarita Riva) est\u00e1 ocupada con los planes de la boda de \u00absus\u00bb sue\u00f1os, y la \u00fanica que mantiene la cabeza en su sitio en esta panda es \u00c1ngela (Regina King), la mejor amiga del padre del novio y adem\u00e1s abogada, que se las arregla para mantenerse fr\u00eda cuando la locura va in crescendo. Con s\u00f3lo unas semanas para preparar su boda, Lucia y Marcus pronto descubren el verdadero significado del amor y que es muy cierto el dicho de que cuando te casas con alguien te casas con toda su familia.<\/p>\n<p style=\"text-align: center\"><img data-recalc-dims=\"1\" loading=\"lazy\" decoding=\"async\" class=\"size-medium wp-image-1792 alignnone\" title=\"19460326_w434_h_q80\" src=\"https:\/\/i0.wp.com\/www.diariodeunanovia.com\/blog\/wp-content\/uploads\/sites\/5\/2010\/06\/19460326_w434_h_q80-208x300.jpg?resize=208%2C300\" alt=\"19460326_w434_h_q80\" width=\"208\" height=\"300\" \/><\/p>\n","protected":false},"excerpt":{"rendered":"<p>Queridas novias!!! Ahora que ha empezado el verano y, en muchos casos, las vacaciones, podemos aprovechar para darnos un respiro y relajarnos en el cine con una comedia rom\u00e1ntica titulada \u00abLa boda de mi familia\u00bb, que se estrena la semana que viene en Espa\u00f1a. &#8216;Nuestro matrimonio, la boda de ellos&#8217;. Esta es la lecci\u00f3n n\u00famero [&hellip;]<\/p>\n","protected":false},"author":2,"featured_media":0,"comment_status":"open","ping_status":"open","sticky":false,"template":"","format":"standard","meta":{"jetpack_post_was_ever_published":false,"_jetpack_newsletter_access":"","_jetpack_dont_email_post_to_subs":false,"_jetpack_newsletter_tier_id":0,"_jetpack_memberships_contains_paywalled_content":false,"_jetpack_memberships_contains_paid_content":false,"footnotes":""},"categories":[1],"tags":[],"class_list":["post-1791","post","type-post","status-publish","format-standard","hentry","category-novias"],"yoast_head":"<!-- This site is optimized with the Yoast SEO plugin v27.5 - https:\/\/yoast.com\/product\/yoast-seo-wordpress\/ -->\n<title>Nos vamos al cine!!! - Novias Baleares<\/title>\n<meta name=\"robots\" content=\"index, follow, max-snippet:-1, max-image-preview:large, max-video-preview:-1\" \/>\n<link rel=\"canonical\" href=\"http:\/\/noviasespana.com\/noviasbaleares\/nos-vamos-al-cine\/\" \/>\n<meta property=\"og:locale\" content=\"es_ES\" \/>\n<meta property=\"og:type\" content=\"article\" \/>\n<meta property=\"og:title\" content=\"Nos vamos al cine!!! - Novias Baleares\" \/>\n<meta property=\"og:description\" content=\"Queridas novias!!! Ahora que ha empezado el verano y, en muchos casos, las vacaciones, podemos aprovechar para darnos un respiro y relajarnos en el cine con una comedia rom\u00e1ntica titulada \u00abLa boda de mi familia\u00bb, que se estrena la semana que viene en Espa\u00f1a. &#8216;Nuestro matrimonio, la boda de ellos&#8217;. Esta es la lecci\u00f3n n\u00famero [&hellip;]\" \/>\n<meta property=\"og:url\" content=\"http:\/\/noviasespana.com\/noviasbaleares\/nos-vamos-al-cine\/\" \/>\n<meta property=\"og:site_name\" content=\"Novias Baleares\" \/>\n<meta property=\"article:published_time\" content=\"2010-06-25T09:16:41+00:00\" \/>\n<meta property=\"og:image\" content=\"http:\/\/www.diariodeunanovia.com\/blog\/wp-content\/uploads\/sites\/5\/2010\/06\/19460326_w434_h_q80-208x300.jpg\" \/>\n<meta name=\"author\" content=\"admin\" \/>\n<meta name=\"twitter:label1\" content=\"Escrito por\" \/>\n\t<meta name=\"twitter:data1\" content=\"admin\" \/>\n\t<meta name=\"twitter:label2\" content=\"Tiempo de lectura\" \/>\n\t<meta name=\"twitter:data2\" content=\"1 minuto\" \/>\n<script type=\"application\/ld+json\" class=\"yoast-schema-graph\">{\"@context\":\"https:\\\/\\\/schema.org\",\"@graph\":[{\"@type\":\"Article\",\"@id\":\"http:\\\/\\\/noviasespana.com\\\/noviasbaleares\\\/nos-vamos-al-cine\\\/#article\",\"isPartOf\":{\"@id\":\"http:\\\/\\\/noviasespana.com\\\/noviasbaleares\\\/nos-vamos-al-cine\\\/\"},\"author\":{\"name\":\"admin\",\"@id\":\"http:\\\/\\\/noviasespana.com\\\/noviasbaleares\\\/#\\\/schema\\\/person\\\/82ff6e303fad28e4da623aa4d27969ed\"},\"headline\":\"Nos vamos al cine!!!\",\"datePublished\":\"2010-06-25T09:16:41+00:00\",\"mainEntityOfPage\":{\"@id\":\"http:\\\/\\\/noviasespana.com\\\/noviasbaleares\\\/nos-vamos-al-cine\\\/\"},\"wordCount\":265,\"commentCount\":0,\"image\":{\"@id\":\"http:\\\/\\\/noviasespana.com\\\/noviasbaleares\\\/nos-vamos-al-cine\\\/#primaryimage\"},\"thumbnailUrl\":\"http:\\\/\\\/www.diariodeunanovia.com\\\/blog\\\/wp-content\\\/uploads\\\/sites\\\/5\\\/2010\\\/06\\\/19460326_w434_h_q80-208x300.jpg\",\"articleSection\":[\"novias\"],\"inLanguage\":\"es\",\"potentialAction\":[{\"@type\":\"CommentAction\",\"name\":\"Comment\",\"target\":[\"http:\\\/\\\/noviasespana.com\\\/noviasbaleares\\\/nos-vamos-al-cine\\\/#respond\"]}]},{\"@type\":\"WebPage\",\"@id\":\"http:\\\/\\\/noviasespana.com\\\/noviasbaleares\\\/nos-vamos-al-cine\\\/\",\"url\":\"http:\\\/\\\/noviasespana.com\\\/noviasbaleares\\\/nos-vamos-al-cine\\\/\",\"name\":\"Nos vamos al cine!!! - Novias Baleares\",\"isPartOf\":{\"@id\":\"http:\\\/\\\/noviasespana.com\\\/noviasbaleares\\\/#website\"},\"primaryImageOfPage\":{\"@id\":\"http:\\\/\\\/noviasespana.com\\\/noviasbaleares\\\/nos-vamos-al-cine\\\/#primaryimage\"},\"image\":{\"@id\":\"http:\\\/\\\/noviasespana.com\\\/noviasbaleares\\\/nos-vamos-al-cine\\\/#primaryimage\"},\"thumbnailUrl\":\"http:\\\/\\\/www.diariodeunanovia.com\\\/blog\\\/wp-content\\\/uploads\\\/sites\\\/5\\\/2010\\\/06\\\/19460326_w434_h_q80-208x300.jpg\",\"datePublished\":\"2010-06-25T09:16:41+00:00\",\"author\":{\"@id\":\"http:\\\/\\\/noviasespana.com\\\/noviasbaleares\\\/#\\\/schema\\\/person\\\/82ff6e303fad28e4da623aa4d27969ed\"},\"breadcrumb\":{\"@id\":\"http:\\\/\\\/noviasespana.com\\\/noviasbaleares\\\/nos-vamos-al-cine\\\/#breadcrumb\"},\"inLanguage\":\"es\",\"potentialAction\":[{\"@type\":\"ReadAction\",\"target\":[\"http:\\\/\\\/noviasespana.com\\\/noviasbaleares\\\/nos-vamos-al-cine\\\/\"]}]},{\"@type\":\"ImageObject\",\"inLanguage\":\"es\",\"@id\":\"http:\\\/\\\/noviasespana.com\\\/noviasbaleares\\\/nos-vamos-al-cine\\\/#primaryimage\",\"url\":\"http:\\\/\\\/www.diariodeunanovia.com\\\/blog\\\/wp-content\\\/uploads\\\/sites\\\/5\\\/2010\\\/06\\\/19460326_w434_h_q80-208x300.jpg\",\"contentUrl\":\"http:\\\/\\\/www.diariodeunanovia.com\\\/blog\\\/wp-content\\\/uploads\\\/sites\\\/5\\\/2010\\\/06\\\/19460326_w434_h_q80-208x300.jpg\"},{\"@type\":\"BreadcrumbList\",\"@id\":\"http:\\\/\\\/noviasespana.com\\\/noviasbaleares\\\/nos-vamos-al-cine\\\/#breadcrumb\",\"itemListElement\":[{\"@type\":\"ListItem\",\"position\":1,\"name\":\"Portada\",\"item\":\"http:\\\/\\\/noviasespana.com\\\/noviasbaleares\\\/\"},{\"@type\":\"ListItem\",\"position\":2,\"name\":\"Nos vamos al cine!!!\"}]},{\"@type\":\"WebSite\",\"@id\":\"http:\\\/\\\/noviasespana.com\\\/noviasbaleares\\\/#website\",\"url\":\"http:\\\/\\\/noviasespana.com\\\/noviasbaleares\\\/\",\"name\":\"Novias Baleares\",\"description\":\"Revista de novias\",\"potentialAction\":[{\"@type\":\"SearchAction\",\"target\":{\"@type\":\"EntryPoint\",\"urlTemplate\":\"http:\\\/\\\/noviasespana.com\\\/noviasbaleares\\\/?s={search_term_string}\"},\"query-input\":{\"@type\":\"PropertyValueSpecification\",\"valueRequired\":true,\"valueName\":\"search_term_string\"}}],\"inLanguage\":\"es\"},{\"@type\":\"Person\",\"@id\":\"http:\\\/\\\/noviasespana.com\\\/noviasbaleares\\\/#\\\/schema\\\/person\\\/82ff6e303fad28e4da623aa4d27969ed\",\"name\":\"admin\",\"image\":{\"@type\":\"ImageObject\",\"inLanguage\":\"es\",\"@id\":\"https:\\\/\\\/secure.gravatar.com\\\/avatar\\\/0f45231fddfb43fcbd0cdde4582a3580baf474d75fca7d494b42ff86847de871?s=96&d=mm&r=g\",\"url\":\"https:\\\/\\\/secure.gravatar.com\\\/avatar\\\/0f45231fddfb43fcbd0cdde4582a3580baf474d75fca7d494b42ff86847de871?s=96&d=mm&r=g\",\"contentUrl\":\"https:\\\/\\\/secure.gravatar.com\\\/avatar\\\/0f45231fddfb43fcbd0cdde4582a3580baf474d75fca7d494b42ff86847de871?s=96&d=mm&r=g\",\"caption\":\"admin\"},\"url\":\"http:\\\/\\\/noviasespana.com\\\/noviasbaleares\\\/author\\\/admin\\\/\"}]}<\/script>\n<!-- \/ Yoast SEO plugin. -->","yoast_head_json":{"title":"Nos vamos al cine!!! - Novias Baleares","robots":{"index":"index","follow":"follow","max-snippet":"max-snippet:-1","max-image-preview":"max-image-preview:large","max-video-preview":"max-video-preview:-1"},"canonical":"http:\/\/noviasespana.com\/noviasbaleares\/nos-vamos-al-cine\/","og_locale":"es_ES","og_type":"article","og_title":"Nos vamos al cine!!! - Novias Baleares","og_description":"Queridas novias!!! Ahora que ha empezado el verano y, en muchos casos, las vacaciones, podemos aprovechar para darnos un respiro y relajarnos en el cine con una comedia rom\u00e1ntica titulada \u00abLa boda de mi familia\u00bb, que se estrena la semana que viene en Espa\u00f1a. &#8216;Nuestro matrimonio, la boda de ellos&#8217;. Esta es la lecci\u00f3n n\u00famero [&hellip;]","og_url":"http:\/\/noviasespana.com\/noviasbaleares\/nos-vamos-al-cine\/","og_site_name":"Novias Baleares","article_published_time":"2010-06-25T09:16:41+00:00","og_image":[{"url":"http:\/\/www.diariodeunanovia.com\/blog\/wp-content\/uploads\/sites\/5\/2010\/06\/19460326_w434_h_q80-208x300.jpg","type":"","width":"","height":""}],"author":"admin","twitter_misc":{"Escrito por":"admin","Tiempo de lectura":"1 minuto"},"schema":{"@context":"https:\/\/schema.org","@graph":[{"@type":"Article","@id":"http:\/\/noviasespana.com\/noviasbaleares\/nos-vamos-al-cine\/#article","isPartOf":{"@id":"http:\/\/noviasespana.com\/noviasbaleares\/nos-vamos-al-cine\/"},"author":{"name":"admin","@id":"http:\/\/noviasespana.com\/noviasbaleares\/#\/schema\/person\/82ff6e303fad28e4da623aa4d27969ed"},"headline":"Nos vamos al cine!!!","datePublished":"2010-06-25T09:16:41+00:00","mainEntityOfPage":{"@id":"http:\/\/noviasespana.com\/noviasbaleares\/nos-vamos-al-cine\/"},"wordCount":265,"commentCount":0,"image":{"@id":"http:\/\/noviasespana.com\/noviasbaleares\/nos-vamos-al-cine\/#primaryimage"},"thumbnailUrl":"http:\/\/www.diariodeunanovia.com\/blog\/wp-content\/uploads\/sites\/5\/2010\/06\/19460326_w434_h_q80-208x300.jpg","articleSection":["novias"],"inLanguage":"es","potentialAction":[{"@type":"CommentAction","name":"Comment","target":["http:\/\/noviasespana.com\/noviasbaleares\/nos-vamos-al-cine\/#respond"]}]},{"@type":"WebPage","@id":"http:\/\/noviasespana.com\/noviasbaleares\/nos-vamos-al-cine\/","url":"http:\/\/noviasespana.com\/noviasbaleares\/nos-vamos-al-cine\/","name":"Nos vamos al cine!!! - Novias Baleares","isPartOf":{"@id":"http:\/\/noviasespana.com\/noviasbaleares\/#website"},"primaryImageOfPage":{"@id":"http:\/\/noviasespana.com\/noviasbaleares\/nos-vamos-al-cine\/#primaryimage"},"image":{"@id":"http:\/\/noviasespana.com\/noviasbaleares\/nos-vamos-al-cine\/#primaryimage"},"thumbnailUrl":"http:\/\/www.diariodeunanovia.com\/blog\/wp-content\/uploads\/sites\/5\/2010\/06\/19460326_w434_h_q80-208x300.jpg","datePublished":"2010-06-25T09:16:41+00:00","author":{"@id":"http:\/\/noviasespana.com\/noviasbaleares\/#\/schema\/person\/82ff6e303fad28e4da623aa4d27969ed"},"breadcrumb":{"@id":"http:\/\/noviasespana.com\/noviasbaleares\/nos-vamos-al-cine\/#breadcrumb"},"inLanguage":"es","potentialAction":[{"@type":"ReadAction","target":["http:\/\/noviasespana.com\/noviasbaleares\/nos-vamos-al-cine\/"]}]},{"@type":"ImageObject","inLanguage":"es","@id":"http:\/\/noviasespana.com\/noviasbaleares\/nos-vamos-al-cine\/#primaryimage","url":"http:\/\/www.diariodeunanovia.com\/blog\/wp-content\/uploads\/sites\/5\/2010\/06\/19460326_w434_h_q80-208x300.jpg","contentUrl":"http:\/\/www.diariodeunanovia.com\/blog\/wp-content\/uploads\/sites\/5\/2010\/06\/19460326_w434_h_q80-208x300.jpg"},{"@type":"BreadcrumbList","@id":"http:\/\/noviasespana.com\/noviasbaleares\/nos-vamos-al-cine\/#breadcrumb","itemListElement":[{"@type":"ListItem","position":1,"name":"Portada","item":"http:\/\/noviasespana.com\/noviasbaleares\/"},{"@type":"ListItem","position":2,"name":"Nos vamos al cine!!!"}]},{"@type":"WebSite","@id":"http:\/\/noviasespana.com\/noviasbaleares\/#website","url":"http:\/\/noviasespana.com\/noviasbaleares\/","name":"Novias Baleares","description":"Revista de novias","potentialAction":[{"@type":"SearchAction","target":{"@type":"EntryPoint","urlTemplate":"http:\/\/noviasespana.com\/noviasbaleares\/?s={search_term_string}"},"query-input":{"@type":"PropertyValueSpecification","valueRequired":true,"valueName":"search_term_string"}}],"inLanguage":"es"},{"@type":"Person","@id":"http:\/\/noviasespana.com\/noviasbaleares\/#\/schema\/person\/82ff6e303fad28e4da623aa4d27969ed","name":"admin","image":{"@type":"ImageObject","inLanguage":"es","@id":"https:\/\/secure.gravatar.com\/avatar\/0f45231fddfb43fcbd0cdde4582a3580baf474d75fca7d494b42ff86847de871?s=96&d=mm&r=g","url":"https:\/\/secure.gravatar.com\/avatar\/0f45231fddfb43fcbd0cdde4582a3580baf474d75fca7d494b42ff86847de871?s=96&d=mm&r=g","contentUrl":"https:\/\/secure.gravatar.com\/avatar\/0f45231fddfb43fcbd0cdde4582a3580baf474d75fca7d494b42ff86847de871?s=96&d=mm&r=g","caption":"admin"},"url":"http:\/\/noviasespana.com\/noviasbaleares\/author\/admin\/"}]}},"jetpack_featured_media_url":"","jetpack_sharing_enabled":true,"jetpack_shortlink":"https:\/\/wp.me\/p5Hg6P-sT","jetpack_likes_enabled":true,"_links":{"self":[{"href":"http:\/\/noviasespana.com\/noviasbaleares\/wp-json\/wp\/v2\/posts\/1791","targetHints":{"allow":["GET"]}}],"collection":[{"href":"http:\/\/noviasespana.com\/noviasbaleares\/wp-json\/wp\/v2\/posts"}],"about":[{"href":"http:\/\/noviasespana.com\/noviasbaleares\/wp-json\/wp\/v2\/types\/post"}],"author":[{"embeddable":true,"href":"http:\/\/noviasespana.com\/noviasbaleares\/wp-json\/wp\/v2\/users\/2"}],"replies":[{"embeddable":true,"href":"http:\/\/noviasespana.com\/noviasbaleares\/wp-json\/wp\/v2\/comments?post=1791"}],"version-history":[{"count":0,"href":"http:\/\/noviasespana.com\/noviasbaleares\/wp-json\/wp\/v2\/posts\/1791\/revisions"}],"wp:attachment":[{"href":"http:\/\/noviasespana.com\/noviasbaleares\/wp-json\/wp\/v2\/media?parent=1791"}],"wp:term":[{"taxonomy":"category","embeddable":true,"href":"http:\/\/noviasespana.com\/noviasbaleares\/wp-json\/wp\/v2\/categories?post=1791"},{"taxonomy":"post_tag","embeddable":true,"href":"http:\/\/noviasespana.com\/noviasbaleares\/wp-json\/wp\/v2\/tags?post=1791"}],"curies":[{"name":"wp","href":"https:\/\/api.w.org\/{rel}","templated":true}]}}