{"id":1784,"date":"2010-06-24T11:55:59","date_gmt":"2010-06-24T10:55:59","guid":{"rendered":"http:\/\/www.diariodeunanovia.com\/blog\/?p=1784"},"modified":"2010-06-24T11:55:59","modified_gmt":"2010-06-24T10:55:59","slug":"alberto-de-monaco-se-casa","status":"publish","type":"post","link":"http:\/\/noviasespana.com\/noviasbaleares\/alberto-de-monaco-se-casa\/","title":{"rendered":"Alberto de M\u00f3naco se casa"},"content":{"rendered":"<p style=\"text-align: justify\">Queridas novias!!! La boda de Alberto de M\u00f3naco con la ex nadadora sudafricana Charlene  Wittstock se celebrar\u00e1 durante el verano del a\u00f1o pr\u00f3ximo, explic\u00f3 el  pr\u00edncipe de M\u00f3naco en una entrevista publicada hoy por el diario \u00abNice  Matin\u00bb. Alberto II, que no dio una fecha m\u00e1s precisa para la  ceremonia, dijo estar \u00abfeliz\u00bb tras el anuncio ayer de su compromiso con  Wittstock, un sentimiento que dijo querer compartir con la poblaci\u00f3n  monegasca. Alberto de M\u00f3naco (52 a\u00f1os) conoci\u00f3 a su prometida (que tiene 20 a\u00f1os  menos que ella) en 2000, durante una competici\u00f3n de nataci\u00f3n que se  celebr\u00f3 en el peque\u00f1o Estado mediterr\u00e1neo, aunque la relaci\u00f3n no se hizo  p\u00fablica oficialmente hasta 2006.<\/p>\n<p><img data-recalc-dims=\"1\" loading=\"lazy\" decoding=\"async\" class=\"aligncenter size-medium wp-image-1785\" title=\"ALeqM5j7TwC7r5Fr0KGh0odHgshtK0CX6A\" src=\"https:\/\/i0.wp.com\/www.diariodeunanovia.com\/blog\/wp-content\/uploads\/sites\/5\/2010\/06\/ALeqM5j7TwC7r5Fr0KGh0odHgshtK0CX6A-225x300.jpg?resize=225%2C300\" alt=\"ALeqM5j7TwC7r5Fr0KGh0odHgshtK0CX6A\" width=\"225\" height=\"300\" \/><\/p>\n","protected":false},"excerpt":{"rendered":"<p>Queridas novias!!! La boda de Alberto de M\u00f3naco con la ex nadadora sudafricana Charlene Wittstock se celebrar\u00e1 durante el verano del a\u00f1o pr\u00f3ximo, explic\u00f3 el pr\u00edncipe de M\u00f3naco en una entrevista publicada hoy por el diario \u00abNice Matin\u00bb. Alberto II, que no dio una fecha m\u00e1s precisa para la ceremonia, dijo estar \u00abfeliz\u00bb tras el [&hellip;]<\/p>\n","protected":false},"author":2,"featured_media":0,"comment_status":"open","ping_status":"open","sticky":false,"template":"","format":"standard","meta":{"jetpack_post_was_ever_published":false,"_jetpack_newsletter_access":"","_jetpack_dont_email_post_to_subs":false,"_jetpack_newsletter_tier_id":0,"_jetpack_memberships_contains_paywalled_content":false,"_jetpack_memberships_contains_paid_content":false,"footnotes":""},"categories":[1],"tags":[],"class_list":["post-1784","post","type-post","status-publish","format-standard","hentry","category-novias"],"yoast_head":"<!-- This site is optimized with the Yoast SEO plugin v27.5 - https:\/\/yoast.com\/product\/yoast-seo-wordpress\/ -->\n<title>Alberto de M\u00f3naco se casa - Novias Baleares<\/title>\n<meta name=\"robots\" content=\"index, follow, max-snippet:-1, max-image-preview:large, max-video-preview:-1\" \/>\n<link rel=\"canonical\" href=\"http:\/\/noviasespana.com\/noviasbaleares\/alberto-de-monaco-se-casa\/\" \/>\n<meta property=\"og:locale\" content=\"es_ES\" \/>\n<meta property=\"og:type\" content=\"article\" \/>\n<meta property=\"og:title\" content=\"Alberto de M\u00f3naco se casa - Novias Baleares\" \/>\n<meta property=\"og:description\" content=\"Queridas novias!!! La boda de Alberto de M\u00f3naco con la ex nadadora sudafricana Charlene Wittstock se celebrar\u00e1 durante el verano del a\u00f1o pr\u00f3ximo, explic\u00f3 el pr\u00edncipe de M\u00f3naco en una entrevista publicada hoy por el diario \u00abNice Matin\u00bb. Alberto II, que no dio una fecha m\u00e1s precisa para la ceremonia, dijo estar \u00abfeliz\u00bb tras el [&hellip;]\" \/>\n<meta property=\"og:url\" content=\"http:\/\/noviasespana.com\/noviasbaleares\/alberto-de-monaco-se-casa\/\" \/>\n<meta property=\"og:site_name\" content=\"Novias Baleares\" \/>\n<meta property=\"article:published_time\" content=\"2010-06-24T10:55:59+00:00\" \/>\n<meta property=\"og:image\" content=\"http:\/\/www.diariodeunanovia.com\/blog\/wp-content\/uploads\/sites\/5\/2010\/06\/ALeqM5j7TwC7r5Fr0KGh0odHgshtK0CX6A-225x300.jpg\" \/>\n<meta name=\"author\" content=\"admin\" \/>\n<meta name=\"twitter:label1\" content=\"Escrito por\" \/>\n\t<meta name=\"twitter:data1\" content=\"admin\" \/>\n\t<meta name=\"twitter:label2\" content=\"Tiempo de lectura\" \/>\n\t<meta name=\"twitter:data2\" content=\"1 minuto\" \/>\n<script type=\"application\/ld+json\" class=\"yoast-schema-graph\">{\"@context\":\"https:\\\/\\\/schema.org\",\"@graph\":[{\"@type\":\"Article\",\"@id\":\"http:\\\/\\\/noviasespana.com\\\/noviasbaleares\\\/alberto-de-monaco-se-casa\\\/#article\",\"isPartOf\":{\"@id\":\"http:\\\/\\\/noviasespana.com\\\/noviasbaleares\\\/alberto-de-monaco-se-casa\\\/\"},\"author\":{\"name\":\"admin\",\"@id\":\"http:\\\/\\\/noviasespana.com\\\/noviasbaleares\\\/#\\\/schema\\\/person\\\/82ff6e303fad28e4da623aa4d27969ed\"},\"headline\":\"Alberto de M\u00f3naco se casa\",\"datePublished\":\"2010-06-24T10:55:59+00:00\",\"mainEntityOfPage\":{\"@id\":\"http:\\\/\\\/noviasespana.com\\\/noviasbaleares\\\/alberto-de-monaco-se-casa\\\/\"},\"wordCount\":131,\"commentCount\":0,\"image\":{\"@id\":\"http:\\\/\\\/noviasespana.com\\\/noviasbaleares\\\/alberto-de-monaco-se-casa\\\/#primaryimage\"},\"thumbnailUrl\":\"http:\\\/\\\/www.diariodeunanovia.com\\\/blog\\\/wp-content\\\/uploads\\\/sites\\\/5\\\/2010\\\/06\\\/ALeqM5j7TwC7r5Fr0KGh0odHgshtK0CX6A-225x300.jpg\",\"articleSection\":[\"novias\"],\"inLanguage\":\"es\",\"potentialAction\":[{\"@type\":\"CommentAction\",\"name\":\"Comment\",\"target\":[\"http:\\\/\\\/noviasespana.com\\\/noviasbaleares\\\/alberto-de-monaco-se-casa\\\/#respond\"]}]},{\"@type\":\"WebPage\",\"@id\":\"http:\\\/\\\/noviasespana.com\\\/noviasbaleares\\\/alberto-de-monaco-se-casa\\\/\",\"url\":\"http:\\\/\\\/noviasespana.com\\\/noviasbaleares\\\/alberto-de-monaco-se-casa\\\/\",\"name\":\"Alberto de M\u00f3naco se casa - Novias Baleares\",\"isPartOf\":{\"@id\":\"http:\\\/\\\/noviasespana.com\\\/noviasbaleares\\\/#website\"},\"primaryImageOfPage\":{\"@id\":\"http:\\\/\\\/noviasespana.com\\\/noviasbaleares\\\/alberto-de-monaco-se-casa\\\/#primaryimage\"},\"image\":{\"@id\":\"http:\\\/\\\/noviasespana.com\\\/noviasbaleares\\\/alberto-de-monaco-se-casa\\\/#primaryimage\"},\"thumbnailUrl\":\"http:\\\/\\\/www.diariodeunanovia.com\\\/blog\\\/wp-content\\\/uploads\\\/sites\\\/5\\\/2010\\\/06\\\/ALeqM5j7TwC7r5Fr0KGh0odHgshtK0CX6A-225x300.jpg\",\"datePublished\":\"2010-06-24T10:55:59+00:00\",\"author\":{\"@id\":\"http:\\\/\\\/noviasespana.com\\\/noviasbaleares\\\/#\\\/schema\\\/person\\\/82ff6e303fad28e4da623aa4d27969ed\"},\"breadcrumb\":{\"@id\":\"http:\\\/\\\/noviasespana.com\\\/noviasbaleares\\\/alberto-de-monaco-se-casa\\\/#breadcrumb\"},\"inLanguage\":\"es\",\"potentialAction\":[{\"@type\":\"ReadAction\",\"target\":[\"http:\\\/\\\/noviasespana.com\\\/noviasbaleares\\\/alberto-de-monaco-se-casa\\\/\"]}]},{\"@type\":\"ImageObject\",\"inLanguage\":\"es\",\"@id\":\"http:\\\/\\\/noviasespana.com\\\/noviasbaleares\\\/alberto-de-monaco-se-casa\\\/#primaryimage\",\"url\":\"http:\\\/\\\/www.diariodeunanovia.com\\\/blog\\\/wp-content\\\/uploads\\\/sites\\\/5\\\/2010\\\/06\\\/ALeqM5j7TwC7r5Fr0KGh0odHgshtK0CX6A-225x300.jpg\",\"contentUrl\":\"http:\\\/\\\/www.diariodeunanovia.com\\\/blog\\\/wp-content\\\/uploads\\\/sites\\\/5\\\/2010\\\/06\\\/ALeqM5j7TwC7r5Fr0KGh0odHgshtK0CX6A-225x300.jpg\"},{\"@type\":\"BreadcrumbList\",\"@id\":\"http:\\\/\\\/noviasespana.com\\\/noviasbaleares\\\/alberto-de-monaco-se-casa\\\/#breadcrumb\",\"itemListElement\":[{\"@type\":\"ListItem\",\"position\":1,\"name\":\"Portada\",\"item\":\"http:\\\/\\\/noviasespana.com\\\/noviasbaleares\\\/\"},{\"@type\":\"ListItem\",\"position\":2,\"name\":\"Alberto de M\u00f3naco se casa\"}]},{\"@type\":\"WebSite\",\"@id\":\"http:\\\/\\\/noviasespana.com\\\/noviasbaleares\\\/#website\",\"url\":\"http:\\\/\\\/noviasespana.com\\\/noviasbaleares\\\/\",\"name\":\"Novias Baleares\",\"description\":\"Revista de novias\",\"potentialAction\":[{\"@type\":\"SearchAction\",\"target\":{\"@type\":\"EntryPoint\",\"urlTemplate\":\"http:\\\/\\\/noviasespana.com\\\/noviasbaleares\\\/?s={search_term_string}\"},\"query-input\":{\"@type\":\"PropertyValueSpecification\",\"valueRequired\":true,\"valueName\":\"search_term_string\"}}],\"inLanguage\":\"es\"},{\"@type\":\"Person\",\"@id\":\"http:\\\/\\\/noviasespana.com\\\/noviasbaleares\\\/#\\\/schema\\\/person\\\/82ff6e303fad28e4da623aa4d27969ed\",\"name\":\"admin\",\"image\":{\"@type\":\"ImageObject\",\"inLanguage\":\"es\",\"@id\":\"https:\\\/\\\/secure.gravatar.com\\\/avatar\\\/0f45231fddfb43fcbd0cdde4582a3580baf474d75fca7d494b42ff86847de871?s=96&d=mm&r=g\",\"url\":\"https:\\\/\\\/secure.gravatar.com\\\/avatar\\\/0f45231fddfb43fcbd0cdde4582a3580baf474d75fca7d494b42ff86847de871?s=96&d=mm&r=g\",\"contentUrl\":\"https:\\\/\\\/secure.gravatar.com\\\/avatar\\\/0f45231fddfb43fcbd0cdde4582a3580baf474d75fca7d494b42ff86847de871?s=96&d=mm&r=g\",\"caption\":\"admin\"},\"url\":\"http:\\\/\\\/noviasespana.com\\\/noviasbaleares\\\/author\\\/admin\\\/\"}]}<\/script>\n<!-- \/ Yoast SEO plugin. -->","yoast_head_json":{"title":"Alberto de M\u00f3naco se casa - Novias Baleares","robots":{"index":"index","follow":"follow","max-snippet":"max-snippet:-1","max-image-preview":"max-image-preview:large","max-video-preview":"max-video-preview:-1"},"canonical":"http:\/\/noviasespana.com\/noviasbaleares\/alberto-de-monaco-se-casa\/","og_locale":"es_ES","og_type":"article","og_title":"Alberto de M\u00f3naco se casa - Novias Baleares","og_description":"Queridas novias!!! La boda de Alberto de M\u00f3naco con la ex nadadora sudafricana Charlene Wittstock se celebrar\u00e1 durante el verano del a\u00f1o pr\u00f3ximo, explic\u00f3 el pr\u00edncipe de M\u00f3naco en una entrevista publicada hoy por el diario \u00abNice Matin\u00bb. Alberto II, que no dio una fecha m\u00e1s precisa para la ceremonia, dijo estar \u00abfeliz\u00bb tras el [&hellip;]","og_url":"http:\/\/noviasespana.com\/noviasbaleares\/alberto-de-monaco-se-casa\/","og_site_name":"Novias Baleares","article_published_time":"2010-06-24T10:55:59+00:00","og_image":[{"url":"http:\/\/www.diariodeunanovia.com\/blog\/wp-content\/uploads\/sites\/5\/2010\/06\/ALeqM5j7TwC7r5Fr0KGh0odHgshtK0CX6A-225x300.jpg","type":"","width":"","height":""}],"author":"admin","twitter_misc":{"Escrito por":"admin","Tiempo de lectura":"1 minuto"},"schema":{"@context":"https:\/\/schema.org","@graph":[{"@type":"Article","@id":"http:\/\/noviasespana.com\/noviasbaleares\/alberto-de-monaco-se-casa\/#article","isPartOf":{"@id":"http:\/\/noviasespana.com\/noviasbaleares\/alberto-de-monaco-se-casa\/"},"author":{"name":"admin","@id":"http:\/\/noviasespana.com\/noviasbaleares\/#\/schema\/person\/82ff6e303fad28e4da623aa4d27969ed"},"headline":"Alberto de M\u00f3naco se casa","datePublished":"2010-06-24T10:55:59+00:00","mainEntityOfPage":{"@id":"http:\/\/noviasespana.com\/noviasbaleares\/alberto-de-monaco-se-casa\/"},"wordCount":131,"commentCount":0,"image":{"@id":"http:\/\/noviasespana.com\/noviasbaleares\/alberto-de-monaco-se-casa\/#primaryimage"},"thumbnailUrl":"http:\/\/www.diariodeunanovia.com\/blog\/wp-content\/uploads\/sites\/5\/2010\/06\/ALeqM5j7TwC7r5Fr0KGh0odHgshtK0CX6A-225x300.jpg","articleSection":["novias"],"inLanguage":"es","potentialAction":[{"@type":"CommentAction","name":"Comment","target":["http:\/\/noviasespana.com\/noviasbaleares\/alberto-de-monaco-se-casa\/#respond"]}]},{"@type":"WebPage","@id":"http:\/\/noviasespana.com\/noviasbaleares\/alberto-de-monaco-se-casa\/","url":"http:\/\/noviasespana.com\/noviasbaleares\/alberto-de-monaco-se-casa\/","name":"Alberto de M\u00f3naco se casa - Novias Baleares","isPartOf":{"@id":"http:\/\/noviasespana.com\/noviasbaleares\/#website"},"primaryImageOfPage":{"@id":"http:\/\/noviasespana.com\/noviasbaleares\/alberto-de-monaco-se-casa\/#primaryimage"},"image":{"@id":"http:\/\/noviasespana.com\/noviasbaleares\/alberto-de-monaco-se-casa\/#primaryimage"},"thumbnailUrl":"http:\/\/www.diariodeunanovia.com\/blog\/wp-content\/uploads\/sites\/5\/2010\/06\/ALeqM5j7TwC7r5Fr0KGh0odHgshtK0CX6A-225x300.jpg","datePublished":"2010-06-24T10:55:59+00:00","author":{"@id":"http:\/\/noviasespana.com\/noviasbaleares\/#\/schema\/person\/82ff6e303fad28e4da623aa4d27969ed"},"breadcrumb":{"@id":"http:\/\/noviasespana.com\/noviasbaleares\/alberto-de-monaco-se-casa\/#breadcrumb"},"inLanguage":"es","potentialAction":[{"@type":"ReadAction","target":["http:\/\/noviasespana.com\/noviasbaleares\/alberto-de-monaco-se-casa\/"]}]},{"@type":"ImageObject","inLanguage":"es","@id":"http:\/\/noviasespana.com\/noviasbaleares\/alberto-de-monaco-se-casa\/#primaryimage","url":"http:\/\/www.diariodeunanovia.com\/blog\/wp-content\/uploads\/sites\/5\/2010\/06\/ALeqM5j7TwC7r5Fr0KGh0odHgshtK0CX6A-225x300.jpg","contentUrl":"http:\/\/www.diariodeunanovia.com\/blog\/wp-content\/uploads\/sites\/5\/2010\/06\/ALeqM5j7TwC7r5Fr0KGh0odHgshtK0CX6A-225x300.jpg"},{"@type":"BreadcrumbList","@id":"http:\/\/noviasespana.com\/noviasbaleares\/alberto-de-monaco-se-casa\/#breadcrumb","itemListElement":[{"@type":"ListItem","position":1,"name":"Portada","item":"http:\/\/noviasespana.com\/noviasbaleares\/"},{"@type":"ListItem","position":2,"name":"Alberto de M\u00f3naco se casa"}]},{"@type":"WebSite","@id":"http:\/\/noviasespana.com\/noviasbaleares\/#website","url":"http:\/\/noviasespana.com\/noviasbaleares\/","name":"Novias Baleares","description":"Revista de novias","potentialAction":[{"@type":"SearchAction","target":{"@type":"EntryPoint","urlTemplate":"http:\/\/noviasespana.com\/noviasbaleares\/?s={search_term_string}"},"query-input":{"@type":"PropertyValueSpecification","valueRequired":true,"valueName":"search_term_string"}}],"inLanguage":"es"},{"@type":"Person","@id":"http:\/\/noviasespana.com\/noviasbaleares\/#\/schema\/person\/82ff6e303fad28e4da623aa4d27969ed","name":"admin","image":{"@type":"ImageObject","inLanguage":"es","@id":"https:\/\/secure.gravatar.com\/avatar\/0f45231fddfb43fcbd0cdde4582a3580baf474d75fca7d494b42ff86847de871?s=96&d=mm&r=g","url":"https:\/\/secure.gravatar.com\/avatar\/0f45231fddfb43fcbd0cdde4582a3580baf474d75fca7d494b42ff86847de871?s=96&d=mm&r=g","contentUrl":"https:\/\/secure.gravatar.com\/avatar\/0f45231fddfb43fcbd0cdde4582a3580baf474d75fca7d494b42ff86847de871?s=96&d=mm&r=g","caption":"admin"},"url":"http:\/\/noviasespana.com\/noviasbaleares\/author\/admin\/"}]}},"jetpack_featured_media_url":"","jetpack_sharing_enabled":true,"jetpack_shortlink":"https:\/\/wp.me\/p5Hg6P-sM","jetpack_likes_enabled":true,"_links":{"self":[{"href":"http:\/\/noviasespana.com\/noviasbaleares\/wp-json\/wp\/v2\/posts\/1784","targetHints":{"allow":["GET"]}}],"collection":[{"href":"http:\/\/noviasespana.com\/noviasbaleares\/wp-json\/wp\/v2\/posts"}],"about":[{"href":"http:\/\/noviasespana.com\/noviasbaleares\/wp-json\/wp\/v2\/types\/post"}],"author":[{"embeddable":true,"href":"http:\/\/noviasespana.com\/noviasbaleares\/wp-json\/wp\/v2\/users\/2"}],"replies":[{"embeddable":true,"href":"http:\/\/noviasespana.com\/noviasbaleares\/wp-json\/wp\/v2\/comments?post=1784"}],"version-history":[{"count":0,"href":"http:\/\/noviasespana.com\/noviasbaleares\/wp-json\/wp\/v2\/posts\/1784\/revisions"}],"wp:attachment":[{"href":"http:\/\/noviasespana.com\/noviasbaleares\/wp-json\/wp\/v2\/media?parent=1784"}],"wp:term":[{"taxonomy":"category","embeddable":true,"href":"http:\/\/noviasespana.com\/noviasbaleares\/wp-json\/wp\/v2\/categories?post=1784"},{"taxonomy":"post_tag","embeddable":true,"href":"http:\/\/noviasespana.com\/noviasbaleares\/wp-json\/wp\/v2\/tags?post=1784"}],"curies":[{"name":"wp","href":"https:\/\/api.w.org\/{rel}","templated":true}]}}