{"id":1637,"date":"2010-05-28T10:23:15","date_gmt":"2010-05-28T09:23:15","guid":{"rendered":"http:\/\/www.diariodeunanovia.com\/blog\/?p=1637"},"modified":"2010-05-28T10:23:15","modified_gmt":"2010-05-28T09:23:15","slug":"iii-feria-de-bodas-del-hotel-vincci-costa-golf","status":"publish","type":"post","link":"http:\/\/noviasespana.com\/noviasbaleares\/iii-feria-de-bodas-del-hotel-vincci-costa-golf\/","title":{"rendered":"III Feria de Bodas del Hotel Vincci Costa Golf"},"content":{"rendered":"<p style=\"text-align: justify\">Queridas novias!!! El Hotel Vincci Costa Golf, ubicado en la urbanizaci\u00f3n Novo Sancti Petri, celebra entre hoy y el domingo su III Feria de Bodas, durante la cual los asistentes podr\u00e1n recabar toda la informaci\u00f3n necesaria para organizar \u00abuna boda perfecta teniendo en cuenta las preferencias de cada uno\u00bb. En el acto inaugural estar\u00e1n presentes firmas de trajes de novias y novios, peluquer\u00edas, estudios de fotograf\u00eda, empresas de decoraci\u00f3n y muchas otras empresas que ofrecen servicios de cara a la organizaci\u00f3n de una boda. Adem\u00e1s, todo ello estar\u00e1 amenizado con m\u00fasica en directo y una decoraci\u00f3n especial para motivar la imaginaci\u00f3n y creatividad de los novios. Asimismo, todos los d\u00edas a las 20.00 horas se celebrar\u00e1 un desfile de trajes de novia y novio, y tambi\u00e9n de ropa \u00edntima de mujer. Como novedad, ma\u00f1ana s\u00e1bado por la tarde tendr\u00e1 lugar una exhibici\u00f3n de caballos frente a la entrada del hotel.<\/p>\n<p style=\"text-align: justify\"><img data-recalc-dims=\"1\" loading=\"lazy\" decoding=\"async\" class=\"aligncenter size-medium wp-image-1639\" title=\"400X288\" src=\"https:\/\/i0.wp.com\/www.diariodeunanovia.com\/blog\/wp-content\/uploads\/sites\/5\/2010\/05\/400X288-300x199.jpg?resize=300%2C199\" alt=\"400X288\" width=\"300\" height=\"199\" \/><\/p>\n","protected":false},"excerpt":{"rendered":"<p>Queridas novias!!! El Hotel Vincci Costa Golf, ubicado en la urbanizaci\u00f3n Novo Sancti Petri, celebra entre hoy y el domingo su III Feria de Bodas, durante la cual los asistentes podr\u00e1n recabar toda la informaci\u00f3n necesaria para organizar \u00abuna boda perfecta teniendo en cuenta las preferencias de cada uno\u00bb. En el acto inaugural estar\u00e1n presentes [&hellip;]<\/p>\n","protected":false},"author":2,"featured_media":0,"comment_status":"open","ping_status":"open","sticky":false,"template":"","format":"standard","meta":{"jetpack_post_was_ever_published":false,"_jetpack_newsletter_access":"","_jetpack_dont_email_post_to_subs":false,"_jetpack_newsletter_tier_id":0,"_jetpack_memberships_contains_paywalled_content":false,"_jetpack_memberships_contains_paid_content":false,"footnotes":""},"categories":[1],"tags":[],"class_list":["post-1637","post","type-post","status-publish","format-standard","hentry","category-novias"],"yoast_head":"<!-- This site is optimized with the Yoast SEO plugin v27.5 - https:\/\/yoast.com\/product\/yoast-seo-wordpress\/ -->\n<title>III Feria de Bodas del Hotel Vincci Costa Golf - Novias Baleares<\/title>\n<meta name=\"robots\" content=\"index, follow, max-snippet:-1, max-image-preview:large, max-video-preview:-1\" \/>\n<link rel=\"canonical\" href=\"http:\/\/noviasespana.com\/noviasbaleares\/iii-feria-de-bodas-del-hotel-vincci-costa-golf\/\" \/>\n<meta property=\"og:locale\" content=\"es_ES\" \/>\n<meta property=\"og:type\" content=\"article\" \/>\n<meta property=\"og:title\" content=\"III Feria de Bodas del Hotel Vincci Costa Golf - Novias Baleares\" \/>\n<meta property=\"og:description\" content=\"Queridas novias!!! El Hotel Vincci Costa Golf, ubicado en la urbanizaci\u00f3n Novo Sancti Petri, celebra entre hoy y el domingo su III Feria de Bodas, durante la cual los asistentes podr\u00e1n recabar toda la informaci\u00f3n necesaria para organizar \u00abuna boda perfecta teniendo en cuenta las preferencias de cada uno\u00bb. En el acto inaugural estar\u00e1n presentes [&hellip;]\" \/>\n<meta property=\"og:url\" content=\"http:\/\/noviasespana.com\/noviasbaleares\/iii-feria-de-bodas-del-hotel-vincci-costa-golf\/\" \/>\n<meta property=\"og:site_name\" content=\"Novias Baleares\" \/>\n<meta property=\"article:published_time\" content=\"2010-05-28T09:23:15+00:00\" \/>\n<meta property=\"og:image\" content=\"http:\/\/www.diariodeunanovia.com\/blog\/wp-content\/uploads\/sites\/5\/2010\/05\/400X288-300x199.jpg\" \/>\n<meta name=\"author\" content=\"admin\" \/>\n<meta name=\"twitter:label1\" content=\"Escrito por\" \/>\n\t<meta name=\"twitter:data1\" content=\"admin\" \/>\n\t<meta name=\"twitter:label2\" content=\"Tiempo de lectura\" \/>\n\t<meta name=\"twitter:data2\" content=\"1 minuto\" \/>\n<script type=\"application\/ld+json\" class=\"yoast-schema-graph\">{\"@context\":\"https:\\\/\\\/schema.org\",\"@graph\":[{\"@type\":\"Article\",\"@id\":\"http:\\\/\\\/noviasespana.com\\\/noviasbaleares\\\/iii-feria-de-bodas-del-hotel-vincci-costa-golf\\\/#article\",\"isPartOf\":{\"@id\":\"http:\\\/\\\/noviasespana.com\\\/noviasbaleares\\\/iii-feria-de-bodas-del-hotel-vincci-costa-golf\\\/\"},\"author\":{\"name\":\"admin\",\"@id\":\"http:\\\/\\\/noviasespana.com\\\/noviasbaleares\\\/#\\\/schema\\\/person\\\/82ff6e303fad28e4da623aa4d27969ed\"},\"headline\":\"III Feria de Bodas del Hotel Vincci Costa Golf\",\"datePublished\":\"2010-05-28T09:23:15+00:00\",\"mainEntityOfPage\":{\"@id\":\"http:\\\/\\\/noviasespana.com\\\/noviasbaleares\\\/iii-feria-de-bodas-del-hotel-vincci-costa-golf\\\/\"},\"wordCount\":175,\"commentCount\":0,\"image\":{\"@id\":\"http:\\\/\\\/noviasespana.com\\\/noviasbaleares\\\/iii-feria-de-bodas-del-hotel-vincci-costa-golf\\\/#primaryimage\"},\"thumbnailUrl\":\"http:\\\/\\\/www.diariodeunanovia.com\\\/blog\\\/wp-content\\\/uploads\\\/sites\\\/5\\\/2010\\\/05\\\/400X288-300x199.jpg\",\"articleSection\":[\"novias\"],\"inLanguage\":\"es\",\"potentialAction\":[{\"@type\":\"CommentAction\",\"name\":\"Comment\",\"target\":[\"http:\\\/\\\/noviasespana.com\\\/noviasbaleares\\\/iii-feria-de-bodas-del-hotel-vincci-costa-golf\\\/#respond\"]}]},{\"@type\":\"WebPage\",\"@id\":\"http:\\\/\\\/noviasespana.com\\\/noviasbaleares\\\/iii-feria-de-bodas-del-hotel-vincci-costa-golf\\\/\",\"url\":\"http:\\\/\\\/noviasespana.com\\\/noviasbaleares\\\/iii-feria-de-bodas-del-hotel-vincci-costa-golf\\\/\",\"name\":\"III Feria de Bodas del Hotel Vincci Costa Golf - Novias Baleares\",\"isPartOf\":{\"@id\":\"http:\\\/\\\/noviasespana.com\\\/noviasbaleares\\\/#website\"},\"primaryImageOfPage\":{\"@id\":\"http:\\\/\\\/noviasespana.com\\\/noviasbaleares\\\/iii-feria-de-bodas-del-hotel-vincci-costa-golf\\\/#primaryimage\"},\"image\":{\"@id\":\"http:\\\/\\\/noviasespana.com\\\/noviasbaleares\\\/iii-feria-de-bodas-del-hotel-vincci-costa-golf\\\/#primaryimage\"},\"thumbnailUrl\":\"http:\\\/\\\/www.diariodeunanovia.com\\\/blog\\\/wp-content\\\/uploads\\\/sites\\\/5\\\/2010\\\/05\\\/400X288-300x199.jpg\",\"datePublished\":\"2010-05-28T09:23:15+00:00\",\"author\":{\"@id\":\"http:\\\/\\\/noviasespana.com\\\/noviasbaleares\\\/#\\\/schema\\\/person\\\/82ff6e303fad28e4da623aa4d27969ed\"},\"breadcrumb\":{\"@id\":\"http:\\\/\\\/noviasespana.com\\\/noviasbaleares\\\/iii-feria-de-bodas-del-hotel-vincci-costa-golf\\\/#breadcrumb\"},\"inLanguage\":\"es\",\"potentialAction\":[{\"@type\":\"ReadAction\",\"target\":[\"http:\\\/\\\/noviasespana.com\\\/noviasbaleares\\\/iii-feria-de-bodas-del-hotel-vincci-costa-golf\\\/\"]}]},{\"@type\":\"ImageObject\",\"inLanguage\":\"es\",\"@id\":\"http:\\\/\\\/noviasespana.com\\\/noviasbaleares\\\/iii-feria-de-bodas-del-hotel-vincci-costa-golf\\\/#primaryimage\",\"url\":\"http:\\\/\\\/www.diariodeunanovia.com\\\/blog\\\/wp-content\\\/uploads\\\/sites\\\/5\\\/2010\\\/05\\\/400X288-300x199.jpg\",\"contentUrl\":\"http:\\\/\\\/www.diariodeunanovia.com\\\/blog\\\/wp-content\\\/uploads\\\/sites\\\/5\\\/2010\\\/05\\\/400X288-300x199.jpg\"},{\"@type\":\"BreadcrumbList\",\"@id\":\"http:\\\/\\\/noviasespana.com\\\/noviasbaleares\\\/iii-feria-de-bodas-del-hotel-vincci-costa-golf\\\/#breadcrumb\",\"itemListElement\":[{\"@type\":\"ListItem\",\"position\":1,\"name\":\"Portada\",\"item\":\"http:\\\/\\\/noviasespana.com\\\/noviasbaleares\\\/\"},{\"@type\":\"ListItem\",\"position\":2,\"name\":\"III Feria de Bodas del Hotel Vincci Costa Golf\"}]},{\"@type\":\"WebSite\",\"@id\":\"http:\\\/\\\/noviasespana.com\\\/noviasbaleares\\\/#website\",\"url\":\"http:\\\/\\\/noviasespana.com\\\/noviasbaleares\\\/\",\"name\":\"Novias Baleares\",\"description\":\"Revista de novias\",\"potentialAction\":[{\"@type\":\"SearchAction\",\"target\":{\"@type\":\"EntryPoint\",\"urlTemplate\":\"http:\\\/\\\/noviasespana.com\\\/noviasbaleares\\\/?s={search_term_string}\"},\"query-input\":{\"@type\":\"PropertyValueSpecification\",\"valueRequired\":true,\"valueName\":\"search_term_string\"}}],\"inLanguage\":\"es\"},{\"@type\":\"Person\",\"@id\":\"http:\\\/\\\/noviasespana.com\\\/noviasbaleares\\\/#\\\/schema\\\/person\\\/82ff6e303fad28e4da623aa4d27969ed\",\"name\":\"admin\",\"image\":{\"@type\":\"ImageObject\",\"inLanguage\":\"es\",\"@id\":\"https:\\\/\\\/secure.gravatar.com\\\/avatar\\\/0f45231fddfb43fcbd0cdde4582a3580baf474d75fca7d494b42ff86847de871?s=96&d=mm&r=g\",\"url\":\"https:\\\/\\\/secure.gravatar.com\\\/avatar\\\/0f45231fddfb43fcbd0cdde4582a3580baf474d75fca7d494b42ff86847de871?s=96&d=mm&r=g\",\"contentUrl\":\"https:\\\/\\\/secure.gravatar.com\\\/avatar\\\/0f45231fddfb43fcbd0cdde4582a3580baf474d75fca7d494b42ff86847de871?s=96&d=mm&r=g\",\"caption\":\"admin\"},\"url\":\"http:\\\/\\\/noviasespana.com\\\/noviasbaleares\\\/author\\\/admin\\\/\"}]}<\/script>\n<!-- \/ Yoast SEO plugin. -->","yoast_head_json":{"title":"III Feria de Bodas del Hotel Vincci Costa Golf - Novias Baleares","robots":{"index":"index","follow":"follow","max-snippet":"max-snippet:-1","max-image-preview":"max-image-preview:large","max-video-preview":"max-video-preview:-1"},"canonical":"http:\/\/noviasespana.com\/noviasbaleares\/iii-feria-de-bodas-del-hotel-vincci-costa-golf\/","og_locale":"es_ES","og_type":"article","og_title":"III Feria de Bodas del Hotel Vincci Costa Golf - Novias Baleares","og_description":"Queridas novias!!! El Hotel Vincci Costa Golf, ubicado en la urbanizaci\u00f3n Novo Sancti Petri, celebra entre hoy y el domingo su III Feria de Bodas, durante la cual los asistentes podr\u00e1n recabar toda la informaci\u00f3n necesaria para organizar \u00abuna boda perfecta teniendo en cuenta las preferencias de cada uno\u00bb. En el acto inaugural estar\u00e1n presentes [&hellip;]","og_url":"http:\/\/noviasespana.com\/noviasbaleares\/iii-feria-de-bodas-del-hotel-vincci-costa-golf\/","og_site_name":"Novias Baleares","article_published_time":"2010-05-28T09:23:15+00:00","og_image":[{"url":"http:\/\/www.diariodeunanovia.com\/blog\/wp-content\/uploads\/sites\/5\/2010\/05\/400X288-300x199.jpg","type":"","width":"","height":""}],"author":"admin","twitter_misc":{"Escrito por":"admin","Tiempo de lectura":"1 minuto"},"schema":{"@context":"https:\/\/schema.org","@graph":[{"@type":"Article","@id":"http:\/\/noviasespana.com\/noviasbaleares\/iii-feria-de-bodas-del-hotel-vincci-costa-golf\/#article","isPartOf":{"@id":"http:\/\/noviasespana.com\/noviasbaleares\/iii-feria-de-bodas-del-hotel-vincci-costa-golf\/"},"author":{"name":"admin","@id":"http:\/\/noviasespana.com\/noviasbaleares\/#\/schema\/person\/82ff6e303fad28e4da623aa4d27969ed"},"headline":"III Feria de Bodas del Hotel Vincci Costa Golf","datePublished":"2010-05-28T09:23:15+00:00","mainEntityOfPage":{"@id":"http:\/\/noviasespana.com\/noviasbaleares\/iii-feria-de-bodas-del-hotel-vincci-costa-golf\/"},"wordCount":175,"commentCount":0,"image":{"@id":"http:\/\/noviasespana.com\/noviasbaleares\/iii-feria-de-bodas-del-hotel-vincci-costa-golf\/#primaryimage"},"thumbnailUrl":"http:\/\/www.diariodeunanovia.com\/blog\/wp-content\/uploads\/sites\/5\/2010\/05\/400X288-300x199.jpg","articleSection":["novias"],"inLanguage":"es","potentialAction":[{"@type":"CommentAction","name":"Comment","target":["http:\/\/noviasespana.com\/noviasbaleares\/iii-feria-de-bodas-del-hotel-vincci-costa-golf\/#respond"]}]},{"@type":"WebPage","@id":"http:\/\/noviasespana.com\/noviasbaleares\/iii-feria-de-bodas-del-hotel-vincci-costa-golf\/","url":"http:\/\/noviasespana.com\/noviasbaleares\/iii-feria-de-bodas-del-hotel-vincci-costa-golf\/","name":"III Feria de Bodas del Hotel Vincci Costa Golf - Novias Baleares","isPartOf":{"@id":"http:\/\/noviasespana.com\/noviasbaleares\/#website"},"primaryImageOfPage":{"@id":"http:\/\/noviasespana.com\/noviasbaleares\/iii-feria-de-bodas-del-hotel-vincci-costa-golf\/#primaryimage"},"image":{"@id":"http:\/\/noviasespana.com\/noviasbaleares\/iii-feria-de-bodas-del-hotel-vincci-costa-golf\/#primaryimage"},"thumbnailUrl":"http:\/\/www.diariodeunanovia.com\/blog\/wp-content\/uploads\/sites\/5\/2010\/05\/400X288-300x199.jpg","datePublished":"2010-05-28T09:23:15+00:00","author":{"@id":"http:\/\/noviasespana.com\/noviasbaleares\/#\/schema\/person\/82ff6e303fad28e4da623aa4d27969ed"},"breadcrumb":{"@id":"http:\/\/noviasespana.com\/noviasbaleares\/iii-feria-de-bodas-del-hotel-vincci-costa-golf\/#breadcrumb"},"inLanguage":"es","potentialAction":[{"@type":"ReadAction","target":["http:\/\/noviasespana.com\/noviasbaleares\/iii-feria-de-bodas-del-hotel-vincci-costa-golf\/"]}]},{"@type":"ImageObject","inLanguage":"es","@id":"http:\/\/noviasespana.com\/noviasbaleares\/iii-feria-de-bodas-del-hotel-vincci-costa-golf\/#primaryimage","url":"http:\/\/www.diariodeunanovia.com\/blog\/wp-content\/uploads\/sites\/5\/2010\/05\/400X288-300x199.jpg","contentUrl":"http:\/\/www.diariodeunanovia.com\/blog\/wp-content\/uploads\/sites\/5\/2010\/05\/400X288-300x199.jpg"},{"@type":"BreadcrumbList","@id":"http:\/\/noviasespana.com\/noviasbaleares\/iii-feria-de-bodas-del-hotel-vincci-costa-golf\/#breadcrumb","itemListElement":[{"@type":"ListItem","position":1,"name":"Portada","item":"http:\/\/noviasespana.com\/noviasbaleares\/"},{"@type":"ListItem","position":2,"name":"III Feria de Bodas del Hotel Vincci Costa Golf"}]},{"@type":"WebSite","@id":"http:\/\/noviasespana.com\/noviasbaleares\/#website","url":"http:\/\/noviasespana.com\/noviasbaleares\/","name":"Novias Baleares","description":"Revista de novias","potentialAction":[{"@type":"SearchAction","target":{"@type":"EntryPoint","urlTemplate":"http:\/\/noviasespana.com\/noviasbaleares\/?s={search_term_string}"},"query-input":{"@type":"PropertyValueSpecification","valueRequired":true,"valueName":"search_term_string"}}],"inLanguage":"es"},{"@type":"Person","@id":"http:\/\/noviasespana.com\/noviasbaleares\/#\/schema\/person\/82ff6e303fad28e4da623aa4d27969ed","name":"admin","image":{"@type":"ImageObject","inLanguage":"es","@id":"https:\/\/secure.gravatar.com\/avatar\/0f45231fddfb43fcbd0cdde4582a3580baf474d75fca7d494b42ff86847de871?s=96&d=mm&r=g","url":"https:\/\/secure.gravatar.com\/avatar\/0f45231fddfb43fcbd0cdde4582a3580baf474d75fca7d494b42ff86847de871?s=96&d=mm&r=g","contentUrl":"https:\/\/secure.gravatar.com\/avatar\/0f45231fddfb43fcbd0cdde4582a3580baf474d75fca7d494b42ff86847de871?s=96&d=mm&r=g","caption":"admin"},"url":"http:\/\/noviasespana.com\/noviasbaleares\/author\/admin\/"}]}},"jetpack_featured_media_url":"","jetpack_sharing_enabled":true,"jetpack_shortlink":"https:\/\/wp.me\/p5Hg6P-qp","jetpack_likes_enabled":true,"_links":{"self":[{"href":"http:\/\/noviasespana.com\/noviasbaleares\/wp-json\/wp\/v2\/posts\/1637","targetHints":{"allow":["GET"]}}],"collection":[{"href":"http:\/\/noviasespana.com\/noviasbaleares\/wp-json\/wp\/v2\/posts"}],"about":[{"href":"http:\/\/noviasespana.com\/noviasbaleares\/wp-json\/wp\/v2\/types\/post"}],"author":[{"embeddable":true,"href":"http:\/\/noviasespana.com\/noviasbaleares\/wp-json\/wp\/v2\/users\/2"}],"replies":[{"embeddable":true,"href":"http:\/\/noviasespana.com\/noviasbaleares\/wp-json\/wp\/v2\/comments?post=1637"}],"version-history":[{"count":0,"href":"http:\/\/noviasespana.com\/noviasbaleares\/wp-json\/wp\/v2\/posts\/1637\/revisions"}],"wp:attachment":[{"href":"http:\/\/noviasespana.com\/noviasbaleares\/wp-json\/wp\/v2\/media?parent=1637"}],"wp:term":[{"taxonomy":"category","embeddable":true,"href":"http:\/\/noviasespana.com\/noviasbaleares\/wp-json\/wp\/v2\/categories?post=1637"},{"taxonomy":"post_tag","embeddable":true,"href":"http:\/\/noviasespana.com\/noviasbaleares\/wp-json\/wp\/v2\/tags?post=1637"}],"curies":[{"name":"wp","href":"https:\/\/api.w.org\/{rel}","templated":true}]}}