{"id":1614,"date":"2010-05-25T10:54:16","date_gmt":"2010-05-25T09:54:16","guid":{"rendered":"http:\/\/www.diariodeunanovia.com\/blog\/?p=1614"},"modified":"2010-05-25T10:54:16","modified_gmt":"2010-05-25T09:54:16","slug":"nuria-fergo-ya-se-ha-casado","status":"publish","type":"post","link":"http:\/\/noviasespana.com\/noviasbaleares\/nuria-fergo-ya-se-ha-casado\/","title":{"rendered":"Nuria Ferg\u00f3 ya se ha casado"},"content":{"rendered":"<p style=\"text-align: justify\">Queridas novias!!! La cantante Nuria Ferg\u00f3 ha visto cumplido uno de sus grandes sue\u00f1os: darle el &#8216;s\u00ed quiero&#8217; a su novio, el empresario mallorqu\u00edn Jos\u00e9 Manuel Ma\u00edz. En una boda religiosa celebrada el s\u00e1bado en la ciudad natal del empresario, Nuria Ferg\u00f3 se desped\u00eda de su solter\u00eda rodeada de numerosos familiares, amigos y ex &#8216;triunfitos&#8217;. \u00abMuy nerviosa\u00bb y muy guapa con un sencillo vestido de Pronovias de palabra de honor con una impresionante cola, la cantante hac\u00eda su aparici\u00f3n en el Palacio de la Almudaina de Palma de Mallorca del brazo de su padre. El novio, que lleg\u00f3 unos minutos antes tal y como marca la tradici\u00f3n, confesaba que ten\u00eda \u00abmuchas ganas, muchas ganas\u00bb de ver a la novia. En el enlace se dieron cita algunos de los ex compa\u00f1eros de OT como el profesor \u00c1ngel Ll\u00e1cer y sus compa\u00f1eras y amigas, Gisela, Chenoa y Rosa, quienes le desearon lo mejor a la novia. Tambi\u00e9n desfilaron por la alfombra roja a la entrada del Palacio la modelo\u00a0Lorena Bernal con su pareja, el futbolista\u00a0Mikel Arteta, as\u00ed como numerosos familiares y amigos de la pareja.<\/p>\n<p style=\"text-align: justify\"><img data-recalc-dims=\"1\" loading=\"lazy\" decoding=\"async\" class=\"aligncenter size-medium wp-image-1615\" title=\"fotonoticia\" src=\"https:\/\/i0.wp.com\/www.diariodeunanovia.com\/blog\/wp-content\/uploads\/sites\/5\/2010\/05\/fotonoticia-212x300.jpg?resize=212%2C300\" alt=\"fotonoticia\" width=\"212\" height=\"300\" \/><\/p>\n","protected":false},"excerpt":{"rendered":"<p>Queridas novias!!! La cantante Nuria Ferg\u00f3 ha visto cumplido uno de sus grandes sue\u00f1os: darle el &#8216;s\u00ed quiero&#8217; a su novio, el empresario mallorqu\u00edn Jos\u00e9 Manuel Ma\u00edz. En una boda religiosa celebrada el s\u00e1bado en la ciudad natal del empresario, Nuria Ferg\u00f3 se desped\u00eda de su solter\u00eda rodeada de numerosos familiares, amigos y ex &#8216;triunfitos&#8217;. [&hellip;]<\/p>\n","protected":false},"author":2,"featured_media":0,"comment_status":"open","ping_status":"open","sticky":false,"template":"","format":"standard","meta":{"jetpack_post_was_ever_published":false,"_jetpack_newsletter_access":"","_jetpack_dont_email_post_to_subs":false,"_jetpack_newsletter_tier_id":0,"_jetpack_memberships_contains_paywalled_content":false,"_jetpack_memberships_contains_paid_content":false,"footnotes":""},"categories":[1],"tags":[],"class_list":["post-1614","post","type-post","status-publish","format-standard","hentry","category-novias"],"yoast_head":"<!-- This site is optimized with the Yoast SEO plugin v27.5 - https:\/\/yoast.com\/product\/yoast-seo-wordpress\/ -->\n<title>Nuria Ferg\u00f3 ya se ha casado - Novias Baleares<\/title>\n<meta name=\"robots\" content=\"index, follow, max-snippet:-1, max-image-preview:large, max-video-preview:-1\" \/>\n<link rel=\"canonical\" href=\"http:\/\/noviasespana.com\/noviasbaleares\/nuria-fergo-ya-se-ha-casado\/\" \/>\n<meta property=\"og:locale\" content=\"es_ES\" \/>\n<meta property=\"og:type\" content=\"article\" \/>\n<meta property=\"og:title\" content=\"Nuria Ferg\u00f3 ya se ha casado - Novias Baleares\" \/>\n<meta property=\"og:description\" content=\"Queridas novias!!! La cantante Nuria Ferg\u00f3 ha visto cumplido uno de sus grandes sue\u00f1os: darle el &#8216;s\u00ed quiero&#8217; a su novio, el empresario mallorqu\u00edn Jos\u00e9 Manuel Ma\u00edz. En una boda religiosa celebrada el s\u00e1bado en la ciudad natal del empresario, Nuria Ferg\u00f3 se desped\u00eda de su solter\u00eda rodeada de numerosos familiares, amigos y ex &#8216;triunfitos&#8217;. [&hellip;]\" \/>\n<meta property=\"og:url\" content=\"http:\/\/noviasespana.com\/noviasbaleares\/nuria-fergo-ya-se-ha-casado\/\" \/>\n<meta property=\"og:site_name\" content=\"Novias Baleares\" \/>\n<meta property=\"article:published_time\" content=\"2010-05-25T09:54:16+00:00\" \/>\n<meta property=\"og:image\" content=\"http:\/\/www.diariodeunanovia.com\/blog\/wp-content\/uploads\/sites\/5\/2010\/05\/fotonoticia-212x300.jpg\" \/>\n<meta name=\"author\" content=\"admin\" \/>\n<meta name=\"twitter:label1\" content=\"Escrito por\" \/>\n\t<meta name=\"twitter:data1\" content=\"admin\" \/>\n\t<meta name=\"twitter:label2\" content=\"Tiempo de lectura\" \/>\n\t<meta name=\"twitter:data2\" content=\"1 minuto\" \/>\n<script type=\"application\/ld+json\" class=\"yoast-schema-graph\">{\"@context\":\"https:\\\/\\\/schema.org\",\"@graph\":[{\"@type\":\"Article\",\"@id\":\"http:\\\/\\\/noviasespana.com\\\/noviasbaleares\\\/nuria-fergo-ya-se-ha-casado\\\/#article\",\"isPartOf\":{\"@id\":\"http:\\\/\\\/noviasespana.com\\\/noviasbaleares\\\/nuria-fergo-ya-se-ha-casado\\\/\"},\"author\":{\"name\":\"admin\",\"@id\":\"http:\\\/\\\/noviasespana.com\\\/noviasbaleares\\\/#\\\/schema\\\/person\\\/82ff6e303fad28e4da623aa4d27969ed\"},\"headline\":\"Nuria Ferg\u00f3 ya se ha casado\",\"datePublished\":\"2010-05-25T09:54:16+00:00\",\"mainEntityOfPage\":{\"@id\":\"http:\\\/\\\/noviasespana.com\\\/noviasbaleares\\\/nuria-fergo-ya-se-ha-casado\\\/\"},\"wordCount\":205,\"commentCount\":0,\"image\":{\"@id\":\"http:\\\/\\\/noviasespana.com\\\/noviasbaleares\\\/nuria-fergo-ya-se-ha-casado\\\/#primaryimage\"},\"thumbnailUrl\":\"http:\\\/\\\/www.diariodeunanovia.com\\\/blog\\\/wp-content\\\/uploads\\\/sites\\\/5\\\/2010\\\/05\\\/fotonoticia-212x300.jpg\",\"articleSection\":[\"novias\"],\"inLanguage\":\"es\",\"potentialAction\":[{\"@type\":\"CommentAction\",\"name\":\"Comment\",\"target\":[\"http:\\\/\\\/noviasespana.com\\\/noviasbaleares\\\/nuria-fergo-ya-se-ha-casado\\\/#respond\"]}]},{\"@type\":\"WebPage\",\"@id\":\"http:\\\/\\\/noviasespana.com\\\/noviasbaleares\\\/nuria-fergo-ya-se-ha-casado\\\/\",\"url\":\"http:\\\/\\\/noviasespana.com\\\/noviasbaleares\\\/nuria-fergo-ya-se-ha-casado\\\/\",\"name\":\"Nuria Ferg\u00f3 ya se ha casado - Novias Baleares\",\"isPartOf\":{\"@id\":\"http:\\\/\\\/noviasespana.com\\\/noviasbaleares\\\/#website\"},\"primaryImageOfPage\":{\"@id\":\"http:\\\/\\\/noviasespana.com\\\/noviasbaleares\\\/nuria-fergo-ya-se-ha-casado\\\/#primaryimage\"},\"image\":{\"@id\":\"http:\\\/\\\/noviasespana.com\\\/noviasbaleares\\\/nuria-fergo-ya-se-ha-casado\\\/#primaryimage\"},\"thumbnailUrl\":\"http:\\\/\\\/www.diariodeunanovia.com\\\/blog\\\/wp-content\\\/uploads\\\/sites\\\/5\\\/2010\\\/05\\\/fotonoticia-212x300.jpg\",\"datePublished\":\"2010-05-25T09:54:16+00:00\",\"author\":{\"@id\":\"http:\\\/\\\/noviasespana.com\\\/noviasbaleares\\\/#\\\/schema\\\/person\\\/82ff6e303fad28e4da623aa4d27969ed\"},\"breadcrumb\":{\"@id\":\"http:\\\/\\\/noviasespana.com\\\/noviasbaleares\\\/nuria-fergo-ya-se-ha-casado\\\/#breadcrumb\"},\"inLanguage\":\"es\",\"potentialAction\":[{\"@type\":\"ReadAction\",\"target\":[\"http:\\\/\\\/noviasespana.com\\\/noviasbaleares\\\/nuria-fergo-ya-se-ha-casado\\\/\"]}]},{\"@type\":\"ImageObject\",\"inLanguage\":\"es\",\"@id\":\"http:\\\/\\\/noviasespana.com\\\/noviasbaleares\\\/nuria-fergo-ya-se-ha-casado\\\/#primaryimage\",\"url\":\"http:\\\/\\\/www.diariodeunanovia.com\\\/blog\\\/wp-content\\\/uploads\\\/sites\\\/5\\\/2010\\\/05\\\/fotonoticia-212x300.jpg\",\"contentUrl\":\"http:\\\/\\\/www.diariodeunanovia.com\\\/blog\\\/wp-content\\\/uploads\\\/sites\\\/5\\\/2010\\\/05\\\/fotonoticia-212x300.jpg\"},{\"@type\":\"BreadcrumbList\",\"@id\":\"http:\\\/\\\/noviasespana.com\\\/noviasbaleares\\\/nuria-fergo-ya-se-ha-casado\\\/#breadcrumb\",\"itemListElement\":[{\"@type\":\"ListItem\",\"position\":1,\"name\":\"Portada\",\"item\":\"http:\\\/\\\/noviasespana.com\\\/noviasbaleares\\\/\"},{\"@type\":\"ListItem\",\"position\":2,\"name\":\"Nuria Ferg\u00f3 ya se ha casado\"}]},{\"@type\":\"WebSite\",\"@id\":\"http:\\\/\\\/noviasespana.com\\\/noviasbaleares\\\/#website\",\"url\":\"http:\\\/\\\/noviasespana.com\\\/noviasbaleares\\\/\",\"name\":\"Novias Baleares\",\"description\":\"Revista de novias\",\"potentialAction\":[{\"@type\":\"SearchAction\",\"target\":{\"@type\":\"EntryPoint\",\"urlTemplate\":\"http:\\\/\\\/noviasespana.com\\\/noviasbaleares\\\/?s={search_term_string}\"},\"query-input\":{\"@type\":\"PropertyValueSpecification\",\"valueRequired\":true,\"valueName\":\"search_term_string\"}}],\"inLanguage\":\"es\"},{\"@type\":\"Person\",\"@id\":\"http:\\\/\\\/noviasespana.com\\\/noviasbaleares\\\/#\\\/schema\\\/person\\\/82ff6e303fad28e4da623aa4d27969ed\",\"name\":\"admin\",\"image\":{\"@type\":\"ImageObject\",\"inLanguage\":\"es\",\"@id\":\"https:\\\/\\\/secure.gravatar.com\\\/avatar\\\/0f45231fddfb43fcbd0cdde4582a3580baf474d75fca7d494b42ff86847de871?s=96&d=mm&r=g\",\"url\":\"https:\\\/\\\/secure.gravatar.com\\\/avatar\\\/0f45231fddfb43fcbd0cdde4582a3580baf474d75fca7d494b42ff86847de871?s=96&d=mm&r=g\",\"contentUrl\":\"https:\\\/\\\/secure.gravatar.com\\\/avatar\\\/0f45231fddfb43fcbd0cdde4582a3580baf474d75fca7d494b42ff86847de871?s=96&d=mm&r=g\",\"caption\":\"admin\"},\"url\":\"http:\\\/\\\/noviasespana.com\\\/noviasbaleares\\\/author\\\/admin\\\/\"}]}<\/script>\n<!-- \/ Yoast SEO plugin. -->","yoast_head_json":{"title":"Nuria Ferg\u00f3 ya se ha casado - Novias Baleares","robots":{"index":"index","follow":"follow","max-snippet":"max-snippet:-1","max-image-preview":"max-image-preview:large","max-video-preview":"max-video-preview:-1"},"canonical":"http:\/\/noviasespana.com\/noviasbaleares\/nuria-fergo-ya-se-ha-casado\/","og_locale":"es_ES","og_type":"article","og_title":"Nuria Ferg\u00f3 ya se ha casado - Novias Baleares","og_description":"Queridas novias!!! La cantante Nuria Ferg\u00f3 ha visto cumplido uno de sus grandes sue\u00f1os: darle el &#8216;s\u00ed quiero&#8217; a su novio, el empresario mallorqu\u00edn Jos\u00e9 Manuel Ma\u00edz. En una boda religiosa celebrada el s\u00e1bado en la ciudad natal del empresario, Nuria Ferg\u00f3 se desped\u00eda de su solter\u00eda rodeada de numerosos familiares, amigos y ex &#8216;triunfitos&#8217;. [&hellip;]","og_url":"http:\/\/noviasespana.com\/noviasbaleares\/nuria-fergo-ya-se-ha-casado\/","og_site_name":"Novias Baleares","article_published_time":"2010-05-25T09:54:16+00:00","og_image":[{"url":"http:\/\/www.diariodeunanovia.com\/blog\/wp-content\/uploads\/sites\/5\/2010\/05\/fotonoticia-212x300.jpg","type":"","width":"","height":""}],"author":"admin","twitter_misc":{"Escrito por":"admin","Tiempo de lectura":"1 minuto"},"schema":{"@context":"https:\/\/schema.org","@graph":[{"@type":"Article","@id":"http:\/\/noviasespana.com\/noviasbaleares\/nuria-fergo-ya-se-ha-casado\/#article","isPartOf":{"@id":"http:\/\/noviasespana.com\/noviasbaleares\/nuria-fergo-ya-se-ha-casado\/"},"author":{"name":"admin","@id":"http:\/\/noviasespana.com\/noviasbaleares\/#\/schema\/person\/82ff6e303fad28e4da623aa4d27969ed"},"headline":"Nuria Ferg\u00f3 ya se ha casado","datePublished":"2010-05-25T09:54:16+00:00","mainEntityOfPage":{"@id":"http:\/\/noviasespana.com\/noviasbaleares\/nuria-fergo-ya-se-ha-casado\/"},"wordCount":205,"commentCount":0,"image":{"@id":"http:\/\/noviasespana.com\/noviasbaleares\/nuria-fergo-ya-se-ha-casado\/#primaryimage"},"thumbnailUrl":"http:\/\/www.diariodeunanovia.com\/blog\/wp-content\/uploads\/sites\/5\/2010\/05\/fotonoticia-212x300.jpg","articleSection":["novias"],"inLanguage":"es","potentialAction":[{"@type":"CommentAction","name":"Comment","target":["http:\/\/noviasespana.com\/noviasbaleares\/nuria-fergo-ya-se-ha-casado\/#respond"]}]},{"@type":"WebPage","@id":"http:\/\/noviasespana.com\/noviasbaleares\/nuria-fergo-ya-se-ha-casado\/","url":"http:\/\/noviasespana.com\/noviasbaleares\/nuria-fergo-ya-se-ha-casado\/","name":"Nuria Ferg\u00f3 ya se ha casado - Novias Baleares","isPartOf":{"@id":"http:\/\/noviasespana.com\/noviasbaleares\/#website"},"primaryImageOfPage":{"@id":"http:\/\/noviasespana.com\/noviasbaleares\/nuria-fergo-ya-se-ha-casado\/#primaryimage"},"image":{"@id":"http:\/\/noviasespana.com\/noviasbaleares\/nuria-fergo-ya-se-ha-casado\/#primaryimage"},"thumbnailUrl":"http:\/\/www.diariodeunanovia.com\/blog\/wp-content\/uploads\/sites\/5\/2010\/05\/fotonoticia-212x300.jpg","datePublished":"2010-05-25T09:54:16+00:00","author":{"@id":"http:\/\/noviasespana.com\/noviasbaleares\/#\/schema\/person\/82ff6e303fad28e4da623aa4d27969ed"},"breadcrumb":{"@id":"http:\/\/noviasespana.com\/noviasbaleares\/nuria-fergo-ya-se-ha-casado\/#breadcrumb"},"inLanguage":"es","potentialAction":[{"@type":"ReadAction","target":["http:\/\/noviasespana.com\/noviasbaleares\/nuria-fergo-ya-se-ha-casado\/"]}]},{"@type":"ImageObject","inLanguage":"es","@id":"http:\/\/noviasespana.com\/noviasbaleares\/nuria-fergo-ya-se-ha-casado\/#primaryimage","url":"http:\/\/www.diariodeunanovia.com\/blog\/wp-content\/uploads\/sites\/5\/2010\/05\/fotonoticia-212x300.jpg","contentUrl":"http:\/\/www.diariodeunanovia.com\/blog\/wp-content\/uploads\/sites\/5\/2010\/05\/fotonoticia-212x300.jpg"},{"@type":"BreadcrumbList","@id":"http:\/\/noviasespana.com\/noviasbaleares\/nuria-fergo-ya-se-ha-casado\/#breadcrumb","itemListElement":[{"@type":"ListItem","position":1,"name":"Portada","item":"http:\/\/noviasespana.com\/noviasbaleares\/"},{"@type":"ListItem","position":2,"name":"Nuria Ferg\u00f3 ya se ha casado"}]},{"@type":"WebSite","@id":"http:\/\/noviasespana.com\/noviasbaleares\/#website","url":"http:\/\/noviasespana.com\/noviasbaleares\/","name":"Novias Baleares","description":"Revista de novias","potentialAction":[{"@type":"SearchAction","target":{"@type":"EntryPoint","urlTemplate":"http:\/\/noviasespana.com\/noviasbaleares\/?s={search_term_string}"},"query-input":{"@type":"PropertyValueSpecification","valueRequired":true,"valueName":"search_term_string"}}],"inLanguage":"es"},{"@type":"Person","@id":"http:\/\/noviasespana.com\/noviasbaleares\/#\/schema\/person\/82ff6e303fad28e4da623aa4d27969ed","name":"admin","image":{"@type":"ImageObject","inLanguage":"es","@id":"https:\/\/secure.gravatar.com\/avatar\/0f45231fddfb43fcbd0cdde4582a3580baf474d75fca7d494b42ff86847de871?s=96&d=mm&r=g","url":"https:\/\/secure.gravatar.com\/avatar\/0f45231fddfb43fcbd0cdde4582a3580baf474d75fca7d494b42ff86847de871?s=96&d=mm&r=g","contentUrl":"https:\/\/secure.gravatar.com\/avatar\/0f45231fddfb43fcbd0cdde4582a3580baf474d75fca7d494b42ff86847de871?s=96&d=mm&r=g","caption":"admin"},"url":"http:\/\/noviasespana.com\/noviasbaleares\/author\/admin\/"}]}},"jetpack_featured_media_url":"","jetpack_sharing_enabled":true,"jetpack_shortlink":"https:\/\/wp.me\/p5Hg6P-q2","jetpack_likes_enabled":true,"_links":{"self":[{"href":"http:\/\/noviasespana.com\/noviasbaleares\/wp-json\/wp\/v2\/posts\/1614","targetHints":{"allow":["GET"]}}],"collection":[{"href":"http:\/\/noviasespana.com\/noviasbaleares\/wp-json\/wp\/v2\/posts"}],"about":[{"href":"http:\/\/noviasespana.com\/noviasbaleares\/wp-json\/wp\/v2\/types\/post"}],"author":[{"embeddable":true,"href":"http:\/\/noviasespana.com\/noviasbaleares\/wp-json\/wp\/v2\/users\/2"}],"replies":[{"embeddable":true,"href":"http:\/\/noviasespana.com\/noviasbaleares\/wp-json\/wp\/v2\/comments?post=1614"}],"version-history":[{"count":0,"href":"http:\/\/noviasespana.com\/noviasbaleares\/wp-json\/wp\/v2\/posts\/1614\/revisions"}],"wp:attachment":[{"href":"http:\/\/noviasespana.com\/noviasbaleares\/wp-json\/wp\/v2\/media?parent=1614"}],"wp:term":[{"taxonomy":"category","embeddable":true,"href":"http:\/\/noviasespana.com\/noviasbaleares\/wp-json\/wp\/v2\/categories?post=1614"},{"taxonomy":"post_tag","embeddable":true,"href":"http:\/\/noviasespana.com\/noviasbaleares\/wp-json\/wp\/v2\/tags?post=1614"}],"curies":[{"name":"wp","href":"https:\/\/api.w.org\/{rel}","templated":true}]}}