{"id":1557,"date":"2010-05-19T20:16:07","date_gmt":"2010-05-19T19:16:07","guid":{"rendered":"http:\/\/www.diariodeunanovia.com\/blog\/?p=1557"},"modified":"2010-05-19T20:16:07","modified_gmt":"2010-05-19T19:16:07","slug":"rosa-clara-celebra-su-xv-aniversario","status":"publish","type":"post","link":"http:\/\/noviasespana.com\/noviasbaleares\/rosa-clara-celebra-su-xv-aniversario\/","title":{"rendered":"ROSA CLAR\u00c1 CELEBRA SU XV ANIVERSARIO"},"content":{"rendered":"<p><span style=\"font-size: small\"><span>Queridas Novias!!! El andaluz\u00a0 \u00c1lvaro\u00a0Mu\u00f1oz Escassi,\u00a0\u00a0 Pedro Trapote y su mujer Bego\u00f1a Garc\u00eda Vaquero,\u00a0Soraya de O.T., la soprano Ainhoa Arteta, la actriz norteamericana Misha Barton entre otros, se dieron cita anoche con motivo de la celebraci\u00f3n del XV aniversario de <a href=\"www.rosaclara.es\">Rosa Clar\u00e1<\/a>, que tuvo lugar en el\u00a0\u00a0Palacio<span lang=\"ES-MODERN\"> Nacional de Montju\u00efc (MNAC)<\/span><span> en Barcelona. La firma, que se encuentra sin duda en su mejor momento, y adem\u00e1s en plena consolidaci\u00f3n en el mercado internacional, quiso festejar sus quince a\u00f1os de exitosa carrera en la moda nupcial con una preciosa fiesta en la que no falt\u00f3 ning\u00fan detalle. Tras la cena, destac\u00f3 el momento en que, con la colaboraci\u00f3n de<strong> Judith Masc\u00f3<\/strong>, fueron entregados diversos galardones a los responsables de las\u00a0 diferentes boutiques del territorio nacional,\u00a0 por su dedicaci\u00f3n y trayectoria, as\u00ed como a su director de arte. Y por supuesto,\u00a0no olvidemos mencionar\u00a0el breve concierto ac\u00fastico que <strong>Paulina Rubio<\/strong> ofreci\u00f3 a un entusiasmado p\u00fablico durante la velada. <img data-recalc-dims=\"1\" loading=\"lazy\" decoding=\"async\" class=\"aligncenter size-medium wp-image-1584\" title=\"Paulina, Colate y Rosa Clar\u00e1.\" src=\"https:\/\/i0.wp.com\/www.diariodeunanovia.com\/blog\/wp-content\/uploads\/sites\/5\/2010\/05\/foto6-225x300.jpg?resize=225%2C300\" alt=\"Paulina, Colate y Rosa Clar\u00e1.\" width=\"225\" height=\"300\" \/><\/span><\/span><\/span><\/p>\n","protected":false},"excerpt":{"rendered":"<p>Queridas Novias!!! El andaluz\u00a0 \u00c1lvaro\u00a0Mu\u00f1oz Escassi,\u00a0\u00a0 Pedro Trapote y su mujer Bego\u00f1a Garc\u00eda Vaquero,\u00a0Soraya de O.T., la soprano Ainhoa Arteta, la actriz norteamericana Misha Barton entre otros, se dieron cita anoche con motivo de la celebraci\u00f3n del XV aniversario de Rosa Clar\u00e1, que tuvo lugar en el\u00a0\u00a0Palacio Nacional de Montju\u00efc (MNAC) en Barcelona. La firma, [&hellip;]<\/p>\n","protected":false},"author":4,"featured_media":0,"comment_status":"open","ping_status":"open","sticky":false,"template":"","format":"standard","meta":{"jetpack_post_was_ever_published":false,"_jetpack_newsletter_access":"","_jetpack_dont_email_post_to_subs":false,"_jetpack_newsletter_tier_id":0,"_jetpack_memberships_contains_paywalled_content":false,"_jetpack_memberships_contains_paid_content":false,"footnotes":""},"categories":[1],"tags":[],"class_list":["post-1557","post","type-post","status-publish","format-standard","hentry","category-novias"],"yoast_head":"<!-- This site is optimized with the Yoast SEO plugin v27.5 - https:\/\/yoast.com\/product\/yoast-seo-wordpress\/ -->\n<title>ROSA CLAR\u00c1 CELEBRA SU XV ANIVERSARIO - Novias Baleares<\/title>\n<meta name=\"robots\" content=\"index, follow, max-snippet:-1, max-image-preview:large, max-video-preview:-1\" \/>\n<link rel=\"canonical\" href=\"http:\/\/noviasespana.com\/noviasbaleares\/rosa-clara-celebra-su-xv-aniversario\/\" \/>\n<meta property=\"og:locale\" content=\"es_ES\" \/>\n<meta property=\"og:type\" content=\"article\" \/>\n<meta property=\"og:title\" content=\"ROSA CLAR\u00c1 CELEBRA SU XV ANIVERSARIO - Novias Baleares\" \/>\n<meta property=\"og:description\" content=\"Queridas Novias!!! El andaluz\u00a0 \u00c1lvaro\u00a0Mu\u00f1oz Escassi,\u00a0\u00a0 Pedro Trapote y su mujer Bego\u00f1a Garc\u00eda Vaquero,\u00a0Soraya de O.T., la soprano Ainhoa Arteta, la actriz norteamericana Misha Barton entre otros, se dieron cita anoche con motivo de la celebraci\u00f3n del XV aniversario de Rosa Clar\u00e1, que tuvo lugar en el\u00a0\u00a0Palacio Nacional de Montju\u00efc (MNAC) en Barcelona. La firma, [&hellip;]\" \/>\n<meta property=\"og:url\" content=\"http:\/\/noviasespana.com\/noviasbaleares\/rosa-clara-celebra-su-xv-aniversario\/\" \/>\n<meta property=\"og:site_name\" content=\"Novias Baleares\" \/>\n<meta property=\"article:published_time\" content=\"2010-05-19T19:16:07+00:00\" \/>\n<meta property=\"og:image\" content=\"http:\/\/www.diariodeunanovia.com\/blog\/wp-content\/uploads\/sites\/5\/2010\/05\/foto6-225x300.jpg\" \/>\n<meta name=\"author\" content=\"Pilar Perosanz\" \/>\n<meta name=\"twitter:label1\" content=\"Escrito por\" \/>\n\t<meta name=\"twitter:data1\" content=\"Pilar Perosanz\" \/>\n\t<meta name=\"twitter:label2\" content=\"Tiempo de lectura\" \/>\n\t<meta name=\"twitter:data2\" content=\"1 minuto\" \/>\n<script type=\"application\/ld+json\" class=\"yoast-schema-graph\">{\"@context\":\"https:\\\/\\\/schema.org\",\"@graph\":[{\"@type\":\"Article\",\"@id\":\"http:\\\/\\\/noviasespana.com\\\/noviasbaleares\\\/rosa-clara-celebra-su-xv-aniversario\\\/#article\",\"isPartOf\":{\"@id\":\"http:\\\/\\\/noviasespana.com\\\/noviasbaleares\\\/rosa-clara-celebra-su-xv-aniversario\\\/\"},\"author\":{\"name\":\"Pilar Perosanz\",\"@id\":\"http:\\\/\\\/noviasespana.com\\\/noviasbaleares\\\/#\\\/schema\\\/person\\\/0b1c774eb803dc07cabaa1ba623a2189\"},\"headline\":\"ROSA CLAR\u00c1 CELEBRA SU XV ANIVERSARIO\",\"datePublished\":\"2010-05-19T19:16:07+00:00\",\"mainEntityOfPage\":{\"@id\":\"http:\\\/\\\/noviasespana.com\\\/noviasbaleares\\\/rosa-clara-celebra-su-xv-aniversario\\\/\"},\"wordCount\":180,\"commentCount\":0,\"image\":{\"@id\":\"http:\\\/\\\/noviasespana.com\\\/noviasbaleares\\\/rosa-clara-celebra-su-xv-aniversario\\\/#primaryimage\"},\"thumbnailUrl\":\"http:\\\/\\\/www.diariodeunanovia.com\\\/blog\\\/wp-content\\\/uploads\\\/sites\\\/5\\\/2010\\\/05\\\/foto6-225x300.jpg\",\"articleSection\":[\"novias\"],\"inLanguage\":\"es\",\"potentialAction\":[{\"@type\":\"CommentAction\",\"name\":\"Comment\",\"target\":[\"http:\\\/\\\/noviasespana.com\\\/noviasbaleares\\\/rosa-clara-celebra-su-xv-aniversario\\\/#respond\"]}]},{\"@type\":\"WebPage\",\"@id\":\"http:\\\/\\\/noviasespana.com\\\/noviasbaleares\\\/rosa-clara-celebra-su-xv-aniversario\\\/\",\"url\":\"http:\\\/\\\/noviasespana.com\\\/noviasbaleares\\\/rosa-clara-celebra-su-xv-aniversario\\\/\",\"name\":\"ROSA CLAR\u00c1 CELEBRA SU XV ANIVERSARIO - Novias Baleares\",\"isPartOf\":{\"@id\":\"http:\\\/\\\/noviasespana.com\\\/noviasbaleares\\\/#website\"},\"primaryImageOfPage\":{\"@id\":\"http:\\\/\\\/noviasespana.com\\\/noviasbaleares\\\/rosa-clara-celebra-su-xv-aniversario\\\/#primaryimage\"},\"image\":{\"@id\":\"http:\\\/\\\/noviasespana.com\\\/noviasbaleares\\\/rosa-clara-celebra-su-xv-aniversario\\\/#primaryimage\"},\"thumbnailUrl\":\"http:\\\/\\\/www.diariodeunanovia.com\\\/blog\\\/wp-content\\\/uploads\\\/sites\\\/5\\\/2010\\\/05\\\/foto6-225x300.jpg\",\"datePublished\":\"2010-05-19T19:16:07+00:00\",\"author\":{\"@id\":\"http:\\\/\\\/noviasespana.com\\\/noviasbaleares\\\/#\\\/schema\\\/person\\\/0b1c774eb803dc07cabaa1ba623a2189\"},\"breadcrumb\":{\"@id\":\"http:\\\/\\\/noviasespana.com\\\/noviasbaleares\\\/rosa-clara-celebra-su-xv-aniversario\\\/#breadcrumb\"},\"inLanguage\":\"es\",\"potentialAction\":[{\"@type\":\"ReadAction\",\"target\":[\"http:\\\/\\\/noviasespana.com\\\/noviasbaleares\\\/rosa-clara-celebra-su-xv-aniversario\\\/\"]}]},{\"@type\":\"ImageObject\",\"inLanguage\":\"es\",\"@id\":\"http:\\\/\\\/noviasespana.com\\\/noviasbaleares\\\/rosa-clara-celebra-su-xv-aniversario\\\/#primaryimage\",\"url\":\"http:\\\/\\\/www.diariodeunanovia.com\\\/blog\\\/wp-content\\\/uploads\\\/sites\\\/5\\\/2010\\\/05\\\/foto6-225x300.jpg\",\"contentUrl\":\"http:\\\/\\\/www.diariodeunanovia.com\\\/blog\\\/wp-content\\\/uploads\\\/sites\\\/5\\\/2010\\\/05\\\/foto6-225x300.jpg\"},{\"@type\":\"BreadcrumbList\",\"@id\":\"http:\\\/\\\/noviasespana.com\\\/noviasbaleares\\\/rosa-clara-celebra-su-xv-aniversario\\\/#breadcrumb\",\"itemListElement\":[{\"@type\":\"ListItem\",\"position\":1,\"name\":\"Portada\",\"item\":\"http:\\\/\\\/noviasespana.com\\\/noviasbaleares\\\/\"},{\"@type\":\"ListItem\",\"position\":2,\"name\":\"ROSA CLAR\u00c1 CELEBRA SU XV ANIVERSARIO\"}]},{\"@type\":\"WebSite\",\"@id\":\"http:\\\/\\\/noviasespana.com\\\/noviasbaleares\\\/#website\",\"url\":\"http:\\\/\\\/noviasespana.com\\\/noviasbaleares\\\/\",\"name\":\"Novias Baleares\",\"description\":\"Revista de novias\",\"potentialAction\":[{\"@type\":\"SearchAction\",\"target\":{\"@type\":\"EntryPoint\",\"urlTemplate\":\"http:\\\/\\\/noviasespana.com\\\/noviasbaleares\\\/?s={search_term_string}\"},\"query-input\":{\"@type\":\"PropertyValueSpecification\",\"valueRequired\":true,\"valueName\":\"search_term_string\"}}],\"inLanguage\":\"es\"},{\"@type\":\"Person\",\"@id\":\"http:\\\/\\\/noviasespana.com\\\/noviasbaleares\\\/#\\\/schema\\\/person\\\/0b1c774eb803dc07cabaa1ba623a2189\",\"name\":\"Pilar Perosanz\",\"image\":{\"@type\":\"ImageObject\",\"inLanguage\":\"es\",\"@id\":\"https:\\\/\\\/secure.gravatar.com\\\/avatar\\\/5f89b89cee696f36efb82c284bbc1518b83b807f1e68366037e8221287a0831b?s=96&d=mm&r=g\",\"url\":\"https:\\\/\\\/secure.gravatar.com\\\/avatar\\\/5f89b89cee696f36efb82c284bbc1518b83b807f1e68366037e8221287a0831b?s=96&d=mm&r=g\",\"contentUrl\":\"https:\\\/\\\/secure.gravatar.com\\\/avatar\\\/5f89b89cee696f36efb82c284bbc1518b83b807f1e68366037e8221287a0831b?s=96&d=mm&r=g\",\"caption\":\"Pilar Perosanz\"},\"url\":\"http:\\\/\\\/noviasespana.com\\\/noviasbaleares\\\/author\\\/pilar\\\/\"}]}<\/script>\n<!-- \/ Yoast SEO plugin. -->","yoast_head_json":{"title":"ROSA CLAR\u00c1 CELEBRA SU XV ANIVERSARIO - Novias Baleares","robots":{"index":"index","follow":"follow","max-snippet":"max-snippet:-1","max-image-preview":"max-image-preview:large","max-video-preview":"max-video-preview:-1"},"canonical":"http:\/\/noviasespana.com\/noviasbaleares\/rosa-clara-celebra-su-xv-aniversario\/","og_locale":"es_ES","og_type":"article","og_title":"ROSA CLAR\u00c1 CELEBRA SU XV ANIVERSARIO - Novias Baleares","og_description":"Queridas Novias!!! El andaluz\u00a0 \u00c1lvaro\u00a0Mu\u00f1oz Escassi,\u00a0\u00a0 Pedro Trapote y su mujer Bego\u00f1a Garc\u00eda Vaquero,\u00a0Soraya de O.T., la soprano Ainhoa Arteta, la actriz norteamericana Misha Barton entre otros, se dieron cita anoche con motivo de la celebraci\u00f3n del XV aniversario de Rosa Clar\u00e1, que tuvo lugar en el\u00a0\u00a0Palacio Nacional de Montju\u00efc (MNAC) en Barcelona. La firma, [&hellip;]","og_url":"http:\/\/noviasespana.com\/noviasbaleares\/rosa-clara-celebra-su-xv-aniversario\/","og_site_name":"Novias Baleares","article_published_time":"2010-05-19T19:16:07+00:00","og_image":[{"url":"http:\/\/www.diariodeunanovia.com\/blog\/wp-content\/uploads\/sites\/5\/2010\/05\/foto6-225x300.jpg","type":"","width":"","height":""}],"author":"Pilar Perosanz","twitter_misc":{"Escrito por":"Pilar Perosanz","Tiempo de lectura":"1 minuto"},"schema":{"@context":"https:\/\/schema.org","@graph":[{"@type":"Article","@id":"http:\/\/noviasespana.com\/noviasbaleares\/rosa-clara-celebra-su-xv-aniversario\/#article","isPartOf":{"@id":"http:\/\/noviasespana.com\/noviasbaleares\/rosa-clara-celebra-su-xv-aniversario\/"},"author":{"name":"Pilar Perosanz","@id":"http:\/\/noviasespana.com\/noviasbaleares\/#\/schema\/person\/0b1c774eb803dc07cabaa1ba623a2189"},"headline":"ROSA CLAR\u00c1 CELEBRA SU XV ANIVERSARIO","datePublished":"2010-05-19T19:16:07+00:00","mainEntityOfPage":{"@id":"http:\/\/noviasespana.com\/noviasbaleares\/rosa-clara-celebra-su-xv-aniversario\/"},"wordCount":180,"commentCount":0,"image":{"@id":"http:\/\/noviasespana.com\/noviasbaleares\/rosa-clara-celebra-su-xv-aniversario\/#primaryimage"},"thumbnailUrl":"http:\/\/www.diariodeunanovia.com\/blog\/wp-content\/uploads\/sites\/5\/2010\/05\/foto6-225x300.jpg","articleSection":["novias"],"inLanguage":"es","potentialAction":[{"@type":"CommentAction","name":"Comment","target":["http:\/\/noviasespana.com\/noviasbaleares\/rosa-clara-celebra-su-xv-aniversario\/#respond"]}]},{"@type":"WebPage","@id":"http:\/\/noviasespana.com\/noviasbaleares\/rosa-clara-celebra-su-xv-aniversario\/","url":"http:\/\/noviasespana.com\/noviasbaleares\/rosa-clara-celebra-su-xv-aniversario\/","name":"ROSA CLAR\u00c1 CELEBRA SU XV ANIVERSARIO - Novias Baleares","isPartOf":{"@id":"http:\/\/noviasespana.com\/noviasbaleares\/#website"},"primaryImageOfPage":{"@id":"http:\/\/noviasespana.com\/noviasbaleares\/rosa-clara-celebra-su-xv-aniversario\/#primaryimage"},"image":{"@id":"http:\/\/noviasespana.com\/noviasbaleares\/rosa-clara-celebra-su-xv-aniversario\/#primaryimage"},"thumbnailUrl":"http:\/\/www.diariodeunanovia.com\/blog\/wp-content\/uploads\/sites\/5\/2010\/05\/foto6-225x300.jpg","datePublished":"2010-05-19T19:16:07+00:00","author":{"@id":"http:\/\/noviasespana.com\/noviasbaleares\/#\/schema\/person\/0b1c774eb803dc07cabaa1ba623a2189"},"breadcrumb":{"@id":"http:\/\/noviasespana.com\/noviasbaleares\/rosa-clara-celebra-su-xv-aniversario\/#breadcrumb"},"inLanguage":"es","potentialAction":[{"@type":"ReadAction","target":["http:\/\/noviasespana.com\/noviasbaleares\/rosa-clara-celebra-su-xv-aniversario\/"]}]},{"@type":"ImageObject","inLanguage":"es","@id":"http:\/\/noviasespana.com\/noviasbaleares\/rosa-clara-celebra-su-xv-aniversario\/#primaryimage","url":"http:\/\/www.diariodeunanovia.com\/blog\/wp-content\/uploads\/sites\/5\/2010\/05\/foto6-225x300.jpg","contentUrl":"http:\/\/www.diariodeunanovia.com\/blog\/wp-content\/uploads\/sites\/5\/2010\/05\/foto6-225x300.jpg"},{"@type":"BreadcrumbList","@id":"http:\/\/noviasespana.com\/noviasbaleares\/rosa-clara-celebra-su-xv-aniversario\/#breadcrumb","itemListElement":[{"@type":"ListItem","position":1,"name":"Portada","item":"http:\/\/noviasespana.com\/noviasbaleares\/"},{"@type":"ListItem","position":2,"name":"ROSA CLAR\u00c1 CELEBRA SU XV ANIVERSARIO"}]},{"@type":"WebSite","@id":"http:\/\/noviasespana.com\/noviasbaleares\/#website","url":"http:\/\/noviasespana.com\/noviasbaleares\/","name":"Novias Baleares","description":"Revista de novias","potentialAction":[{"@type":"SearchAction","target":{"@type":"EntryPoint","urlTemplate":"http:\/\/noviasespana.com\/noviasbaleares\/?s={search_term_string}"},"query-input":{"@type":"PropertyValueSpecification","valueRequired":true,"valueName":"search_term_string"}}],"inLanguage":"es"},{"@type":"Person","@id":"http:\/\/noviasespana.com\/noviasbaleares\/#\/schema\/person\/0b1c774eb803dc07cabaa1ba623a2189","name":"Pilar Perosanz","image":{"@type":"ImageObject","inLanguage":"es","@id":"https:\/\/secure.gravatar.com\/avatar\/5f89b89cee696f36efb82c284bbc1518b83b807f1e68366037e8221287a0831b?s=96&d=mm&r=g","url":"https:\/\/secure.gravatar.com\/avatar\/5f89b89cee696f36efb82c284bbc1518b83b807f1e68366037e8221287a0831b?s=96&d=mm&r=g","contentUrl":"https:\/\/secure.gravatar.com\/avatar\/5f89b89cee696f36efb82c284bbc1518b83b807f1e68366037e8221287a0831b?s=96&d=mm&r=g","caption":"Pilar Perosanz"},"url":"http:\/\/noviasespana.com\/noviasbaleares\/author\/pilar\/"}]}},"jetpack_featured_media_url":"","jetpack_sharing_enabled":true,"jetpack_shortlink":"https:\/\/wp.me\/p5Hg6P-p7","jetpack_likes_enabled":true,"_links":{"self":[{"href":"http:\/\/noviasespana.com\/noviasbaleares\/wp-json\/wp\/v2\/posts\/1557","targetHints":{"allow":["GET"]}}],"collection":[{"href":"http:\/\/noviasespana.com\/noviasbaleares\/wp-json\/wp\/v2\/posts"}],"about":[{"href":"http:\/\/noviasespana.com\/noviasbaleares\/wp-json\/wp\/v2\/types\/post"}],"author":[{"embeddable":true,"href":"http:\/\/noviasespana.com\/noviasbaleares\/wp-json\/wp\/v2\/users\/4"}],"replies":[{"embeddable":true,"href":"http:\/\/noviasespana.com\/noviasbaleares\/wp-json\/wp\/v2\/comments?post=1557"}],"version-history":[{"count":0,"href":"http:\/\/noviasespana.com\/noviasbaleares\/wp-json\/wp\/v2\/posts\/1557\/revisions"}],"wp:attachment":[{"href":"http:\/\/noviasespana.com\/noviasbaleares\/wp-json\/wp\/v2\/media?parent=1557"}],"wp:term":[{"taxonomy":"category","embeddable":true,"href":"http:\/\/noviasespana.com\/noviasbaleares\/wp-json\/wp\/v2\/categories?post=1557"},{"taxonomy":"post_tag","embeddable":true,"href":"http:\/\/noviasespana.com\/noviasbaleares\/wp-json\/wp\/v2\/tags?post=1557"}],"curies":[{"name":"wp","href":"https:\/\/api.w.org\/{rel}","templated":true}]}}