{"id":1556,"date":"2010-05-19T18:22:53","date_gmt":"2010-05-19T17:22:53","guid":{"rendered":"http:\/\/www.diariodeunanovia.com\/blog\/?p=1556"},"modified":"2010-05-19T18:22:53","modified_gmt":"2010-05-19T17:22:53","slug":"enea-editorial-en-barcelona-bridal-week","status":"publish","type":"post","link":"http:\/\/noviasespana.com\/noviasbaleares\/enea-editorial-en-barcelona-bridal-week\/","title":{"rendered":"ENEA EDITORIAL EN BARCELONA BRIDAL WEEK"},"content":{"rendered":"<div id=\"_mcePaste\" style=\"overflow: hidden;width: 1px;height: 1px\">Queridas novias! \u00a0Un a\u00f1o m\u00e1s Enea Editorial vuelve a la Pasarela Gaud\u00ed Novias. De nuevo estamos aqu\u00ed para contaros todos los acontecimientos y novedades de la pasarela de novias m\u00e1s importante de nuestro pa\u00eds. \u00a0A trav\u00e9s de este blog te contaremos todas las curiosidades, como el breve ac\u00fastico de Paulina \u00a0durante la celbraci\u00f3n del XV y la entrega del premio a Fabi\u00e1n Tobalina de la tienda de vitori<\/div>\n<div><span><span style=\"font-size: small\">Queridas novias!!! Un a\u00f1o m\u00e1s<a href=\"http:\/\/www.grupoenea.com\"> <strong>Enea Editorial <\/strong><\/a>vuelve a estar presente en la Pasarela Gaud\u00ed Novias. De nuevo estamos aqu\u00ed para contaros todos los acontecimientos y curiosidades de la pasarela de novias m\u00e1s importante de nuestro pa\u00eds, que arranc\u00f3, como ya es un cl\u00e1sico en este certamen, con el desfile de Rosa Clar\u00e1 que cont\u00f3 con la presencia de <strong>Paulina Rubio<\/strong> como espectadora y\u00a0con Misha Barton, que luci\u00f3 alguna de\u00a0sus creaciones. Hasta el d\u00eda 21, veremos las mejores propuestas para la novia de 2011 de la mano de los m\u00e1s prestigiosos dise\u00f1adores y firmas de nuestro pa\u00eds, como Jes\u00fas del Pozo, Victorio y Lucchino, Patricia Avenda\u00f1o, Fuentecapala, Raimon Bund\u00f3, Juanjo Oliva y muchos m\u00e1s. Desde fuera de nuestras fronteras y como novedad, desfilar\u00e1n por primera vez en la semana de la moda nupcial barcelonesa, Elisabeth Barboza para la\u00a0casa de origen franc\u00e9s\u00a0Pronuptia, o la coreana Lee Seung Jin, que, tras consolidarse como dise\u00f1ora de referencia en los pa\u00edses asi\u00e1ticos, presentar\u00e1 su trabajo al p\u00fablico europeo. Queridas novias, no perd\u00e1is detalle de nuestro blog, donde sin duda encontrar\u00e9is estos d\u00edas la mejor inspiraci\u00f3n para el vestido m\u00e1s importante de vuestra vida.<\/span><\/span><\/div>\n<div><span><span style=\"font-size: small\"><img data-recalc-dims=\"1\" loading=\"lazy\" decoding=\"async\" class=\"aligncenter size-medium wp-image-1571\" title=\"Grupo Enea Editorial, en Barcelona Bridal Week 2010\" src=\"https:\/\/i0.wp.com\/www.diariodeunanovia.com\/blog\/wp-content\/uploads\/sites\/5\/2010\/05\/fotostand-300x225.jpg?resize=300%2C225\" alt=\"Grupo Enea Editorial, en Barcelona Bridal Week 2010\" width=\"300\" height=\"225\" \/><\/span><\/span><\/div>\n","protected":false},"excerpt":{"rendered":"<p>Queridas novias! \u00a0Un a\u00f1o m\u00e1s Enea Editorial vuelve a la Pasarela Gaud\u00ed Novias. De nuevo estamos aqu\u00ed para contaros todos los acontecimientos y novedades de la pasarela de novias m\u00e1s importante de nuestro pa\u00eds. \u00a0A trav\u00e9s de este blog te contaremos todas las curiosidades, como el breve ac\u00fastico de Paulina \u00a0durante la celbraci\u00f3n del XV [&hellip;]<\/p>\n","protected":false},"author":4,"featured_media":0,"comment_status":"open","ping_status":"open","sticky":false,"template":"","format":"standard","meta":{"jetpack_post_was_ever_published":false,"_jetpack_newsletter_access":"","_jetpack_dont_email_post_to_subs":false,"_jetpack_newsletter_tier_id":0,"_jetpack_memberships_contains_paywalled_content":false,"_jetpack_memberships_contains_paid_content":false,"footnotes":""},"categories":[1],"tags":[],"class_list":["post-1556","post","type-post","status-publish","format-standard","hentry","category-novias"],"yoast_head":"<!-- This site is optimized with the Yoast SEO plugin v27.5 - https:\/\/yoast.com\/product\/yoast-seo-wordpress\/ -->\n<title>ENEA EDITORIAL EN BARCELONA BRIDAL WEEK - Novias Baleares<\/title>\n<meta name=\"robots\" content=\"index, follow, max-snippet:-1, max-image-preview:large, max-video-preview:-1\" \/>\n<link rel=\"canonical\" href=\"http:\/\/noviasespana.com\/noviasbaleares\/enea-editorial-en-barcelona-bridal-week\/\" \/>\n<meta property=\"og:locale\" content=\"es_ES\" \/>\n<meta property=\"og:type\" content=\"article\" \/>\n<meta property=\"og:title\" content=\"ENEA EDITORIAL EN BARCELONA BRIDAL WEEK - Novias Baleares\" \/>\n<meta property=\"og:description\" content=\"Queridas novias! \u00a0Un a\u00f1o m\u00e1s Enea Editorial vuelve a la Pasarela Gaud\u00ed Novias. De nuevo estamos aqu\u00ed para contaros todos los acontecimientos y novedades de la pasarela de novias m\u00e1s importante de nuestro pa\u00eds. \u00a0A trav\u00e9s de este blog te contaremos todas las curiosidades, como el breve ac\u00fastico de Paulina \u00a0durante la celbraci\u00f3n del XV [&hellip;]\" \/>\n<meta property=\"og:url\" content=\"http:\/\/noviasespana.com\/noviasbaleares\/enea-editorial-en-barcelona-bridal-week\/\" \/>\n<meta property=\"og:site_name\" content=\"Novias Baleares\" \/>\n<meta property=\"article:published_time\" content=\"2010-05-19T17:22:53+00:00\" \/>\n<meta property=\"og:image\" content=\"http:\/\/www.diariodeunanovia.com\/blog\/wp-content\/uploads\/sites\/5\/2010\/05\/fotostand-300x225.jpg\" \/>\n<meta name=\"author\" content=\"Pilar Perosanz\" \/>\n<meta name=\"twitter:label1\" content=\"Escrito por\" \/>\n\t<meta name=\"twitter:data1\" content=\"Pilar Perosanz\" \/>\n\t<meta name=\"twitter:label2\" content=\"Tiempo de lectura\" \/>\n\t<meta name=\"twitter:data2\" content=\"1 minuto\" \/>\n<script type=\"application\/ld+json\" class=\"yoast-schema-graph\">{\"@context\":\"https:\\\/\\\/schema.org\",\"@graph\":[{\"@type\":\"Article\",\"@id\":\"http:\\\/\\\/noviasespana.com\\\/noviasbaleares\\\/enea-editorial-en-barcelona-bridal-week\\\/#article\",\"isPartOf\":{\"@id\":\"http:\\\/\\\/noviasespana.com\\\/noviasbaleares\\\/enea-editorial-en-barcelona-bridal-week\\\/\"},\"author\":{\"name\":\"Pilar Perosanz\",\"@id\":\"http:\\\/\\\/noviasespana.com\\\/noviasbaleares\\\/#\\\/schema\\\/person\\\/0b1c774eb803dc07cabaa1ba623a2189\"},\"headline\":\"ENEA EDITORIAL EN BARCELONA BRIDAL WEEK\",\"datePublished\":\"2010-05-19T17:22:53+00:00\",\"mainEntityOfPage\":{\"@id\":\"http:\\\/\\\/noviasespana.com\\\/noviasbaleares\\\/enea-editorial-en-barcelona-bridal-week\\\/\"},\"wordCount\":296,\"commentCount\":0,\"image\":{\"@id\":\"http:\\\/\\\/noviasespana.com\\\/noviasbaleares\\\/enea-editorial-en-barcelona-bridal-week\\\/#primaryimage\"},\"thumbnailUrl\":\"http:\\\/\\\/www.diariodeunanovia.com\\\/blog\\\/wp-content\\\/uploads\\\/sites\\\/5\\\/2010\\\/05\\\/fotostand-300x225.jpg\",\"articleSection\":[\"novias\"],\"inLanguage\":\"es\",\"potentialAction\":[{\"@type\":\"CommentAction\",\"name\":\"Comment\",\"target\":[\"http:\\\/\\\/noviasespana.com\\\/noviasbaleares\\\/enea-editorial-en-barcelona-bridal-week\\\/#respond\"]}]},{\"@type\":\"WebPage\",\"@id\":\"http:\\\/\\\/noviasespana.com\\\/noviasbaleares\\\/enea-editorial-en-barcelona-bridal-week\\\/\",\"url\":\"http:\\\/\\\/noviasespana.com\\\/noviasbaleares\\\/enea-editorial-en-barcelona-bridal-week\\\/\",\"name\":\"ENEA EDITORIAL EN BARCELONA BRIDAL WEEK - Novias Baleares\",\"isPartOf\":{\"@id\":\"http:\\\/\\\/noviasespana.com\\\/noviasbaleares\\\/#website\"},\"primaryImageOfPage\":{\"@id\":\"http:\\\/\\\/noviasespana.com\\\/noviasbaleares\\\/enea-editorial-en-barcelona-bridal-week\\\/#primaryimage\"},\"image\":{\"@id\":\"http:\\\/\\\/noviasespana.com\\\/noviasbaleares\\\/enea-editorial-en-barcelona-bridal-week\\\/#primaryimage\"},\"thumbnailUrl\":\"http:\\\/\\\/www.diariodeunanovia.com\\\/blog\\\/wp-content\\\/uploads\\\/sites\\\/5\\\/2010\\\/05\\\/fotostand-300x225.jpg\",\"datePublished\":\"2010-05-19T17:22:53+00:00\",\"author\":{\"@id\":\"http:\\\/\\\/noviasespana.com\\\/noviasbaleares\\\/#\\\/schema\\\/person\\\/0b1c774eb803dc07cabaa1ba623a2189\"},\"breadcrumb\":{\"@id\":\"http:\\\/\\\/noviasespana.com\\\/noviasbaleares\\\/enea-editorial-en-barcelona-bridal-week\\\/#breadcrumb\"},\"inLanguage\":\"es\",\"potentialAction\":[{\"@type\":\"ReadAction\",\"target\":[\"http:\\\/\\\/noviasespana.com\\\/noviasbaleares\\\/enea-editorial-en-barcelona-bridal-week\\\/\"]}]},{\"@type\":\"ImageObject\",\"inLanguage\":\"es\",\"@id\":\"http:\\\/\\\/noviasespana.com\\\/noviasbaleares\\\/enea-editorial-en-barcelona-bridal-week\\\/#primaryimage\",\"url\":\"http:\\\/\\\/www.diariodeunanovia.com\\\/blog\\\/wp-content\\\/uploads\\\/sites\\\/5\\\/2010\\\/05\\\/fotostand-300x225.jpg\",\"contentUrl\":\"http:\\\/\\\/www.diariodeunanovia.com\\\/blog\\\/wp-content\\\/uploads\\\/sites\\\/5\\\/2010\\\/05\\\/fotostand-300x225.jpg\"},{\"@type\":\"BreadcrumbList\",\"@id\":\"http:\\\/\\\/noviasespana.com\\\/noviasbaleares\\\/enea-editorial-en-barcelona-bridal-week\\\/#breadcrumb\",\"itemListElement\":[{\"@type\":\"ListItem\",\"position\":1,\"name\":\"Portada\",\"item\":\"http:\\\/\\\/noviasespana.com\\\/noviasbaleares\\\/\"},{\"@type\":\"ListItem\",\"position\":2,\"name\":\"ENEA EDITORIAL EN BARCELONA BRIDAL WEEK\"}]},{\"@type\":\"WebSite\",\"@id\":\"http:\\\/\\\/noviasespana.com\\\/noviasbaleares\\\/#website\",\"url\":\"http:\\\/\\\/noviasespana.com\\\/noviasbaleares\\\/\",\"name\":\"Novias Baleares\",\"description\":\"Revista de novias\",\"potentialAction\":[{\"@type\":\"SearchAction\",\"target\":{\"@type\":\"EntryPoint\",\"urlTemplate\":\"http:\\\/\\\/noviasespana.com\\\/noviasbaleares\\\/?s={search_term_string}\"},\"query-input\":{\"@type\":\"PropertyValueSpecification\",\"valueRequired\":true,\"valueName\":\"search_term_string\"}}],\"inLanguage\":\"es\"},{\"@type\":\"Person\",\"@id\":\"http:\\\/\\\/noviasespana.com\\\/noviasbaleares\\\/#\\\/schema\\\/person\\\/0b1c774eb803dc07cabaa1ba623a2189\",\"name\":\"Pilar Perosanz\",\"image\":{\"@type\":\"ImageObject\",\"inLanguage\":\"es\",\"@id\":\"https:\\\/\\\/secure.gravatar.com\\\/avatar\\\/5f89b89cee696f36efb82c284bbc1518b83b807f1e68366037e8221287a0831b?s=96&d=mm&r=g\",\"url\":\"https:\\\/\\\/secure.gravatar.com\\\/avatar\\\/5f89b89cee696f36efb82c284bbc1518b83b807f1e68366037e8221287a0831b?s=96&d=mm&r=g\",\"contentUrl\":\"https:\\\/\\\/secure.gravatar.com\\\/avatar\\\/5f89b89cee696f36efb82c284bbc1518b83b807f1e68366037e8221287a0831b?s=96&d=mm&r=g\",\"caption\":\"Pilar Perosanz\"},\"url\":\"http:\\\/\\\/noviasespana.com\\\/noviasbaleares\\\/author\\\/pilar\\\/\"}]}<\/script>\n<!-- \/ Yoast SEO plugin. -->","yoast_head_json":{"title":"ENEA EDITORIAL EN BARCELONA BRIDAL WEEK - Novias Baleares","robots":{"index":"index","follow":"follow","max-snippet":"max-snippet:-1","max-image-preview":"max-image-preview:large","max-video-preview":"max-video-preview:-1"},"canonical":"http:\/\/noviasespana.com\/noviasbaleares\/enea-editorial-en-barcelona-bridal-week\/","og_locale":"es_ES","og_type":"article","og_title":"ENEA EDITORIAL EN BARCELONA BRIDAL WEEK - Novias Baleares","og_description":"Queridas novias! \u00a0Un a\u00f1o m\u00e1s Enea Editorial vuelve a la Pasarela Gaud\u00ed Novias. De nuevo estamos aqu\u00ed para contaros todos los acontecimientos y novedades de la pasarela de novias m\u00e1s importante de nuestro pa\u00eds. \u00a0A trav\u00e9s de este blog te contaremos todas las curiosidades, como el breve ac\u00fastico de Paulina \u00a0durante la celbraci\u00f3n del XV [&hellip;]","og_url":"http:\/\/noviasespana.com\/noviasbaleares\/enea-editorial-en-barcelona-bridal-week\/","og_site_name":"Novias Baleares","article_published_time":"2010-05-19T17:22:53+00:00","og_image":[{"url":"http:\/\/www.diariodeunanovia.com\/blog\/wp-content\/uploads\/sites\/5\/2010\/05\/fotostand-300x225.jpg","type":"","width":"","height":""}],"author":"Pilar Perosanz","twitter_misc":{"Escrito por":"Pilar Perosanz","Tiempo de lectura":"1 minuto"},"schema":{"@context":"https:\/\/schema.org","@graph":[{"@type":"Article","@id":"http:\/\/noviasespana.com\/noviasbaleares\/enea-editorial-en-barcelona-bridal-week\/#article","isPartOf":{"@id":"http:\/\/noviasespana.com\/noviasbaleares\/enea-editorial-en-barcelona-bridal-week\/"},"author":{"name":"Pilar Perosanz","@id":"http:\/\/noviasespana.com\/noviasbaleares\/#\/schema\/person\/0b1c774eb803dc07cabaa1ba623a2189"},"headline":"ENEA EDITORIAL EN BARCELONA BRIDAL WEEK","datePublished":"2010-05-19T17:22:53+00:00","mainEntityOfPage":{"@id":"http:\/\/noviasespana.com\/noviasbaleares\/enea-editorial-en-barcelona-bridal-week\/"},"wordCount":296,"commentCount":0,"image":{"@id":"http:\/\/noviasespana.com\/noviasbaleares\/enea-editorial-en-barcelona-bridal-week\/#primaryimage"},"thumbnailUrl":"http:\/\/www.diariodeunanovia.com\/blog\/wp-content\/uploads\/sites\/5\/2010\/05\/fotostand-300x225.jpg","articleSection":["novias"],"inLanguage":"es","potentialAction":[{"@type":"CommentAction","name":"Comment","target":["http:\/\/noviasespana.com\/noviasbaleares\/enea-editorial-en-barcelona-bridal-week\/#respond"]}]},{"@type":"WebPage","@id":"http:\/\/noviasespana.com\/noviasbaleares\/enea-editorial-en-barcelona-bridal-week\/","url":"http:\/\/noviasespana.com\/noviasbaleares\/enea-editorial-en-barcelona-bridal-week\/","name":"ENEA EDITORIAL EN BARCELONA BRIDAL WEEK - Novias Baleares","isPartOf":{"@id":"http:\/\/noviasespana.com\/noviasbaleares\/#website"},"primaryImageOfPage":{"@id":"http:\/\/noviasespana.com\/noviasbaleares\/enea-editorial-en-barcelona-bridal-week\/#primaryimage"},"image":{"@id":"http:\/\/noviasespana.com\/noviasbaleares\/enea-editorial-en-barcelona-bridal-week\/#primaryimage"},"thumbnailUrl":"http:\/\/www.diariodeunanovia.com\/blog\/wp-content\/uploads\/sites\/5\/2010\/05\/fotostand-300x225.jpg","datePublished":"2010-05-19T17:22:53+00:00","author":{"@id":"http:\/\/noviasespana.com\/noviasbaleares\/#\/schema\/person\/0b1c774eb803dc07cabaa1ba623a2189"},"breadcrumb":{"@id":"http:\/\/noviasespana.com\/noviasbaleares\/enea-editorial-en-barcelona-bridal-week\/#breadcrumb"},"inLanguage":"es","potentialAction":[{"@type":"ReadAction","target":["http:\/\/noviasespana.com\/noviasbaleares\/enea-editorial-en-barcelona-bridal-week\/"]}]},{"@type":"ImageObject","inLanguage":"es","@id":"http:\/\/noviasespana.com\/noviasbaleares\/enea-editorial-en-barcelona-bridal-week\/#primaryimage","url":"http:\/\/www.diariodeunanovia.com\/blog\/wp-content\/uploads\/sites\/5\/2010\/05\/fotostand-300x225.jpg","contentUrl":"http:\/\/www.diariodeunanovia.com\/blog\/wp-content\/uploads\/sites\/5\/2010\/05\/fotostand-300x225.jpg"},{"@type":"BreadcrumbList","@id":"http:\/\/noviasespana.com\/noviasbaleares\/enea-editorial-en-barcelona-bridal-week\/#breadcrumb","itemListElement":[{"@type":"ListItem","position":1,"name":"Portada","item":"http:\/\/noviasespana.com\/noviasbaleares\/"},{"@type":"ListItem","position":2,"name":"ENEA EDITORIAL EN BARCELONA BRIDAL WEEK"}]},{"@type":"WebSite","@id":"http:\/\/noviasespana.com\/noviasbaleares\/#website","url":"http:\/\/noviasespana.com\/noviasbaleares\/","name":"Novias Baleares","description":"Revista de novias","potentialAction":[{"@type":"SearchAction","target":{"@type":"EntryPoint","urlTemplate":"http:\/\/noviasespana.com\/noviasbaleares\/?s={search_term_string}"},"query-input":{"@type":"PropertyValueSpecification","valueRequired":true,"valueName":"search_term_string"}}],"inLanguage":"es"},{"@type":"Person","@id":"http:\/\/noviasespana.com\/noviasbaleares\/#\/schema\/person\/0b1c774eb803dc07cabaa1ba623a2189","name":"Pilar Perosanz","image":{"@type":"ImageObject","inLanguage":"es","@id":"https:\/\/secure.gravatar.com\/avatar\/5f89b89cee696f36efb82c284bbc1518b83b807f1e68366037e8221287a0831b?s=96&d=mm&r=g","url":"https:\/\/secure.gravatar.com\/avatar\/5f89b89cee696f36efb82c284bbc1518b83b807f1e68366037e8221287a0831b?s=96&d=mm&r=g","contentUrl":"https:\/\/secure.gravatar.com\/avatar\/5f89b89cee696f36efb82c284bbc1518b83b807f1e68366037e8221287a0831b?s=96&d=mm&r=g","caption":"Pilar Perosanz"},"url":"http:\/\/noviasespana.com\/noviasbaleares\/author\/pilar\/"}]}},"jetpack_featured_media_url":"","jetpack_sharing_enabled":true,"jetpack_shortlink":"https:\/\/wp.me\/p5Hg6P-p6","jetpack_likes_enabled":true,"_links":{"self":[{"href":"http:\/\/noviasespana.com\/noviasbaleares\/wp-json\/wp\/v2\/posts\/1556","targetHints":{"allow":["GET"]}}],"collection":[{"href":"http:\/\/noviasespana.com\/noviasbaleares\/wp-json\/wp\/v2\/posts"}],"about":[{"href":"http:\/\/noviasespana.com\/noviasbaleares\/wp-json\/wp\/v2\/types\/post"}],"author":[{"embeddable":true,"href":"http:\/\/noviasespana.com\/noviasbaleares\/wp-json\/wp\/v2\/users\/4"}],"replies":[{"embeddable":true,"href":"http:\/\/noviasespana.com\/noviasbaleares\/wp-json\/wp\/v2\/comments?post=1556"}],"version-history":[{"count":0,"href":"http:\/\/noviasespana.com\/noviasbaleares\/wp-json\/wp\/v2\/posts\/1556\/revisions"}],"wp:attachment":[{"href":"http:\/\/noviasespana.com\/noviasbaleares\/wp-json\/wp\/v2\/media?parent=1556"}],"wp:term":[{"taxonomy":"category","embeddable":true,"href":"http:\/\/noviasespana.com\/noviasbaleares\/wp-json\/wp\/v2\/categories?post=1556"},{"taxonomy":"post_tag","embeddable":true,"href":"http:\/\/noviasespana.com\/noviasbaleares\/wp-json\/wp\/v2\/tags?post=1556"}],"curies":[{"name":"wp","href":"https:\/\/api.w.org\/{rel}","templated":true}]}}