{"id":1542,"date":"2010-05-19T10:16:12","date_gmt":"2010-05-19T09:16:12","guid":{"rendered":"http:\/\/www.diariodeunanovia.com\/blog\/?p=1542"},"modified":"2010-05-19T10:16:12","modified_gmt":"2010-05-19T09:16:12","slug":"rosa-clara-vitoria-premio-a-la-mejor-tienda-de-espana","status":"publish","type":"post","link":"http:\/\/noviasespana.com\/noviasbaleares\/rosa-clara-vitoria-premio-a-la-mejor-tienda-de-espana\/","title":{"rendered":"Rosa Clar\u00e1 Vitoria &#8211; Premio a la mejor tienda de Espa\u00f1a"},"content":{"rendered":"<div id=\"attachment_1549\" style=\"width: 310px\" class=\"wp-caption aligncenter\"><img data-recalc-dims=\"1\" loading=\"lazy\" decoding=\"async\" aria-describedby=\"caption-attachment-1549\" class=\"size-medium wp-image-1549\" title=\"Paulina y Fabian\" src=\"https:\/\/i0.wp.com\/www.diariodeunanovia.com\/blog\/wp-content\/uploads\/sites\/5\/2010\/05\/Paulina-y-Fabian-300x225.jpg?resize=300%2C225\" alt=\"Paulina Rubio y Fabian Tobalina, XV Aniversario Rosa Clar\u00e1\" width=\"300\" height=\"225\" \/><p id=\"caption-attachment-1549\" class=\"wp-caption-text\">Paulina Rubio y Fabian Tobalina, XV Aniversario Rosa Clar\u00e1<\/p><\/div>\n<p><strong>Fabi\u00e1n Tobalina<\/strong> y su equipo fue galardonado ayer por la noche con una premio muy especial. Durante la fiesta celebraci\u00f3n del <strong>XV Aniversario de Rosa Clar\u00e1<\/strong> Fabi\u00e1n, Mila y Silvia recibieron del Presidente de la Generalitat, <strong>Jos\u00e9 Montilla<\/strong>, y de la propia Rosa un premio al esfuerzo de dos a\u00f1os intensos de trabajo. Suena bien, Mejor tienda de Espa\u00f1a, y es que \u00a1no es para menos chicas! \u00a0El dise\u00f1o, la localizaci\u00f3n, pero sobre todo el tes\u00f3n del equipo por hacer que todas las novias se sientan especiales, hacen de esta tienda de Vitoria un lugar con encanto. A la fiesta de Gala, se sum\u00f3 <strong>Paulina Rubio<\/strong>, embarazada, acompa\u00f1ada de Colate, dando un recital de esencias de su carrera en el concierto dedicado a esta firma.<\/p>\n","protected":false},"excerpt":{"rendered":"<p>Fabi\u00e1n Tobalina y su equipo fue galardonado ayer por la noche con una premio muy especial. Durante la fiesta celebraci\u00f3n del XV Aniversario de Rosa Clar\u00e1 Fabi\u00e1n, Mila y Silvia recibieron del Presidente de la Generalitat, Jos\u00e9 Montilla, y de la propia Rosa un premio al esfuerzo de dos a\u00f1os intensos de trabajo. Suena bien, [&hellip;]<\/p>\n","protected":false},"author":2,"featured_media":0,"comment_status":"open","ping_status":"open","sticky":false,"template":"","format":"standard","meta":{"jetpack_post_was_ever_published":false,"_jetpack_newsletter_access":"","_jetpack_dont_email_post_to_subs":false,"_jetpack_newsletter_tier_id":0,"_jetpack_memberships_contains_paywalled_content":false,"_jetpack_memberships_contains_paid_content":false,"footnotes":""},"categories":[1],"tags":[],"class_list":["post-1542","post","type-post","status-publish","format-standard","hentry","category-novias"],"yoast_head":"<!-- This site is optimized with the Yoast SEO plugin v27.5 - https:\/\/yoast.com\/product\/yoast-seo-wordpress\/ -->\n<title>Rosa Clar\u00e1 Vitoria - Premio a la mejor tienda de Espa\u00f1a - Novias Baleares<\/title>\n<meta name=\"robots\" content=\"index, follow, max-snippet:-1, max-image-preview:large, max-video-preview:-1\" \/>\n<link rel=\"canonical\" href=\"http:\/\/noviasespana.com\/noviasbaleares\/rosa-clara-vitoria-premio-a-la-mejor-tienda-de-espana\/\" \/>\n<meta property=\"og:locale\" content=\"es_ES\" \/>\n<meta property=\"og:type\" content=\"article\" \/>\n<meta property=\"og:title\" content=\"Rosa Clar\u00e1 Vitoria - Premio a la mejor tienda de Espa\u00f1a - Novias Baleares\" \/>\n<meta property=\"og:description\" content=\"Fabi\u00e1n Tobalina y su equipo fue galardonado ayer por la noche con una premio muy especial. Durante la fiesta celebraci\u00f3n del XV Aniversario de Rosa Clar\u00e1 Fabi\u00e1n, Mila y Silvia recibieron del Presidente de la Generalitat, Jos\u00e9 Montilla, y de la propia Rosa un premio al esfuerzo de dos a\u00f1os intensos de trabajo. Suena bien, [&hellip;]\" \/>\n<meta property=\"og:url\" content=\"http:\/\/noviasespana.com\/noviasbaleares\/rosa-clara-vitoria-premio-a-la-mejor-tienda-de-espana\/\" \/>\n<meta property=\"og:site_name\" content=\"Novias Baleares\" \/>\n<meta property=\"article:published_time\" content=\"2010-05-19T09:16:12+00:00\" \/>\n<meta property=\"og:image\" content=\"http:\/\/www.diariodeunanovia.com\/blog\/wp-content\/uploads\/sites\/5\/2010\/05\/Paulina-y-Fabian-300x225.jpg\" \/>\n<meta name=\"author\" content=\"admin\" \/>\n<meta name=\"twitter:label1\" content=\"Escrito por\" \/>\n\t<meta name=\"twitter:data1\" content=\"admin\" \/>\n\t<meta name=\"twitter:label2\" content=\"Tiempo de lectura\" \/>\n\t<meta name=\"twitter:data2\" content=\"1 minuto\" \/>\n<script type=\"application\/ld+json\" class=\"yoast-schema-graph\">{\"@context\":\"https:\\\/\\\/schema.org\",\"@graph\":[{\"@type\":\"Article\",\"@id\":\"http:\\\/\\\/noviasespana.com\\\/noviasbaleares\\\/rosa-clara-vitoria-premio-a-la-mejor-tienda-de-espana\\\/#article\",\"isPartOf\":{\"@id\":\"http:\\\/\\\/noviasespana.com\\\/noviasbaleares\\\/rosa-clara-vitoria-premio-a-la-mejor-tienda-de-espana\\\/\"},\"author\":{\"name\":\"admin\",\"@id\":\"http:\\\/\\\/noviasespana.com\\\/noviasbaleares\\\/#\\\/schema\\\/person\\\/82ff6e303fad28e4da623aa4d27969ed\"},\"headline\":\"Rosa Clar\u00e1 Vitoria &#8211; Premio a la mejor tienda de Espa\u00f1a\",\"datePublished\":\"2010-05-19T09:16:12+00:00\",\"mainEntityOfPage\":{\"@id\":\"http:\\\/\\\/noviasespana.com\\\/noviasbaleares\\\/rosa-clara-vitoria-premio-a-la-mejor-tienda-de-espana\\\/\"},\"wordCount\":163,\"commentCount\":0,\"image\":{\"@id\":\"http:\\\/\\\/noviasespana.com\\\/noviasbaleares\\\/rosa-clara-vitoria-premio-a-la-mejor-tienda-de-espana\\\/#primaryimage\"},\"thumbnailUrl\":\"http:\\\/\\\/www.diariodeunanovia.com\\\/blog\\\/wp-content\\\/uploads\\\/sites\\\/5\\\/2010\\\/05\\\/Paulina-y-Fabian-300x225.jpg\",\"articleSection\":[\"novias\"],\"inLanguage\":\"es\",\"potentialAction\":[{\"@type\":\"CommentAction\",\"name\":\"Comment\",\"target\":[\"http:\\\/\\\/noviasespana.com\\\/noviasbaleares\\\/rosa-clara-vitoria-premio-a-la-mejor-tienda-de-espana\\\/#respond\"]}]},{\"@type\":\"WebPage\",\"@id\":\"http:\\\/\\\/noviasespana.com\\\/noviasbaleares\\\/rosa-clara-vitoria-premio-a-la-mejor-tienda-de-espana\\\/\",\"url\":\"http:\\\/\\\/noviasespana.com\\\/noviasbaleares\\\/rosa-clara-vitoria-premio-a-la-mejor-tienda-de-espana\\\/\",\"name\":\"Rosa Clar\u00e1 Vitoria - Premio a la mejor tienda de Espa\u00f1a - Novias Baleares\",\"isPartOf\":{\"@id\":\"http:\\\/\\\/noviasespana.com\\\/noviasbaleares\\\/#website\"},\"primaryImageOfPage\":{\"@id\":\"http:\\\/\\\/noviasespana.com\\\/noviasbaleares\\\/rosa-clara-vitoria-premio-a-la-mejor-tienda-de-espana\\\/#primaryimage\"},\"image\":{\"@id\":\"http:\\\/\\\/noviasespana.com\\\/noviasbaleares\\\/rosa-clara-vitoria-premio-a-la-mejor-tienda-de-espana\\\/#primaryimage\"},\"thumbnailUrl\":\"http:\\\/\\\/www.diariodeunanovia.com\\\/blog\\\/wp-content\\\/uploads\\\/sites\\\/5\\\/2010\\\/05\\\/Paulina-y-Fabian-300x225.jpg\",\"datePublished\":\"2010-05-19T09:16:12+00:00\",\"author\":{\"@id\":\"http:\\\/\\\/noviasespana.com\\\/noviasbaleares\\\/#\\\/schema\\\/person\\\/82ff6e303fad28e4da623aa4d27969ed\"},\"breadcrumb\":{\"@id\":\"http:\\\/\\\/noviasespana.com\\\/noviasbaleares\\\/rosa-clara-vitoria-premio-a-la-mejor-tienda-de-espana\\\/#breadcrumb\"},\"inLanguage\":\"es\",\"potentialAction\":[{\"@type\":\"ReadAction\",\"target\":[\"http:\\\/\\\/noviasespana.com\\\/noviasbaleares\\\/rosa-clara-vitoria-premio-a-la-mejor-tienda-de-espana\\\/\"]}]},{\"@type\":\"ImageObject\",\"inLanguage\":\"es\",\"@id\":\"http:\\\/\\\/noviasespana.com\\\/noviasbaleares\\\/rosa-clara-vitoria-premio-a-la-mejor-tienda-de-espana\\\/#primaryimage\",\"url\":\"http:\\\/\\\/www.diariodeunanovia.com\\\/blog\\\/wp-content\\\/uploads\\\/sites\\\/5\\\/2010\\\/05\\\/Paulina-y-Fabian-300x225.jpg\",\"contentUrl\":\"http:\\\/\\\/www.diariodeunanovia.com\\\/blog\\\/wp-content\\\/uploads\\\/sites\\\/5\\\/2010\\\/05\\\/Paulina-y-Fabian-300x225.jpg\"},{\"@type\":\"BreadcrumbList\",\"@id\":\"http:\\\/\\\/noviasespana.com\\\/noviasbaleares\\\/rosa-clara-vitoria-premio-a-la-mejor-tienda-de-espana\\\/#breadcrumb\",\"itemListElement\":[{\"@type\":\"ListItem\",\"position\":1,\"name\":\"Portada\",\"item\":\"http:\\\/\\\/noviasespana.com\\\/noviasbaleares\\\/\"},{\"@type\":\"ListItem\",\"position\":2,\"name\":\"Rosa Clar\u00e1 Vitoria &#8211; Premio a la mejor tienda de Espa\u00f1a\"}]},{\"@type\":\"WebSite\",\"@id\":\"http:\\\/\\\/noviasespana.com\\\/noviasbaleares\\\/#website\",\"url\":\"http:\\\/\\\/noviasespana.com\\\/noviasbaleares\\\/\",\"name\":\"Novias Baleares\",\"description\":\"Revista de novias\",\"potentialAction\":[{\"@type\":\"SearchAction\",\"target\":{\"@type\":\"EntryPoint\",\"urlTemplate\":\"http:\\\/\\\/noviasespana.com\\\/noviasbaleares\\\/?s={search_term_string}\"},\"query-input\":{\"@type\":\"PropertyValueSpecification\",\"valueRequired\":true,\"valueName\":\"search_term_string\"}}],\"inLanguage\":\"es\"},{\"@type\":\"Person\",\"@id\":\"http:\\\/\\\/noviasespana.com\\\/noviasbaleares\\\/#\\\/schema\\\/person\\\/82ff6e303fad28e4da623aa4d27969ed\",\"name\":\"admin\",\"image\":{\"@type\":\"ImageObject\",\"inLanguage\":\"es\",\"@id\":\"https:\\\/\\\/secure.gravatar.com\\\/avatar\\\/0f45231fddfb43fcbd0cdde4582a3580baf474d75fca7d494b42ff86847de871?s=96&d=mm&r=g\",\"url\":\"https:\\\/\\\/secure.gravatar.com\\\/avatar\\\/0f45231fddfb43fcbd0cdde4582a3580baf474d75fca7d494b42ff86847de871?s=96&d=mm&r=g\",\"contentUrl\":\"https:\\\/\\\/secure.gravatar.com\\\/avatar\\\/0f45231fddfb43fcbd0cdde4582a3580baf474d75fca7d494b42ff86847de871?s=96&d=mm&r=g\",\"caption\":\"admin\"},\"url\":\"http:\\\/\\\/noviasespana.com\\\/noviasbaleares\\\/author\\\/admin\\\/\"}]}<\/script>\n<!-- \/ Yoast SEO plugin. -->","yoast_head_json":{"title":"Rosa Clar\u00e1 Vitoria - Premio a la mejor tienda de Espa\u00f1a - Novias Baleares","robots":{"index":"index","follow":"follow","max-snippet":"max-snippet:-1","max-image-preview":"max-image-preview:large","max-video-preview":"max-video-preview:-1"},"canonical":"http:\/\/noviasespana.com\/noviasbaleares\/rosa-clara-vitoria-premio-a-la-mejor-tienda-de-espana\/","og_locale":"es_ES","og_type":"article","og_title":"Rosa Clar\u00e1 Vitoria - Premio a la mejor tienda de Espa\u00f1a - Novias Baleares","og_description":"Fabi\u00e1n Tobalina y su equipo fue galardonado ayer por la noche con una premio muy especial. Durante la fiesta celebraci\u00f3n del XV Aniversario de Rosa Clar\u00e1 Fabi\u00e1n, Mila y Silvia recibieron del Presidente de la Generalitat, Jos\u00e9 Montilla, y de la propia Rosa un premio al esfuerzo de dos a\u00f1os intensos de trabajo. Suena bien, [&hellip;]","og_url":"http:\/\/noviasespana.com\/noviasbaleares\/rosa-clara-vitoria-premio-a-la-mejor-tienda-de-espana\/","og_site_name":"Novias Baleares","article_published_time":"2010-05-19T09:16:12+00:00","og_image":[{"url":"http:\/\/www.diariodeunanovia.com\/blog\/wp-content\/uploads\/sites\/5\/2010\/05\/Paulina-y-Fabian-300x225.jpg","type":"","width":"","height":""}],"author":"admin","twitter_misc":{"Escrito por":"admin","Tiempo de lectura":"1 minuto"},"schema":{"@context":"https:\/\/schema.org","@graph":[{"@type":"Article","@id":"http:\/\/noviasespana.com\/noviasbaleares\/rosa-clara-vitoria-premio-a-la-mejor-tienda-de-espana\/#article","isPartOf":{"@id":"http:\/\/noviasespana.com\/noviasbaleares\/rosa-clara-vitoria-premio-a-la-mejor-tienda-de-espana\/"},"author":{"name":"admin","@id":"http:\/\/noviasespana.com\/noviasbaleares\/#\/schema\/person\/82ff6e303fad28e4da623aa4d27969ed"},"headline":"Rosa Clar\u00e1 Vitoria &#8211; Premio a la mejor tienda de Espa\u00f1a","datePublished":"2010-05-19T09:16:12+00:00","mainEntityOfPage":{"@id":"http:\/\/noviasespana.com\/noviasbaleares\/rosa-clara-vitoria-premio-a-la-mejor-tienda-de-espana\/"},"wordCount":163,"commentCount":0,"image":{"@id":"http:\/\/noviasespana.com\/noviasbaleares\/rosa-clara-vitoria-premio-a-la-mejor-tienda-de-espana\/#primaryimage"},"thumbnailUrl":"http:\/\/www.diariodeunanovia.com\/blog\/wp-content\/uploads\/sites\/5\/2010\/05\/Paulina-y-Fabian-300x225.jpg","articleSection":["novias"],"inLanguage":"es","potentialAction":[{"@type":"CommentAction","name":"Comment","target":["http:\/\/noviasespana.com\/noviasbaleares\/rosa-clara-vitoria-premio-a-la-mejor-tienda-de-espana\/#respond"]}]},{"@type":"WebPage","@id":"http:\/\/noviasespana.com\/noviasbaleares\/rosa-clara-vitoria-premio-a-la-mejor-tienda-de-espana\/","url":"http:\/\/noviasespana.com\/noviasbaleares\/rosa-clara-vitoria-premio-a-la-mejor-tienda-de-espana\/","name":"Rosa Clar\u00e1 Vitoria - Premio a la mejor tienda de Espa\u00f1a - Novias Baleares","isPartOf":{"@id":"http:\/\/noviasespana.com\/noviasbaleares\/#website"},"primaryImageOfPage":{"@id":"http:\/\/noviasespana.com\/noviasbaleares\/rosa-clara-vitoria-premio-a-la-mejor-tienda-de-espana\/#primaryimage"},"image":{"@id":"http:\/\/noviasespana.com\/noviasbaleares\/rosa-clara-vitoria-premio-a-la-mejor-tienda-de-espana\/#primaryimage"},"thumbnailUrl":"http:\/\/www.diariodeunanovia.com\/blog\/wp-content\/uploads\/sites\/5\/2010\/05\/Paulina-y-Fabian-300x225.jpg","datePublished":"2010-05-19T09:16:12+00:00","author":{"@id":"http:\/\/noviasespana.com\/noviasbaleares\/#\/schema\/person\/82ff6e303fad28e4da623aa4d27969ed"},"breadcrumb":{"@id":"http:\/\/noviasespana.com\/noviasbaleares\/rosa-clara-vitoria-premio-a-la-mejor-tienda-de-espana\/#breadcrumb"},"inLanguage":"es","potentialAction":[{"@type":"ReadAction","target":["http:\/\/noviasespana.com\/noviasbaleares\/rosa-clara-vitoria-premio-a-la-mejor-tienda-de-espana\/"]}]},{"@type":"ImageObject","inLanguage":"es","@id":"http:\/\/noviasespana.com\/noviasbaleares\/rosa-clara-vitoria-premio-a-la-mejor-tienda-de-espana\/#primaryimage","url":"http:\/\/www.diariodeunanovia.com\/blog\/wp-content\/uploads\/sites\/5\/2010\/05\/Paulina-y-Fabian-300x225.jpg","contentUrl":"http:\/\/www.diariodeunanovia.com\/blog\/wp-content\/uploads\/sites\/5\/2010\/05\/Paulina-y-Fabian-300x225.jpg"},{"@type":"BreadcrumbList","@id":"http:\/\/noviasespana.com\/noviasbaleares\/rosa-clara-vitoria-premio-a-la-mejor-tienda-de-espana\/#breadcrumb","itemListElement":[{"@type":"ListItem","position":1,"name":"Portada","item":"http:\/\/noviasespana.com\/noviasbaleares\/"},{"@type":"ListItem","position":2,"name":"Rosa Clar\u00e1 Vitoria &#8211; Premio a la mejor tienda de Espa\u00f1a"}]},{"@type":"WebSite","@id":"http:\/\/noviasespana.com\/noviasbaleares\/#website","url":"http:\/\/noviasespana.com\/noviasbaleares\/","name":"Novias Baleares","description":"Revista de novias","potentialAction":[{"@type":"SearchAction","target":{"@type":"EntryPoint","urlTemplate":"http:\/\/noviasespana.com\/noviasbaleares\/?s={search_term_string}"},"query-input":{"@type":"PropertyValueSpecification","valueRequired":true,"valueName":"search_term_string"}}],"inLanguage":"es"},{"@type":"Person","@id":"http:\/\/noviasespana.com\/noviasbaleares\/#\/schema\/person\/82ff6e303fad28e4da623aa4d27969ed","name":"admin","image":{"@type":"ImageObject","inLanguage":"es","@id":"https:\/\/secure.gravatar.com\/avatar\/0f45231fddfb43fcbd0cdde4582a3580baf474d75fca7d494b42ff86847de871?s=96&d=mm&r=g","url":"https:\/\/secure.gravatar.com\/avatar\/0f45231fddfb43fcbd0cdde4582a3580baf474d75fca7d494b42ff86847de871?s=96&d=mm&r=g","contentUrl":"https:\/\/secure.gravatar.com\/avatar\/0f45231fddfb43fcbd0cdde4582a3580baf474d75fca7d494b42ff86847de871?s=96&d=mm&r=g","caption":"admin"},"url":"http:\/\/noviasespana.com\/noviasbaleares\/author\/admin\/"}]}},"jetpack_featured_media_url":"","jetpack_sharing_enabled":true,"jetpack_shortlink":"https:\/\/wp.me\/p5Hg6P-oS","jetpack_likes_enabled":true,"_links":{"self":[{"href":"http:\/\/noviasespana.com\/noviasbaleares\/wp-json\/wp\/v2\/posts\/1542","targetHints":{"allow":["GET"]}}],"collection":[{"href":"http:\/\/noviasespana.com\/noviasbaleares\/wp-json\/wp\/v2\/posts"}],"about":[{"href":"http:\/\/noviasespana.com\/noviasbaleares\/wp-json\/wp\/v2\/types\/post"}],"author":[{"embeddable":true,"href":"http:\/\/noviasespana.com\/noviasbaleares\/wp-json\/wp\/v2\/users\/2"}],"replies":[{"embeddable":true,"href":"http:\/\/noviasespana.com\/noviasbaleares\/wp-json\/wp\/v2\/comments?post=1542"}],"version-history":[{"count":0,"href":"http:\/\/noviasespana.com\/noviasbaleares\/wp-json\/wp\/v2\/posts\/1542\/revisions"}],"wp:attachment":[{"href":"http:\/\/noviasespana.com\/noviasbaleares\/wp-json\/wp\/v2\/media?parent=1542"}],"wp:term":[{"taxonomy":"category","embeddable":true,"href":"http:\/\/noviasespana.com\/noviasbaleares\/wp-json\/wp\/v2\/categories?post=1542"},{"taxonomy":"post_tag","embeddable":true,"href":"http:\/\/noviasespana.com\/noviasbaleares\/wp-json\/wp\/v2\/tags?post=1542"}],"curies":[{"name":"wp","href":"https:\/\/api.w.org\/{rel}","templated":true}]}}