{"id":1473,"date":"2010-05-07T17:21:02","date_gmt":"2010-05-07T16:21:02","guid":{"rendered":"http:\/\/www.diariodeunanovia.com\/blog\/?p=1473"},"modified":"2010-05-07T17:21:02","modified_gmt":"2010-05-07T16:21:02","slug":"segunda-jornada-de-cibeles-madrid-novias","status":"publish","type":"post","link":"http:\/\/noviasespana.com\/noviasbaleares\/segunda-jornada-de-cibeles-madrid-novias\/","title":{"rendered":"Segunda jornada de Cibeles Madrid Novias"},"content":{"rendered":"<p>Queridas Novias!!!\u00a0\u00a0 Segunda\u00a0jornada de la Pasarela <a href=\"http:\/\/http:\/\/www.ifema.es\/web\/ferias\/madridnovias\/default.html\"><strong>Cibeles Madrid Novias<\/strong><\/a><strong>,<\/strong> donde\u00a0continuaremos viendo las propuestas \u00a0los grandes dise\u00f1adores de nuestro pa\u00eds como <strong>Devota &amp; Lomba, Elio Berhanyer, Joaquim Verd\u00fa, Javier\u00a0 Arnaiz, Camila Elbaz, Mercedes Alonso<\/strong> o <a href=\"www.jorgeterra.es\"><strong>Jorge Terra<\/strong><\/a>, quien nos propone una novia sofisticada y elegante, con escotes palabra de honor, corpi\u00f1os\u00a0y cortes sirena\u00a0en su\u00a0cuidada y elaborad\u00edsima colecci\u00f3n <strong>\u00abSimplemente YO\u00bb.<\/strong>\u00a0\u00a0En los\u00a0desfiles de la jornada de hoy, veremos\u00a0 desde \u00a0patronajes marcadamente geom\u00e9tricos y \u00a0de\u00a0l\u00edneas\u00a0puras hasta\u00a0las m\u00e1s abullonadas faldas y voluminosas colas;\u00a0\u00a0magn\u00edficos tejidos como sedas, tules,\u00a0gasas, satenes\u00a0y detalles como \u00a0bordados o\u00a0\u00a0cristales.\u00a0 Tambi\u00e9n\u00a0 veremos\u00a0 m\u00e1s\u00a0trajes\u00a0de ceremonia para hombre;\u00a0 esta temporada\u00a0 nuestros creadores nos \u00a0traen\u00a0algunas\u00a0 propuestas\u00a0 atrevidas, actuales e innovadoras para un novio siempre elegante e impecable.<\/p>\n<p><img data-recalc-dims=\"1\" loading=\"lazy\" decoding=\"async\" class=\"aligncenter size-medium wp-image-1474\" title=\"CIBELES MADRID NOVIAS 2010\" src=\"https:\/\/i0.wp.com\/www.diariodeunanovia.com\/blog\/wp-content\/uploads\/sites\/5\/2010\/05\/foto-225x300.jpg?resize=225%2C300\" alt=\"CIBELES MADRID NOVIAS 2010\" width=\"225\" height=\"300\" \/><\/p>\n","protected":false},"excerpt":{"rendered":"<p>Queridas Novias!!!\u00a0\u00a0 Segunda\u00a0jornada de la Pasarela Cibeles Madrid Novias, donde\u00a0continuaremos viendo las propuestas \u00a0los grandes dise\u00f1adores de nuestro pa\u00eds como Devota &amp; Lomba, Elio Berhanyer, Joaquim Verd\u00fa, Javier\u00a0 Arnaiz, Camila Elbaz, Mercedes Alonso o Jorge Terra, quien nos propone una novia sofisticada y elegante, con escotes palabra de honor, corpi\u00f1os\u00a0y cortes sirena\u00a0en su\u00a0cuidada y elaborad\u00edsima [&hellip;]<\/p>\n","protected":false},"author":4,"featured_media":0,"comment_status":"open","ping_status":"open","sticky":false,"template":"","format":"standard","meta":{"jetpack_post_was_ever_published":false,"_jetpack_newsletter_access":"","_jetpack_dont_email_post_to_subs":false,"_jetpack_newsletter_tier_id":0,"_jetpack_memberships_contains_paywalled_content":false,"_jetpack_memberships_contains_paid_content":false,"footnotes":""},"categories":[1],"tags":[],"class_list":["post-1473","post","type-post","status-publish","format-standard","hentry","category-novias"],"yoast_head":"<!-- This site is optimized with the Yoast SEO plugin v27.5 - https:\/\/yoast.com\/product\/yoast-seo-wordpress\/ -->\n<title>Segunda jornada de Cibeles Madrid Novias - Novias Baleares<\/title>\n<meta name=\"robots\" content=\"index, follow, max-snippet:-1, max-image-preview:large, max-video-preview:-1\" \/>\n<link rel=\"canonical\" href=\"http:\/\/noviasespana.com\/noviasbaleares\/segunda-jornada-de-cibeles-madrid-novias\/\" \/>\n<meta property=\"og:locale\" content=\"es_ES\" \/>\n<meta property=\"og:type\" content=\"article\" \/>\n<meta property=\"og:title\" content=\"Segunda jornada de Cibeles Madrid Novias - Novias Baleares\" \/>\n<meta property=\"og:description\" content=\"Queridas Novias!!!\u00a0\u00a0 Segunda\u00a0jornada de la Pasarela Cibeles Madrid Novias, donde\u00a0continuaremos viendo las propuestas \u00a0los grandes dise\u00f1adores de nuestro pa\u00eds como Devota &amp; Lomba, Elio Berhanyer, Joaquim Verd\u00fa, Javier\u00a0 Arnaiz, Camila Elbaz, Mercedes Alonso o Jorge Terra, quien nos propone una novia sofisticada y elegante, con escotes palabra de honor, corpi\u00f1os\u00a0y cortes sirena\u00a0en su\u00a0cuidada y elaborad\u00edsima [&hellip;]\" \/>\n<meta property=\"og:url\" content=\"http:\/\/noviasespana.com\/noviasbaleares\/segunda-jornada-de-cibeles-madrid-novias\/\" \/>\n<meta property=\"og:site_name\" content=\"Novias Baleares\" \/>\n<meta property=\"article:published_time\" content=\"2010-05-07T16:21:02+00:00\" \/>\n<meta property=\"og:image\" content=\"http:\/\/www.diariodeunanovia.com\/blog\/wp-content\/uploads\/sites\/5\/2010\/05\/foto-225x300.jpg\" \/>\n<meta name=\"author\" content=\"Pilar Perosanz\" \/>\n<meta name=\"twitter:label1\" content=\"Escrito por\" \/>\n\t<meta name=\"twitter:data1\" content=\"Pilar Perosanz\" \/>\n\t<meta name=\"twitter:label2\" content=\"Tiempo de lectura\" \/>\n\t<meta name=\"twitter:data2\" content=\"1 minuto\" \/>\n<script type=\"application\/ld+json\" class=\"yoast-schema-graph\">{\"@context\":\"https:\\\/\\\/schema.org\",\"@graph\":[{\"@type\":\"Article\",\"@id\":\"http:\\\/\\\/noviasespana.com\\\/noviasbaleares\\\/segunda-jornada-de-cibeles-madrid-novias\\\/#article\",\"isPartOf\":{\"@id\":\"http:\\\/\\\/noviasespana.com\\\/noviasbaleares\\\/segunda-jornada-de-cibeles-madrid-novias\\\/\"},\"author\":{\"name\":\"Pilar Perosanz\",\"@id\":\"http:\\\/\\\/noviasespana.com\\\/noviasbaleares\\\/#\\\/schema\\\/person\\\/0b1c774eb803dc07cabaa1ba623a2189\"},\"headline\":\"Segunda jornada de Cibeles Madrid Novias\",\"datePublished\":\"2010-05-07T16:21:02+00:00\",\"mainEntityOfPage\":{\"@id\":\"http:\\\/\\\/noviasespana.com\\\/noviasbaleares\\\/segunda-jornada-de-cibeles-madrid-novias\\\/\"},\"wordCount\":145,\"commentCount\":0,\"image\":{\"@id\":\"http:\\\/\\\/noviasespana.com\\\/noviasbaleares\\\/segunda-jornada-de-cibeles-madrid-novias\\\/#primaryimage\"},\"thumbnailUrl\":\"http:\\\/\\\/www.diariodeunanovia.com\\\/blog\\\/wp-content\\\/uploads\\\/sites\\\/5\\\/2010\\\/05\\\/foto-225x300.jpg\",\"articleSection\":[\"novias\"],\"inLanguage\":\"es\",\"potentialAction\":[{\"@type\":\"CommentAction\",\"name\":\"Comment\",\"target\":[\"http:\\\/\\\/noviasespana.com\\\/noviasbaleares\\\/segunda-jornada-de-cibeles-madrid-novias\\\/#respond\"]}]},{\"@type\":\"WebPage\",\"@id\":\"http:\\\/\\\/noviasespana.com\\\/noviasbaleares\\\/segunda-jornada-de-cibeles-madrid-novias\\\/\",\"url\":\"http:\\\/\\\/noviasespana.com\\\/noviasbaleares\\\/segunda-jornada-de-cibeles-madrid-novias\\\/\",\"name\":\"Segunda jornada de Cibeles Madrid Novias - Novias Baleares\",\"isPartOf\":{\"@id\":\"http:\\\/\\\/noviasespana.com\\\/noviasbaleares\\\/#website\"},\"primaryImageOfPage\":{\"@id\":\"http:\\\/\\\/noviasespana.com\\\/noviasbaleares\\\/segunda-jornada-de-cibeles-madrid-novias\\\/#primaryimage\"},\"image\":{\"@id\":\"http:\\\/\\\/noviasespana.com\\\/noviasbaleares\\\/segunda-jornada-de-cibeles-madrid-novias\\\/#primaryimage\"},\"thumbnailUrl\":\"http:\\\/\\\/www.diariodeunanovia.com\\\/blog\\\/wp-content\\\/uploads\\\/sites\\\/5\\\/2010\\\/05\\\/foto-225x300.jpg\",\"datePublished\":\"2010-05-07T16:21:02+00:00\",\"author\":{\"@id\":\"http:\\\/\\\/noviasespana.com\\\/noviasbaleares\\\/#\\\/schema\\\/person\\\/0b1c774eb803dc07cabaa1ba623a2189\"},\"breadcrumb\":{\"@id\":\"http:\\\/\\\/noviasespana.com\\\/noviasbaleares\\\/segunda-jornada-de-cibeles-madrid-novias\\\/#breadcrumb\"},\"inLanguage\":\"es\",\"potentialAction\":[{\"@type\":\"ReadAction\",\"target\":[\"http:\\\/\\\/noviasespana.com\\\/noviasbaleares\\\/segunda-jornada-de-cibeles-madrid-novias\\\/\"]}]},{\"@type\":\"ImageObject\",\"inLanguage\":\"es\",\"@id\":\"http:\\\/\\\/noviasespana.com\\\/noviasbaleares\\\/segunda-jornada-de-cibeles-madrid-novias\\\/#primaryimage\",\"url\":\"http:\\\/\\\/www.diariodeunanovia.com\\\/blog\\\/wp-content\\\/uploads\\\/sites\\\/5\\\/2010\\\/05\\\/foto-225x300.jpg\",\"contentUrl\":\"http:\\\/\\\/www.diariodeunanovia.com\\\/blog\\\/wp-content\\\/uploads\\\/sites\\\/5\\\/2010\\\/05\\\/foto-225x300.jpg\"},{\"@type\":\"BreadcrumbList\",\"@id\":\"http:\\\/\\\/noviasespana.com\\\/noviasbaleares\\\/segunda-jornada-de-cibeles-madrid-novias\\\/#breadcrumb\",\"itemListElement\":[{\"@type\":\"ListItem\",\"position\":1,\"name\":\"Portada\",\"item\":\"http:\\\/\\\/noviasespana.com\\\/noviasbaleares\\\/\"},{\"@type\":\"ListItem\",\"position\":2,\"name\":\"Segunda jornada de Cibeles Madrid Novias\"}]},{\"@type\":\"WebSite\",\"@id\":\"http:\\\/\\\/noviasespana.com\\\/noviasbaleares\\\/#website\",\"url\":\"http:\\\/\\\/noviasespana.com\\\/noviasbaleares\\\/\",\"name\":\"Novias Baleares\",\"description\":\"Revista de novias\",\"potentialAction\":[{\"@type\":\"SearchAction\",\"target\":{\"@type\":\"EntryPoint\",\"urlTemplate\":\"http:\\\/\\\/noviasespana.com\\\/noviasbaleares\\\/?s={search_term_string}\"},\"query-input\":{\"@type\":\"PropertyValueSpecification\",\"valueRequired\":true,\"valueName\":\"search_term_string\"}}],\"inLanguage\":\"es\"},{\"@type\":\"Person\",\"@id\":\"http:\\\/\\\/noviasespana.com\\\/noviasbaleares\\\/#\\\/schema\\\/person\\\/0b1c774eb803dc07cabaa1ba623a2189\",\"name\":\"Pilar Perosanz\",\"image\":{\"@type\":\"ImageObject\",\"inLanguage\":\"es\",\"@id\":\"https:\\\/\\\/secure.gravatar.com\\\/avatar\\\/5f89b89cee696f36efb82c284bbc1518b83b807f1e68366037e8221287a0831b?s=96&d=mm&r=g\",\"url\":\"https:\\\/\\\/secure.gravatar.com\\\/avatar\\\/5f89b89cee696f36efb82c284bbc1518b83b807f1e68366037e8221287a0831b?s=96&d=mm&r=g\",\"contentUrl\":\"https:\\\/\\\/secure.gravatar.com\\\/avatar\\\/5f89b89cee696f36efb82c284bbc1518b83b807f1e68366037e8221287a0831b?s=96&d=mm&r=g\",\"caption\":\"Pilar Perosanz\"},\"url\":\"http:\\\/\\\/noviasespana.com\\\/noviasbaleares\\\/author\\\/pilar\\\/\"}]}<\/script>\n<!-- \/ Yoast SEO plugin. -->","yoast_head_json":{"title":"Segunda jornada de Cibeles Madrid Novias - Novias Baleares","robots":{"index":"index","follow":"follow","max-snippet":"max-snippet:-1","max-image-preview":"max-image-preview:large","max-video-preview":"max-video-preview:-1"},"canonical":"http:\/\/noviasespana.com\/noviasbaleares\/segunda-jornada-de-cibeles-madrid-novias\/","og_locale":"es_ES","og_type":"article","og_title":"Segunda jornada de Cibeles Madrid Novias - Novias Baleares","og_description":"Queridas Novias!!!\u00a0\u00a0 Segunda\u00a0jornada de la Pasarela Cibeles Madrid Novias, donde\u00a0continuaremos viendo las propuestas \u00a0los grandes dise\u00f1adores de nuestro pa\u00eds como Devota &amp; Lomba, Elio Berhanyer, Joaquim Verd\u00fa, Javier\u00a0 Arnaiz, Camila Elbaz, Mercedes Alonso o Jorge Terra, quien nos propone una novia sofisticada y elegante, con escotes palabra de honor, corpi\u00f1os\u00a0y cortes sirena\u00a0en su\u00a0cuidada y elaborad\u00edsima [&hellip;]","og_url":"http:\/\/noviasespana.com\/noviasbaleares\/segunda-jornada-de-cibeles-madrid-novias\/","og_site_name":"Novias Baleares","article_published_time":"2010-05-07T16:21:02+00:00","og_image":[{"url":"http:\/\/www.diariodeunanovia.com\/blog\/wp-content\/uploads\/sites\/5\/2010\/05\/foto-225x300.jpg","type":"","width":"","height":""}],"author":"Pilar Perosanz","twitter_misc":{"Escrito por":"Pilar Perosanz","Tiempo de lectura":"1 minuto"},"schema":{"@context":"https:\/\/schema.org","@graph":[{"@type":"Article","@id":"http:\/\/noviasespana.com\/noviasbaleares\/segunda-jornada-de-cibeles-madrid-novias\/#article","isPartOf":{"@id":"http:\/\/noviasespana.com\/noviasbaleares\/segunda-jornada-de-cibeles-madrid-novias\/"},"author":{"name":"Pilar Perosanz","@id":"http:\/\/noviasespana.com\/noviasbaleares\/#\/schema\/person\/0b1c774eb803dc07cabaa1ba623a2189"},"headline":"Segunda jornada de Cibeles Madrid Novias","datePublished":"2010-05-07T16:21:02+00:00","mainEntityOfPage":{"@id":"http:\/\/noviasespana.com\/noviasbaleares\/segunda-jornada-de-cibeles-madrid-novias\/"},"wordCount":145,"commentCount":0,"image":{"@id":"http:\/\/noviasespana.com\/noviasbaleares\/segunda-jornada-de-cibeles-madrid-novias\/#primaryimage"},"thumbnailUrl":"http:\/\/www.diariodeunanovia.com\/blog\/wp-content\/uploads\/sites\/5\/2010\/05\/foto-225x300.jpg","articleSection":["novias"],"inLanguage":"es","potentialAction":[{"@type":"CommentAction","name":"Comment","target":["http:\/\/noviasespana.com\/noviasbaleares\/segunda-jornada-de-cibeles-madrid-novias\/#respond"]}]},{"@type":"WebPage","@id":"http:\/\/noviasespana.com\/noviasbaleares\/segunda-jornada-de-cibeles-madrid-novias\/","url":"http:\/\/noviasespana.com\/noviasbaleares\/segunda-jornada-de-cibeles-madrid-novias\/","name":"Segunda jornada de Cibeles Madrid Novias - Novias Baleares","isPartOf":{"@id":"http:\/\/noviasespana.com\/noviasbaleares\/#website"},"primaryImageOfPage":{"@id":"http:\/\/noviasespana.com\/noviasbaleares\/segunda-jornada-de-cibeles-madrid-novias\/#primaryimage"},"image":{"@id":"http:\/\/noviasespana.com\/noviasbaleares\/segunda-jornada-de-cibeles-madrid-novias\/#primaryimage"},"thumbnailUrl":"http:\/\/www.diariodeunanovia.com\/blog\/wp-content\/uploads\/sites\/5\/2010\/05\/foto-225x300.jpg","datePublished":"2010-05-07T16:21:02+00:00","author":{"@id":"http:\/\/noviasespana.com\/noviasbaleares\/#\/schema\/person\/0b1c774eb803dc07cabaa1ba623a2189"},"breadcrumb":{"@id":"http:\/\/noviasespana.com\/noviasbaleares\/segunda-jornada-de-cibeles-madrid-novias\/#breadcrumb"},"inLanguage":"es","potentialAction":[{"@type":"ReadAction","target":["http:\/\/noviasespana.com\/noviasbaleares\/segunda-jornada-de-cibeles-madrid-novias\/"]}]},{"@type":"ImageObject","inLanguage":"es","@id":"http:\/\/noviasespana.com\/noviasbaleares\/segunda-jornada-de-cibeles-madrid-novias\/#primaryimage","url":"http:\/\/www.diariodeunanovia.com\/blog\/wp-content\/uploads\/sites\/5\/2010\/05\/foto-225x300.jpg","contentUrl":"http:\/\/www.diariodeunanovia.com\/blog\/wp-content\/uploads\/sites\/5\/2010\/05\/foto-225x300.jpg"},{"@type":"BreadcrumbList","@id":"http:\/\/noviasespana.com\/noviasbaleares\/segunda-jornada-de-cibeles-madrid-novias\/#breadcrumb","itemListElement":[{"@type":"ListItem","position":1,"name":"Portada","item":"http:\/\/noviasespana.com\/noviasbaleares\/"},{"@type":"ListItem","position":2,"name":"Segunda jornada de Cibeles Madrid Novias"}]},{"@type":"WebSite","@id":"http:\/\/noviasespana.com\/noviasbaleares\/#website","url":"http:\/\/noviasespana.com\/noviasbaleares\/","name":"Novias Baleares","description":"Revista de novias","potentialAction":[{"@type":"SearchAction","target":{"@type":"EntryPoint","urlTemplate":"http:\/\/noviasespana.com\/noviasbaleares\/?s={search_term_string}"},"query-input":{"@type":"PropertyValueSpecification","valueRequired":true,"valueName":"search_term_string"}}],"inLanguage":"es"},{"@type":"Person","@id":"http:\/\/noviasespana.com\/noviasbaleares\/#\/schema\/person\/0b1c774eb803dc07cabaa1ba623a2189","name":"Pilar Perosanz","image":{"@type":"ImageObject","inLanguage":"es","@id":"https:\/\/secure.gravatar.com\/avatar\/5f89b89cee696f36efb82c284bbc1518b83b807f1e68366037e8221287a0831b?s=96&d=mm&r=g","url":"https:\/\/secure.gravatar.com\/avatar\/5f89b89cee696f36efb82c284bbc1518b83b807f1e68366037e8221287a0831b?s=96&d=mm&r=g","contentUrl":"https:\/\/secure.gravatar.com\/avatar\/5f89b89cee696f36efb82c284bbc1518b83b807f1e68366037e8221287a0831b?s=96&d=mm&r=g","caption":"Pilar Perosanz"},"url":"http:\/\/noviasespana.com\/noviasbaleares\/author\/pilar\/"}]}},"jetpack_featured_media_url":"","jetpack_sharing_enabled":true,"jetpack_shortlink":"https:\/\/wp.me\/p5Hg6P-nL","jetpack_likes_enabled":true,"_links":{"self":[{"href":"http:\/\/noviasespana.com\/noviasbaleares\/wp-json\/wp\/v2\/posts\/1473","targetHints":{"allow":["GET"]}}],"collection":[{"href":"http:\/\/noviasespana.com\/noviasbaleares\/wp-json\/wp\/v2\/posts"}],"about":[{"href":"http:\/\/noviasespana.com\/noviasbaleares\/wp-json\/wp\/v2\/types\/post"}],"author":[{"embeddable":true,"href":"http:\/\/noviasespana.com\/noviasbaleares\/wp-json\/wp\/v2\/users\/4"}],"replies":[{"embeddable":true,"href":"http:\/\/noviasespana.com\/noviasbaleares\/wp-json\/wp\/v2\/comments?post=1473"}],"version-history":[{"count":0,"href":"http:\/\/noviasespana.com\/noviasbaleares\/wp-json\/wp\/v2\/posts\/1473\/revisions"}],"wp:attachment":[{"href":"http:\/\/noviasespana.com\/noviasbaleares\/wp-json\/wp\/v2\/media?parent=1473"}],"wp:term":[{"taxonomy":"category","embeddable":true,"href":"http:\/\/noviasespana.com\/noviasbaleares\/wp-json\/wp\/v2\/categories?post=1473"},{"taxonomy":"post_tag","embeddable":true,"href":"http:\/\/noviasespana.com\/noviasbaleares\/wp-json\/wp\/v2\/tags?post=1473"}],"curies":[{"name":"wp","href":"https:\/\/api.w.org\/{rel}","templated":true}]}}