{"id":1435,"date":"2010-05-05T15:49:44","date_gmt":"2010-05-05T14:49:44","guid":{"rendered":"http:\/\/www.diariodeunanovia.com\/blog\/?p=1435"},"modified":"2010-05-05T15:49:44","modified_gmt":"2010-05-05T14:49:44","slug":"joaquim-verdu-presenta-su-coleccion-en-cibeles-madrid-novias","status":"publish","type":"post","link":"http:\/\/noviasespana.com\/noviasbaleares\/joaquim-verdu-presenta-su-coleccion-en-cibeles-madrid-novias\/","title":{"rendered":"Joaquim Verd\u00fa presenta su colecci\u00f3n en Cibeles Madrid Novias"},"content":{"rendered":"<p>Queridas novias!!! El pr\u00f3ximo viernes 7 de mayo de 2010, <strong>Joaquim Verd\u00fa <\/strong>presenta en exclusiva para <strong>Cibeles Novias Madrid <\/strong>su primera colecci\u00f3n de <strong>Novias Atelier<\/strong>. En este desfile el renovado dise\u00f1ador plasma un nuevo concepto de novia, de una manera creativa, pero de esp\u00edritu rom\u00e1ntico, femenino y con gran derroche de sensualidad. El dise\u00f1ador ha querido poner sus m\u00e1s de 30 a\u00f1os de experiencia en el mundo de la moda en esta pasarela, y qu\u00e9 mejor manera que realizando un desfile con un m\u00e1ximo de vol\u00famenes y formas, es una carta de presentaci\u00f3n sin l\u00edmites. La paleta crom\u00e1tica que nos muestra est\u00e1 repleta de tonalidades crudas con matices intensos y pinceladas de color miel, estos colores acompa\u00f1ar\u00e1n a esta colecci\u00f3n de edici\u00f3n limitada, adem\u00e1s de unos detalles de formas sinuosas que potenciaran ese esp\u00edritu rom\u00e1ntico y sensual que se desea. En esta nueva andadura, Joaquim Verd\u00fa ha deseado rescatar la tradicionalidad del oficio, y siendo maestro del punto se reencuentra y volver\u00e1 a deleitar con sus tejidos tradicionales como las organzas, las sutiles gasas, los mikados o las exquisitas blondas de seda, acompa\u00f1adas de envolventes tules de fantas\u00eda, de seda, y con su majestuoso punto elaborado cuidadosamente de manera artesanal.<\/p>\n<p><img data-recalc-dims=\"1\" loading=\"lazy\" decoding=\"async\" class=\"aligncenter size-medium wp-image-1434\" title=\"Joaquim Verd\u00fa colecci\u00f3n de Novias 2011.\" src=\"https:\/\/i0.wp.com\/www.diariodeunanovia.com\/blog\/wp-content\/uploads\/sites\/5\/2010\/05\/modelo-j.v-0001-134x300.jpg?resize=208%2C390\" alt=\"Joaquim Verd\u00fa colecci\u00f3n de Novias 2011.\" width=\"208\" height=\"390\" \/><\/p>\n","protected":false},"excerpt":{"rendered":"<p>Queridas novias!!! El pr\u00f3ximo viernes 7 de mayo de 2010, Joaquim Verd\u00fa presenta en exclusiva para Cibeles Novias Madrid su primera colecci\u00f3n de Novias Atelier. En este desfile el renovado dise\u00f1ador plasma un nuevo concepto de novia, de una manera creativa, pero de esp\u00edritu rom\u00e1ntico, femenino y con gran derroche de sensualidad. El dise\u00f1ador ha [&hellip;]<\/p>\n","protected":false},"author":4,"featured_media":0,"comment_status":"open","ping_status":"open","sticky":false,"template":"","format":"standard","meta":{"jetpack_post_was_ever_published":false,"_jetpack_newsletter_access":"","_jetpack_dont_email_post_to_subs":false,"_jetpack_newsletter_tier_id":0,"_jetpack_memberships_contains_paywalled_content":false,"_jetpack_memberships_contains_paid_content":false,"footnotes":""},"categories":[1],"tags":[],"class_list":["post-1435","post","type-post","status-publish","format-standard","hentry","category-novias"],"yoast_head":"<!-- This site is optimized with the Yoast SEO plugin v27.5 - https:\/\/yoast.com\/product\/yoast-seo-wordpress\/ -->\n<title>Joaquim Verd\u00fa presenta su colecci\u00f3n en Cibeles Madrid Novias - Novias Baleares<\/title>\n<meta name=\"robots\" content=\"index, follow, max-snippet:-1, max-image-preview:large, max-video-preview:-1\" \/>\n<link rel=\"canonical\" href=\"http:\/\/noviasespana.com\/noviasbaleares\/joaquim-verdu-presenta-su-coleccion-en-cibeles-madrid-novias\/\" \/>\n<meta property=\"og:locale\" content=\"es_ES\" \/>\n<meta property=\"og:type\" content=\"article\" \/>\n<meta property=\"og:title\" content=\"Joaquim Verd\u00fa presenta su colecci\u00f3n en Cibeles Madrid Novias - Novias Baleares\" \/>\n<meta property=\"og:description\" content=\"Queridas novias!!! El pr\u00f3ximo viernes 7 de mayo de 2010, Joaquim Verd\u00fa presenta en exclusiva para Cibeles Novias Madrid su primera colecci\u00f3n de Novias Atelier. En este desfile el renovado dise\u00f1ador plasma un nuevo concepto de novia, de una manera creativa, pero de esp\u00edritu rom\u00e1ntico, femenino y con gran derroche de sensualidad. El dise\u00f1ador ha [&hellip;]\" \/>\n<meta property=\"og:url\" content=\"http:\/\/noviasespana.com\/noviasbaleares\/joaquim-verdu-presenta-su-coleccion-en-cibeles-madrid-novias\/\" \/>\n<meta property=\"og:site_name\" content=\"Novias Baleares\" \/>\n<meta property=\"article:published_time\" content=\"2010-05-05T14:49:44+00:00\" \/>\n<meta property=\"og:image\" content=\"http:\/\/www.diariodeunanovia.com\/blog\/wp-content\/uploads\/sites\/5\/2010\/05\/modelo-j.v-0001-134x300.jpg\" \/>\n<meta name=\"author\" content=\"Pilar Perosanz\" \/>\n<meta name=\"twitter:label1\" content=\"Escrito por\" \/>\n\t<meta name=\"twitter:data1\" content=\"Pilar Perosanz\" \/>\n\t<meta name=\"twitter:label2\" content=\"Tiempo de lectura\" \/>\n\t<meta name=\"twitter:data2\" content=\"1 minuto\" \/>\n<script type=\"application\/ld+json\" class=\"yoast-schema-graph\">{\"@context\":\"https:\\\/\\\/schema.org\",\"@graph\":[{\"@type\":\"Article\",\"@id\":\"http:\\\/\\\/noviasespana.com\\\/noviasbaleares\\\/joaquim-verdu-presenta-su-coleccion-en-cibeles-madrid-novias\\\/#article\",\"isPartOf\":{\"@id\":\"http:\\\/\\\/noviasespana.com\\\/noviasbaleares\\\/joaquim-verdu-presenta-su-coleccion-en-cibeles-madrid-novias\\\/\"},\"author\":{\"name\":\"Pilar Perosanz\",\"@id\":\"http:\\\/\\\/noviasespana.com\\\/noviasbaleares\\\/#\\\/schema\\\/person\\\/0b1c774eb803dc07cabaa1ba623a2189\"},\"headline\":\"Joaquim Verd\u00fa presenta su colecci\u00f3n en Cibeles Madrid Novias\",\"datePublished\":\"2010-05-05T14:49:44+00:00\",\"mainEntityOfPage\":{\"@id\":\"http:\\\/\\\/noviasespana.com\\\/noviasbaleares\\\/joaquim-verdu-presenta-su-coleccion-en-cibeles-madrid-novias\\\/\"},\"wordCount\":229,\"commentCount\":0,\"image\":{\"@id\":\"http:\\\/\\\/noviasespana.com\\\/noviasbaleares\\\/joaquim-verdu-presenta-su-coleccion-en-cibeles-madrid-novias\\\/#primaryimage\"},\"thumbnailUrl\":\"http:\\\/\\\/www.diariodeunanovia.com\\\/blog\\\/wp-content\\\/uploads\\\/sites\\\/5\\\/2010\\\/05\\\/modelo-j.v-0001-134x300.jpg\",\"articleSection\":[\"novias\"],\"inLanguage\":\"es\",\"potentialAction\":[{\"@type\":\"CommentAction\",\"name\":\"Comment\",\"target\":[\"http:\\\/\\\/noviasespana.com\\\/noviasbaleares\\\/joaquim-verdu-presenta-su-coleccion-en-cibeles-madrid-novias\\\/#respond\"]}]},{\"@type\":\"WebPage\",\"@id\":\"http:\\\/\\\/noviasespana.com\\\/noviasbaleares\\\/joaquim-verdu-presenta-su-coleccion-en-cibeles-madrid-novias\\\/\",\"url\":\"http:\\\/\\\/noviasespana.com\\\/noviasbaleares\\\/joaquim-verdu-presenta-su-coleccion-en-cibeles-madrid-novias\\\/\",\"name\":\"Joaquim Verd\u00fa presenta su colecci\u00f3n en Cibeles Madrid Novias - Novias Baleares\",\"isPartOf\":{\"@id\":\"http:\\\/\\\/noviasespana.com\\\/noviasbaleares\\\/#website\"},\"primaryImageOfPage\":{\"@id\":\"http:\\\/\\\/noviasespana.com\\\/noviasbaleares\\\/joaquim-verdu-presenta-su-coleccion-en-cibeles-madrid-novias\\\/#primaryimage\"},\"image\":{\"@id\":\"http:\\\/\\\/noviasespana.com\\\/noviasbaleares\\\/joaquim-verdu-presenta-su-coleccion-en-cibeles-madrid-novias\\\/#primaryimage\"},\"thumbnailUrl\":\"http:\\\/\\\/www.diariodeunanovia.com\\\/blog\\\/wp-content\\\/uploads\\\/sites\\\/5\\\/2010\\\/05\\\/modelo-j.v-0001-134x300.jpg\",\"datePublished\":\"2010-05-05T14:49:44+00:00\",\"author\":{\"@id\":\"http:\\\/\\\/noviasespana.com\\\/noviasbaleares\\\/#\\\/schema\\\/person\\\/0b1c774eb803dc07cabaa1ba623a2189\"},\"breadcrumb\":{\"@id\":\"http:\\\/\\\/noviasespana.com\\\/noviasbaleares\\\/joaquim-verdu-presenta-su-coleccion-en-cibeles-madrid-novias\\\/#breadcrumb\"},\"inLanguage\":\"es\",\"potentialAction\":[{\"@type\":\"ReadAction\",\"target\":[\"http:\\\/\\\/noviasespana.com\\\/noviasbaleares\\\/joaquim-verdu-presenta-su-coleccion-en-cibeles-madrid-novias\\\/\"]}]},{\"@type\":\"ImageObject\",\"inLanguage\":\"es\",\"@id\":\"http:\\\/\\\/noviasespana.com\\\/noviasbaleares\\\/joaquim-verdu-presenta-su-coleccion-en-cibeles-madrid-novias\\\/#primaryimage\",\"url\":\"http:\\\/\\\/www.diariodeunanovia.com\\\/blog\\\/wp-content\\\/uploads\\\/sites\\\/5\\\/2010\\\/05\\\/modelo-j.v-0001-134x300.jpg\",\"contentUrl\":\"http:\\\/\\\/www.diariodeunanovia.com\\\/blog\\\/wp-content\\\/uploads\\\/sites\\\/5\\\/2010\\\/05\\\/modelo-j.v-0001-134x300.jpg\"},{\"@type\":\"BreadcrumbList\",\"@id\":\"http:\\\/\\\/noviasespana.com\\\/noviasbaleares\\\/joaquim-verdu-presenta-su-coleccion-en-cibeles-madrid-novias\\\/#breadcrumb\",\"itemListElement\":[{\"@type\":\"ListItem\",\"position\":1,\"name\":\"Portada\",\"item\":\"http:\\\/\\\/noviasespana.com\\\/noviasbaleares\\\/\"},{\"@type\":\"ListItem\",\"position\":2,\"name\":\"Joaquim Verd\u00fa presenta su colecci\u00f3n en Cibeles Madrid Novias\"}]},{\"@type\":\"WebSite\",\"@id\":\"http:\\\/\\\/noviasespana.com\\\/noviasbaleares\\\/#website\",\"url\":\"http:\\\/\\\/noviasespana.com\\\/noviasbaleares\\\/\",\"name\":\"Novias Baleares\",\"description\":\"Revista de novias\",\"potentialAction\":[{\"@type\":\"SearchAction\",\"target\":{\"@type\":\"EntryPoint\",\"urlTemplate\":\"http:\\\/\\\/noviasespana.com\\\/noviasbaleares\\\/?s={search_term_string}\"},\"query-input\":{\"@type\":\"PropertyValueSpecification\",\"valueRequired\":true,\"valueName\":\"search_term_string\"}}],\"inLanguage\":\"es\"},{\"@type\":\"Person\",\"@id\":\"http:\\\/\\\/noviasespana.com\\\/noviasbaleares\\\/#\\\/schema\\\/person\\\/0b1c774eb803dc07cabaa1ba623a2189\",\"name\":\"Pilar Perosanz\",\"image\":{\"@type\":\"ImageObject\",\"inLanguage\":\"es\",\"@id\":\"https:\\\/\\\/secure.gravatar.com\\\/avatar\\\/5f89b89cee696f36efb82c284bbc1518b83b807f1e68366037e8221287a0831b?s=96&d=mm&r=g\",\"url\":\"https:\\\/\\\/secure.gravatar.com\\\/avatar\\\/5f89b89cee696f36efb82c284bbc1518b83b807f1e68366037e8221287a0831b?s=96&d=mm&r=g\",\"contentUrl\":\"https:\\\/\\\/secure.gravatar.com\\\/avatar\\\/5f89b89cee696f36efb82c284bbc1518b83b807f1e68366037e8221287a0831b?s=96&d=mm&r=g\",\"caption\":\"Pilar Perosanz\"},\"url\":\"http:\\\/\\\/noviasespana.com\\\/noviasbaleares\\\/author\\\/pilar\\\/\"}]}<\/script>\n<!-- \/ Yoast SEO plugin. -->","yoast_head_json":{"title":"Joaquim Verd\u00fa presenta su colecci\u00f3n en Cibeles Madrid Novias - Novias Baleares","robots":{"index":"index","follow":"follow","max-snippet":"max-snippet:-1","max-image-preview":"max-image-preview:large","max-video-preview":"max-video-preview:-1"},"canonical":"http:\/\/noviasespana.com\/noviasbaleares\/joaquim-verdu-presenta-su-coleccion-en-cibeles-madrid-novias\/","og_locale":"es_ES","og_type":"article","og_title":"Joaquim Verd\u00fa presenta su colecci\u00f3n en Cibeles Madrid Novias - Novias Baleares","og_description":"Queridas novias!!! El pr\u00f3ximo viernes 7 de mayo de 2010, Joaquim Verd\u00fa presenta en exclusiva para Cibeles Novias Madrid su primera colecci\u00f3n de Novias Atelier. En este desfile el renovado dise\u00f1ador plasma un nuevo concepto de novia, de una manera creativa, pero de esp\u00edritu rom\u00e1ntico, femenino y con gran derroche de sensualidad. El dise\u00f1ador ha [&hellip;]","og_url":"http:\/\/noviasespana.com\/noviasbaleares\/joaquim-verdu-presenta-su-coleccion-en-cibeles-madrid-novias\/","og_site_name":"Novias Baleares","article_published_time":"2010-05-05T14:49:44+00:00","og_image":[{"url":"http:\/\/www.diariodeunanovia.com\/blog\/wp-content\/uploads\/sites\/5\/2010\/05\/modelo-j.v-0001-134x300.jpg","type":"","width":"","height":""}],"author":"Pilar Perosanz","twitter_misc":{"Escrito por":"Pilar Perosanz","Tiempo de lectura":"1 minuto"},"schema":{"@context":"https:\/\/schema.org","@graph":[{"@type":"Article","@id":"http:\/\/noviasespana.com\/noviasbaleares\/joaquim-verdu-presenta-su-coleccion-en-cibeles-madrid-novias\/#article","isPartOf":{"@id":"http:\/\/noviasespana.com\/noviasbaleares\/joaquim-verdu-presenta-su-coleccion-en-cibeles-madrid-novias\/"},"author":{"name":"Pilar Perosanz","@id":"http:\/\/noviasespana.com\/noviasbaleares\/#\/schema\/person\/0b1c774eb803dc07cabaa1ba623a2189"},"headline":"Joaquim Verd\u00fa presenta su colecci\u00f3n en Cibeles Madrid Novias","datePublished":"2010-05-05T14:49:44+00:00","mainEntityOfPage":{"@id":"http:\/\/noviasespana.com\/noviasbaleares\/joaquim-verdu-presenta-su-coleccion-en-cibeles-madrid-novias\/"},"wordCount":229,"commentCount":0,"image":{"@id":"http:\/\/noviasespana.com\/noviasbaleares\/joaquim-verdu-presenta-su-coleccion-en-cibeles-madrid-novias\/#primaryimage"},"thumbnailUrl":"http:\/\/www.diariodeunanovia.com\/blog\/wp-content\/uploads\/sites\/5\/2010\/05\/modelo-j.v-0001-134x300.jpg","articleSection":["novias"],"inLanguage":"es","potentialAction":[{"@type":"CommentAction","name":"Comment","target":["http:\/\/noviasespana.com\/noviasbaleares\/joaquim-verdu-presenta-su-coleccion-en-cibeles-madrid-novias\/#respond"]}]},{"@type":"WebPage","@id":"http:\/\/noviasespana.com\/noviasbaleares\/joaquim-verdu-presenta-su-coleccion-en-cibeles-madrid-novias\/","url":"http:\/\/noviasespana.com\/noviasbaleares\/joaquim-verdu-presenta-su-coleccion-en-cibeles-madrid-novias\/","name":"Joaquim Verd\u00fa presenta su colecci\u00f3n en Cibeles Madrid Novias - Novias Baleares","isPartOf":{"@id":"http:\/\/noviasespana.com\/noviasbaleares\/#website"},"primaryImageOfPage":{"@id":"http:\/\/noviasespana.com\/noviasbaleares\/joaquim-verdu-presenta-su-coleccion-en-cibeles-madrid-novias\/#primaryimage"},"image":{"@id":"http:\/\/noviasespana.com\/noviasbaleares\/joaquim-verdu-presenta-su-coleccion-en-cibeles-madrid-novias\/#primaryimage"},"thumbnailUrl":"http:\/\/www.diariodeunanovia.com\/blog\/wp-content\/uploads\/sites\/5\/2010\/05\/modelo-j.v-0001-134x300.jpg","datePublished":"2010-05-05T14:49:44+00:00","author":{"@id":"http:\/\/noviasespana.com\/noviasbaleares\/#\/schema\/person\/0b1c774eb803dc07cabaa1ba623a2189"},"breadcrumb":{"@id":"http:\/\/noviasespana.com\/noviasbaleares\/joaquim-verdu-presenta-su-coleccion-en-cibeles-madrid-novias\/#breadcrumb"},"inLanguage":"es","potentialAction":[{"@type":"ReadAction","target":["http:\/\/noviasespana.com\/noviasbaleares\/joaquim-verdu-presenta-su-coleccion-en-cibeles-madrid-novias\/"]}]},{"@type":"ImageObject","inLanguage":"es","@id":"http:\/\/noviasespana.com\/noviasbaleares\/joaquim-verdu-presenta-su-coleccion-en-cibeles-madrid-novias\/#primaryimage","url":"http:\/\/www.diariodeunanovia.com\/blog\/wp-content\/uploads\/sites\/5\/2010\/05\/modelo-j.v-0001-134x300.jpg","contentUrl":"http:\/\/www.diariodeunanovia.com\/blog\/wp-content\/uploads\/sites\/5\/2010\/05\/modelo-j.v-0001-134x300.jpg"},{"@type":"BreadcrumbList","@id":"http:\/\/noviasespana.com\/noviasbaleares\/joaquim-verdu-presenta-su-coleccion-en-cibeles-madrid-novias\/#breadcrumb","itemListElement":[{"@type":"ListItem","position":1,"name":"Portada","item":"http:\/\/noviasespana.com\/noviasbaleares\/"},{"@type":"ListItem","position":2,"name":"Joaquim Verd\u00fa presenta su colecci\u00f3n en Cibeles Madrid Novias"}]},{"@type":"WebSite","@id":"http:\/\/noviasespana.com\/noviasbaleares\/#website","url":"http:\/\/noviasespana.com\/noviasbaleares\/","name":"Novias Baleares","description":"Revista de novias","potentialAction":[{"@type":"SearchAction","target":{"@type":"EntryPoint","urlTemplate":"http:\/\/noviasespana.com\/noviasbaleares\/?s={search_term_string}"},"query-input":{"@type":"PropertyValueSpecification","valueRequired":true,"valueName":"search_term_string"}}],"inLanguage":"es"},{"@type":"Person","@id":"http:\/\/noviasespana.com\/noviasbaleares\/#\/schema\/person\/0b1c774eb803dc07cabaa1ba623a2189","name":"Pilar Perosanz","image":{"@type":"ImageObject","inLanguage":"es","@id":"https:\/\/secure.gravatar.com\/avatar\/5f89b89cee696f36efb82c284bbc1518b83b807f1e68366037e8221287a0831b?s=96&d=mm&r=g","url":"https:\/\/secure.gravatar.com\/avatar\/5f89b89cee696f36efb82c284bbc1518b83b807f1e68366037e8221287a0831b?s=96&d=mm&r=g","contentUrl":"https:\/\/secure.gravatar.com\/avatar\/5f89b89cee696f36efb82c284bbc1518b83b807f1e68366037e8221287a0831b?s=96&d=mm&r=g","caption":"Pilar Perosanz"},"url":"http:\/\/noviasespana.com\/noviasbaleares\/author\/pilar\/"}]}},"jetpack_featured_media_url":"","jetpack_sharing_enabled":true,"jetpack_shortlink":"https:\/\/wp.me\/p5Hg6P-n9","jetpack_likes_enabled":true,"_links":{"self":[{"href":"http:\/\/noviasespana.com\/noviasbaleares\/wp-json\/wp\/v2\/posts\/1435","targetHints":{"allow":["GET"]}}],"collection":[{"href":"http:\/\/noviasespana.com\/noviasbaleares\/wp-json\/wp\/v2\/posts"}],"about":[{"href":"http:\/\/noviasespana.com\/noviasbaleares\/wp-json\/wp\/v2\/types\/post"}],"author":[{"embeddable":true,"href":"http:\/\/noviasespana.com\/noviasbaleares\/wp-json\/wp\/v2\/users\/4"}],"replies":[{"embeddable":true,"href":"http:\/\/noviasespana.com\/noviasbaleares\/wp-json\/wp\/v2\/comments?post=1435"}],"version-history":[{"count":0,"href":"http:\/\/noviasespana.com\/noviasbaleares\/wp-json\/wp\/v2\/posts\/1435\/revisions"}],"wp:attachment":[{"href":"http:\/\/noviasespana.com\/noviasbaleares\/wp-json\/wp\/v2\/media?parent=1435"}],"wp:term":[{"taxonomy":"category","embeddable":true,"href":"http:\/\/noviasespana.com\/noviasbaleares\/wp-json\/wp\/v2\/categories?post=1435"},{"taxonomy":"post_tag","embeddable":true,"href":"http:\/\/noviasespana.com\/noviasbaleares\/wp-json\/wp\/v2\/tags?post=1435"}],"curies":[{"name":"wp","href":"https:\/\/api.w.org\/{rel}","templated":true}]}}