{"id":1390,"date":"2010-04-29T11:55:18","date_gmt":"2010-04-29T10:55:18","guid":{"rendered":"http:\/\/www.diariodeunanovia.com\/blog\/?p=1390"},"modified":"2010-04-29T11:55:18","modified_gmt":"2010-04-29T10:55:18","slug":"isabel-zapardiez-presenta-su-nueva-coleccion-en-cibeles-madrid-novias","status":"publish","type":"post","link":"http:\/\/noviasespana.com\/noviasbaleares\/isabel-zapardiez-presenta-su-nueva-coleccion-en-cibeles-madrid-novias\/","title":{"rendered":"Isabel Zapardiez presenta su nueva colecci\u00f3n en Cibeles Madrid Novias"},"content":{"rendered":"<p>Queridas Novias!!! Ya podemos disfrutar de los maravillosos vestidos  de  <a href=\"http:\/\/www.isabelzapardiez.com\">Isabel Zapardiez<\/a>.  En su nueva colecci\u00f3n 2011, esta prestigiosa dise\u00f1adora nos presenta novias llenas de delicadeza y fuerza a la vez. Mujeres de siluetas et\u00e9reas con una presencia rotunda, de aut\u00e9nticas diosas.  La inspiraci\u00f3n surge de un recorrido a trav\u00e9s del mundo de la costura de los a\u00f1os 50, con los grandes maestros cl\u00e1sicos, y una mirada est\u00e9tica al antiguo Egipto. La fascinaci\u00f3n por esta \u00e9poca nos lleva a encontrarnos con una de las entidades femeninas m\u00e1s importantes de la cultura egipcia: Isis. Veremos claras reminiscencias al atuendo egipcio: drapeados, plisados, escotes, pasamaner\u00edas y bordados, uso del dorado\u2026 pero sobre todo la presencia de una mujer fabulosa y muy femenina. Al mismo tiempo su imagen nos recuerda a la de las grandes divas del cine de los a\u00f1os cincuenta. El desfile para la presentaci\u00f3n de su trabajo tendr\u00e1 lugar en la pasarela <strong>Cibeles Madrid Novias<\/strong>, en Ifema, el pr\u00f3ximo 6 de mayo.<\/p>\n<p><img data-recalc-dims=\"1\" loading=\"lazy\" decoding=\"async\" src=\"https:\/\/i0.wp.com\/www.diariodeunanovia.com\/blog\/wp-content\/uploads\/sites\/5\/2010\/04\/NE09-ISABEL_ZAPARDIEZ_009-200x300.jpg?resize=200%2C300\" alt=\"\" title=\"\" width=\"200\" height=\"300\" class=\"aligncenter size-medium wp-image-1389\" \/><\/p>\n","protected":false},"excerpt":{"rendered":"<p>Queridas Novias!!! Ya podemos disfrutar de los maravillosos vestidos de Isabel Zapardiez. En su nueva colecci\u00f3n 2011, esta prestigiosa dise\u00f1adora nos presenta novias llenas de delicadeza y fuerza a la vez. Mujeres de siluetas et\u00e9reas con una presencia rotunda, de aut\u00e9nticas diosas. La inspiraci\u00f3n surge de un recorrido a trav\u00e9s del mundo de la costura [&hellip;]<\/p>\n","protected":false},"author":4,"featured_media":0,"comment_status":"open","ping_status":"open","sticky":false,"template":"","format":"standard","meta":{"jetpack_post_was_ever_published":false,"_jetpack_newsletter_access":"","_jetpack_dont_email_post_to_subs":false,"_jetpack_newsletter_tier_id":0,"_jetpack_memberships_contains_paywalled_content":false,"_jetpack_memberships_contains_paid_content":false,"footnotes":""},"categories":[1],"tags":[],"class_list":["post-1390","post","type-post","status-publish","format-standard","hentry","category-novias"],"yoast_head":"<!-- This site is optimized with the Yoast SEO plugin v27.5 - https:\/\/yoast.com\/product\/yoast-seo-wordpress\/ -->\n<title>Isabel Zapardiez presenta su nueva colecci\u00f3n en Cibeles Madrid Novias - Novias Baleares<\/title>\n<meta name=\"robots\" content=\"index, follow, max-snippet:-1, max-image-preview:large, max-video-preview:-1\" \/>\n<link rel=\"canonical\" href=\"http:\/\/noviasespana.com\/noviasbaleares\/isabel-zapardiez-presenta-su-nueva-coleccion-en-cibeles-madrid-novias\/\" \/>\n<meta property=\"og:locale\" content=\"es_ES\" \/>\n<meta property=\"og:type\" content=\"article\" \/>\n<meta property=\"og:title\" content=\"Isabel Zapardiez presenta su nueva colecci\u00f3n en Cibeles Madrid Novias - Novias Baleares\" \/>\n<meta property=\"og:description\" content=\"Queridas Novias!!! Ya podemos disfrutar de los maravillosos vestidos de Isabel Zapardiez. En su nueva colecci\u00f3n 2011, esta prestigiosa dise\u00f1adora nos presenta novias llenas de delicadeza y fuerza a la vez. Mujeres de siluetas et\u00e9reas con una presencia rotunda, de aut\u00e9nticas diosas. La inspiraci\u00f3n surge de un recorrido a trav\u00e9s del mundo de la costura [&hellip;]\" \/>\n<meta property=\"og:url\" content=\"http:\/\/noviasespana.com\/noviasbaleares\/isabel-zapardiez-presenta-su-nueva-coleccion-en-cibeles-madrid-novias\/\" \/>\n<meta property=\"og:site_name\" content=\"Novias Baleares\" \/>\n<meta property=\"article:published_time\" content=\"2010-04-29T10:55:18+00:00\" \/>\n<meta property=\"og:image\" content=\"http:\/\/www.diariodeunanovia.com\/blog\/wp-content\/uploads\/sites\/5\/2010\/04\/NE09-ISABEL_ZAPARDIEZ_009-200x300.jpg\" \/>\n<meta name=\"author\" content=\"Pilar Perosanz\" \/>\n<meta name=\"twitter:label1\" content=\"Escrito por\" \/>\n\t<meta name=\"twitter:data1\" content=\"Pilar Perosanz\" \/>\n\t<meta name=\"twitter:label2\" content=\"Tiempo de lectura\" \/>\n\t<meta name=\"twitter:data2\" content=\"1 minuto\" \/>\n<script type=\"application\/ld+json\" class=\"yoast-schema-graph\">{\"@context\":\"https:\\\/\\\/schema.org\",\"@graph\":[{\"@type\":\"Article\",\"@id\":\"http:\\\/\\\/noviasespana.com\\\/noviasbaleares\\\/isabel-zapardiez-presenta-su-nueva-coleccion-en-cibeles-madrid-novias\\\/#article\",\"isPartOf\":{\"@id\":\"http:\\\/\\\/noviasespana.com\\\/noviasbaleares\\\/isabel-zapardiez-presenta-su-nueva-coleccion-en-cibeles-madrid-novias\\\/\"},\"author\":{\"name\":\"Pilar Perosanz\",\"@id\":\"http:\\\/\\\/noviasespana.com\\\/noviasbaleares\\\/#\\\/schema\\\/person\\\/0b1c774eb803dc07cabaa1ba623a2189\"},\"headline\":\"Isabel Zapardiez presenta su nueva colecci\u00f3n en Cibeles Madrid Novias\",\"datePublished\":\"2010-04-29T10:55:18+00:00\",\"mainEntityOfPage\":{\"@id\":\"http:\\\/\\\/noviasespana.com\\\/noviasbaleares\\\/isabel-zapardiez-presenta-su-nueva-coleccion-en-cibeles-madrid-novias\\\/\"},\"wordCount\":185,\"commentCount\":0,\"image\":{\"@id\":\"http:\\\/\\\/noviasespana.com\\\/noviasbaleares\\\/isabel-zapardiez-presenta-su-nueva-coleccion-en-cibeles-madrid-novias\\\/#primaryimage\"},\"thumbnailUrl\":\"http:\\\/\\\/www.diariodeunanovia.com\\\/blog\\\/wp-content\\\/uploads\\\/sites\\\/5\\\/2010\\\/04\\\/NE09-ISABEL_ZAPARDIEZ_009-200x300.jpg\",\"articleSection\":[\"novias\"],\"inLanguage\":\"es\",\"potentialAction\":[{\"@type\":\"CommentAction\",\"name\":\"Comment\",\"target\":[\"http:\\\/\\\/noviasespana.com\\\/noviasbaleares\\\/isabel-zapardiez-presenta-su-nueva-coleccion-en-cibeles-madrid-novias\\\/#respond\"]}]},{\"@type\":\"WebPage\",\"@id\":\"http:\\\/\\\/noviasespana.com\\\/noviasbaleares\\\/isabel-zapardiez-presenta-su-nueva-coleccion-en-cibeles-madrid-novias\\\/\",\"url\":\"http:\\\/\\\/noviasespana.com\\\/noviasbaleares\\\/isabel-zapardiez-presenta-su-nueva-coleccion-en-cibeles-madrid-novias\\\/\",\"name\":\"Isabel Zapardiez presenta su nueva colecci\u00f3n en Cibeles Madrid Novias - Novias Baleares\",\"isPartOf\":{\"@id\":\"http:\\\/\\\/noviasespana.com\\\/noviasbaleares\\\/#website\"},\"primaryImageOfPage\":{\"@id\":\"http:\\\/\\\/noviasespana.com\\\/noviasbaleares\\\/isabel-zapardiez-presenta-su-nueva-coleccion-en-cibeles-madrid-novias\\\/#primaryimage\"},\"image\":{\"@id\":\"http:\\\/\\\/noviasespana.com\\\/noviasbaleares\\\/isabel-zapardiez-presenta-su-nueva-coleccion-en-cibeles-madrid-novias\\\/#primaryimage\"},\"thumbnailUrl\":\"http:\\\/\\\/www.diariodeunanovia.com\\\/blog\\\/wp-content\\\/uploads\\\/sites\\\/5\\\/2010\\\/04\\\/NE09-ISABEL_ZAPARDIEZ_009-200x300.jpg\",\"datePublished\":\"2010-04-29T10:55:18+00:00\",\"author\":{\"@id\":\"http:\\\/\\\/noviasespana.com\\\/noviasbaleares\\\/#\\\/schema\\\/person\\\/0b1c774eb803dc07cabaa1ba623a2189\"},\"breadcrumb\":{\"@id\":\"http:\\\/\\\/noviasespana.com\\\/noviasbaleares\\\/isabel-zapardiez-presenta-su-nueva-coleccion-en-cibeles-madrid-novias\\\/#breadcrumb\"},\"inLanguage\":\"es\",\"potentialAction\":[{\"@type\":\"ReadAction\",\"target\":[\"http:\\\/\\\/noviasespana.com\\\/noviasbaleares\\\/isabel-zapardiez-presenta-su-nueva-coleccion-en-cibeles-madrid-novias\\\/\"]}]},{\"@type\":\"ImageObject\",\"inLanguage\":\"es\",\"@id\":\"http:\\\/\\\/noviasespana.com\\\/noviasbaleares\\\/isabel-zapardiez-presenta-su-nueva-coleccion-en-cibeles-madrid-novias\\\/#primaryimage\",\"url\":\"http:\\\/\\\/www.diariodeunanovia.com\\\/blog\\\/wp-content\\\/uploads\\\/sites\\\/5\\\/2010\\\/04\\\/NE09-ISABEL_ZAPARDIEZ_009-200x300.jpg\",\"contentUrl\":\"http:\\\/\\\/www.diariodeunanovia.com\\\/blog\\\/wp-content\\\/uploads\\\/sites\\\/5\\\/2010\\\/04\\\/NE09-ISABEL_ZAPARDIEZ_009-200x300.jpg\"},{\"@type\":\"BreadcrumbList\",\"@id\":\"http:\\\/\\\/noviasespana.com\\\/noviasbaleares\\\/isabel-zapardiez-presenta-su-nueva-coleccion-en-cibeles-madrid-novias\\\/#breadcrumb\",\"itemListElement\":[{\"@type\":\"ListItem\",\"position\":1,\"name\":\"Portada\",\"item\":\"http:\\\/\\\/noviasespana.com\\\/noviasbaleares\\\/\"},{\"@type\":\"ListItem\",\"position\":2,\"name\":\"Isabel Zapardiez presenta su nueva colecci\u00f3n en Cibeles Madrid Novias\"}]},{\"@type\":\"WebSite\",\"@id\":\"http:\\\/\\\/noviasespana.com\\\/noviasbaleares\\\/#website\",\"url\":\"http:\\\/\\\/noviasespana.com\\\/noviasbaleares\\\/\",\"name\":\"Novias Baleares\",\"description\":\"Revista de novias\",\"potentialAction\":[{\"@type\":\"SearchAction\",\"target\":{\"@type\":\"EntryPoint\",\"urlTemplate\":\"http:\\\/\\\/noviasespana.com\\\/noviasbaleares\\\/?s={search_term_string}\"},\"query-input\":{\"@type\":\"PropertyValueSpecification\",\"valueRequired\":true,\"valueName\":\"search_term_string\"}}],\"inLanguage\":\"es\"},{\"@type\":\"Person\",\"@id\":\"http:\\\/\\\/noviasespana.com\\\/noviasbaleares\\\/#\\\/schema\\\/person\\\/0b1c774eb803dc07cabaa1ba623a2189\",\"name\":\"Pilar Perosanz\",\"image\":{\"@type\":\"ImageObject\",\"inLanguage\":\"es\",\"@id\":\"https:\\\/\\\/secure.gravatar.com\\\/avatar\\\/5f89b89cee696f36efb82c284bbc1518b83b807f1e68366037e8221287a0831b?s=96&d=mm&r=g\",\"url\":\"https:\\\/\\\/secure.gravatar.com\\\/avatar\\\/5f89b89cee696f36efb82c284bbc1518b83b807f1e68366037e8221287a0831b?s=96&d=mm&r=g\",\"contentUrl\":\"https:\\\/\\\/secure.gravatar.com\\\/avatar\\\/5f89b89cee696f36efb82c284bbc1518b83b807f1e68366037e8221287a0831b?s=96&d=mm&r=g\",\"caption\":\"Pilar Perosanz\"},\"url\":\"http:\\\/\\\/noviasespana.com\\\/noviasbaleares\\\/author\\\/pilar\\\/\"}]}<\/script>\n<!-- \/ Yoast SEO plugin. -->","yoast_head_json":{"title":"Isabel Zapardiez presenta su nueva colecci\u00f3n en Cibeles Madrid Novias - Novias Baleares","robots":{"index":"index","follow":"follow","max-snippet":"max-snippet:-1","max-image-preview":"max-image-preview:large","max-video-preview":"max-video-preview:-1"},"canonical":"http:\/\/noviasespana.com\/noviasbaleares\/isabel-zapardiez-presenta-su-nueva-coleccion-en-cibeles-madrid-novias\/","og_locale":"es_ES","og_type":"article","og_title":"Isabel Zapardiez presenta su nueva colecci\u00f3n en Cibeles Madrid Novias - Novias Baleares","og_description":"Queridas Novias!!! Ya podemos disfrutar de los maravillosos vestidos de Isabel Zapardiez. En su nueva colecci\u00f3n 2011, esta prestigiosa dise\u00f1adora nos presenta novias llenas de delicadeza y fuerza a la vez. Mujeres de siluetas et\u00e9reas con una presencia rotunda, de aut\u00e9nticas diosas. La inspiraci\u00f3n surge de un recorrido a trav\u00e9s del mundo de la costura [&hellip;]","og_url":"http:\/\/noviasespana.com\/noviasbaleares\/isabel-zapardiez-presenta-su-nueva-coleccion-en-cibeles-madrid-novias\/","og_site_name":"Novias Baleares","article_published_time":"2010-04-29T10:55:18+00:00","og_image":[{"url":"http:\/\/www.diariodeunanovia.com\/blog\/wp-content\/uploads\/sites\/5\/2010\/04\/NE09-ISABEL_ZAPARDIEZ_009-200x300.jpg","type":"","width":"","height":""}],"author":"Pilar Perosanz","twitter_misc":{"Escrito por":"Pilar Perosanz","Tiempo de lectura":"1 minuto"},"schema":{"@context":"https:\/\/schema.org","@graph":[{"@type":"Article","@id":"http:\/\/noviasespana.com\/noviasbaleares\/isabel-zapardiez-presenta-su-nueva-coleccion-en-cibeles-madrid-novias\/#article","isPartOf":{"@id":"http:\/\/noviasespana.com\/noviasbaleares\/isabel-zapardiez-presenta-su-nueva-coleccion-en-cibeles-madrid-novias\/"},"author":{"name":"Pilar Perosanz","@id":"http:\/\/noviasespana.com\/noviasbaleares\/#\/schema\/person\/0b1c774eb803dc07cabaa1ba623a2189"},"headline":"Isabel Zapardiez presenta su nueva colecci\u00f3n en Cibeles Madrid Novias","datePublished":"2010-04-29T10:55:18+00:00","mainEntityOfPage":{"@id":"http:\/\/noviasespana.com\/noviasbaleares\/isabel-zapardiez-presenta-su-nueva-coleccion-en-cibeles-madrid-novias\/"},"wordCount":185,"commentCount":0,"image":{"@id":"http:\/\/noviasespana.com\/noviasbaleares\/isabel-zapardiez-presenta-su-nueva-coleccion-en-cibeles-madrid-novias\/#primaryimage"},"thumbnailUrl":"http:\/\/www.diariodeunanovia.com\/blog\/wp-content\/uploads\/sites\/5\/2010\/04\/NE09-ISABEL_ZAPARDIEZ_009-200x300.jpg","articleSection":["novias"],"inLanguage":"es","potentialAction":[{"@type":"CommentAction","name":"Comment","target":["http:\/\/noviasespana.com\/noviasbaleares\/isabel-zapardiez-presenta-su-nueva-coleccion-en-cibeles-madrid-novias\/#respond"]}]},{"@type":"WebPage","@id":"http:\/\/noviasespana.com\/noviasbaleares\/isabel-zapardiez-presenta-su-nueva-coleccion-en-cibeles-madrid-novias\/","url":"http:\/\/noviasespana.com\/noviasbaleares\/isabel-zapardiez-presenta-su-nueva-coleccion-en-cibeles-madrid-novias\/","name":"Isabel Zapardiez presenta su nueva colecci\u00f3n en Cibeles Madrid Novias - Novias Baleares","isPartOf":{"@id":"http:\/\/noviasespana.com\/noviasbaleares\/#website"},"primaryImageOfPage":{"@id":"http:\/\/noviasespana.com\/noviasbaleares\/isabel-zapardiez-presenta-su-nueva-coleccion-en-cibeles-madrid-novias\/#primaryimage"},"image":{"@id":"http:\/\/noviasespana.com\/noviasbaleares\/isabel-zapardiez-presenta-su-nueva-coleccion-en-cibeles-madrid-novias\/#primaryimage"},"thumbnailUrl":"http:\/\/www.diariodeunanovia.com\/blog\/wp-content\/uploads\/sites\/5\/2010\/04\/NE09-ISABEL_ZAPARDIEZ_009-200x300.jpg","datePublished":"2010-04-29T10:55:18+00:00","author":{"@id":"http:\/\/noviasespana.com\/noviasbaleares\/#\/schema\/person\/0b1c774eb803dc07cabaa1ba623a2189"},"breadcrumb":{"@id":"http:\/\/noviasespana.com\/noviasbaleares\/isabel-zapardiez-presenta-su-nueva-coleccion-en-cibeles-madrid-novias\/#breadcrumb"},"inLanguage":"es","potentialAction":[{"@type":"ReadAction","target":["http:\/\/noviasespana.com\/noviasbaleares\/isabel-zapardiez-presenta-su-nueva-coleccion-en-cibeles-madrid-novias\/"]}]},{"@type":"ImageObject","inLanguage":"es","@id":"http:\/\/noviasespana.com\/noviasbaleares\/isabel-zapardiez-presenta-su-nueva-coleccion-en-cibeles-madrid-novias\/#primaryimage","url":"http:\/\/www.diariodeunanovia.com\/blog\/wp-content\/uploads\/sites\/5\/2010\/04\/NE09-ISABEL_ZAPARDIEZ_009-200x300.jpg","contentUrl":"http:\/\/www.diariodeunanovia.com\/blog\/wp-content\/uploads\/sites\/5\/2010\/04\/NE09-ISABEL_ZAPARDIEZ_009-200x300.jpg"},{"@type":"BreadcrumbList","@id":"http:\/\/noviasespana.com\/noviasbaleares\/isabel-zapardiez-presenta-su-nueva-coleccion-en-cibeles-madrid-novias\/#breadcrumb","itemListElement":[{"@type":"ListItem","position":1,"name":"Portada","item":"http:\/\/noviasespana.com\/noviasbaleares\/"},{"@type":"ListItem","position":2,"name":"Isabel Zapardiez presenta su nueva colecci\u00f3n en Cibeles Madrid Novias"}]},{"@type":"WebSite","@id":"http:\/\/noviasespana.com\/noviasbaleares\/#website","url":"http:\/\/noviasespana.com\/noviasbaleares\/","name":"Novias Baleares","description":"Revista de novias","potentialAction":[{"@type":"SearchAction","target":{"@type":"EntryPoint","urlTemplate":"http:\/\/noviasespana.com\/noviasbaleares\/?s={search_term_string}"},"query-input":{"@type":"PropertyValueSpecification","valueRequired":true,"valueName":"search_term_string"}}],"inLanguage":"es"},{"@type":"Person","@id":"http:\/\/noviasespana.com\/noviasbaleares\/#\/schema\/person\/0b1c774eb803dc07cabaa1ba623a2189","name":"Pilar Perosanz","image":{"@type":"ImageObject","inLanguage":"es","@id":"https:\/\/secure.gravatar.com\/avatar\/5f89b89cee696f36efb82c284bbc1518b83b807f1e68366037e8221287a0831b?s=96&d=mm&r=g","url":"https:\/\/secure.gravatar.com\/avatar\/5f89b89cee696f36efb82c284bbc1518b83b807f1e68366037e8221287a0831b?s=96&d=mm&r=g","contentUrl":"https:\/\/secure.gravatar.com\/avatar\/5f89b89cee696f36efb82c284bbc1518b83b807f1e68366037e8221287a0831b?s=96&d=mm&r=g","caption":"Pilar Perosanz"},"url":"http:\/\/noviasespana.com\/noviasbaleares\/author\/pilar\/"}]}},"jetpack_featured_media_url":"","jetpack_sharing_enabled":true,"jetpack_shortlink":"https:\/\/wp.me\/p5Hg6P-mq","jetpack_likes_enabled":true,"_links":{"self":[{"href":"http:\/\/noviasespana.com\/noviasbaleares\/wp-json\/wp\/v2\/posts\/1390","targetHints":{"allow":["GET"]}}],"collection":[{"href":"http:\/\/noviasespana.com\/noviasbaleares\/wp-json\/wp\/v2\/posts"}],"about":[{"href":"http:\/\/noviasespana.com\/noviasbaleares\/wp-json\/wp\/v2\/types\/post"}],"author":[{"embeddable":true,"href":"http:\/\/noviasespana.com\/noviasbaleares\/wp-json\/wp\/v2\/users\/4"}],"replies":[{"embeddable":true,"href":"http:\/\/noviasespana.com\/noviasbaleares\/wp-json\/wp\/v2\/comments?post=1390"}],"version-history":[{"count":0,"href":"http:\/\/noviasespana.com\/noviasbaleares\/wp-json\/wp\/v2\/posts\/1390\/revisions"}],"wp:attachment":[{"href":"http:\/\/noviasespana.com\/noviasbaleares\/wp-json\/wp\/v2\/media?parent=1390"}],"wp:term":[{"taxonomy":"category","embeddable":true,"href":"http:\/\/noviasespana.com\/noviasbaleares\/wp-json\/wp\/v2\/categories?post=1390"},{"taxonomy":"post_tag","embeddable":true,"href":"http:\/\/noviasespana.com\/noviasbaleares\/wp-json\/wp\/v2\/tags?post=1390"}],"curies":[{"name":"wp","href":"https:\/\/api.w.org\/{rel}","templated":true}]}}