{"id":136,"date":"2009-09-22T10:52:42","date_gmt":"2009-09-22T08:52:42","guid":{"rendered":"http:\/\/www.diariodeunanovia.com\/blog\/?p=136"},"modified":"2009-09-22T10:52:42","modified_gmt":"2009-09-22T08:52:42","slug":"boda-de-la-modelo-marisa-jara","status":"publish","type":"post","link":"http:\/\/noviasespana.com\/noviasbaleares\/boda-de-la-modelo-marisa-jara\/","title":{"rendered":"Boda de la modelo Marisa Jara"},"content":{"rendered":"<p style=\"text-align: justify\">Hola chicas!!! Ibiza ha sido este fin de semana el escenario de una de las bodas m\u00e1s glamourosas del a\u00f1o, en la que contrajeron matrimonio la modelo Marisa Jara y el empresario Vicente \u00abChente\u00bb Escribano. Y para corroborar lo de glamourosa s\u00f3lo hab\u00eda que fijarse en las damas de honor: las modelos Helen Lindes, Lola Alcocer, Mar\u00eda Jose Su\u00e1rez, Ivonne Reyes y Raquel Revuelta, vestidas por la dise\u00f1adora Rosa Clar\u00e1; y en invitados como Lidia Lozano, Israel Bay\u00f3n o Rafa Lozano. El lugar elegido para el dar el \u00abs\u00ed quiero\u00bbfue la Ermita de la Madre de Dios del Carmen de Ibiza, hasta d\u00f3nde lleg\u00f3 una guap\u00edsima Marisa con un modelo de Rosa Clar\u00e1 y joyas de la firma Chopard. Una vez terminada la ceremonia el Hotel Atzaro fue el lugar seleccionado para celebrar el tradicional banquete, al que asistieron cerca de 130 invitados.<\/p>\n<p style=\"text-align: justify\"><img data-recalc-dims=\"1\" loading=\"lazy\" decoding=\"async\" class=\"aligncenter size-medium wp-image-137\" title=\"boda\" src=\"https:\/\/i0.wp.com\/www.diariodeunanovia.com\/blog\/wp-content\/uploads\/sites\/5\/2009\/09\/boda2-217x300.jpg?resize=217%2C300\" alt=\"boda\" width=\"217\" height=\"300\" \/><\/p>\n","protected":false},"excerpt":{"rendered":"<p>Hola chicas!!! Ibiza ha sido este fin de semana el escenario de una de las bodas m\u00e1s glamourosas del a\u00f1o, en la que contrajeron matrimonio la modelo Marisa Jara y el empresario Vicente \u00abChente\u00bb Escribano. Y para corroborar lo de glamourosa s\u00f3lo hab\u00eda que fijarse en las damas de honor: las modelos Helen Lindes, Lola [&hellip;]<\/p>\n","protected":false},"author":2,"featured_media":0,"comment_status":"open","ping_status":"open","sticky":false,"template":"","format":"standard","meta":{"jetpack_post_was_ever_published":false,"_jetpack_newsletter_access":"","_jetpack_dont_email_post_to_subs":false,"_jetpack_newsletter_tier_id":0,"_jetpack_memberships_contains_paywalled_content":false,"_jetpack_memberships_contains_paid_content":false,"footnotes":""},"categories":[1],"tags":[],"class_list":["post-136","post","type-post","status-publish","format-standard","hentry","category-novias"],"yoast_head":"<!-- This site is optimized with the Yoast SEO plugin v27.5 - https:\/\/yoast.com\/product\/yoast-seo-wordpress\/ -->\n<title>Boda de la modelo Marisa Jara - Novias Baleares<\/title>\n<meta name=\"robots\" content=\"index, follow, max-snippet:-1, max-image-preview:large, max-video-preview:-1\" \/>\n<link rel=\"canonical\" href=\"http:\/\/noviasespana.com\/noviasbaleares\/boda-de-la-modelo-marisa-jara\/\" \/>\n<meta property=\"og:locale\" content=\"es_ES\" \/>\n<meta property=\"og:type\" content=\"article\" \/>\n<meta property=\"og:title\" content=\"Boda de la modelo Marisa Jara - Novias Baleares\" \/>\n<meta property=\"og:description\" content=\"Hola chicas!!! Ibiza ha sido este fin de semana el escenario de una de las bodas m\u00e1s glamourosas del a\u00f1o, en la que contrajeron matrimonio la modelo Marisa Jara y el empresario Vicente \u00abChente\u00bb Escribano. Y para corroborar lo de glamourosa s\u00f3lo hab\u00eda que fijarse en las damas de honor: las modelos Helen Lindes, Lola [&hellip;]\" \/>\n<meta property=\"og:url\" content=\"http:\/\/noviasespana.com\/noviasbaleares\/boda-de-la-modelo-marisa-jara\/\" \/>\n<meta property=\"og:site_name\" content=\"Novias Baleares\" \/>\n<meta property=\"article:published_time\" content=\"2009-09-22T08:52:42+00:00\" \/>\n<meta property=\"og:image\" content=\"http:\/\/www.diariodeunanovia.com\/blog\/wp-content\/uploads\/sites\/5\/2009\/09\/boda2-217x300.jpg\" \/>\n<meta name=\"author\" content=\"admin\" \/>\n<meta name=\"twitter:label1\" content=\"Escrito por\" \/>\n\t<meta name=\"twitter:data1\" content=\"admin\" \/>\n\t<meta name=\"twitter:label2\" content=\"Tiempo de lectura\" \/>\n\t<meta name=\"twitter:data2\" content=\"1 minuto\" \/>\n<script type=\"application\/ld+json\" class=\"yoast-schema-graph\">{\"@context\":\"https:\\\/\\\/schema.org\",\"@graph\":[{\"@type\":\"Article\",\"@id\":\"http:\\\/\\\/noviasespana.com\\\/noviasbaleares\\\/boda-de-la-modelo-marisa-jara\\\/#article\",\"isPartOf\":{\"@id\":\"http:\\\/\\\/noviasespana.com\\\/noviasbaleares\\\/boda-de-la-modelo-marisa-jara\\\/\"},\"author\":{\"name\":\"admin\",\"@id\":\"http:\\\/\\\/noviasespana.com\\\/noviasbaleares\\\/#\\\/schema\\\/person\\\/82ff6e303fad28e4da623aa4d27969ed\"},\"headline\":\"Boda de la modelo Marisa Jara\",\"datePublished\":\"2009-09-22T08:52:42+00:00\",\"mainEntityOfPage\":{\"@id\":\"http:\\\/\\\/noviasespana.com\\\/noviasbaleares\\\/boda-de-la-modelo-marisa-jara\\\/\"},\"wordCount\":159,\"commentCount\":0,\"image\":{\"@id\":\"http:\\\/\\\/noviasespana.com\\\/noviasbaleares\\\/boda-de-la-modelo-marisa-jara\\\/#primaryimage\"},\"thumbnailUrl\":\"http:\\\/\\\/www.diariodeunanovia.com\\\/blog\\\/wp-content\\\/uploads\\\/sites\\\/5\\\/2009\\\/09\\\/boda2-217x300.jpg\",\"articleSection\":[\"novias\"],\"inLanguage\":\"es\",\"potentialAction\":[{\"@type\":\"CommentAction\",\"name\":\"Comment\",\"target\":[\"http:\\\/\\\/noviasespana.com\\\/noviasbaleares\\\/boda-de-la-modelo-marisa-jara\\\/#respond\"]}]},{\"@type\":\"WebPage\",\"@id\":\"http:\\\/\\\/noviasespana.com\\\/noviasbaleares\\\/boda-de-la-modelo-marisa-jara\\\/\",\"url\":\"http:\\\/\\\/noviasespana.com\\\/noviasbaleares\\\/boda-de-la-modelo-marisa-jara\\\/\",\"name\":\"Boda de la modelo Marisa Jara - Novias Baleares\",\"isPartOf\":{\"@id\":\"http:\\\/\\\/noviasespana.com\\\/noviasbaleares\\\/#website\"},\"primaryImageOfPage\":{\"@id\":\"http:\\\/\\\/noviasespana.com\\\/noviasbaleares\\\/boda-de-la-modelo-marisa-jara\\\/#primaryimage\"},\"image\":{\"@id\":\"http:\\\/\\\/noviasespana.com\\\/noviasbaleares\\\/boda-de-la-modelo-marisa-jara\\\/#primaryimage\"},\"thumbnailUrl\":\"http:\\\/\\\/www.diariodeunanovia.com\\\/blog\\\/wp-content\\\/uploads\\\/sites\\\/5\\\/2009\\\/09\\\/boda2-217x300.jpg\",\"datePublished\":\"2009-09-22T08:52:42+00:00\",\"author\":{\"@id\":\"http:\\\/\\\/noviasespana.com\\\/noviasbaleares\\\/#\\\/schema\\\/person\\\/82ff6e303fad28e4da623aa4d27969ed\"},\"breadcrumb\":{\"@id\":\"http:\\\/\\\/noviasespana.com\\\/noviasbaleares\\\/boda-de-la-modelo-marisa-jara\\\/#breadcrumb\"},\"inLanguage\":\"es\",\"potentialAction\":[{\"@type\":\"ReadAction\",\"target\":[\"http:\\\/\\\/noviasespana.com\\\/noviasbaleares\\\/boda-de-la-modelo-marisa-jara\\\/\"]}]},{\"@type\":\"ImageObject\",\"inLanguage\":\"es\",\"@id\":\"http:\\\/\\\/noviasespana.com\\\/noviasbaleares\\\/boda-de-la-modelo-marisa-jara\\\/#primaryimage\",\"url\":\"http:\\\/\\\/www.diariodeunanovia.com\\\/blog\\\/wp-content\\\/uploads\\\/sites\\\/5\\\/2009\\\/09\\\/boda2-217x300.jpg\",\"contentUrl\":\"http:\\\/\\\/www.diariodeunanovia.com\\\/blog\\\/wp-content\\\/uploads\\\/sites\\\/5\\\/2009\\\/09\\\/boda2-217x300.jpg\"},{\"@type\":\"BreadcrumbList\",\"@id\":\"http:\\\/\\\/noviasespana.com\\\/noviasbaleares\\\/boda-de-la-modelo-marisa-jara\\\/#breadcrumb\",\"itemListElement\":[{\"@type\":\"ListItem\",\"position\":1,\"name\":\"Portada\",\"item\":\"http:\\\/\\\/noviasespana.com\\\/noviasbaleares\\\/\"},{\"@type\":\"ListItem\",\"position\":2,\"name\":\"Boda de la modelo Marisa Jara\"}]},{\"@type\":\"WebSite\",\"@id\":\"http:\\\/\\\/noviasespana.com\\\/noviasbaleares\\\/#website\",\"url\":\"http:\\\/\\\/noviasespana.com\\\/noviasbaleares\\\/\",\"name\":\"Novias Baleares\",\"description\":\"Revista de novias\",\"potentialAction\":[{\"@type\":\"SearchAction\",\"target\":{\"@type\":\"EntryPoint\",\"urlTemplate\":\"http:\\\/\\\/noviasespana.com\\\/noviasbaleares\\\/?s={search_term_string}\"},\"query-input\":{\"@type\":\"PropertyValueSpecification\",\"valueRequired\":true,\"valueName\":\"search_term_string\"}}],\"inLanguage\":\"es\"},{\"@type\":\"Person\",\"@id\":\"http:\\\/\\\/noviasespana.com\\\/noviasbaleares\\\/#\\\/schema\\\/person\\\/82ff6e303fad28e4da623aa4d27969ed\",\"name\":\"admin\",\"image\":{\"@type\":\"ImageObject\",\"inLanguage\":\"es\",\"@id\":\"https:\\\/\\\/secure.gravatar.com\\\/avatar\\\/0f45231fddfb43fcbd0cdde4582a3580baf474d75fca7d494b42ff86847de871?s=96&d=mm&r=g\",\"url\":\"https:\\\/\\\/secure.gravatar.com\\\/avatar\\\/0f45231fddfb43fcbd0cdde4582a3580baf474d75fca7d494b42ff86847de871?s=96&d=mm&r=g\",\"contentUrl\":\"https:\\\/\\\/secure.gravatar.com\\\/avatar\\\/0f45231fddfb43fcbd0cdde4582a3580baf474d75fca7d494b42ff86847de871?s=96&d=mm&r=g\",\"caption\":\"admin\"},\"url\":\"http:\\\/\\\/noviasespana.com\\\/noviasbaleares\\\/author\\\/admin\\\/\"}]}<\/script>\n<!-- \/ Yoast SEO plugin. -->","yoast_head_json":{"title":"Boda de la modelo Marisa Jara - Novias Baleares","robots":{"index":"index","follow":"follow","max-snippet":"max-snippet:-1","max-image-preview":"max-image-preview:large","max-video-preview":"max-video-preview:-1"},"canonical":"http:\/\/noviasespana.com\/noviasbaleares\/boda-de-la-modelo-marisa-jara\/","og_locale":"es_ES","og_type":"article","og_title":"Boda de la modelo Marisa Jara - Novias Baleares","og_description":"Hola chicas!!! Ibiza ha sido este fin de semana el escenario de una de las bodas m\u00e1s glamourosas del a\u00f1o, en la que contrajeron matrimonio la modelo Marisa Jara y el empresario Vicente \u00abChente\u00bb Escribano. Y para corroborar lo de glamourosa s\u00f3lo hab\u00eda que fijarse en las damas de honor: las modelos Helen Lindes, Lola [&hellip;]","og_url":"http:\/\/noviasespana.com\/noviasbaleares\/boda-de-la-modelo-marisa-jara\/","og_site_name":"Novias Baleares","article_published_time":"2009-09-22T08:52:42+00:00","og_image":[{"url":"http:\/\/www.diariodeunanovia.com\/blog\/wp-content\/uploads\/sites\/5\/2009\/09\/boda2-217x300.jpg","type":"","width":"","height":""}],"author":"admin","twitter_misc":{"Escrito por":"admin","Tiempo de lectura":"1 minuto"},"schema":{"@context":"https:\/\/schema.org","@graph":[{"@type":"Article","@id":"http:\/\/noviasespana.com\/noviasbaleares\/boda-de-la-modelo-marisa-jara\/#article","isPartOf":{"@id":"http:\/\/noviasespana.com\/noviasbaleares\/boda-de-la-modelo-marisa-jara\/"},"author":{"name":"admin","@id":"http:\/\/noviasespana.com\/noviasbaleares\/#\/schema\/person\/82ff6e303fad28e4da623aa4d27969ed"},"headline":"Boda de la modelo Marisa Jara","datePublished":"2009-09-22T08:52:42+00:00","mainEntityOfPage":{"@id":"http:\/\/noviasespana.com\/noviasbaleares\/boda-de-la-modelo-marisa-jara\/"},"wordCount":159,"commentCount":0,"image":{"@id":"http:\/\/noviasespana.com\/noviasbaleares\/boda-de-la-modelo-marisa-jara\/#primaryimage"},"thumbnailUrl":"http:\/\/www.diariodeunanovia.com\/blog\/wp-content\/uploads\/sites\/5\/2009\/09\/boda2-217x300.jpg","articleSection":["novias"],"inLanguage":"es","potentialAction":[{"@type":"CommentAction","name":"Comment","target":["http:\/\/noviasespana.com\/noviasbaleares\/boda-de-la-modelo-marisa-jara\/#respond"]}]},{"@type":"WebPage","@id":"http:\/\/noviasespana.com\/noviasbaleares\/boda-de-la-modelo-marisa-jara\/","url":"http:\/\/noviasespana.com\/noviasbaleares\/boda-de-la-modelo-marisa-jara\/","name":"Boda de la modelo Marisa Jara - Novias Baleares","isPartOf":{"@id":"http:\/\/noviasespana.com\/noviasbaleares\/#website"},"primaryImageOfPage":{"@id":"http:\/\/noviasespana.com\/noviasbaleares\/boda-de-la-modelo-marisa-jara\/#primaryimage"},"image":{"@id":"http:\/\/noviasespana.com\/noviasbaleares\/boda-de-la-modelo-marisa-jara\/#primaryimage"},"thumbnailUrl":"http:\/\/www.diariodeunanovia.com\/blog\/wp-content\/uploads\/sites\/5\/2009\/09\/boda2-217x300.jpg","datePublished":"2009-09-22T08:52:42+00:00","author":{"@id":"http:\/\/noviasespana.com\/noviasbaleares\/#\/schema\/person\/82ff6e303fad28e4da623aa4d27969ed"},"breadcrumb":{"@id":"http:\/\/noviasespana.com\/noviasbaleares\/boda-de-la-modelo-marisa-jara\/#breadcrumb"},"inLanguage":"es","potentialAction":[{"@type":"ReadAction","target":["http:\/\/noviasespana.com\/noviasbaleares\/boda-de-la-modelo-marisa-jara\/"]}]},{"@type":"ImageObject","inLanguage":"es","@id":"http:\/\/noviasespana.com\/noviasbaleares\/boda-de-la-modelo-marisa-jara\/#primaryimage","url":"http:\/\/www.diariodeunanovia.com\/blog\/wp-content\/uploads\/sites\/5\/2009\/09\/boda2-217x300.jpg","contentUrl":"http:\/\/www.diariodeunanovia.com\/blog\/wp-content\/uploads\/sites\/5\/2009\/09\/boda2-217x300.jpg"},{"@type":"BreadcrumbList","@id":"http:\/\/noviasespana.com\/noviasbaleares\/boda-de-la-modelo-marisa-jara\/#breadcrumb","itemListElement":[{"@type":"ListItem","position":1,"name":"Portada","item":"http:\/\/noviasespana.com\/noviasbaleares\/"},{"@type":"ListItem","position":2,"name":"Boda de la modelo Marisa Jara"}]},{"@type":"WebSite","@id":"http:\/\/noviasespana.com\/noviasbaleares\/#website","url":"http:\/\/noviasespana.com\/noviasbaleares\/","name":"Novias Baleares","description":"Revista de novias","potentialAction":[{"@type":"SearchAction","target":{"@type":"EntryPoint","urlTemplate":"http:\/\/noviasespana.com\/noviasbaleares\/?s={search_term_string}"},"query-input":{"@type":"PropertyValueSpecification","valueRequired":true,"valueName":"search_term_string"}}],"inLanguage":"es"},{"@type":"Person","@id":"http:\/\/noviasespana.com\/noviasbaleares\/#\/schema\/person\/82ff6e303fad28e4da623aa4d27969ed","name":"admin","image":{"@type":"ImageObject","inLanguage":"es","@id":"https:\/\/secure.gravatar.com\/avatar\/0f45231fddfb43fcbd0cdde4582a3580baf474d75fca7d494b42ff86847de871?s=96&d=mm&r=g","url":"https:\/\/secure.gravatar.com\/avatar\/0f45231fddfb43fcbd0cdde4582a3580baf474d75fca7d494b42ff86847de871?s=96&d=mm&r=g","contentUrl":"https:\/\/secure.gravatar.com\/avatar\/0f45231fddfb43fcbd0cdde4582a3580baf474d75fca7d494b42ff86847de871?s=96&d=mm&r=g","caption":"admin"},"url":"http:\/\/noviasespana.com\/noviasbaleares\/author\/admin\/"}]}},"jetpack_featured_media_url":"","jetpack_sharing_enabled":true,"jetpack_shortlink":"https:\/\/wp.me\/p5Hg6P-2c","jetpack_likes_enabled":true,"_links":{"self":[{"href":"http:\/\/noviasespana.com\/noviasbaleares\/wp-json\/wp\/v2\/posts\/136","targetHints":{"allow":["GET"]}}],"collection":[{"href":"http:\/\/noviasespana.com\/noviasbaleares\/wp-json\/wp\/v2\/posts"}],"about":[{"href":"http:\/\/noviasespana.com\/noviasbaleares\/wp-json\/wp\/v2\/types\/post"}],"author":[{"embeddable":true,"href":"http:\/\/noviasespana.com\/noviasbaleares\/wp-json\/wp\/v2\/users\/2"}],"replies":[{"embeddable":true,"href":"http:\/\/noviasespana.com\/noviasbaleares\/wp-json\/wp\/v2\/comments?post=136"}],"version-history":[{"count":0,"href":"http:\/\/noviasespana.com\/noviasbaleares\/wp-json\/wp\/v2\/posts\/136\/revisions"}],"wp:attachment":[{"href":"http:\/\/noviasespana.com\/noviasbaleares\/wp-json\/wp\/v2\/media?parent=136"}],"wp:term":[{"taxonomy":"category","embeddable":true,"href":"http:\/\/noviasespana.com\/noviasbaleares\/wp-json\/wp\/v2\/categories?post=136"},{"taxonomy":"post_tag","embeddable":true,"href":"http:\/\/noviasespana.com\/noviasbaleares\/wp-json\/wp\/v2\/tags?post=136"}],"curies":[{"name":"wp","href":"https:\/\/api.w.org\/{rel}","templated":true}]}}