{"id":1241,"date":"2010-04-05T13:21:45","date_gmt":"2010-04-05T12:21:45","guid":{"rendered":"http:\/\/www.diariodeunanovia.com\/blog\/?p=1241"},"modified":"2010-04-05T13:21:45","modified_gmt":"2010-04-05T12:21:45","slug":"pe-ya-podria-tener-vestido-de-novia","status":"publish","type":"post","link":"http:\/\/noviasespana.com\/noviasbaleares\/pe-ya-podria-tener-vestido-de-novia\/","title":{"rendered":"Pe ya podr\u00eda tener vestido de novia"},"content":{"rendered":"<p style=\"text-align: justify\">Queridas novias!!! Nuestra pareja de actores m\u00e1s internacional podr\u00eda pasar por el altar muy pronto, seg\u00fan afirma la revista \u00abIn Touch Weekly\u00bb. Al parecer, Pe incluso tiene en sus manos el vestido que lucir\u00e1 el d\u00eda de su enlace y que ha sido creado por la dise\u00f1adora L&#8217;wren Scott, novia del cantante Mick Jagger. Aunque s\u00f3lo sea en las entregas de premios, \u00faltimamente hemos podido ver hasta en dos ocasiones a Pen\u00e9lope Cruz de la mano de Javier Bardem: la primera en los Goya el pasado 15 de febrero, y la siguiente\u00a0 a la salida de los Oscar. Ahora, la revista \u00abIn Touch Weekly\u00bb afirma que la pareja podr\u00eda estar muy cerca del altar, tanto que nuestra Pe ya tiene pr\u00e1cticamente terminado el vestido con el que le dar\u00e1 el &#8216;s\u00ed quiero&#8217; a Javier. La dise\u00f1adora no es otra que L&#8217;wren Scott, una de las dise\u00f1adoras m\u00e1s preciadas por las &#8216;celebrities&#8217; hollywoodienses. Este vestido, que seg\u00fan la prensa americana ser\u00e1 \u00abde cuento de hadas\u00bb, \u00abestar\u00e1 adornado con perlas naturales\u00bb. Adem\u00e1s, la publicaci\u00f3n afirma que la actriz est\u00e1 siguiendo muy de cerca el trabajo de L&#8217;wren para que el vestido quede impecable. \u00abPen\u00e9lope est\u00e1 trabajando mano a mano con L&#8217;wren. Su vestido va a ser \u00fanico\u00bb, explica la revista, que a\u00f1ade que de momento no se ha especificado la fecha de la boda.<\/p>\n<p style=\"text-align: justify\"><img data-recalc-dims=\"1\" loading=\"lazy\" decoding=\"async\" class=\"aligncenter size-full wp-image-1243\" title=\"pe_bardem\" src=\"https:\/\/i0.wp.com\/www.diariodeunanovia.com\/blog\/wp-content\/uploads\/sites\/5\/2010\/04\/pe_bardem.jpg?resize=470%2C300\" alt=\"pe_bardem\" width=\"470\" height=\"300\" \/><\/p>\n","protected":false},"excerpt":{"rendered":"<p>Queridas novias!!! Nuestra pareja de actores m\u00e1s internacional podr\u00eda pasar por el altar muy pronto, seg\u00fan afirma la revista \u00abIn Touch Weekly\u00bb. Al parecer, Pe incluso tiene en sus manos el vestido que lucir\u00e1 el d\u00eda de su enlace y que ha sido creado por la dise\u00f1adora L&#8217;wren Scott, novia del cantante Mick Jagger. Aunque [&hellip;]<\/p>\n","protected":false},"author":2,"featured_media":0,"comment_status":"open","ping_status":"open","sticky":false,"template":"","format":"standard","meta":{"jetpack_post_was_ever_published":false,"_jetpack_newsletter_access":"","_jetpack_dont_email_post_to_subs":false,"_jetpack_newsletter_tier_id":0,"_jetpack_memberships_contains_paywalled_content":false,"_jetpack_memberships_contains_paid_content":false,"footnotes":""},"categories":[1],"tags":[],"class_list":["post-1241","post","type-post","status-publish","format-standard","hentry","category-novias"],"yoast_head":"<!-- This site is optimized with the Yoast SEO plugin v27.5 - https:\/\/yoast.com\/product\/yoast-seo-wordpress\/ -->\n<title>Pe ya podr\u00eda tener vestido de novia - Novias Baleares<\/title>\n<meta name=\"robots\" content=\"index, follow, max-snippet:-1, max-image-preview:large, max-video-preview:-1\" \/>\n<link rel=\"canonical\" href=\"http:\/\/noviasespana.com\/noviasbaleares\/pe-ya-podria-tener-vestido-de-novia\/\" \/>\n<meta property=\"og:locale\" content=\"es_ES\" \/>\n<meta property=\"og:type\" content=\"article\" \/>\n<meta property=\"og:title\" content=\"Pe ya podr\u00eda tener vestido de novia - Novias Baleares\" \/>\n<meta property=\"og:description\" content=\"Queridas novias!!! Nuestra pareja de actores m\u00e1s internacional podr\u00eda pasar por el altar muy pronto, seg\u00fan afirma la revista \u00abIn Touch Weekly\u00bb. Al parecer, Pe incluso tiene en sus manos el vestido que lucir\u00e1 el d\u00eda de su enlace y que ha sido creado por la dise\u00f1adora L&#8217;wren Scott, novia del cantante Mick Jagger. Aunque [&hellip;]\" \/>\n<meta property=\"og:url\" content=\"http:\/\/noviasespana.com\/noviasbaleares\/pe-ya-podria-tener-vestido-de-novia\/\" \/>\n<meta property=\"og:site_name\" content=\"Novias Baleares\" \/>\n<meta property=\"article:published_time\" content=\"2010-04-05T12:21:45+00:00\" \/>\n<meta property=\"og:image\" content=\"http:\/\/www.diariodeunanovia.com\/blog\/wp-content\/uploads\/sites\/5\/2010\/04\/pe_bardem.jpg\" \/>\n<meta name=\"author\" content=\"admin\" \/>\n<meta name=\"twitter:label1\" content=\"Escrito por\" \/>\n\t<meta name=\"twitter:data1\" content=\"admin\" \/>\n\t<meta name=\"twitter:label2\" content=\"Tiempo de lectura\" \/>\n\t<meta name=\"twitter:data2\" content=\"1 minuto\" \/>\n<script type=\"application\/ld+json\" class=\"yoast-schema-graph\">{\"@context\":\"https:\\\/\\\/schema.org\",\"@graph\":[{\"@type\":\"Article\",\"@id\":\"http:\\\/\\\/noviasespana.com\\\/noviasbaleares\\\/pe-ya-podria-tener-vestido-de-novia\\\/#article\",\"isPartOf\":{\"@id\":\"http:\\\/\\\/noviasespana.com\\\/noviasbaleares\\\/pe-ya-podria-tener-vestido-de-novia\\\/\"},\"author\":{\"name\":\"admin\",\"@id\":\"http:\\\/\\\/noviasespana.com\\\/noviasbaleares\\\/#\\\/schema\\\/person\\\/82ff6e303fad28e4da623aa4d27969ed\"},\"headline\":\"Pe ya podr\u00eda tener vestido de novia\",\"datePublished\":\"2010-04-05T12:21:45+00:00\",\"mainEntityOfPage\":{\"@id\":\"http:\\\/\\\/noviasespana.com\\\/noviasbaleares\\\/pe-ya-podria-tener-vestido-de-novia\\\/\"},\"wordCount\":250,\"commentCount\":0,\"image\":{\"@id\":\"http:\\\/\\\/noviasespana.com\\\/noviasbaleares\\\/pe-ya-podria-tener-vestido-de-novia\\\/#primaryimage\"},\"thumbnailUrl\":\"http:\\\/\\\/www.diariodeunanovia.com\\\/blog\\\/wp-content\\\/uploads\\\/sites\\\/5\\\/2010\\\/04\\\/pe_bardem.jpg\",\"articleSection\":[\"novias\"],\"inLanguage\":\"es\",\"potentialAction\":[{\"@type\":\"CommentAction\",\"name\":\"Comment\",\"target\":[\"http:\\\/\\\/noviasespana.com\\\/noviasbaleares\\\/pe-ya-podria-tener-vestido-de-novia\\\/#respond\"]}]},{\"@type\":\"WebPage\",\"@id\":\"http:\\\/\\\/noviasespana.com\\\/noviasbaleares\\\/pe-ya-podria-tener-vestido-de-novia\\\/\",\"url\":\"http:\\\/\\\/noviasespana.com\\\/noviasbaleares\\\/pe-ya-podria-tener-vestido-de-novia\\\/\",\"name\":\"Pe ya podr\u00eda tener vestido de novia - Novias Baleares\",\"isPartOf\":{\"@id\":\"http:\\\/\\\/noviasespana.com\\\/noviasbaleares\\\/#website\"},\"primaryImageOfPage\":{\"@id\":\"http:\\\/\\\/noviasespana.com\\\/noviasbaleares\\\/pe-ya-podria-tener-vestido-de-novia\\\/#primaryimage\"},\"image\":{\"@id\":\"http:\\\/\\\/noviasespana.com\\\/noviasbaleares\\\/pe-ya-podria-tener-vestido-de-novia\\\/#primaryimage\"},\"thumbnailUrl\":\"http:\\\/\\\/www.diariodeunanovia.com\\\/blog\\\/wp-content\\\/uploads\\\/sites\\\/5\\\/2010\\\/04\\\/pe_bardem.jpg\",\"datePublished\":\"2010-04-05T12:21:45+00:00\",\"author\":{\"@id\":\"http:\\\/\\\/noviasespana.com\\\/noviasbaleares\\\/#\\\/schema\\\/person\\\/82ff6e303fad28e4da623aa4d27969ed\"},\"breadcrumb\":{\"@id\":\"http:\\\/\\\/noviasespana.com\\\/noviasbaleares\\\/pe-ya-podria-tener-vestido-de-novia\\\/#breadcrumb\"},\"inLanguage\":\"es\",\"potentialAction\":[{\"@type\":\"ReadAction\",\"target\":[\"http:\\\/\\\/noviasespana.com\\\/noviasbaleares\\\/pe-ya-podria-tener-vestido-de-novia\\\/\"]}]},{\"@type\":\"ImageObject\",\"inLanguage\":\"es\",\"@id\":\"http:\\\/\\\/noviasespana.com\\\/noviasbaleares\\\/pe-ya-podria-tener-vestido-de-novia\\\/#primaryimage\",\"url\":\"http:\\\/\\\/www.diariodeunanovia.com\\\/blog\\\/wp-content\\\/uploads\\\/sites\\\/5\\\/2010\\\/04\\\/pe_bardem.jpg\",\"contentUrl\":\"http:\\\/\\\/www.diariodeunanovia.com\\\/blog\\\/wp-content\\\/uploads\\\/sites\\\/5\\\/2010\\\/04\\\/pe_bardem.jpg\"},{\"@type\":\"BreadcrumbList\",\"@id\":\"http:\\\/\\\/noviasespana.com\\\/noviasbaleares\\\/pe-ya-podria-tener-vestido-de-novia\\\/#breadcrumb\",\"itemListElement\":[{\"@type\":\"ListItem\",\"position\":1,\"name\":\"Portada\",\"item\":\"http:\\\/\\\/noviasespana.com\\\/noviasbaleares\\\/\"},{\"@type\":\"ListItem\",\"position\":2,\"name\":\"Pe ya podr\u00eda tener vestido de novia\"}]},{\"@type\":\"WebSite\",\"@id\":\"http:\\\/\\\/noviasespana.com\\\/noviasbaleares\\\/#website\",\"url\":\"http:\\\/\\\/noviasespana.com\\\/noviasbaleares\\\/\",\"name\":\"Novias Baleares\",\"description\":\"Revista de novias\",\"potentialAction\":[{\"@type\":\"SearchAction\",\"target\":{\"@type\":\"EntryPoint\",\"urlTemplate\":\"http:\\\/\\\/noviasespana.com\\\/noviasbaleares\\\/?s={search_term_string}\"},\"query-input\":{\"@type\":\"PropertyValueSpecification\",\"valueRequired\":true,\"valueName\":\"search_term_string\"}}],\"inLanguage\":\"es\"},{\"@type\":\"Person\",\"@id\":\"http:\\\/\\\/noviasespana.com\\\/noviasbaleares\\\/#\\\/schema\\\/person\\\/82ff6e303fad28e4da623aa4d27969ed\",\"name\":\"admin\",\"image\":{\"@type\":\"ImageObject\",\"inLanguage\":\"es\",\"@id\":\"https:\\\/\\\/secure.gravatar.com\\\/avatar\\\/0f45231fddfb43fcbd0cdde4582a3580baf474d75fca7d494b42ff86847de871?s=96&d=mm&r=g\",\"url\":\"https:\\\/\\\/secure.gravatar.com\\\/avatar\\\/0f45231fddfb43fcbd0cdde4582a3580baf474d75fca7d494b42ff86847de871?s=96&d=mm&r=g\",\"contentUrl\":\"https:\\\/\\\/secure.gravatar.com\\\/avatar\\\/0f45231fddfb43fcbd0cdde4582a3580baf474d75fca7d494b42ff86847de871?s=96&d=mm&r=g\",\"caption\":\"admin\"},\"url\":\"http:\\\/\\\/noviasespana.com\\\/noviasbaleares\\\/author\\\/admin\\\/\"}]}<\/script>\n<!-- \/ Yoast SEO plugin. -->","yoast_head_json":{"title":"Pe ya podr\u00eda tener vestido de novia - Novias Baleares","robots":{"index":"index","follow":"follow","max-snippet":"max-snippet:-1","max-image-preview":"max-image-preview:large","max-video-preview":"max-video-preview:-1"},"canonical":"http:\/\/noviasespana.com\/noviasbaleares\/pe-ya-podria-tener-vestido-de-novia\/","og_locale":"es_ES","og_type":"article","og_title":"Pe ya podr\u00eda tener vestido de novia - Novias Baleares","og_description":"Queridas novias!!! Nuestra pareja de actores m\u00e1s internacional podr\u00eda pasar por el altar muy pronto, seg\u00fan afirma la revista \u00abIn Touch Weekly\u00bb. Al parecer, Pe incluso tiene en sus manos el vestido que lucir\u00e1 el d\u00eda de su enlace y que ha sido creado por la dise\u00f1adora L&#8217;wren Scott, novia del cantante Mick Jagger. Aunque [&hellip;]","og_url":"http:\/\/noviasespana.com\/noviasbaleares\/pe-ya-podria-tener-vestido-de-novia\/","og_site_name":"Novias Baleares","article_published_time":"2010-04-05T12:21:45+00:00","og_image":[{"url":"http:\/\/www.diariodeunanovia.com\/blog\/wp-content\/uploads\/sites\/5\/2010\/04\/pe_bardem.jpg","type":"","width":"","height":""}],"author":"admin","twitter_misc":{"Escrito por":"admin","Tiempo de lectura":"1 minuto"},"schema":{"@context":"https:\/\/schema.org","@graph":[{"@type":"Article","@id":"http:\/\/noviasespana.com\/noviasbaleares\/pe-ya-podria-tener-vestido-de-novia\/#article","isPartOf":{"@id":"http:\/\/noviasespana.com\/noviasbaleares\/pe-ya-podria-tener-vestido-de-novia\/"},"author":{"name":"admin","@id":"http:\/\/noviasespana.com\/noviasbaleares\/#\/schema\/person\/82ff6e303fad28e4da623aa4d27969ed"},"headline":"Pe ya podr\u00eda tener vestido de novia","datePublished":"2010-04-05T12:21:45+00:00","mainEntityOfPage":{"@id":"http:\/\/noviasespana.com\/noviasbaleares\/pe-ya-podria-tener-vestido-de-novia\/"},"wordCount":250,"commentCount":0,"image":{"@id":"http:\/\/noviasespana.com\/noviasbaleares\/pe-ya-podria-tener-vestido-de-novia\/#primaryimage"},"thumbnailUrl":"http:\/\/www.diariodeunanovia.com\/blog\/wp-content\/uploads\/sites\/5\/2010\/04\/pe_bardem.jpg","articleSection":["novias"],"inLanguage":"es","potentialAction":[{"@type":"CommentAction","name":"Comment","target":["http:\/\/noviasespana.com\/noviasbaleares\/pe-ya-podria-tener-vestido-de-novia\/#respond"]}]},{"@type":"WebPage","@id":"http:\/\/noviasespana.com\/noviasbaleares\/pe-ya-podria-tener-vestido-de-novia\/","url":"http:\/\/noviasespana.com\/noviasbaleares\/pe-ya-podria-tener-vestido-de-novia\/","name":"Pe ya podr\u00eda tener vestido de novia - Novias Baleares","isPartOf":{"@id":"http:\/\/noviasespana.com\/noviasbaleares\/#website"},"primaryImageOfPage":{"@id":"http:\/\/noviasespana.com\/noviasbaleares\/pe-ya-podria-tener-vestido-de-novia\/#primaryimage"},"image":{"@id":"http:\/\/noviasespana.com\/noviasbaleares\/pe-ya-podria-tener-vestido-de-novia\/#primaryimage"},"thumbnailUrl":"http:\/\/www.diariodeunanovia.com\/blog\/wp-content\/uploads\/sites\/5\/2010\/04\/pe_bardem.jpg","datePublished":"2010-04-05T12:21:45+00:00","author":{"@id":"http:\/\/noviasespana.com\/noviasbaleares\/#\/schema\/person\/82ff6e303fad28e4da623aa4d27969ed"},"breadcrumb":{"@id":"http:\/\/noviasespana.com\/noviasbaleares\/pe-ya-podria-tener-vestido-de-novia\/#breadcrumb"},"inLanguage":"es","potentialAction":[{"@type":"ReadAction","target":["http:\/\/noviasespana.com\/noviasbaleares\/pe-ya-podria-tener-vestido-de-novia\/"]}]},{"@type":"ImageObject","inLanguage":"es","@id":"http:\/\/noviasespana.com\/noviasbaleares\/pe-ya-podria-tener-vestido-de-novia\/#primaryimage","url":"http:\/\/www.diariodeunanovia.com\/blog\/wp-content\/uploads\/sites\/5\/2010\/04\/pe_bardem.jpg","contentUrl":"http:\/\/www.diariodeunanovia.com\/blog\/wp-content\/uploads\/sites\/5\/2010\/04\/pe_bardem.jpg"},{"@type":"BreadcrumbList","@id":"http:\/\/noviasespana.com\/noviasbaleares\/pe-ya-podria-tener-vestido-de-novia\/#breadcrumb","itemListElement":[{"@type":"ListItem","position":1,"name":"Portada","item":"http:\/\/noviasespana.com\/noviasbaleares\/"},{"@type":"ListItem","position":2,"name":"Pe ya podr\u00eda tener vestido de novia"}]},{"@type":"WebSite","@id":"http:\/\/noviasespana.com\/noviasbaleares\/#website","url":"http:\/\/noviasespana.com\/noviasbaleares\/","name":"Novias Baleares","description":"Revista de novias","potentialAction":[{"@type":"SearchAction","target":{"@type":"EntryPoint","urlTemplate":"http:\/\/noviasespana.com\/noviasbaleares\/?s={search_term_string}"},"query-input":{"@type":"PropertyValueSpecification","valueRequired":true,"valueName":"search_term_string"}}],"inLanguage":"es"},{"@type":"Person","@id":"http:\/\/noviasespana.com\/noviasbaleares\/#\/schema\/person\/82ff6e303fad28e4da623aa4d27969ed","name":"admin","image":{"@type":"ImageObject","inLanguage":"es","@id":"https:\/\/secure.gravatar.com\/avatar\/0f45231fddfb43fcbd0cdde4582a3580baf474d75fca7d494b42ff86847de871?s=96&d=mm&r=g","url":"https:\/\/secure.gravatar.com\/avatar\/0f45231fddfb43fcbd0cdde4582a3580baf474d75fca7d494b42ff86847de871?s=96&d=mm&r=g","contentUrl":"https:\/\/secure.gravatar.com\/avatar\/0f45231fddfb43fcbd0cdde4582a3580baf474d75fca7d494b42ff86847de871?s=96&d=mm&r=g","caption":"admin"},"url":"http:\/\/noviasespana.com\/noviasbaleares\/author\/admin\/"}]}},"jetpack_featured_media_url":"","jetpack_sharing_enabled":true,"jetpack_shortlink":"https:\/\/wp.me\/p5Hg6P-k1","jetpack_likes_enabled":true,"_links":{"self":[{"href":"http:\/\/noviasespana.com\/noviasbaleares\/wp-json\/wp\/v2\/posts\/1241","targetHints":{"allow":["GET"]}}],"collection":[{"href":"http:\/\/noviasespana.com\/noviasbaleares\/wp-json\/wp\/v2\/posts"}],"about":[{"href":"http:\/\/noviasespana.com\/noviasbaleares\/wp-json\/wp\/v2\/types\/post"}],"author":[{"embeddable":true,"href":"http:\/\/noviasespana.com\/noviasbaleares\/wp-json\/wp\/v2\/users\/2"}],"replies":[{"embeddable":true,"href":"http:\/\/noviasespana.com\/noviasbaleares\/wp-json\/wp\/v2\/comments?post=1241"}],"version-history":[{"count":0,"href":"http:\/\/noviasespana.com\/noviasbaleares\/wp-json\/wp\/v2\/posts\/1241\/revisions"}],"wp:attachment":[{"href":"http:\/\/noviasespana.com\/noviasbaleares\/wp-json\/wp\/v2\/media?parent=1241"}],"wp:term":[{"taxonomy":"category","embeddable":true,"href":"http:\/\/noviasespana.com\/noviasbaleares\/wp-json\/wp\/v2\/categories?post=1241"},{"taxonomy":"post_tag","embeddable":true,"href":"http:\/\/noviasespana.com\/noviasbaleares\/wp-json\/wp\/v2\/tags?post=1241"}],"curies":[{"name":"wp","href":"https:\/\/api.w.org\/{rel}","templated":true}]}}