{"id":1126,"date":"2010-03-11T16:56:19","date_gmt":"2010-03-11T15:56:19","guid":{"rendered":"http:\/\/www.diariodeunanovia.com\/blog\/?p=1126"},"modified":"2010-03-11T16:56:19","modified_gmt":"2010-03-11T15:56:19","slug":"julio-iglesias-jr-se-viste-por-primera-vez-de-novio-tras-el-anuncio-de-su-compromiso","status":"publish","type":"post","link":"http:\/\/noviasespana.com\/noviasbaleares\/julio-iglesias-jr-se-viste-por-primera-vez-de-novio-tras-el-anuncio-de-su-compromiso\/","title":{"rendered":"JULIO IGLESIAS JR. SE VISTE POR PRIMERA VEZ DE NOVIO TRAS EL ANUNCIO DE SU COMPROMISO"},"content":{"rendered":"<p>Queridas novias!! \u00a0Julio Iglesias Jr., cantante y modelo hijo de Julio Iglesias e Isabel Preysler, ha inaugurado la nueva tienda del prestigioso dise\u00f1ador Carlo Pignatelli en Valencia, que llega de la mano de EDB\u00c9, la empresa valenciana l\u00edder en tiendas de novia y ceremonia. Un nuevo establecimiento,  situado en la c\u00e9ntrica Plaza San Agust\u00edn, con el que los residentes de la comunidad valenciana podr\u00e1n disponer de una de las tiendas m\u00e1s distinguidas del sector dedicada en exclusiva al novio, padrinos y acompa\u00f1antes. En la inauguraci\u00f3n, que se ha celebrado esta ma\u00f1ana en Valencia, Julio ha hablado de su relaci\u00f3n con la bell\u00edsima modelo belga Charisse, cuyo enlace matrimonial anunciaron recientemente tras seis a\u00f1os de noviazgo. \u00abEsperamos con ilusi\u00f3n el d\u00eda de nuestra boda\u201d. Tambi\u00e9n ha declarado que \u201ca\u00fan no tenemos fecha porque nos comprometimos hace muy poquito\u201d. Respecto a la elecci\u00f3n del traje que lucir\u00e1 en el que ser\u00e1 el d\u00eda m\u00e1s especial de su vida, el cantante ha elogiado los dise\u00f1os de Carlo Pignatelli y ha afirmado que \u201cser\u00e1 una de mis primeras opciones porque son innovadores con un patronaje que sienta muy bien\u201d. \u00a0Carlo Pignatelli, considerado como el creador del traje de novio, llega a Valencia el mismo a\u00f1o en que conmemora su 40 aniversario. El nuevo establecimiento de la reconocida firma cuenta con la colecci\u00f3n completa de Carlo Pignatelli Ceremonia, que incluye trajes, camisas, zapatos, cinturones y todo tipo de complementos para que tanto el novio y los acompa\u00f1antes como los asistentes a reuniones y fiestas sociales luzcan impecables y se conviertan en protagonistas. Con la nueva apertura en Valencia, ya son 9 las tiendas que la firma italiana tiene en Espa\u00f1a ubicadas en las principales ciudades como Barcelona, Madrid,  Alicante, C\u00f3rdoba, Palma de Mallorca, Cartagena, Zaragoza y Huelva.<\/p>\n<p><img data-recalc-dims=\"1\" loading=\"lazy\" decoding=\"async\" class=\"aligncenter size-medium wp-image-1132\" title=\"Julio Iglesias Jr. inaugura la nueva tienda de Carlo Pignatelli\" src=\"https:\/\/i0.wp.com\/www.diariodeunanovia.com\/blog\/wp-content\/uploads\/sites\/5\/2010\/03\/pignatelli-julio-iglesias-jr4-300x231.jpg?resize=300%2C231\" alt=\"Julio Iglesias Jr. inaugura la nueva tienda de Carlo Pignatelli\" width=\"300\" height=\"231\" \/><\/p>\n","protected":false},"excerpt":{"rendered":"<p>Queridas novias!! \u00a0Julio Iglesias Jr., cantante y modelo hijo de Julio Iglesias e Isabel Preysler, ha inaugurado la nueva tienda del prestigioso dise\u00f1ador Carlo Pignatelli en Valencia, que llega de la mano de EDB\u00c9, la empresa valenciana l\u00edder en tiendas de novia y ceremonia. Un nuevo establecimiento, situado en la c\u00e9ntrica Plaza San Agust\u00edn, con [&hellip;]<\/p>\n","protected":false},"author":4,"featured_media":0,"comment_status":"open","ping_status":"open","sticky":false,"template":"","format":"standard","meta":{"jetpack_post_was_ever_published":false,"_jetpack_newsletter_access":"","_jetpack_dont_email_post_to_subs":false,"_jetpack_newsletter_tier_id":0,"_jetpack_memberships_contains_paywalled_content":false,"_jetpack_memberships_contains_paid_content":false,"footnotes":""},"categories":[1],"tags":[],"class_list":["post-1126","post","type-post","status-publish","format-standard","hentry","category-novias"],"yoast_head":"<!-- This site is optimized with the Yoast SEO plugin v27.5 - https:\/\/yoast.com\/product\/yoast-seo-wordpress\/ -->\n<title>JULIO IGLESIAS JR. SE VISTE POR PRIMERA VEZ DE NOVIO TRAS EL ANUNCIO DE SU COMPROMISO - Novias Baleares<\/title>\n<meta name=\"robots\" content=\"index, follow, max-snippet:-1, max-image-preview:large, max-video-preview:-1\" \/>\n<link rel=\"canonical\" href=\"http:\/\/noviasespana.com\/noviasbaleares\/julio-iglesias-jr-se-viste-por-primera-vez-de-novio-tras-el-anuncio-de-su-compromiso\/\" \/>\n<meta property=\"og:locale\" content=\"es_ES\" \/>\n<meta property=\"og:type\" content=\"article\" \/>\n<meta property=\"og:title\" content=\"JULIO IGLESIAS JR. SE VISTE POR PRIMERA VEZ DE NOVIO TRAS EL ANUNCIO DE SU COMPROMISO - Novias Baleares\" \/>\n<meta property=\"og:description\" content=\"Queridas novias!! \u00a0Julio Iglesias Jr., cantante y modelo hijo de Julio Iglesias e Isabel Preysler, ha inaugurado la nueva tienda del prestigioso dise\u00f1ador Carlo Pignatelli en Valencia, que llega de la mano de EDB\u00c9, la empresa valenciana l\u00edder en tiendas de novia y ceremonia. Un nuevo establecimiento, situado en la c\u00e9ntrica Plaza San Agust\u00edn, con [&hellip;]\" \/>\n<meta property=\"og:url\" content=\"http:\/\/noviasespana.com\/noviasbaleares\/julio-iglesias-jr-se-viste-por-primera-vez-de-novio-tras-el-anuncio-de-su-compromiso\/\" \/>\n<meta property=\"og:site_name\" content=\"Novias Baleares\" \/>\n<meta property=\"article:published_time\" content=\"2010-03-11T15:56:19+00:00\" \/>\n<meta property=\"og:image\" content=\"http:\/\/www.diariodeunanovia.com\/blog\/wp-content\/uploads\/sites\/5\/2010\/03\/pignatelli-julio-iglesias-jr4-300x231.jpg\" \/>\n<meta name=\"author\" content=\"Pilar Perosanz\" \/>\n<meta name=\"twitter:label1\" content=\"Escrito por\" \/>\n\t<meta name=\"twitter:data1\" content=\"Pilar Perosanz\" \/>\n\t<meta name=\"twitter:label2\" content=\"Tiempo de lectura\" \/>\n\t<meta name=\"twitter:data2\" content=\"2 minutos\" \/>\n<script type=\"application\/ld+json\" class=\"yoast-schema-graph\">{\"@context\":\"https:\\\/\\\/schema.org\",\"@graph\":[{\"@type\":\"Article\",\"@id\":\"http:\\\/\\\/noviasespana.com\\\/noviasbaleares\\\/julio-iglesias-jr-se-viste-por-primera-vez-de-novio-tras-el-anuncio-de-su-compromiso\\\/#article\",\"isPartOf\":{\"@id\":\"http:\\\/\\\/noviasespana.com\\\/noviasbaleares\\\/julio-iglesias-jr-se-viste-por-primera-vez-de-novio-tras-el-anuncio-de-su-compromiso\\\/\"},\"author\":{\"name\":\"Pilar Perosanz\",\"@id\":\"http:\\\/\\\/noviasespana.com\\\/noviasbaleares\\\/#\\\/schema\\\/person\\\/0b1c774eb803dc07cabaa1ba623a2189\"},\"headline\":\"JULIO IGLESIAS JR. SE VISTE POR PRIMERA VEZ DE NOVIO TRAS EL ANUNCIO DE SU COMPROMISO\",\"datePublished\":\"2010-03-11T15:56:19+00:00\",\"mainEntityOfPage\":{\"@id\":\"http:\\\/\\\/noviasespana.com\\\/noviasbaleares\\\/julio-iglesias-jr-se-viste-por-primera-vez-de-novio-tras-el-anuncio-de-su-compromiso\\\/\"},\"wordCount\":331,\"commentCount\":0,\"image\":{\"@id\":\"http:\\\/\\\/noviasespana.com\\\/noviasbaleares\\\/julio-iglesias-jr-se-viste-por-primera-vez-de-novio-tras-el-anuncio-de-su-compromiso\\\/#primaryimage\"},\"thumbnailUrl\":\"http:\\\/\\\/www.diariodeunanovia.com\\\/blog\\\/wp-content\\\/uploads\\\/sites\\\/5\\\/2010\\\/03\\\/pignatelli-julio-iglesias-jr4-300x231.jpg\",\"articleSection\":[\"novias\"],\"inLanguage\":\"es\",\"potentialAction\":[{\"@type\":\"CommentAction\",\"name\":\"Comment\",\"target\":[\"http:\\\/\\\/noviasespana.com\\\/noviasbaleares\\\/julio-iglesias-jr-se-viste-por-primera-vez-de-novio-tras-el-anuncio-de-su-compromiso\\\/#respond\"]}]},{\"@type\":\"WebPage\",\"@id\":\"http:\\\/\\\/noviasespana.com\\\/noviasbaleares\\\/julio-iglesias-jr-se-viste-por-primera-vez-de-novio-tras-el-anuncio-de-su-compromiso\\\/\",\"url\":\"http:\\\/\\\/noviasespana.com\\\/noviasbaleares\\\/julio-iglesias-jr-se-viste-por-primera-vez-de-novio-tras-el-anuncio-de-su-compromiso\\\/\",\"name\":\"JULIO IGLESIAS JR. SE VISTE POR PRIMERA VEZ DE NOVIO TRAS EL ANUNCIO DE SU COMPROMISO - Novias Baleares\",\"isPartOf\":{\"@id\":\"http:\\\/\\\/noviasespana.com\\\/noviasbaleares\\\/#website\"},\"primaryImageOfPage\":{\"@id\":\"http:\\\/\\\/noviasespana.com\\\/noviasbaleares\\\/julio-iglesias-jr-se-viste-por-primera-vez-de-novio-tras-el-anuncio-de-su-compromiso\\\/#primaryimage\"},\"image\":{\"@id\":\"http:\\\/\\\/noviasespana.com\\\/noviasbaleares\\\/julio-iglesias-jr-se-viste-por-primera-vez-de-novio-tras-el-anuncio-de-su-compromiso\\\/#primaryimage\"},\"thumbnailUrl\":\"http:\\\/\\\/www.diariodeunanovia.com\\\/blog\\\/wp-content\\\/uploads\\\/sites\\\/5\\\/2010\\\/03\\\/pignatelli-julio-iglesias-jr4-300x231.jpg\",\"datePublished\":\"2010-03-11T15:56:19+00:00\",\"author\":{\"@id\":\"http:\\\/\\\/noviasespana.com\\\/noviasbaleares\\\/#\\\/schema\\\/person\\\/0b1c774eb803dc07cabaa1ba623a2189\"},\"breadcrumb\":{\"@id\":\"http:\\\/\\\/noviasespana.com\\\/noviasbaleares\\\/julio-iglesias-jr-se-viste-por-primera-vez-de-novio-tras-el-anuncio-de-su-compromiso\\\/#breadcrumb\"},\"inLanguage\":\"es\",\"potentialAction\":[{\"@type\":\"ReadAction\",\"target\":[\"http:\\\/\\\/noviasespana.com\\\/noviasbaleares\\\/julio-iglesias-jr-se-viste-por-primera-vez-de-novio-tras-el-anuncio-de-su-compromiso\\\/\"]}]},{\"@type\":\"ImageObject\",\"inLanguage\":\"es\",\"@id\":\"http:\\\/\\\/noviasespana.com\\\/noviasbaleares\\\/julio-iglesias-jr-se-viste-por-primera-vez-de-novio-tras-el-anuncio-de-su-compromiso\\\/#primaryimage\",\"url\":\"http:\\\/\\\/www.diariodeunanovia.com\\\/blog\\\/wp-content\\\/uploads\\\/sites\\\/5\\\/2010\\\/03\\\/pignatelli-julio-iglesias-jr4-300x231.jpg\",\"contentUrl\":\"http:\\\/\\\/www.diariodeunanovia.com\\\/blog\\\/wp-content\\\/uploads\\\/sites\\\/5\\\/2010\\\/03\\\/pignatelli-julio-iglesias-jr4-300x231.jpg\"},{\"@type\":\"BreadcrumbList\",\"@id\":\"http:\\\/\\\/noviasespana.com\\\/noviasbaleares\\\/julio-iglesias-jr-se-viste-por-primera-vez-de-novio-tras-el-anuncio-de-su-compromiso\\\/#breadcrumb\",\"itemListElement\":[{\"@type\":\"ListItem\",\"position\":1,\"name\":\"Portada\",\"item\":\"http:\\\/\\\/noviasespana.com\\\/noviasbaleares\\\/\"},{\"@type\":\"ListItem\",\"position\":2,\"name\":\"JULIO IGLESIAS JR. SE VISTE POR PRIMERA VEZ DE NOVIO TRAS EL ANUNCIO DE SU COMPROMISO\"}]},{\"@type\":\"WebSite\",\"@id\":\"http:\\\/\\\/noviasespana.com\\\/noviasbaleares\\\/#website\",\"url\":\"http:\\\/\\\/noviasespana.com\\\/noviasbaleares\\\/\",\"name\":\"Novias Baleares\",\"description\":\"Revista de novias\",\"potentialAction\":[{\"@type\":\"SearchAction\",\"target\":{\"@type\":\"EntryPoint\",\"urlTemplate\":\"http:\\\/\\\/noviasespana.com\\\/noviasbaleares\\\/?s={search_term_string}\"},\"query-input\":{\"@type\":\"PropertyValueSpecification\",\"valueRequired\":true,\"valueName\":\"search_term_string\"}}],\"inLanguage\":\"es\"},{\"@type\":\"Person\",\"@id\":\"http:\\\/\\\/noviasespana.com\\\/noviasbaleares\\\/#\\\/schema\\\/person\\\/0b1c774eb803dc07cabaa1ba623a2189\",\"name\":\"Pilar Perosanz\",\"image\":{\"@type\":\"ImageObject\",\"inLanguage\":\"es\",\"@id\":\"https:\\\/\\\/secure.gravatar.com\\\/avatar\\\/5f89b89cee696f36efb82c284bbc1518b83b807f1e68366037e8221287a0831b?s=96&d=mm&r=g\",\"url\":\"https:\\\/\\\/secure.gravatar.com\\\/avatar\\\/5f89b89cee696f36efb82c284bbc1518b83b807f1e68366037e8221287a0831b?s=96&d=mm&r=g\",\"contentUrl\":\"https:\\\/\\\/secure.gravatar.com\\\/avatar\\\/5f89b89cee696f36efb82c284bbc1518b83b807f1e68366037e8221287a0831b?s=96&d=mm&r=g\",\"caption\":\"Pilar Perosanz\"},\"url\":\"http:\\\/\\\/noviasespana.com\\\/noviasbaleares\\\/author\\\/pilar\\\/\"}]}<\/script>\n<!-- \/ Yoast SEO plugin. -->","yoast_head_json":{"title":"JULIO IGLESIAS JR. SE VISTE POR PRIMERA VEZ DE NOVIO TRAS EL ANUNCIO DE SU COMPROMISO - Novias Baleares","robots":{"index":"index","follow":"follow","max-snippet":"max-snippet:-1","max-image-preview":"max-image-preview:large","max-video-preview":"max-video-preview:-1"},"canonical":"http:\/\/noviasespana.com\/noviasbaleares\/julio-iglesias-jr-se-viste-por-primera-vez-de-novio-tras-el-anuncio-de-su-compromiso\/","og_locale":"es_ES","og_type":"article","og_title":"JULIO IGLESIAS JR. SE VISTE POR PRIMERA VEZ DE NOVIO TRAS EL ANUNCIO DE SU COMPROMISO - Novias Baleares","og_description":"Queridas novias!! \u00a0Julio Iglesias Jr., cantante y modelo hijo de Julio Iglesias e Isabel Preysler, ha inaugurado la nueva tienda del prestigioso dise\u00f1ador Carlo Pignatelli en Valencia, que llega de la mano de EDB\u00c9, la empresa valenciana l\u00edder en tiendas de novia y ceremonia. Un nuevo establecimiento, situado en la c\u00e9ntrica Plaza San Agust\u00edn, con [&hellip;]","og_url":"http:\/\/noviasespana.com\/noviasbaleares\/julio-iglesias-jr-se-viste-por-primera-vez-de-novio-tras-el-anuncio-de-su-compromiso\/","og_site_name":"Novias Baleares","article_published_time":"2010-03-11T15:56:19+00:00","og_image":[{"url":"http:\/\/www.diariodeunanovia.com\/blog\/wp-content\/uploads\/sites\/5\/2010\/03\/pignatelli-julio-iglesias-jr4-300x231.jpg","type":"","width":"","height":""}],"author":"Pilar Perosanz","twitter_misc":{"Escrito por":"Pilar Perosanz","Tiempo de lectura":"2 minutos"},"schema":{"@context":"https:\/\/schema.org","@graph":[{"@type":"Article","@id":"http:\/\/noviasespana.com\/noviasbaleares\/julio-iglesias-jr-se-viste-por-primera-vez-de-novio-tras-el-anuncio-de-su-compromiso\/#article","isPartOf":{"@id":"http:\/\/noviasespana.com\/noviasbaleares\/julio-iglesias-jr-se-viste-por-primera-vez-de-novio-tras-el-anuncio-de-su-compromiso\/"},"author":{"name":"Pilar Perosanz","@id":"http:\/\/noviasespana.com\/noviasbaleares\/#\/schema\/person\/0b1c774eb803dc07cabaa1ba623a2189"},"headline":"JULIO IGLESIAS JR. SE VISTE POR PRIMERA VEZ DE NOVIO TRAS EL ANUNCIO DE SU COMPROMISO","datePublished":"2010-03-11T15:56:19+00:00","mainEntityOfPage":{"@id":"http:\/\/noviasespana.com\/noviasbaleares\/julio-iglesias-jr-se-viste-por-primera-vez-de-novio-tras-el-anuncio-de-su-compromiso\/"},"wordCount":331,"commentCount":0,"image":{"@id":"http:\/\/noviasespana.com\/noviasbaleares\/julio-iglesias-jr-se-viste-por-primera-vez-de-novio-tras-el-anuncio-de-su-compromiso\/#primaryimage"},"thumbnailUrl":"http:\/\/www.diariodeunanovia.com\/blog\/wp-content\/uploads\/sites\/5\/2010\/03\/pignatelli-julio-iglesias-jr4-300x231.jpg","articleSection":["novias"],"inLanguage":"es","potentialAction":[{"@type":"CommentAction","name":"Comment","target":["http:\/\/noviasespana.com\/noviasbaleares\/julio-iglesias-jr-se-viste-por-primera-vez-de-novio-tras-el-anuncio-de-su-compromiso\/#respond"]}]},{"@type":"WebPage","@id":"http:\/\/noviasespana.com\/noviasbaleares\/julio-iglesias-jr-se-viste-por-primera-vez-de-novio-tras-el-anuncio-de-su-compromiso\/","url":"http:\/\/noviasespana.com\/noviasbaleares\/julio-iglesias-jr-se-viste-por-primera-vez-de-novio-tras-el-anuncio-de-su-compromiso\/","name":"JULIO IGLESIAS JR. SE VISTE POR PRIMERA VEZ DE NOVIO TRAS EL ANUNCIO DE SU COMPROMISO - Novias Baleares","isPartOf":{"@id":"http:\/\/noviasespana.com\/noviasbaleares\/#website"},"primaryImageOfPage":{"@id":"http:\/\/noviasespana.com\/noviasbaleares\/julio-iglesias-jr-se-viste-por-primera-vez-de-novio-tras-el-anuncio-de-su-compromiso\/#primaryimage"},"image":{"@id":"http:\/\/noviasespana.com\/noviasbaleares\/julio-iglesias-jr-se-viste-por-primera-vez-de-novio-tras-el-anuncio-de-su-compromiso\/#primaryimage"},"thumbnailUrl":"http:\/\/www.diariodeunanovia.com\/blog\/wp-content\/uploads\/sites\/5\/2010\/03\/pignatelli-julio-iglesias-jr4-300x231.jpg","datePublished":"2010-03-11T15:56:19+00:00","author":{"@id":"http:\/\/noviasespana.com\/noviasbaleares\/#\/schema\/person\/0b1c774eb803dc07cabaa1ba623a2189"},"breadcrumb":{"@id":"http:\/\/noviasespana.com\/noviasbaleares\/julio-iglesias-jr-se-viste-por-primera-vez-de-novio-tras-el-anuncio-de-su-compromiso\/#breadcrumb"},"inLanguage":"es","potentialAction":[{"@type":"ReadAction","target":["http:\/\/noviasespana.com\/noviasbaleares\/julio-iglesias-jr-se-viste-por-primera-vez-de-novio-tras-el-anuncio-de-su-compromiso\/"]}]},{"@type":"ImageObject","inLanguage":"es","@id":"http:\/\/noviasespana.com\/noviasbaleares\/julio-iglesias-jr-se-viste-por-primera-vez-de-novio-tras-el-anuncio-de-su-compromiso\/#primaryimage","url":"http:\/\/www.diariodeunanovia.com\/blog\/wp-content\/uploads\/sites\/5\/2010\/03\/pignatelli-julio-iglesias-jr4-300x231.jpg","contentUrl":"http:\/\/www.diariodeunanovia.com\/blog\/wp-content\/uploads\/sites\/5\/2010\/03\/pignatelli-julio-iglesias-jr4-300x231.jpg"},{"@type":"BreadcrumbList","@id":"http:\/\/noviasespana.com\/noviasbaleares\/julio-iglesias-jr-se-viste-por-primera-vez-de-novio-tras-el-anuncio-de-su-compromiso\/#breadcrumb","itemListElement":[{"@type":"ListItem","position":1,"name":"Portada","item":"http:\/\/noviasespana.com\/noviasbaleares\/"},{"@type":"ListItem","position":2,"name":"JULIO IGLESIAS JR. SE VISTE POR PRIMERA VEZ DE NOVIO TRAS EL ANUNCIO DE SU COMPROMISO"}]},{"@type":"WebSite","@id":"http:\/\/noviasespana.com\/noviasbaleares\/#website","url":"http:\/\/noviasespana.com\/noviasbaleares\/","name":"Novias Baleares","description":"Revista de novias","potentialAction":[{"@type":"SearchAction","target":{"@type":"EntryPoint","urlTemplate":"http:\/\/noviasespana.com\/noviasbaleares\/?s={search_term_string}"},"query-input":{"@type":"PropertyValueSpecification","valueRequired":true,"valueName":"search_term_string"}}],"inLanguage":"es"},{"@type":"Person","@id":"http:\/\/noviasespana.com\/noviasbaleares\/#\/schema\/person\/0b1c774eb803dc07cabaa1ba623a2189","name":"Pilar Perosanz","image":{"@type":"ImageObject","inLanguage":"es","@id":"https:\/\/secure.gravatar.com\/avatar\/5f89b89cee696f36efb82c284bbc1518b83b807f1e68366037e8221287a0831b?s=96&d=mm&r=g","url":"https:\/\/secure.gravatar.com\/avatar\/5f89b89cee696f36efb82c284bbc1518b83b807f1e68366037e8221287a0831b?s=96&d=mm&r=g","contentUrl":"https:\/\/secure.gravatar.com\/avatar\/5f89b89cee696f36efb82c284bbc1518b83b807f1e68366037e8221287a0831b?s=96&d=mm&r=g","caption":"Pilar Perosanz"},"url":"http:\/\/noviasespana.com\/noviasbaleares\/author\/pilar\/"}]}},"jetpack_featured_media_url":"","jetpack_sharing_enabled":true,"jetpack_shortlink":"https:\/\/wp.me\/p5Hg6P-ia","jetpack_likes_enabled":true,"_links":{"self":[{"href":"http:\/\/noviasespana.com\/noviasbaleares\/wp-json\/wp\/v2\/posts\/1126","targetHints":{"allow":["GET"]}}],"collection":[{"href":"http:\/\/noviasespana.com\/noviasbaleares\/wp-json\/wp\/v2\/posts"}],"about":[{"href":"http:\/\/noviasespana.com\/noviasbaleares\/wp-json\/wp\/v2\/types\/post"}],"author":[{"embeddable":true,"href":"http:\/\/noviasespana.com\/noviasbaleares\/wp-json\/wp\/v2\/users\/4"}],"replies":[{"embeddable":true,"href":"http:\/\/noviasespana.com\/noviasbaleares\/wp-json\/wp\/v2\/comments?post=1126"}],"version-history":[{"count":0,"href":"http:\/\/noviasespana.com\/noviasbaleares\/wp-json\/wp\/v2\/posts\/1126\/revisions"}],"wp:attachment":[{"href":"http:\/\/noviasespana.com\/noviasbaleares\/wp-json\/wp\/v2\/media?parent=1126"}],"wp:term":[{"taxonomy":"category","embeddable":true,"href":"http:\/\/noviasespana.com\/noviasbaleares\/wp-json\/wp\/v2\/categories?post=1126"},{"taxonomy":"post_tag","embeddable":true,"href":"http:\/\/noviasespana.com\/noviasbaleares\/wp-json\/wp\/v2\/tags?post=1126"}],"curies":[{"name":"wp","href":"https:\/\/api.w.org\/{rel}","templated":true}]}}