{"id":4052,"date":"2014-09-05T18:00:06","date_gmt":"2014-09-05T18:00:06","guid":{"rendered":"http:\/\/eneaeditorial.com\/prueba\/?p=4052"},"modified":"2015-02-04T23:02:20","modified_gmt":"2015-02-04T23:02:20","slug":"exclusiva-de-fin-de-verano-boda-de-brad-y-angelina","status":"publish","type":"post","link":"http:\/\/noviasespana.com\/noviasaraba\/exclusiva-de-fin-de-verano-boda-de-brad-y-angelina\/","title":{"rendered":"Exclusiva de fin de verano! Boda de Brad y Angelina!!"},"content":{"rendered":"<p>La revista Hello! ha publicado la exclusiva en todo el mundo de la boda de Agelina y Brad,\u00a0tuvo lugar el pasado s\u00e1bado 23 de agosto en el <strong>Chateau Miraval<\/strong>, la m\u00e1gica residencia que tienen en la Provenza francesa.<\/p>\n<p>La ceremonia fue\u00a0\u00edntima y sencilla. En ellas aparece una espectacular Angelina con un vestido de novia de <strong>Luigi Massi para Versace<\/strong> y un velo decorado con dibujos suyos y de sus hijos, <strong>Maddox<\/strong>, de 13 a\u00f1os, <strong>Pax<\/strong>, de diez, <strong>Zahara<\/strong>, de nueve, <strong>Shiloh<\/strong>, de ocho,\u00a0y los gemelos <strong>Vivienne<\/strong> y <strong>Knox<\/strong>, de seis. \u00abPara nosotros era importante que el d\u00eda fuese relajado y lleno de alegr\u00eda. Era un d\u00eda muy especial que quer\u00edamos compartir con nuestros hijos y un momento muy feliz para nuestra familia\u00bb, confesaron Brad y Angelina en exclusiva para <em>!HOLA!.<br \/>\n<\/em><br \/>\nNo os perd\u00e1is el\u00a0espectacular reportaje de\u00a015 p\u00e1ginas de Hola<\/p>\n<p>(v\u00eda \u00a1Hola!)<\/p>\n","protected":false},"excerpt":{"rendered":"<p>La revista Hello! ha publicado la exclusiva en todo el mundo de la boda de Agelina y Brad,\u00a0tuvo lugar el pasado s\u00e1bado 23 de agosto en el Chateau Miraval, la m\u00e1gica residencia que tienen en la Provenza francesa. La ceremonia fue\u00a0\u00edntima y sencilla. En ellas aparece una espectacular Angelina con un vestido de novia de [&hellip;]<\/p>\n","protected":false},"author":2,"featured_media":4055,"comment_status":"closed","ping_status":"closed","sticky":false,"template":"","format":"standard","meta":{"jetpack_post_was_ever_published":false,"_jetpack_newsletter_access":"","_jetpack_dont_email_post_to_subs":false,"_jetpack_newsletter_tier_id":0,"_jetpack_memberships_contains_paywalled_content":false,"_jetpack_memberships_contains_paid_content":false,"footnotes":"","jetpack_publicize_message":"","jetpack_publicize_feature_enabled":true,"jetpack_social_post_already_shared":true,"jetpack_social_options":{"image_generator_settings":{"template":"highway","default_image_id":0,"font":"","enabled":false},"version":2}},"categories":[3,6],"tags":[],"class_list":["post-4052","post","type-post","status-publish","format-standard","has-post-thumbnail","hentry","category-espana","category-noticias"],"yoast_head":"<!-- This site is optimized with the Yoast SEO plugin v27.5 - https:\/\/yoast.com\/product\/yoast-seo-wordpress\/ -->\n<title>Exclusiva de fin de verano! Boda de Brad y Angelina!! - Novias Araba<\/title>\n<meta name=\"robots\" content=\"index, follow, max-snippet:-1, max-image-preview:large, max-video-preview:-1\" \/>\n<link rel=\"canonical\" href=\"http:\/\/noviasespana.com\/noviasaraba\/exclusiva-de-fin-de-verano-boda-de-brad-y-angelina\/\" \/>\n<meta property=\"og:locale\" content=\"es_ES\" \/>\n<meta property=\"og:type\" content=\"article\" \/>\n<meta property=\"og:title\" content=\"Exclusiva de fin de verano! Boda de Brad y Angelina!! - Novias Araba\" \/>\n<meta property=\"og:description\" content=\"La revista Hello! ha publicado la exclusiva en todo el mundo de la boda de Agelina y Brad,\u00a0tuvo lugar el pasado s\u00e1bado 23 de agosto en el Chateau Miraval, la m\u00e1gica residencia que tienen en la Provenza francesa. La ceremonia fue\u00a0\u00edntima y sencilla. En ellas aparece una espectacular Angelina con un vestido de novia de [&hellip;]\" \/>\n<meta property=\"og:url\" content=\"http:\/\/noviasespana.com\/noviasaraba\/exclusiva-de-fin-de-verano-boda-de-brad-y-angelina\/\" \/>\n<meta property=\"og:site_name\" content=\"Novias Araba\" \/>\n<meta property=\"article:published_time\" content=\"2014-09-05T18:00:06+00:00\" \/>\n<meta property=\"article:modified_time\" content=\"2015-02-04T23:02:20+00:00\" \/>\n<meta name=\"author\" content=\"admin\" \/>\n<meta name=\"twitter:label1\" content=\"Escrito por\" \/>\n\t<meta name=\"twitter:data1\" content=\"admin\" \/>\n\t<meta name=\"twitter:label2\" content=\"Tiempo de lectura\" \/>\n\t<meta name=\"twitter:data2\" content=\"1 minuto\" \/>\n<script type=\"application\/ld+json\" class=\"yoast-schema-graph\">{\"@context\":\"https:\\\/\\\/schema.org\",\"@graph\":[{\"@type\":\"Article\",\"@id\":\"http:\\\/\\\/noviasespana.com\\\/noviasaraba\\\/exclusiva-de-fin-de-verano-boda-de-brad-y-angelina\\\/#article\",\"isPartOf\":{\"@id\":\"http:\\\/\\\/noviasespana.com\\\/noviasaraba\\\/exclusiva-de-fin-de-verano-boda-de-brad-y-angelina\\\/\"},\"author\":{\"name\":\"admin\",\"@id\":\"http:\\\/\\\/noviasespana.com\\\/noviasaraba\\\/#\\\/schema\\\/person\\\/82ff6e303fad28e4da623aa4d27969ed\"},\"headline\":\"Exclusiva de fin de verano! Boda de Brad y Angelina!!\",\"datePublished\":\"2014-09-05T18:00:06+00:00\",\"dateModified\":\"2015-02-04T23:02:20+00:00\",\"mainEntityOfPage\":{\"@id\":\"http:\\\/\\\/noviasespana.com\\\/noviasaraba\\\/exclusiva-de-fin-de-verano-boda-de-brad-y-angelina\\\/\"},\"wordCount\":163,\"image\":{\"@id\":\"http:\\\/\\\/noviasespana.com\\\/noviasaraba\\\/exclusiva-de-fin-de-verano-boda-de-brad-y-angelina\\\/#primaryimage\"},\"thumbnailUrl\":\"\",\"articleSection\":[\"Espa\u00f1a\",\"Noticias\"],\"inLanguage\":\"es\"},{\"@type\":\"WebPage\",\"@id\":\"http:\\\/\\\/noviasespana.com\\\/noviasaraba\\\/exclusiva-de-fin-de-verano-boda-de-brad-y-angelina\\\/\",\"url\":\"http:\\\/\\\/noviasespana.com\\\/noviasaraba\\\/exclusiva-de-fin-de-verano-boda-de-brad-y-angelina\\\/\",\"name\":\"Exclusiva de fin de verano! Boda de Brad y Angelina!! - Novias Araba\",\"isPartOf\":{\"@id\":\"http:\\\/\\\/noviasespana.com\\\/noviasaraba\\\/#website\"},\"primaryImageOfPage\":{\"@id\":\"http:\\\/\\\/noviasespana.com\\\/noviasaraba\\\/exclusiva-de-fin-de-verano-boda-de-brad-y-angelina\\\/#primaryimage\"},\"image\":{\"@id\":\"http:\\\/\\\/noviasespana.com\\\/noviasaraba\\\/exclusiva-de-fin-de-verano-boda-de-brad-y-angelina\\\/#primaryimage\"},\"thumbnailUrl\":\"\",\"datePublished\":\"2014-09-05T18:00:06+00:00\",\"dateModified\":\"2015-02-04T23:02:20+00:00\",\"author\":{\"@id\":\"http:\\\/\\\/noviasespana.com\\\/noviasaraba\\\/#\\\/schema\\\/person\\\/82ff6e303fad28e4da623aa4d27969ed\"},\"breadcrumb\":{\"@id\":\"http:\\\/\\\/noviasespana.com\\\/noviasaraba\\\/exclusiva-de-fin-de-verano-boda-de-brad-y-angelina\\\/#breadcrumb\"},\"inLanguage\":\"es\",\"potentialAction\":[{\"@type\":\"ReadAction\",\"target\":[\"http:\\\/\\\/noviasespana.com\\\/noviasaraba\\\/exclusiva-de-fin-de-verano-boda-de-brad-y-angelina\\\/\"]}]},{\"@type\":\"ImageObject\",\"inLanguage\":\"es\",\"@id\":\"http:\\\/\\\/noviasespana.com\\\/noviasaraba\\\/exclusiva-de-fin-de-verano-boda-de-brad-y-angelina\\\/#primaryimage\",\"url\":\"\",\"contentUrl\":\"\"},{\"@type\":\"BreadcrumbList\",\"@id\":\"http:\\\/\\\/noviasespana.com\\\/noviasaraba\\\/exclusiva-de-fin-de-verano-boda-de-brad-y-angelina\\\/#breadcrumb\",\"itemListElement\":[{\"@type\":\"ListItem\",\"position\":1,\"name\":\"Portada\",\"item\":\"http:\\\/\\\/noviasespana.com\\\/noviasaraba\\\/\"},{\"@type\":\"ListItem\",\"position\":2,\"name\":\"Exclusiva de fin de verano! Boda de Brad y Angelina!!\"}]},{\"@type\":\"WebSite\",\"@id\":\"http:\\\/\\\/noviasespana.com\\\/noviasaraba\\\/#website\",\"url\":\"http:\\\/\\\/noviasespana.com\\\/noviasaraba\\\/\",\"name\":\"Novias Araba\",\"description\":\"Revista de novias\",\"potentialAction\":[{\"@type\":\"SearchAction\",\"target\":{\"@type\":\"EntryPoint\",\"urlTemplate\":\"http:\\\/\\\/noviasespana.com\\\/noviasaraba\\\/?s={search_term_string}\"},\"query-input\":{\"@type\":\"PropertyValueSpecification\",\"valueRequired\":true,\"valueName\":\"search_term_string\"}}],\"inLanguage\":\"es\"},{\"@type\":\"Person\",\"@id\":\"http:\\\/\\\/noviasespana.com\\\/noviasaraba\\\/#\\\/schema\\\/person\\\/82ff6e303fad28e4da623aa4d27969ed\",\"name\":\"admin\",\"image\":{\"@type\":\"ImageObject\",\"inLanguage\":\"es\",\"@id\":\"https:\\\/\\\/secure.gravatar.com\\\/avatar\\\/0f45231fddfb43fcbd0cdde4582a3580baf474d75fca7d494b42ff86847de871?s=96&d=mm&r=g\",\"url\":\"https:\\\/\\\/secure.gravatar.com\\\/avatar\\\/0f45231fddfb43fcbd0cdde4582a3580baf474d75fca7d494b42ff86847de871?s=96&d=mm&r=g\",\"contentUrl\":\"https:\\\/\\\/secure.gravatar.com\\\/avatar\\\/0f45231fddfb43fcbd0cdde4582a3580baf474d75fca7d494b42ff86847de871?s=96&d=mm&r=g\",\"caption\":\"admin\"},\"url\":\"http:\\\/\\\/noviasespana.com\\\/noviasaraba\\\/author\\\/admin\\\/\"}]}<\/script>\n<!-- \/ Yoast SEO plugin. -->","yoast_head_json":{"title":"Exclusiva de fin de verano! Boda de Brad y Angelina!! - Novias Araba","robots":{"index":"index","follow":"follow","max-snippet":"max-snippet:-1","max-image-preview":"max-image-preview:large","max-video-preview":"max-video-preview:-1"},"canonical":"http:\/\/noviasespana.com\/noviasaraba\/exclusiva-de-fin-de-verano-boda-de-brad-y-angelina\/","og_locale":"es_ES","og_type":"article","og_title":"Exclusiva de fin de verano! Boda de Brad y Angelina!! - Novias Araba","og_description":"La revista Hello! ha publicado la exclusiva en todo el mundo de la boda de Agelina y Brad,\u00a0tuvo lugar el pasado s\u00e1bado 23 de agosto en el Chateau Miraval, la m\u00e1gica residencia que tienen en la Provenza francesa. La ceremonia fue\u00a0\u00edntima y sencilla. En ellas aparece una espectacular Angelina con un vestido de novia de [&hellip;]","og_url":"http:\/\/noviasespana.com\/noviasaraba\/exclusiva-de-fin-de-verano-boda-de-brad-y-angelina\/","og_site_name":"Novias Araba","article_published_time":"2014-09-05T18:00:06+00:00","article_modified_time":"2015-02-04T23:02:20+00:00","author":"admin","twitter_misc":{"Escrito por":"admin","Tiempo de lectura":"1 minuto"},"schema":{"@context":"https:\/\/schema.org","@graph":[{"@type":"Article","@id":"http:\/\/noviasespana.com\/noviasaraba\/exclusiva-de-fin-de-verano-boda-de-brad-y-angelina\/#article","isPartOf":{"@id":"http:\/\/noviasespana.com\/noviasaraba\/exclusiva-de-fin-de-verano-boda-de-brad-y-angelina\/"},"author":{"name":"admin","@id":"http:\/\/noviasespana.com\/noviasaraba\/#\/schema\/person\/82ff6e303fad28e4da623aa4d27969ed"},"headline":"Exclusiva de fin de verano! Boda de Brad y Angelina!!","datePublished":"2014-09-05T18:00:06+00:00","dateModified":"2015-02-04T23:02:20+00:00","mainEntityOfPage":{"@id":"http:\/\/noviasespana.com\/noviasaraba\/exclusiva-de-fin-de-verano-boda-de-brad-y-angelina\/"},"wordCount":163,"image":{"@id":"http:\/\/noviasespana.com\/noviasaraba\/exclusiva-de-fin-de-verano-boda-de-brad-y-angelina\/#primaryimage"},"thumbnailUrl":"","articleSection":["Espa\u00f1a","Noticias"],"inLanguage":"es"},{"@type":"WebPage","@id":"http:\/\/noviasespana.com\/noviasaraba\/exclusiva-de-fin-de-verano-boda-de-brad-y-angelina\/","url":"http:\/\/noviasespana.com\/noviasaraba\/exclusiva-de-fin-de-verano-boda-de-brad-y-angelina\/","name":"Exclusiva de fin de verano! Boda de Brad y Angelina!! - Novias Araba","isPartOf":{"@id":"http:\/\/noviasespana.com\/noviasaraba\/#website"},"primaryImageOfPage":{"@id":"http:\/\/noviasespana.com\/noviasaraba\/exclusiva-de-fin-de-verano-boda-de-brad-y-angelina\/#primaryimage"},"image":{"@id":"http:\/\/noviasespana.com\/noviasaraba\/exclusiva-de-fin-de-verano-boda-de-brad-y-angelina\/#primaryimage"},"thumbnailUrl":"","datePublished":"2014-09-05T18:00:06+00:00","dateModified":"2015-02-04T23:02:20+00:00","author":{"@id":"http:\/\/noviasespana.com\/noviasaraba\/#\/schema\/person\/82ff6e303fad28e4da623aa4d27969ed"},"breadcrumb":{"@id":"http:\/\/noviasespana.com\/noviasaraba\/exclusiva-de-fin-de-verano-boda-de-brad-y-angelina\/#breadcrumb"},"inLanguage":"es","potentialAction":[{"@type":"ReadAction","target":["http:\/\/noviasespana.com\/noviasaraba\/exclusiva-de-fin-de-verano-boda-de-brad-y-angelina\/"]}]},{"@type":"ImageObject","inLanguage":"es","@id":"http:\/\/noviasespana.com\/noviasaraba\/exclusiva-de-fin-de-verano-boda-de-brad-y-angelina\/#primaryimage","url":"","contentUrl":""},{"@type":"BreadcrumbList","@id":"http:\/\/noviasespana.com\/noviasaraba\/exclusiva-de-fin-de-verano-boda-de-brad-y-angelina\/#breadcrumb","itemListElement":[{"@type":"ListItem","position":1,"name":"Portada","item":"http:\/\/noviasespana.com\/noviasaraba\/"},{"@type":"ListItem","position":2,"name":"Exclusiva de fin de verano! Boda de Brad y Angelina!!"}]},{"@type":"WebSite","@id":"http:\/\/noviasespana.com\/noviasaraba\/#website","url":"http:\/\/noviasespana.com\/noviasaraba\/","name":"Novias Araba","description":"Revista de novias","potentialAction":[{"@type":"SearchAction","target":{"@type":"EntryPoint","urlTemplate":"http:\/\/noviasespana.com\/noviasaraba\/?s={search_term_string}"},"query-input":{"@type":"PropertyValueSpecification","valueRequired":true,"valueName":"search_term_string"}}],"inLanguage":"es"},{"@type":"Person","@id":"http:\/\/noviasespana.com\/noviasaraba\/#\/schema\/person\/82ff6e303fad28e4da623aa4d27969ed","name":"admin","image":{"@type":"ImageObject","inLanguage":"es","@id":"https:\/\/secure.gravatar.com\/avatar\/0f45231fddfb43fcbd0cdde4582a3580baf474d75fca7d494b42ff86847de871?s=96&d=mm&r=g","url":"https:\/\/secure.gravatar.com\/avatar\/0f45231fddfb43fcbd0cdde4582a3580baf474d75fca7d494b42ff86847de871?s=96&d=mm&r=g","contentUrl":"https:\/\/secure.gravatar.com\/avatar\/0f45231fddfb43fcbd0cdde4582a3580baf474d75fca7d494b42ff86847de871?s=96&d=mm&r=g","caption":"admin"},"url":"http:\/\/noviasespana.com\/noviasaraba\/author\/admin\/"}]}},"jetpack_publicize_connections":[],"jetpack_featured_media_url":"","jetpack_sharing_enabled":true,"jetpack_shortlink":"https:\/\/wp.me\/p5HzRG-13m","jetpack_likes_enabled":true,"_links":{"self":[{"href":"http:\/\/noviasespana.com\/noviasaraba\/wp-json\/wp\/v2\/posts\/4052","targetHints":{"allow":["GET"]}}],"collection":[{"href":"http:\/\/noviasespana.com\/noviasaraba\/wp-json\/wp\/v2\/posts"}],"about":[{"href":"http:\/\/noviasespana.com\/noviasaraba\/wp-json\/wp\/v2\/types\/post"}],"author":[{"embeddable":true,"href":"http:\/\/noviasespana.com\/noviasaraba\/wp-json\/wp\/v2\/users\/2"}],"replies":[{"embeddable":true,"href":"http:\/\/noviasespana.com\/noviasaraba\/wp-json\/wp\/v2\/comments?post=4052"}],"version-history":[{"count":1,"href":"http:\/\/noviasespana.com\/noviasaraba\/wp-json\/wp\/v2\/posts\/4052\/revisions"}],"predecessor-version":[{"id":4074,"href":"http:\/\/noviasespana.com\/noviasaraba\/wp-json\/wp\/v2\/posts\/4052\/revisions\/4074"}],"wp:featuredmedia":[{"embeddable":true,"href":"http:\/\/noviasespana.com\/noviasaraba\/wp-json\/"}],"wp:attachment":[{"href":"http:\/\/noviasespana.com\/noviasaraba\/wp-json\/wp\/v2\/media?parent=4052"}],"wp:term":[{"taxonomy":"category","embeddable":true,"href":"http:\/\/noviasespana.com\/noviasaraba\/wp-json\/wp\/v2\/categories?post=4052"},{"taxonomy":"post_tag","embeddable":true,"href":"http:\/\/noviasespana.com\/noviasaraba\/wp-json\/wp\/v2\/tags?post=4052"}],"curies":[{"name":"wp","href":"https:\/\/api.w.org\/{rel}","templated":true}]}}