{"id":1098,"date":"2010-03-08T11:40:33","date_gmt":"2010-03-08T10:40:33","guid":{"rendered":"http:\/\/www.diariodeunanovia.com\/blog\/?p=1098"},"modified":"2010-03-08T11:40:33","modified_gmt":"2010-03-08T10:40:33","slug":"descienden-las-bodas-civiles-en-el-ayuntamiento","status":"publish","type":"post","link":"http:\/\/noviasespana.com\/noviasaraba\/descienden-las-bodas-civiles-en-el-ayuntamiento\/","title":{"rendered":"Descienden las bodas civiles en el Ayuntamiento"},"content":{"rendered":"<p style=\"text-align: justify\">Queridas novias!!! Las que est\u00e9is pensando contraer matrimonio este a\u00f1o o el pr\u00f3ximo en el Ayuntamiento de Vitoria lo tendr\u00e9is m\u00e1s f\u00e1cil, ya que el Consistorio ha registrado un ligero descenso en el n\u00famero de reservas respecto a otros ejercicios, pese a que en 2009 hasta 164 parejas -11 m\u00e1s que en 2008- contrajeron matrimonio ante alg\u00fan concejal. As\u00ed, la agenda de enero registr\u00f3 dos fines de semana sin enlaces, y febrero se cerr\u00f3 con varias citas vac\u00edas entre las 36 disponibles. Adem\u00e1s, en estos dos meses se casaron 13 parejas frente a las 22 contabilizadas un a\u00f1o antes. No obstante, a partir de marzo las oportunidades de elegir fecha se desvanecen. Este mes junto a abril, mayo, junio, septiembre y octubre, que cuelgan ya el cartel de &#8216;completo&#8217; para 2010, aparecen en el calendario como los favoritos para unirse en matrimonio.\u00a0 Sin embargo, las numerosas vacantes para estos meses en 2011 llaman tambi\u00e9n la atenci\u00f3n, lo que hace pensar que la crisis puede estar detr\u00e1s de este descenso.<\/p>\n<p style=\"text-align: justify\"><img data-recalc-dims=\"1\" loading=\"lazy\" decoding=\"async\" class=\"aligncenter size-full wp-image-1102\" title=\"e31\" src=\"https:\/\/i0.wp.com\/www.diariodeunanovia.com\/blog\/wp-content\/uploads\/sites\/3\/2010\/03\/e31.jpg?resize=640%2C480\" alt=\"e31\" width=\"640\" height=\"480\" \/><\/p>\n","protected":false},"excerpt":{"rendered":"<p>Queridas novias!!! Las que est\u00e9is pensando contraer matrimonio este a\u00f1o o el pr\u00f3ximo en el Ayuntamiento de Vitoria lo tendr\u00e9is m\u00e1s f\u00e1cil, ya que el Consistorio ha registrado un ligero descenso en el n\u00famero de reservas respecto a otros ejercicios, pese a que en 2009 hasta 164 parejas -11 m\u00e1s que en 2008- contrajeron matrimonio [&hellip;]<\/p>\n","protected":false},"author":2,"featured_media":0,"comment_status":"open","ping_status":"open","sticky":false,"template":"","format":"standard","meta":{"jetpack_post_was_ever_published":false,"_jetpack_newsletter_access":"","_jetpack_dont_email_post_to_subs":false,"_jetpack_newsletter_tier_id":0,"_jetpack_memberships_contains_paywalled_content":false,"_jetpack_memberships_contains_paid_content":false,"footnotes":"","jetpack_publicize_message":"","jetpack_publicize_feature_enabled":true,"jetpack_social_post_already_shared":true,"jetpack_social_options":{"image_generator_settings":{"template":"highway","default_image_id":0,"font":"","enabled":false},"version":2}},"categories":[1],"tags":[],"class_list":["post-1098","post","type-post","status-publish","format-standard","hentry","category-novias"],"yoast_head":"<!-- This site is optimized with the Yoast SEO plugin v27.5 - https:\/\/yoast.com\/product\/yoast-seo-wordpress\/ -->\n<title>Descienden las bodas civiles en el Ayuntamiento - Novias Araba<\/title>\n<meta name=\"robots\" content=\"index, follow, max-snippet:-1, max-image-preview:large, max-video-preview:-1\" \/>\n<link rel=\"canonical\" href=\"http:\/\/noviasespana.com\/noviasaraba\/descienden-las-bodas-civiles-en-el-ayuntamiento\/\" \/>\n<meta property=\"og:locale\" content=\"es_ES\" \/>\n<meta property=\"og:type\" content=\"article\" \/>\n<meta property=\"og:title\" content=\"Descienden las bodas civiles en el Ayuntamiento - Novias Araba\" \/>\n<meta property=\"og:description\" content=\"Queridas novias!!! Las que est\u00e9is pensando contraer matrimonio este a\u00f1o o el pr\u00f3ximo en el Ayuntamiento de Vitoria lo tendr\u00e9is m\u00e1s f\u00e1cil, ya que el Consistorio ha registrado un ligero descenso en el n\u00famero de reservas respecto a otros ejercicios, pese a que en 2009 hasta 164 parejas -11 m\u00e1s que en 2008- contrajeron matrimonio [&hellip;]\" \/>\n<meta property=\"og:url\" content=\"http:\/\/noviasespana.com\/noviasaraba\/descienden-las-bodas-civiles-en-el-ayuntamiento\/\" \/>\n<meta property=\"og:site_name\" content=\"Novias Araba\" \/>\n<meta property=\"article:published_time\" content=\"2010-03-08T10:40:33+00:00\" \/>\n<meta property=\"og:image\" content=\"http:\/\/www.diariodeunanovia.com\/blog\/wp-content\/uploads\/sites\/3\/2010\/03\/e31.jpg\" \/>\n<meta name=\"author\" content=\"admin\" \/>\n<meta name=\"twitter:label1\" content=\"Escrito por\" \/>\n\t<meta name=\"twitter:data1\" content=\"admin\" \/>\n\t<meta name=\"twitter:label2\" content=\"Tiempo de lectura\" \/>\n\t<meta name=\"twitter:data2\" content=\"1 minuto\" \/>\n<script type=\"application\/ld+json\" class=\"yoast-schema-graph\">{\"@context\":\"https:\\\/\\\/schema.org\",\"@graph\":[{\"@type\":\"Article\",\"@id\":\"http:\\\/\\\/noviasespana.com\\\/noviasaraba\\\/descienden-las-bodas-civiles-en-el-ayuntamiento\\\/#article\",\"isPartOf\":{\"@id\":\"http:\\\/\\\/noviasespana.com\\\/noviasaraba\\\/descienden-las-bodas-civiles-en-el-ayuntamiento\\\/\"},\"author\":{\"name\":\"admin\",\"@id\":\"http:\\\/\\\/noviasespana.com\\\/noviasaraba\\\/#\\\/schema\\\/person\\\/82ff6e303fad28e4da623aa4d27969ed\"},\"headline\":\"Descienden las bodas civiles en el Ayuntamiento\",\"datePublished\":\"2010-03-08T10:40:33+00:00\",\"mainEntityOfPage\":{\"@id\":\"http:\\\/\\\/noviasespana.com\\\/noviasaraba\\\/descienden-las-bodas-civiles-en-el-ayuntamiento\\\/\"},\"wordCount\":184,\"commentCount\":0,\"image\":{\"@id\":\"http:\\\/\\\/noviasespana.com\\\/noviasaraba\\\/descienden-las-bodas-civiles-en-el-ayuntamiento\\\/#primaryimage\"},\"thumbnailUrl\":\"http:\\\/\\\/www.diariodeunanovia.com\\\/blog\\\/wp-content\\\/uploads\\\/sites\\\/3\\\/2010\\\/03\\\/e31.jpg\",\"articleSection\":[\"novias\"],\"inLanguage\":\"es\",\"potentialAction\":[{\"@type\":\"CommentAction\",\"name\":\"Comment\",\"target\":[\"http:\\\/\\\/noviasespana.com\\\/noviasaraba\\\/descienden-las-bodas-civiles-en-el-ayuntamiento\\\/#respond\"]}]},{\"@type\":\"WebPage\",\"@id\":\"http:\\\/\\\/noviasespana.com\\\/noviasaraba\\\/descienden-las-bodas-civiles-en-el-ayuntamiento\\\/\",\"url\":\"http:\\\/\\\/noviasespana.com\\\/noviasaraba\\\/descienden-las-bodas-civiles-en-el-ayuntamiento\\\/\",\"name\":\"Descienden las bodas civiles en el Ayuntamiento - Novias Araba\",\"isPartOf\":{\"@id\":\"http:\\\/\\\/noviasespana.com\\\/noviasaraba\\\/#website\"},\"primaryImageOfPage\":{\"@id\":\"http:\\\/\\\/noviasespana.com\\\/noviasaraba\\\/descienden-las-bodas-civiles-en-el-ayuntamiento\\\/#primaryimage\"},\"image\":{\"@id\":\"http:\\\/\\\/noviasespana.com\\\/noviasaraba\\\/descienden-las-bodas-civiles-en-el-ayuntamiento\\\/#primaryimage\"},\"thumbnailUrl\":\"http:\\\/\\\/www.diariodeunanovia.com\\\/blog\\\/wp-content\\\/uploads\\\/sites\\\/3\\\/2010\\\/03\\\/e31.jpg\",\"datePublished\":\"2010-03-08T10:40:33+00:00\",\"author\":{\"@id\":\"http:\\\/\\\/noviasespana.com\\\/noviasaraba\\\/#\\\/schema\\\/person\\\/82ff6e303fad28e4da623aa4d27969ed\"},\"breadcrumb\":{\"@id\":\"http:\\\/\\\/noviasespana.com\\\/noviasaraba\\\/descienden-las-bodas-civiles-en-el-ayuntamiento\\\/#breadcrumb\"},\"inLanguage\":\"es\",\"potentialAction\":[{\"@type\":\"ReadAction\",\"target\":[\"http:\\\/\\\/noviasespana.com\\\/noviasaraba\\\/descienden-las-bodas-civiles-en-el-ayuntamiento\\\/\"]}]},{\"@type\":\"ImageObject\",\"inLanguage\":\"es\",\"@id\":\"http:\\\/\\\/noviasespana.com\\\/noviasaraba\\\/descienden-las-bodas-civiles-en-el-ayuntamiento\\\/#primaryimage\",\"url\":\"http:\\\/\\\/www.diariodeunanovia.com\\\/blog\\\/wp-content\\\/uploads\\\/sites\\\/3\\\/2010\\\/03\\\/e31.jpg\",\"contentUrl\":\"http:\\\/\\\/www.diariodeunanovia.com\\\/blog\\\/wp-content\\\/uploads\\\/sites\\\/3\\\/2010\\\/03\\\/e31.jpg\"},{\"@type\":\"BreadcrumbList\",\"@id\":\"http:\\\/\\\/noviasespana.com\\\/noviasaraba\\\/descienden-las-bodas-civiles-en-el-ayuntamiento\\\/#breadcrumb\",\"itemListElement\":[{\"@type\":\"ListItem\",\"position\":1,\"name\":\"Portada\",\"item\":\"http:\\\/\\\/noviasespana.com\\\/noviasaraba\\\/\"},{\"@type\":\"ListItem\",\"position\":2,\"name\":\"Descienden las bodas civiles en el Ayuntamiento\"}]},{\"@type\":\"WebSite\",\"@id\":\"http:\\\/\\\/noviasespana.com\\\/noviasaraba\\\/#website\",\"url\":\"http:\\\/\\\/noviasespana.com\\\/noviasaraba\\\/\",\"name\":\"Novias Araba\",\"description\":\"Revista de novias\",\"potentialAction\":[{\"@type\":\"SearchAction\",\"target\":{\"@type\":\"EntryPoint\",\"urlTemplate\":\"http:\\\/\\\/noviasespana.com\\\/noviasaraba\\\/?s={search_term_string}\"},\"query-input\":{\"@type\":\"PropertyValueSpecification\",\"valueRequired\":true,\"valueName\":\"search_term_string\"}}],\"inLanguage\":\"es\"},{\"@type\":\"Person\",\"@id\":\"http:\\\/\\\/noviasespana.com\\\/noviasaraba\\\/#\\\/schema\\\/person\\\/82ff6e303fad28e4da623aa4d27969ed\",\"name\":\"admin\",\"image\":{\"@type\":\"ImageObject\",\"inLanguage\":\"es\",\"@id\":\"https:\\\/\\\/secure.gravatar.com\\\/avatar\\\/0f45231fddfb43fcbd0cdde4582a3580baf474d75fca7d494b42ff86847de871?s=96&d=mm&r=g\",\"url\":\"https:\\\/\\\/secure.gravatar.com\\\/avatar\\\/0f45231fddfb43fcbd0cdde4582a3580baf474d75fca7d494b42ff86847de871?s=96&d=mm&r=g\",\"contentUrl\":\"https:\\\/\\\/secure.gravatar.com\\\/avatar\\\/0f45231fddfb43fcbd0cdde4582a3580baf474d75fca7d494b42ff86847de871?s=96&d=mm&r=g\",\"caption\":\"admin\"},\"url\":\"http:\\\/\\\/noviasespana.com\\\/noviasaraba\\\/author\\\/admin\\\/\"}]}<\/script>\n<!-- \/ Yoast SEO plugin. -->","yoast_head_json":{"title":"Descienden las bodas civiles en el Ayuntamiento - Novias Araba","robots":{"index":"index","follow":"follow","max-snippet":"max-snippet:-1","max-image-preview":"max-image-preview:large","max-video-preview":"max-video-preview:-1"},"canonical":"http:\/\/noviasespana.com\/noviasaraba\/descienden-las-bodas-civiles-en-el-ayuntamiento\/","og_locale":"es_ES","og_type":"article","og_title":"Descienden las bodas civiles en el Ayuntamiento - Novias Araba","og_description":"Queridas novias!!! Las que est\u00e9is pensando contraer matrimonio este a\u00f1o o el pr\u00f3ximo en el Ayuntamiento de Vitoria lo tendr\u00e9is m\u00e1s f\u00e1cil, ya que el Consistorio ha registrado un ligero descenso en el n\u00famero de reservas respecto a otros ejercicios, pese a que en 2009 hasta 164 parejas -11 m\u00e1s que en 2008- contrajeron matrimonio [&hellip;]","og_url":"http:\/\/noviasespana.com\/noviasaraba\/descienden-las-bodas-civiles-en-el-ayuntamiento\/","og_site_name":"Novias Araba","article_published_time":"2010-03-08T10:40:33+00:00","og_image":[{"url":"http:\/\/www.diariodeunanovia.com\/blog\/wp-content\/uploads\/sites\/3\/2010\/03\/e31.jpg","type":"","width":"","height":""}],"author":"admin","twitter_misc":{"Escrito por":"admin","Tiempo de lectura":"1 minuto"},"schema":{"@context":"https:\/\/schema.org","@graph":[{"@type":"Article","@id":"http:\/\/noviasespana.com\/noviasaraba\/descienden-las-bodas-civiles-en-el-ayuntamiento\/#article","isPartOf":{"@id":"http:\/\/noviasespana.com\/noviasaraba\/descienden-las-bodas-civiles-en-el-ayuntamiento\/"},"author":{"name":"admin","@id":"http:\/\/noviasespana.com\/noviasaraba\/#\/schema\/person\/82ff6e303fad28e4da623aa4d27969ed"},"headline":"Descienden las bodas civiles en el Ayuntamiento","datePublished":"2010-03-08T10:40:33+00:00","mainEntityOfPage":{"@id":"http:\/\/noviasespana.com\/noviasaraba\/descienden-las-bodas-civiles-en-el-ayuntamiento\/"},"wordCount":184,"commentCount":0,"image":{"@id":"http:\/\/noviasespana.com\/noviasaraba\/descienden-las-bodas-civiles-en-el-ayuntamiento\/#primaryimage"},"thumbnailUrl":"http:\/\/www.diariodeunanovia.com\/blog\/wp-content\/uploads\/sites\/3\/2010\/03\/e31.jpg","articleSection":["novias"],"inLanguage":"es","potentialAction":[{"@type":"CommentAction","name":"Comment","target":["http:\/\/noviasespana.com\/noviasaraba\/descienden-las-bodas-civiles-en-el-ayuntamiento\/#respond"]}]},{"@type":"WebPage","@id":"http:\/\/noviasespana.com\/noviasaraba\/descienden-las-bodas-civiles-en-el-ayuntamiento\/","url":"http:\/\/noviasespana.com\/noviasaraba\/descienden-las-bodas-civiles-en-el-ayuntamiento\/","name":"Descienden las bodas civiles en el Ayuntamiento - Novias Araba","isPartOf":{"@id":"http:\/\/noviasespana.com\/noviasaraba\/#website"},"primaryImageOfPage":{"@id":"http:\/\/noviasespana.com\/noviasaraba\/descienden-las-bodas-civiles-en-el-ayuntamiento\/#primaryimage"},"image":{"@id":"http:\/\/noviasespana.com\/noviasaraba\/descienden-las-bodas-civiles-en-el-ayuntamiento\/#primaryimage"},"thumbnailUrl":"http:\/\/www.diariodeunanovia.com\/blog\/wp-content\/uploads\/sites\/3\/2010\/03\/e31.jpg","datePublished":"2010-03-08T10:40:33+00:00","author":{"@id":"http:\/\/noviasespana.com\/noviasaraba\/#\/schema\/person\/82ff6e303fad28e4da623aa4d27969ed"},"breadcrumb":{"@id":"http:\/\/noviasespana.com\/noviasaraba\/descienden-las-bodas-civiles-en-el-ayuntamiento\/#breadcrumb"},"inLanguage":"es","potentialAction":[{"@type":"ReadAction","target":["http:\/\/noviasespana.com\/noviasaraba\/descienden-las-bodas-civiles-en-el-ayuntamiento\/"]}]},{"@type":"ImageObject","inLanguage":"es","@id":"http:\/\/noviasespana.com\/noviasaraba\/descienden-las-bodas-civiles-en-el-ayuntamiento\/#primaryimage","url":"http:\/\/www.diariodeunanovia.com\/blog\/wp-content\/uploads\/sites\/3\/2010\/03\/e31.jpg","contentUrl":"http:\/\/www.diariodeunanovia.com\/blog\/wp-content\/uploads\/sites\/3\/2010\/03\/e31.jpg"},{"@type":"BreadcrumbList","@id":"http:\/\/noviasespana.com\/noviasaraba\/descienden-las-bodas-civiles-en-el-ayuntamiento\/#breadcrumb","itemListElement":[{"@type":"ListItem","position":1,"name":"Portada","item":"http:\/\/noviasespana.com\/noviasaraba\/"},{"@type":"ListItem","position":2,"name":"Descienden las bodas civiles en el Ayuntamiento"}]},{"@type":"WebSite","@id":"http:\/\/noviasespana.com\/noviasaraba\/#website","url":"http:\/\/noviasespana.com\/noviasaraba\/","name":"Novias Araba","description":"Revista de novias","potentialAction":[{"@type":"SearchAction","target":{"@type":"EntryPoint","urlTemplate":"http:\/\/noviasespana.com\/noviasaraba\/?s={search_term_string}"},"query-input":{"@type":"PropertyValueSpecification","valueRequired":true,"valueName":"search_term_string"}}],"inLanguage":"es"},{"@type":"Person","@id":"http:\/\/noviasespana.com\/noviasaraba\/#\/schema\/person\/82ff6e303fad28e4da623aa4d27969ed","name":"admin","image":{"@type":"ImageObject","inLanguage":"es","@id":"https:\/\/secure.gravatar.com\/avatar\/0f45231fddfb43fcbd0cdde4582a3580baf474d75fca7d494b42ff86847de871?s=96&d=mm&r=g","url":"https:\/\/secure.gravatar.com\/avatar\/0f45231fddfb43fcbd0cdde4582a3580baf474d75fca7d494b42ff86847de871?s=96&d=mm&r=g","contentUrl":"https:\/\/secure.gravatar.com\/avatar\/0f45231fddfb43fcbd0cdde4582a3580baf474d75fca7d494b42ff86847de871?s=96&d=mm&r=g","caption":"admin"},"url":"http:\/\/noviasespana.com\/noviasaraba\/author\/admin\/"}]}},"jetpack_publicize_connections":[],"jetpack_featured_media_url":"","jetpack_sharing_enabled":true,"jetpack_shortlink":"https:\/\/wp.me\/p5HzRG-hI","jetpack_likes_enabled":true,"_links":{"self":[{"href":"http:\/\/noviasespana.com\/noviasaraba\/wp-json\/wp\/v2\/posts\/1098","targetHints":{"allow":["GET"]}}],"collection":[{"href":"http:\/\/noviasespana.com\/noviasaraba\/wp-json\/wp\/v2\/posts"}],"about":[{"href":"http:\/\/noviasespana.com\/noviasaraba\/wp-json\/wp\/v2\/types\/post"}],"author":[{"embeddable":true,"href":"http:\/\/noviasespana.com\/noviasaraba\/wp-json\/wp\/v2\/users\/2"}],"replies":[{"embeddable":true,"href":"http:\/\/noviasespana.com\/noviasaraba\/wp-json\/wp\/v2\/comments?post=1098"}],"version-history":[{"count":0,"href":"http:\/\/noviasespana.com\/noviasaraba\/wp-json\/wp\/v2\/posts\/1098\/revisions"}],"wp:attachment":[{"href":"http:\/\/noviasespana.com\/noviasaraba\/wp-json\/wp\/v2\/media?parent=1098"}],"wp:term":[{"taxonomy":"category","embeddable":true,"href":"http:\/\/noviasespana.com\/noviasaraba\/wp-json\/wp\/v2\/categories?post=1098"},{"taxonomy":"post_tag","embeddable":true,"href":"http:\/\/noviasespana.com\/noviasaraba\/wp-json\/wp\/v2\/tags?post=1098"}],"curies":[{"name":"wp","href":"https:\/\/api.w.org\/{rel}","templated":true}]}}